{"id":63480,"date":"2026-03-11T01:50:16","date_gmt":"2026-03-11T04:50:16","guid":{"rendered":"https:\/\/ondauno.com.ar\/?p=63480"},"modified":"2026-03-11T01:50:18","modified_gmt":"2026-03-11T04:50:18","slug":"con-la-fiesta-del-trigo-tres-arroyos-celebro-su-identidad","status":"publish","type":"post","link":"https:\/\/ondauno.com.ar\/index.php\/2026\/03\/11\/con-la-fiesta-del-trigo-tres-arroyos-celebro-su-identidad\/","title":{"rendered":"Con la Fiesta del Trigo, Tres Arroyos celebr\u00f3 su identidad"},"content":{"rendered":"<div class=\"ondau-before-content_3\" style=\"margin-top: -30px;\" id=\"ondau-1709726811\"><a href=\"https:\/\/www.lps.com.ar\/\" aria-label=\"la-perse2\"><img loading=\"lazy\" decoding=\"async\" src=\"https:\/\/ondauno.com.ar\/wp-content\/uploads\/2021\/10\/la-perse2.jpg\" alt=\"\"  srcset=\"https:\/\/ondauno.com.ar\/wp-content\/uploads\/2021\/10\/la-perse2.jpg 1353w, https:\/\/ondauno.com.ar\/wp-content\/uploads\/2021\/10\/la-perse2-300x43.jpg 300w, https:\/\/ondauno.com.ar\/wp-content\/uploads\/2021\/10\/la-perse2-1024x148.jpg 1024w, https:\/\/ondauno.com.ar\/wp-content\/uploads\/2021\/10\/la-perse2-768x111.jpg 768w, https:\/\/ondauno.com.ar\/wp-content\/uploads\/2021\/10\/la-perse2-696x100.jpg 696w, https:\/\/ondauno.com.ar\/wp-content\/uploads\/2021\/10\/la-perse2-1068x154.jpg 1068w\" sizes=\"(max-width: 1353px) 100vw, 1353px\" class=\"no-lazyload\" width=\"1353\" height=\"195\"  style=\"display: inline-block;\" \/><\/a><\/div>\n<p>A lo largo de cuatro jornadas reuni\u00f3 a la producci\u00f3n, la tradici\u00f3n y tambi\u00e9n mir\u00f3 al futuro<\/p>\n\n\n\n<p>La 57\u00aa edici\u00f3n de la Fiesta Provincial del Trigo en Tres Arroyos no fue solo una celebraci\u00f3n, sino un <strong>espacio de debate estrat\u00e9gico y encuentro comunitario<\/strong> que reafirm\u00f3 al distrito como la capital del cereal. Entre el 6 y el 8 de marzo de 2026, la ciudad se convirti\u00f3 en el epicentro donde convergieron la t\u00e9cnica agropecuaria, los reclamos de infraestructura y la celebraci\u00f3n popular.<\/p>\n\n\n\n<p><strong>Calidad y log\u00edstica en la mira<\/strong><\/p>\n\n\n\n<p>La actividad comenz\u00f3 con la tradicional <strong>Mesa Redonda<\/strong>, donde el economista Mart\u00edn Redrado y el ministro Javier Rodr\u00edguez encabezaron un an\u00e1lisis sobre la &#8220;integralidad&#8221; de la cadena de valor. Redrado enfatiz\u00f3 la necesidad de <strong>reciprocidad en los acuerdos internacionales<\/strong> para exportar productos con valor agregado, como fideos, y la urgencia de invertir en plantas de urea aprovechando el super\u00e1vit de gas.<\/p>\n\n\n\n<p>Sin embargo, la preocupaci\u00f3n t\u00e9cnica se centr\u00f3 en la <strong>&#8220;flaca calidad&#8221; de la \u00faltima cosecha<\/strong>, con niveles de prote\u00edna que apenas rozan el 9,9%, lo que obliga a las terminales portuarias a realizar grandes esfuerzos de segregaci\u00f3n para no perder mercados como el brasile\u00f1o. A esto se sum\u00f3 el fuerte reclamo por la <strong>infraestructura log\u00edstica<\/strong>.<\/p>\n\n\n\n<p>El Dr. Mario Gramisu y Juan Ouwerkerk advirtieron que las rutas &#8220;ya no dan para m\u00e1s&#8221;, se\u00f1alando la necesidad urgente de pavimentar tramos clave como la ruta 72 para reducir costos operativos y mejorar la competitividad de los puertos de Quequ\u00e9n y Bah\u00eda Blanca.<\/p>\n\n\n\n<p><strong>&#8220;El camino de la comunidad&#8221;<\/strong><\/p>\n\n\n\n<p>El acto oficial, realizado el domingo frente al escenario Juan Pesalaccia, estuvo marcado por un discurso de <strong>unidad y trabajo conjunto<\/strong>. El intendente Pablo Garate defini\u00f3 la fiesta como una &#8220;palmadita&#8221; en tiempos de crisis y llam\u00f3 a los tresarroyenses a construir un destino com\u00fan &#8220;codo a codo&#8221;. En este marco, se entreg\u00f3 la <strong>Espiga de Oro<\/strong>, el m\u00e1ximo galard\u00f3n de la fiesta, al ingeniero agr\u00f3nomo <strong>Pablo Federico Roncallo<\/strong> por sus investigaciones en la mejora gen\u00e9tica del trigo candeal.<\/p>\n\n\n\n<p>Paralelamente, se present\u00f3 el programa municipal <strong>\u201cLa Ruta del Trigo\u201d<\/strong>, una iniciativa que busca articular el patrimonio, la gastronom\u00eda y el turismo para diversificar la econom\u00eda local y fortalecer el sentido de pertenencia, utilizando al trigo como el &#8220;hilo conductor del territorio&#8221;.<\/p>\n\n\n\n<p><strong>Color, tradici\u00f3n y un cierre de pura energ\u00eda<\/strong><\/p>\n\n\n\n<p>El domingo al mediod\u00eda, la avenida Ituzaing\u00f3 se llen\u00f3 de color con el <strong>desfile oficial<\/strong>. Instituciones, carrozas ingeniosas, autos antiguos y agrupaciones tradicionalistas recorrieron el predio bajo un sol radiante. El desfile incluy\u00f3 desde maquinarias agr\u00edcolas de \u00faltima generaci\u00f3n hasta el hist\u00f3rico &#8220;Sapo&#8221; de los Bomberos Voluntarios, reflejando la evoluci\u00f3n de la comunidad.<\/p>\n\n\n\n<p>La fiesta culmin\u00f3 con una noche vibrante en el escenario mayor. Tras un innovador <strong>show de drones<\/strong> que dibuj\u00f3 figuras relacionadas con la cosecha en el cielo, y el reconocimiento a diversos artistas locales, el musico cordob\u00e9s -de los m\u00e1s convocantes en la actualidad- <strong>Luck Ra<\/strong> brind\u00f3 el espect\u00e1culo central. Ante una multitud que colm\u00f3 las plateas, el artista despleg\u00f3 su carisma con un show cargado de energ\u00eda y hits de cuarteto, cerrando una edici\u00f3n que, en palabras de sus organizadores, sembr\u00f3 esperanza para el futuro de la regi\u00f3n.<\/p>\n\n\n\n<p><br><br><\/p>\n\n\n\n<figure class=\"wp-block-image size-large\"><img loading=\"lazy\" decoding=\"async\" width=\"1024\" height=\"683\" data-src=\"https:\/\/ondauno.com.ar\/wp-content\/uploads\/2026\/03\/fdt2.jpg-1024x683.webp\" alt=\"\" class=\"wp-image-63482 lazyload\" data-srcset=\"https:\/\/ondauno.com.ar\/wp-content\/uploads\/2026\/03\/fdt2.jpg-1024x683.webp 1024w, https:\/\/ondauno.com.ar\/wp-content\/uploads\/2026\/03\/fdt2.jpg-300x200.webp 300w, https:\/\/ondauno.com.ar\/wp-content\/uploads\/2026\/03\/fdt2.jpg-768x512.webp 768w, https:\/\/ondauno.com.ar\/wp-content\/uploads\/2026\/03\/fdt2.jpg-630x420.webp 630w, https:\/\/ondauno.com.ar\/wp-content\/uploads\/2026\/03\/fdt2.jpg-696x464.webp 696w, https:\/\/ondauno.com.ar\/wp-content\/uploads\/2026\/03\/fdt2.jpg-1068x712.webp 1068w, https:\/\/ondauno.com.ar\/wp-content\/uploads\/2026\/03\/fdt2.jpg.webp 1080w\" data-sizes=\"auto, (max-width: 1024px) 100vw, 1024px\" src=\"data:image\/gif;base64,R0lGODlhAQABAAAAACH5BAEKAAEALAAAAAABAAEAAAICTAEAOw==\" style=\"--smush-placeholder-width: 1024px; --smush-placeholder-aspect-ratio: 1024\/683;\" \/><noscript><img loading=\"lazy\" decoding=\"async\" width=\"1024\" height=\"683\" src=\"https:\/\/ondauno.com.ar\/wp-content\/uploads\/2026\/03\/fdt2.jpg-1024x683.webp\" alt=\"\" class=\"wp-image-63482\" srcset=\"https:\/\/ondauno.com.ar\/wp-content\/uploads\/2026\/03\/fdt2.jpg-1024x683.webp 1024w, https:\/\/ondauno.com.ar\/wp-content\/uploads\/2026\/03\/fdt2.jpg-300x200.webp 300w, https:\/\/ondauno.com.ar\/wp-content\/uploads\/2026\/03\/fdt2.jpg-768x512.webp 768w, https:\/\/ondauno.com.ar\/wp-content\/uploads\/2026\/03\/fdt2.jpg-630x420.webp 630w, https:\/\/ondauno.com.ar\/wp-content\/uploads\/2026\/03\/fdt2.jpg-696x464.webp 696w, https:\/\/ondauno.com.ar\/wp-content\/uploads\/2026\/03\/fdt2.jpg-1068x712.webp 1068w, https:\/\/ondauno.com.ar\/wp-content\/uploads\/2026\/03\/fdt2.jpg.webp 1080w\" sizes=\"auto, (max-width: 1024px) 100vw, 1024px\" \/><\/noscript><\/figure>\n\n\n\n<figure class=\"wp-block-image size-large\"><img loading=\"lazy\" decoding=\"async\" width=\"1024\" height=\"683\" data-src=\"https:\/\/ondauno.com.ar\/wp-content\/uploads\/2026\/03\/fdt3.jpg-1024x683.webp\" alt=\"\" class=\"wp-image-63483 lazyload\" data-srcset=\"https:\/\/ondauno.com.ar\/wp-content\/uploads\/2026\/03\/fdt3.jpg-1024x683.webp 1024w, https:\/\/ondauno.com.ar\/wp-content\/uploads\/2026\/03\/fdt3.jpg-300x200.webp 300w, https:\/\/ondauno.com.ar\/wp-content\/uploads\/2026\/03\/fdt3.jpg-768x512.webp 768w, https:\/\/ondauno.com.ar\/wp-content\/uploads\/2026\/03\/fdt3.jpg-630x420.webp 630w, https:\/\/ondauno.com.ar\/wp-content\/uploads\/2026\/03\/fdt3.jpg-696x464.webp 696w, https:\/\/ondauno.com.ar\/wp-content\/uploads\/2026\/03\/fdt3.jpg-1068x712.webp 1068w, https:\/\/ondauno.com.ar\/wp-content\/uploads\/2026\/03\/fdt3.jpg.webp 1080w\" data-sizes=\"auto, (max-width: 1024px) 100vw, 1024px\" src=\"data:image\/gif;base64,R0lGODlhAQABAAAAACH5BAEKAAEALAAAAAABAAEAAAICTAEAOw==\" style=\"--smush-placeholder-width: 1024px; --smush-placeholder-aspect-ratio: 1024\/683;\" \/><noscript><img loading=\"lazy\" decoding=\"async\" width=\"1024\" height=\"683\" src=\"https:\/\/ondauno.com.ar\/wp-content\/uploads\/2026\/03\/fdt3.jpg-1024x683.webp\" alt=\"\" class=\"wp-image-63483\" srcset=\"https:\/\/ondauno.com.ar\/wp-content\/uploads\/2026\/03\/fdt3.jpg-1024x683.webp 1024w, https:\/\/ondauno.com.ar\/wp-content\/uploads\/2026\/03\/fdt3.jpg-300x200.webp 300w, https:\/\/ondauno.com.ar\/wp-content\/uploads\/2026\/03\/fdt3.jpg-768x512.webp 768w, https:\/\/ondauno.com.ar\/wp-content\/uploads\/2026\/03\/fdt3.jpg-630x420.webp 630w, https:\/\/ondauno.com.ar\/wp-content\/uploads\/2026\/03\/fdt3.jpg-696x464.webp 696w, https:\/\/ondauno.com.ar\/wp-content\/uploads\/2026\/03\/fdt3.jpg-1068x712.webp 1068w, https:\/\/ondauno.com.ar\/wp-content\/uploads\/2026\/03\/fdt3.jpg.webp 1080w\" sizes=\"auto, (max-width: 1024px) 100vw, 1024px\" \/><\/noscript><\/figure>\n\n\n\n<figure class=\"wp-block-image size-large\"><img loading=\"lazy\" decoding=\"async\" width=\"1024\" height=\"682\" data-src=\"https:\/\/ondauno.com.ar\/wp-content\/uploads\/2026\/03\/fdt-1024x682.jpeg\" alt=\"\" class=\"wp-image-63484 lazyload\" data-srcset=\"https:\/\/ondauno.com.ar\/wp-content\/uploads\/2026\/03\/fdt-1024x682.jpeg 1024w, https:\/\/ondauno.com.ar\/wp-content\/uploads\/2026\/03\/fdt-300x200.jpeg 300w, https:\/\/ondauno.com.ar\/wp-content\/uploads\/2026\/03\/fdt-768x512.jpeg 768w, https:\/\/ondauno.com.ar\/wp-content\/uploads\/2026\/03\/fdt-1536x1023.jpeg 1536w, https:\/\/ondauno.com.ar\/wp-content\/uploads\/2026\/03\/fdt-630x420.jpeg 630w, https:\/\/ondauno.com.ar\/wp-content\/uploads\/2026\/03\/fdt-696x464.jpeg 696w, https:\/\/ondauno.com.ar\/wp-content\/uploads\/2026\/03\/fdt-1068x712.jpeg 1068w, https:\/\/ondauno.com.ar\/wp-content\/uploads\/2026\/03\/fdt.jpeg 1600w\" data-sizes=\"auto, (max-width: 1024px) 100vw, 1024px\" src=\"data:image\/gif;base64,R0lGODlhAQABAAAAACH5BAEKAAEALAAAAAABAAEAAAICTAEAOw==\" style=\"--smush-placeholder-width: 1024px; --smush-placeholder-aspect-ratio: 1024\/682;\" \/><noscript><img loading=\"lazy\" decoding=\"async\" width=\"1024\" height=\"682\" src=\"https:\/\/ondauno.com.ar\/wp-content\/uploads\/2026\/03\/fdt-1024x682.jpeg\" alt=\"\" class=\"wp-image-63484\" srcset=\"https:\/\/ondauno.com.ar\/wp-content\/uploads\/2026\/03\/fdt-1024x682.jpeg 1024w, https:\/\/ondauno.com.ar\/wp-content\/uploads\/2026\/03\/fdt-300x200.jpeg 300w, https:\/\/ondauno.com.ar\/wp-content\/uploads\/2026\/03\/fdt-768x512.jpeg 768w, https:\/\/ondauno.com.ar\/wp-content\/uploads\/2026\/03\/fdt-1536x1023.jpeg 1536w, https:\/\/ondauno.com.ar\/wp-content\/uploads\/2026\/03\/fdt-630x420.jpeg 630w, https:\/\/ondauno.com.ar\/wp-content\/uploads\/2026\/03\/fdt-696x464.jpeg 696w, https:\/\/ondauno.com.ar\/wp-content\/uploads\/2026\/03\/fdt-1068x712.jpeg 1068w, https:\/\/ondauno.com.ar\/wp-content\/uploads\/2026\/03\/fdt.jpeg 1600w\" sizes=\"auto, (max-width: 1024px) 100vw, 1024px\" \/><\/noscript><\/figure>\n\n\n\n<p><\/p>\n","protected":false},"excerpt":{"rendered":"<p>Imponente imagen de la noche de cierre de la 57ma Fiesta Provincial del Trigo<\/p>\n","protected":false},"author":2,"featured_media":63481,"comment_status":"open","ping_status":"open","sticky":false,"template":"","format":"standard","meta":{"tdm_status":"","tdm_grid_status":"","_jetpack_memberships_contains_paid_content":false,"footnotes":"","jetpack_publicize_message":"","jetpack_publicize_feature_enabled":true,"jetpack_social_post_already_shared":true,"jetpack_social_options":{"image_generator_settings":{"template":"highway","default_image_id":0,"font":"","enabled":false},"version":2}},"categories":[28],"tags":[],"class_list":{"0":"post-63480","1":"post","2":"type-post","3":"status-publish","4":"format-standard","5":"has-post-thumbnail","7":"category-interes-general"},"yoast_head":"<!-- This site is optimized with the Yoast SEO plugin v22.7 - https:\/\/yoast.com\/wordpress\/plugins\/seo\/ -->\n<title>Con la Fiesta del Trigo, Tres Arroyos celebr\u00f3 su identidad - 103.9 fm<\/title>\n<meta name=\"robots\" content=\"index, follow, max-snippet:-1, max-image-preview:large, max-video-preview:-1\" \/>\n<link rel=\"canonical\" href=\"https:\/\/ondauno.com.ar\/index.php\/2026\/03\/11\/con-la-fiesta-del-trigo-tres-arroyos-celebro-su-identidad\/\" \/>\n<meta property=\"og:locale\" content=\"es_ES\" \/>\n<meta property=\"og:type\" content=\"article\" \/>\n<meta property=\"og:title\" content=\"Con la Fiesta del Trigo, Tres Arroyos celebr\u00f3 su identidad - 103.9 fm\" \/>\n<meta property=\"og:description\" content=\"Imponente imagen de la noche de cierre de la 57ma Fiesta Provincial del Trigo\" \/>\n<meta property=\"og:url\" content=\"https:\/\/ondauno.com.ar\/index.php\/2026\/03\/11\/con-la-fiesta-del-trigo-tres-arroyos-celebro-su-identidad\/\" \/>\n<meta property=\"og:site_name\" content=\"103.9 fm\" \/>\n<meta property=\"article:publisher\" content=\"https:\/\/www.facebook.com\/ondauno103.9\" \/>\n<meta property=\"article:published_time\" content=\"2026-03-11T04:50:16+00:00\" \/>\n<meta property=\"article:modified_time\" content=\"2026-03-11T04:50:18+00:00\" \/>\n<meta property=\"og:image\" content=\"http:\/\/ondauno.com.ar\/wp-content\/uploads\/2026\/03\/fdt1.webp\" \/>\n\t<meta property=\"og:image:width\" content=\"1080\" \/>\n\t<meta property=\"og:image:height\" content=\"810\" \/>\n\t<meta property=\"og:image:type\" content=\"image\/webp\" \/>\n<meta name=\"author\" content=\"fernando garcia\" \/>\n<meta name=\"twitter:card\" content=\"summary_large_image\" \/>\n<meta name=\"twitter:label1\" content=\"Escrito por\" \/>\n\t<meta name=\"twitter:data1\" content=\"fernando garcia\" \/>\n\t<meta name=\"twitter:label2\" content=\"Tiempo de lectura\" \/>\n\t<meta name=\"twitter:data2\" content=\"4 minutos\" \/>\n<script type=\"application\/ld+json\" class=\"yoast-schema-graph\">{\"@context\":\"https:\/\/schema.org\",\"@graph\":[{\"@type\":\"WebPage\",\"@id\":\"https:\/\/ondauno.com.ar\/index.php\/2026\/03\/11\/con-la-fiesta-del-trigo-tres-arroyos-celebro-su-identidad\/\",\"url\":\"https:\/\/ondauno.com.ar\/index.php\/2026\/03\/11\/con-la-fiesta-del-trigo-tres-arroyos-celebro-su-identidad\/\",\"name\":\"Con la Fiesta del Trigo, Tres Arroyos celebr\u00f3 su identidad - 103.9 fm\",\"isPartOf\":{\"@id\":\"https:\/\/ondauno.com.ar\/#website\"},\"primaryImageOfPage\":{\"@id\":\"https:\/\/ondauno.com.ar\/index.php\/2026\/03\/11\/con-la-fiesta-del-trigo-tres-arroyos-celebro-su-identidad\/#primaryimage\"},\"image\":{\"@id\":\"https:\/\/ondauno.com.ar\/index.php\/2026\/03\/11\/con-la-fiesta-del-trigo-tres-arroyos-celebro-su-identidad\/#primaryimage\"},\"thumbnailUrl\":\"https:\/\/ondauno.com.ar\/wp-content\/uploads\/2026\/03\/fdt1.webp\",\"datePublished\":\"2026-03-11T04:50:16+00:00\",\"dateModified\":\"2026-03-11T04:50:18+00:00\",\"author\":{\"@id\":\"https:\/\/ondauno.com.ar\/#\/schema\/person\/201d1b68e6c75e0fd396fe5f8af5d139\"},\"breadcrumb\":{\"@id\":\"https:\/\/ondauno.com.ar\/index.php\/2026\/03\/11\/con-la-fiesta-del-trigo-tres-arroyos-celebro-su-identidad\/#breadcrumb\"},\"inLanguage\":\"es-AR\",\"potentialAction\":[{\"@type\":\"ReadAction\",\"target\":[\"https:\/\/ondauno.com.ar\/index.php\/2026\/03\/11\/con-la-fiesta-del-trigo-tres-arroyos-celebro-su-identidad\/\"]}]},{\"@type\":\"ImageObject\",\"inLanguage\":\"es-AR\",\"@id\":\"https:\/\/ondauno.com.ar\/index.php\/2026\/03\/11\/con-la-fiesta-del-trigo-tres-arroyos-celebro-su-identidad\/#primaryimage\",\"url\":\"https:\/\/ondauno.com.ar\/wp-content\/uploads\/2026\/03\/fdt1.webp\",\"contentUrl\":\"https:\/\/ondauno.com.ar\/wp-content\/uploads\/2026\/03\/fdt1.webp\",\"width\":1080,\"height\":810},{\"@type\":\"BreadcrumbList\",\"@id\":\"https:\/\/ondauno.com.ar\/index.php\/2026\/03\/11\/con-la-fiesta-del-trigo-tres-arroyos-celebro-su-identidad\/#breadcrumb\",\"itemListElement\":[{\"@type\":\"ListItem\",\"position\":1,\"name\":\"Inicio\",\"item\":\"https:\/\/ondauno.com.ar\/\"},{\"@type\":\"ListItem\",\"position\":2,\"name\":\"Con la Fiesta del Trigo, Tres Arroyos celebr\u00f3 su identidad\"}]},{\"@type\":\"WebSite\",\"@id\":\"https:\/\/ondauno.com.ar\/#website\",\"url\":\"https:\/\/ondauno.com.ar\/\",\"name\":\"103.9 fm\",\"description\":\"LA PRIMERA RADIO MULTIMEDIA DE TRES ARROYOS\",\"potentialAction\":[{\"@type\":\"SearchAction\",\"target\":{\"@type\":\"EntryPoint\",\"urlTemplate\":\"https:\/\/ondauno.com.ar\/?s={search_term_string}\"},\"query-input\":\"required name=search_term_string\"}],\"inLanguage\":\"es-AR\"},{\"@type\":\"Person\",\"@id\":\"https:\/\/ondauno.com.ar\/#\/schema\/person\/201d1b68e6c75e0fd396fe5f8af5d139\",\"name\":\"fernando garcia\",\"image\":{\"@type\":\"ImageObject\",\"inLanguage\":\"es-AR\",\"@id\":\"https:\/\/ondauno.com.ar\/#\/schema\/person\/image\/\",\"url\":\"https:\/\/secure.gravatar.com\/avatar\/5f7254642ad81272e79a2e69653cfdfc?s=96&d=mm&r=g\",\"contentUrl\":\"https:\/\/secure.gravatar.com\/avatar\/5f7254642ad81272e79a2e69653cfdfc?s=96&d=mm&r=g\",\"caption\":\"fernando garcia\"},\"url\":\"https:\/\/ondauno.com.ar\/index.php\/author\/ondaunoeditor\/\"}]}<\/script>\n<!-- \/ Yoast SEO plugin. -->","yoast_head_json":{"title":"Con la Fiesta del Trigo, Tres Arroyos celebr\u00f3 su identidad - 103.9 fm","robots":{"index":"index","follow":"follow","max-snippet":"max-snippet:-1","max-image-preview":"max-image-preview:large","max-video-preview":"max-video-preview:-1"},"canonical":"https:\/\/ondauno.com.ar\/index.php\/2026\/03\/11\/con-la-fiesta-del-trigo-tres-arroyos-celebro-su-identidad\/","og_locale":"es_ES","og_type":"article","og_title":"Con la Fiesta del Trigo, Tres Arroyos celebr\u00f3 su identidad - 103.9 fm","og_description":"Imponente imagen de la noche de cierre de la 57ma Fiesta Provincial del Trigo","og_url":"https:\/\/ondauno.com.ar\/index.php\/2026\/03\/11\/con-la-fiesta-del-trigo-tres-arroyos-celebro-su-identidad\/","og_site_name":"103.9 fm","article_publisher":"https:\/\/www.facebook.com\/ondauno103.9","article_published_time":"2026-03-11T04:50:16+00:00","article_modified_time":"2026-03-11T04:50:18+00:00","og_image":[{"width":1080,"height":810,"url":"http:\/\/ondauno.com.ar\/wp-content\/uploads\/2026\/03\/fdt1.webp","type":"image\/webp"}],"author":"fernando garcia","twitter_card":"summary_large_image","twitter_misc":{"Escrito por":"fernando garcia","Tiempo de lectura":"4 minutos"},"schema":{"@context":"https:\/\/schema.org","@graph":[{"@type":"WebPage","@id":"https:\/\/ondauno.com.ar\/index.php\/2026\/03\/11\/con-la-fiesta-del-trigo-tres-arroyos-celebro-su-identidad\/","url":"https:\/\/ondauno.com.ar\/index.php\/2026\/03\/11\/con-la-fiesta-del-trigo-tres-arroyos-celebro-su-identidad\/","name":"Con la Fiesta del Trigo, Tres Arroyos celebr\u00f3 su identidad - 103.9 fm","isPartOf":{"@id":"https:\/\/ondauno.com.ar\/#website"},"primaryImageOfPage":{"@id":"https:\/\/ondauno.com.ar\/index.php\/2026\/03\/11\/con-la-fiesta-del-trigo-tres-arroyos-celebro-su-identidad\/#primaryimage"},"image":{"@id":"https:\/\/ondauno.com.ar\/index.php\/2026\/03\/11\/con-la-fiesta-del-trigo-tres-arroyos-celebro-su-identidad\/#primaryimage"},"thumbnailUrl":"https:\/\/ondauno.com.ar\/wp-content\/uploads\/2026\/03\/fdt1.webp","datePublished":"2026-03-11T04:50:16+00:00","dateModified":"2026-03-11T04:50:18+00:00","author":{"@id":"https:\/\/ondauno.com.ar\/#\/schema\/person\/201d1b68e6c75e0fd396fe5f8af5d139"},"breadcrumb":{"@id":"https:\/\/ondauno.com.ar\/index.php\/2026\/03\/11\/con-la-fiesta-del-trigo-tres-arroyos-celebro-su-identidad\/#breadcrumb"},"inLanguage":"es-AR","potentialAction":[{"@type":"ReadAction","target":["https:\/\/ondauno.com.ar\/index.php\/2026\/03\/11\/con-la-fiesta-del-trigo-tres-arroyos-celebro-su-identidad\/"]}]},{"@type":"ImageObject","inLanguage":"es-AR","@id":"https:\/\/ondauno.com.ar\/index.php\/2026\/03\/11\/con-la-fiesta-del-trigo-tres-arroyos-celebro-su-identidad\/#primaryimage","url":"https:\/\/ondauno.com.ar\/wp-content\/uploads\/2026\/03\/fdt1.webp","contentUrl":"https:\/\/ondauno.com.ar\/wp-content\/uploads\/2026\/03\/fdt1.webp","width":1080,"height":810},{"@type":"BreadcrumbList","@id":"https:\/\/ondauno.com.ar\/index.php\/2026\/03\/11\/con-la-fiesta-del-trigo-tres-arroyos-celebro-su-identidad\/#breadcrumb","itemListElement":[{"@type":"ListItem","position":1,"name":"Inicio","item":"https:\/\/ondauno.com.ar\/"},{"@type":"ListItem","position":2,"name":"Con la Fiesta del Trigo, Tres Arroyos celebr\u00f3 su identidad"}]},{"@type":"WebSite","@id":"https:\/\/ondauno.com.ar\/#website","url":"https:\/\/ondauno.com.ar\/","name":"103.9 fm","description":"LA PRIMERA RADIO MULTIMEDIA DE TRES ARROYOS","potentialAction":[{"@type":"SearchAction","target":{"@type":"EntryPoint","urlTemplate":"https:\/\/ondauno.com.ar\/?s={search_term_string}"},"query-input":"required name=search_term_string"}],"inLanguage":"es-AR"},{"@type":"Person","@id":"https:\/\/ondauno.com.ar\/#\/schema\/person\/201d1b68e6c75e0fd396fe5f8af5d139","name":"fernando garcia","image":{"@type":"ImageObject","inLanguage":"es-AR","@id":"https:\/\/ondauno.com.ar\/#\/schema\/person\/image\/","url":"https:\/\/secure.gravatar.com\/avatar\/5f7254642ad81272e79a2e69653cfdfc?s=96&d=mm&r=g","contentUrl":"https:\/\/secure.gravatar.com\/avatar\/5f7254642ad81272e79a2e69653cfdfc?s=96&d=mm&r=g","caption":"fernando garcia"},"url":"https:\/\/ondauno.com.ar\/index.php\/author\/ondaunoeditor\/"}]}},"jetpack_publicize_connections":[],"jetpack_featured_media_url":"https:\/\/ondauno.com.ar\/wp-content\/uploads\/2026\/03\/fdt1.webp","jetpack_sharing_enabled":true,"_links":{"self":[{"href":"https:\/\/ondauno.com.ar\/index.php\/wp-json\/wp\/v2\/posts\/63480","targetHints":{"allow":["GET"]}}],"collection":[{"href":"https:\/\/ondauno.com.ar\/index.php\/wp-json\/wp\/v2\/posts"}],"about":[{"href":"https:\/\/ondauno.com.ar\/index.php\/wp-json\/wp\/v2\/types\/post"}],"author":[{"embeddable":true,"href":"https:\/\/ondauno.com.ar\/index.php\/wp-json\/wp\/v2\/users\/2"}],"replies":[{"embeddable":true,"href":"https:\/\/ondauno.com.ar\/index.php\/wp-json\/wp\/v2\/comments?post=63480"}],"version-history":[{"count":1,"href":"https:\/\/ondauno.com.ar\/index.php\/wp-json\/wp\/v2\/posts\/63480\/revisions"}],"predecessor-version":[{"id":63485,"href":"https:\/\/ondauno.com.ar\/index.php\/wp-json\/wp\/v2\/posts\/63480\/revisions\/63485"}],"wp:featuredmedia":[{"embeddable":true,"href":"https:\/\/ondauno.com.ar\/index.php\/wp-json\/wp\/v2\/media\/63481"}],"wp:attachment":[{"href":"https:\/\/ondauno.com.ar\/index.php\/wp-json\/wp\/v2\/media?parent=63480"}],"wp:term":[{"taxonomy":"category","embeddable":true,"href":"https:\/\/ondauno.com.ar\/index.php\/wp-json\/wp\/v2\/categories?post=63480"},{"taxonomy":"post_tag","embeddable":true,"href":"https:\/\/ondauno.com.ar\/index.php\/wp-json\/wp\/v2\/tags?post=63480"}],"curies":[{"name":"wp","href":"https:\/\/api.w.org\/{rel}","templated":true}]}}