{"id":63394,"date":"2026-03-03T09:55:28","date_gmt":"2026-03-03T12:55:28","guid":{"rendered":"https:\/\/ondauno.com.ar\/?p=63394"},"modified":"2026-03-03T09:55:34","modified_gmt":"2026-03-03T12:55:34","slug":"orden-de-detencion-por-comercializacion-de-estupefacientes-un-hombre-fue-arrestado-en-tres-arroyos","status":"publish","type":"post","link":"https:\/\/ondauno.com.ar\/index.php\/2026\/03\/03\/orden-de-detencion-por-comercializacion-de-estupefacientes-un-hombre-fue-arrestado-en-tres-arroyos\/","title":{"rendered":"Orden de detenci\u00f3n por comercializaci\u00f3n de estupefacientes: un hombre fue arrestado en Tres Arroyos"},"content":{"rendered":"<div class=\"ondau-before-content_3\" style=\"margin-top: -30px;\" id=\"ondau-1116020451\"><a href=\"https:\/\/www.lps.com.ar\/\" aria-label=\"la-perse2\"><img loading=\"lazy\" decoding=\"async\" src=\"https:\/\/ondauno.com.ar\/wp-content\/uploads\/2021\/10\/la-perse2.jpg\" alt=\"\"  srcset=\"https:\/\/ondauno.com.ar\/wp-content\/uploads\/2021\/10\/la-perse2.jpg 1353w, https:\/\/ondauno.com.ar\/wp-content\/uploads\/2021\/10\/la-perse2-300x43.jpg 300w, https:\/\/ondauno.com.ar\/wp-content\/uploads\/2021\/10\/la-perse2-1024x148.jpg 1024w, https:\/\/ondauno.com.ar\/wp-content\/uploads\/2021\/10\/la-perse2-768x111.jpg 768w, https:\/\/ondauno.com.ar\/wp-content\/uploads\/2021\/10\/la-perse2-696x100.jpg 696w, https:\/\/ondauno.com.ar\/wp-content\/uploads\/2021\/10\/la-perse2-1068x154.jpg 1068w\" sizes=\"(max-width: 1353px) 100vw, 1353px\" class=\"no-lazyload\" width=\"1353\" height=\"195\"  style=\"display: inline-block;\" \/><\/a><\/div>\n<p>Un hombre de 25 a\u00f1os fue detenido este lunes por la tarde en la ciudad de Tres Arroyos, en el marco de una orden judicial vinculada a una causa por comercializaci\u00f3n de estupefacientes.<\/p>\n\n\n\n<p>El procedimiento se llev\u00f3 a cabo alrededor de las 18:30 en calle Ayacucho al 600, donde personal del Grupo T\u00e1ctico Operativo (GTO) de la Estaci\u00f3n de Polic\u00eda de Seguridad Comunal, Comisar\u00eda Primera, intercept\u00f3 al joven sobre quien pesaba una orden de detenci\u00f3n emitida el pasado 2 de marzo.<\/p>\n\n\n\n<p>La medida fue dispuesta por el Tribunal en lo Criminal N\u00b0 1 del Departamento Judicial Bah\u00eda Blanca, con intervenci\u00f3n de la jueza subrogante Fabiana Brandol\u00edn, en el marco de una causa por el delito de \u201cComercializaci\u00f3n de Estupefacientes\u201d.<\/p>\n\n\n\n<p>Tras cumplirse los recaudos legales correspondientes, el detenido qued\u00f3 alojado en los calabozos de la dependencia policial local, a disposici\u00f3n de la Justicia.<\/p>\n","protected":false},"excerpt":{"rendered":"<p>Un hombre de 25 a\u00f1os fue detenido este lunes por la tarde en la ciudad de Tres Arroyos, en el marco de una orden judicial vinculada a una causa por comercializaci\u00f3n de estupefacientes. El procedimiento se llev\u00f3 a cabo alrededor de las 18:30 en calle Ayacucho al 600, donde personal del Grupo T\u00e1ctico Operativo (GTO) [&hellip;]<\/p>\n","protected":false},"author":1,"featured_media":63395,"comment_status":"open","ping_status":"open","sticky":false,"template":"","format":"standard","meta":{"tdm_status":"","tdm_grid_status":"","_jetpack_memberships_contains_paid_content":false,"footnotes":"","jetpack_publicize_message":"","jetpack_publicize_feature_enabled":true,"jetpack_social_post_already_shared":true,"jetpack_social_options":{"image_generator_settings":{"template":"highway","default_image_id":0,"font":"","enabled":false},"version":2}},"categories":[29],"tags":[],"class_list":{"0":"post-63394","1":"post","2":"type-post","3":"status-publish","4":"format-standard","5":"has-post-thumbnail","7":"category-policiales"},"yoast_head":"<!-- This site is optimized with the Yoast SEO plugin v22.7 - https:\/\/yoast.com\/wordpress\/plugins\/seo\/ -->\n<title>Orden de detenci\u00f3n por comercializaci\u00f3n de estupefacientes: un hombre fue arrestado en Tres Arroyos - 103.9 fm<\/title>\n<meta name=\"robots\" content=\"index, follow, max-snippet:-1, max-image-preview:large, max-video-preview:-1\" \/>\n<link rel=\"canonical\" href=\"https:\/\/ondauno.com.ar\/index.php\/2026\/03\/03\/orden-de-detencion-por-comercializacion-de-estupefacientes-un-hombre-fue-arrestado-en-tres-arroyos\/\" \/>\n<meta property=\"og:locale\" content=\"es_ES\" \/>\n<meta property=\"og:type\" content=\"article\" \/>\n<meta property=\"og:title\" content=\"Orden de detenci\u00f3n por comercializaci\u00f3n de estupefacientes: un hombre fue arrestado en Tres Arroyos - 103.9 fm\" \/>\n<meta property=\"og:description\" content=\"Un hombre de 25 a\u00f1os fue detenido este lunes por la tarde en la ciudad de Tres Arroyos, en el marco de una orden judicial vinculada a una causa por comercializaci\u00f3n de estupefacientes. El procedimiento se llev\u00f3 a cabo alrededor de las 18:30 en calle Ayacucho al 600, donde personal del Grupo T\u00e1ctico Operativo (GTO) [&hellip;]\" \/>\n<meta property=\"og:url\" content=\"https:\/\/ondauno.com.ar\/index.php\/2026\/03\/03\/orden-de-detencion-por-comercializacion-de-estupefacientes-un-hombre-fue-arrestado-en-tres-arroyos\/\" \/>\n<meta property=\"og:site_name\" content=\"103.9 fm\" \/>\n<meta property=\"article:publisher\" content=\"https:\/\/www.facebook.com\/ondauno103.9\" \/>\n<meta property=\"article:published_time\" content=\"2026-03-03T12:55:28+00:00\" \/>\n<meta property=\"article:modified_time\" content=\"2026-03-03T12:55:34+00:00\" \/>\n<meta property=\"og:image\" content=\"http:\/\/ondauno.com.ar\/wp-content\/uploads\/2026\/03\/WhatsApp-Image-2026-03-03-at-09.33.43.jpeg\" \/>\n\t<meta property=\"og:image:width\" content=\"834\" \/>\n\t<meta property=\"og:image:height\" content=\"1189\" \/>\n\t<meta property=\"og:image:type\" content=\"image\/jpeg\" \/>\n<meta name=\"author\" content=\"OndaUno\" \/>\n<meta name=\"twitter:card\" content=\"summary_large_image\" \/>\n<meta name=\"twitter:label1\" content=\"Escrito por\" \/>\n\t<meta name=\"twitter:data1\" content=\"OndaUno\" \/>\n\t<meta name=\"twitter:label2\" content=\"Tiempo de lectura\" \/>\n\t<meta name=\"twitter:data2\" content=\"1 minuto\" \/>\n<script type=\"application\/ld+json\" class=\"yoast-schema-graph\">{\"@context\":\"https:\/\/schema.org\",\"@graph\":[{\"@type\":\"WebPage\",\"@id\":\"https:\/\/ondauno.com.ar\/index.php\/2026\/03\/03\/orden-de-detencion-por-comercializacion-de-estupefacientes-un-hombre-fue-arrestado-en-tres-arroyos\/\",\"url\":\"https:\/\/ondauno.com.ar\/index.php\/2026\/03\/03\/orden-de-detencion-por-comercializacion-de-estupefacientes-un-hombre-fue-arrestado-en-tres-arroyos\/\",\"name\":\"Orden de detenci\u00f3n por comercializaci\u00f3n de estupefacientes: un hombre fue arrestado en Tres Arroyos - 103.9 fm\",\"isPartOf\":{\"@id\":\"https:\/\/ondauno.com.ar\/#website\"},\"primaryImageOfPage\":{\"@id\":\"https:\/\/ondauno.com.ar\/index.php\/2026\/03\/03\/orden-de-detencion-por-comercializacion-de-estupefacientes-un-hombre-fue-arrestado-en-tres-arroyos\/#primaryimage\"},\"image\":{\"@id\":\"https:\/\/ondauno.com.ar\/index.php\/2026\/03\/03\/orden-de-detencion-por-comercializacion-de-estupefacientes-un-hombre-fue-arrestado-en-tres-arroyos\/#primaryimage\"},\"thumbnailUrl\":\"https:\/\/ondauno.com.ar\/wp-content\/uploads\/2026\/03\/WhatsApp-Image-2026-03-03-at-09.33.43.jpeg\",\"datePublished\":\"2026-03-03T12:55:28+00:00\",\"dateModified\":\"2026-03-03T12:55:34+00:00\",\"author\":{\"@id\":\"https:\/\/ondauno.com.ar\/#\/schema\/person\/7ec851ddeceb4133d7d7132dc645714e\"},\"breadcrumb\":{\"@id\":\"https:\/\/ondauno.com.ar\/index.php\/2026\/03\/03\/orden-de-detencion-por-comercializacion-de-estupefacientes-un-hombre-fue-arrestado-en-tres-arroyos\/#breadcrumb\"},\"inLanguage\":\"es-AR\",\"potentialAction\":[{\"@type\":\"ReadAction\",\"target\":[\"https:\/\/ondauno.com.ar\/index.php\/2026\/03\/03\/orden-de-detencion-por-comercializacion-de-estupefacientes-un-hombre-fue-arrestado-en-tres-arroyos\/\"]}]},{\"@type\":\"ImageObject\",\"inLanguage\":\"es-AR\",\"@id\":\"https:\/\/ondauno.com.ar\/index.php\/2026\/03\/03\/orden-de-detencion-por-comercializacion-de-estupefacientes-un-hombre-fue-arrestado-en-tres-arroyos\/#primaryimage\",\"url\":\"https:\/\/ondauno.com.ar\/wp-content\/uploads\/2026\/03\/WhatsApp-Image-2026-03-03-at-09.33.43.jpeg\",\"contentUrl\":\"https:\/\/ondauno.com.ar\/wp-content\/uploads\/2026\/03\/WhatsApp-Image-2026-03-03-at-09.33.43.jpeg\",\"width\":834,\"height\":1189},{\"@type\":\"BreadcrumbList\",\"@id\":\"https:\/\/ondauno.com.ar\/index.php\/2026\/03\/03\/orden-de-detencion-por-comercializacion-de-estupefacientes-un-hombre-fue-arrestado-en-tres-arroyos\/#breadcrumb\",\"itemListElement\":[{\"@type\":\"ListItem\",\"position\":1,\"name\":\"Inicio\",\"item\":\"https:\/\/ondauno.com.ar\/\"},{\"@type\":\"ListItem\",\"position\":2,\"name\":\"Orden de detenci\u00f3n por comercializaci\u00f3n de estupefacientes: un hombre fue arrestado en Tres Arroyos\"}]},{\"@type\":\"WebSite\",\"@id\":\"https:\/\/ondauno.com.ar\/#website\",\"url\":\"https:\/\/ondauno.com.ar\/\",\"name\":\"103.9 fm\",\"description\":\"LA PRIMERA RADIO MULTIMEDIA DE TRES ARROYOS\",\"potentialAction\":[{\"@type\":\"SearchAction\",\"target\":{\"@type\":\"EntryPoint\",\"urlTemplate\":\"https:\/\/ondauno.com.ar\/?s={search_term_string}\"},\"query-input\":\"required name=search_term_string\"}],\"inLanguage\":\"es-AR\"},{\"@type\":\"Person\",\"@id\":\"https:\/\/ondauno.com.ar\/#\/schema\/person\/7ec851ddeceb4133d7d7132dc645714e\",\"name\":\"OndaUno\",\"image\":{\"@type\":\"ImageObject\",\"inLanguage\":\"es-AR\",\"@id\":\"https:\/\/ondauno.com.ar\/#\/schema\/person\/image\/\",\"url\":\"https:\/\/secure.gravatar.com\/avatar\/93b8009f0de7021f1feb2bd5b32fb9e8?s=96&d=mm&r=g\",\"contentUrl\":\"https:\/\/secure.gravatar.com\/avatar\/93b8009f0de7021f1feb2bd5b32fb9e8?s=96&d=mm&r=g\",\"caption\":\"OndaUno\"},\"url\":\"https:\/\/ondauno.com.ar\/index.php\/author\/ondauno\/\"}]}<\/script>\n<!-- \/ Yoast SEO plugin. -->","yoast_head_json":{"title":"Orden de detenci\u00f3n por comercializaci\u00f3n de estupefacientes: un hombre fue arrestado en Tres Arroyos - 103.9 fm","robots":{"index":"index","follow":"follow","max-snippet":"max-snippet:-1","max-image-preview":"max-image-preview:large","max-video-preview":"max-video-preview:-1"},"canonical":"https:\/\/ondauno.com.ar\/index.php\/2026\/03\/03\/orden-de-detencion-por-comercializacion-de-estupefacientes-un-hombre-fue-arrestado-en-tres-arroyos\/","og_locale":"es_ES","og_type":"article","og_title":"Orden de detenci\u00f3n por comercializaci\u00f3n de estupefacientes: un hombre fue arrestado en Tres Arroyos - 103.9 fm","og_description":"Un hombre de 25 a\u00f1os fue detenido este lunes por la tarde en la ciudad de Tres Arroyos, en el marco de una orden judicial vinculada a una causa por comercializaci\u00f3n de estupefacientes. El procedimiento se llev\u00f3 a cabo alrededor de las 18:30 en calle Ayacucho al 600, donde personal del Grupo T\u00e1ctico Operativo (GTO) [&hellip;]","og_url":"https:\/\/ondauno.com.ar\/index.php\/2026\/03\/03\/orden-de-detencion-por-comercializacion-de-estupefacientes-un-hombre-fue-arrestado-en-tres-arroyos\/","og_site_name":"103.9 fm","article_publisher":"https:\/\/www.facebook.com\/ondauno103.9","article_published_time":"2026-03-03T12:55:28+00:00","article_modified_time":"2026-03-03T12:55:34+00:00","og_image":[{"width":834,"height":1189,"url":"http:\/\/ondauno.com.ar\/wp-content\/uploads\/2026\/03\/WhatsApp-Image-2026-03-03-at-09.33.43.jpeg","type":"image\/jpeg"}],"author":"OndaUno","twitter_card":"summary_large_image","twitter_misc":{"Escrito por":"OndaUno","Tiempo de lectura":"1 minuto"},"schema":{"@context":"https:\/\/schema.org","@graph":[{"@type":"WebPage","@id":"https:\/\/ondauno.com.ar\/index.php\/2026\/03\/03\/orden-de-detencion-por-comercializacion-de-estupefacientes-un-hombre-fue-arrestado-en-tres-arroyos\/","url":"https:\/\/ondauno.com.ar\/index.php\/2026\/03\/03\/orden-de-detencion-por-comercializacion-de-estupefacientes-un-hombre-fue-arrestado-en-tres-arroyos\/","name":"Orden de detenci\u00f3n por comercializaci\u00f3n de estupefacientes: un hombre fue arrestado en Tres Arroyos - 103.9 fm","isPartOf":{"@id":"https:\/\/ondauno.com.ar\/#website"},"primaryImageOfPage":{"@id":"https:\/\/ondauno.com.ar\/index.php\/2026\/03\/03\/orden-de-detencion-por-comercializacion-de-estupefacientes-un-hombre-fue-arrestado-en-tres-arroyos\/#primaryimage"},"image":{"@id":"https:\/\/ondauno.com.ar\/index.php\/2026\/03\/03\/orden-de-detencion-por-comercializacion-de-estupefacientes-un-hombre-fue-arrestado-en-tres-arroyos\/#primaryimage"},"thumbnailUrl":"https:\/\/ondauno.com.ar\/wp-content\/uploads\/2026\/03\/WhatsApp-Image-2026-03-03-at-09.33.43.jpeg","datePublished":"2026-03-03T12:55:28+00:00","dateModified":"2026-03-03T12:55:34+00:00","author":{"@id":"https:\/\/ondauno.com.ar\/#\/schema\/person\/7ec851ddeceb4133d7d7132dc645714e"},"breadcrumb":{"@id":"https:\/\/ondauno.com.ar\/index.php\/2026\/03\/03\/orden-de-detencion-por-comercializacion-de-estupefacientes-un-hombre-fue-arrestado-en-tres-arroyos\/#breadcrumb"},"inLanguage":"es-AR","potentialAction":[{"@type":"ReadAction","target":["https:\/\/ondauno.com.ar\/index.php\/2026\/03\/03\/orden-de-detencion-por-comercializacion-de-estupefacientes-un-hombre-fue-arrestado-en-tres-arroyos\/"]}]},{"@type":"ImageObject","inLanguage":"es-AR","@id":"https:\/\/ondauno.com.ar\/index.php\/2026\/03\/03\/orden-de-detencion-por-comercializacion-de-estupefacientes-un-hombre-fue-arrestado-en-tres-arroyos\/#primaryimage","url":"https:\/\/ondauno.com.ar\/wp-content\/uploads\/2026\/03\/WhatsApp-Image-2026-03-03-at-09.33.43.jpeg","contentUrl":"https:\/\/ondauno.com.ar\/wp-content\/uploads\/2026\/03\/WhatsApp-Image-2026-03-03-at-09.33.43.jpeg","width":834,"height":1189},{"@type":"BreadcrumbList","@id":"https:\/\/ondauno.com.ar\/index.php\/2026\/03\/03\/orden-de-detencion-por-comercializacion-de-estupefacientes-un-hombre-fue-arrestado-en-tres-arroyos\/#breadcrumb","itemListElement":[{"@type":"ListItem","position":1,"name":"Inicio","item":"https:\/\/ondauno.com.ar\/"},{"@type":"ListItem","position":2,"name":"Orden de detenci\u00f3n por comercializaci\u00f3n de estupefacientes: un hombre fue arrestado en Tres Arroyos"}]},{"@type":"WebSite","@id":"https:\/\/ondauno.com.ar\/#website","url":"https:\/\/ondauno.com.ar\/","name":"103.9 fm","description":"LA PRIMERA RADIO MULTIMEDIA DE TRES ARROYOS","potentialAction":[{"@type":"SearchAction","target":{"@type":"EntryPoint","urlTemplate":"https:\/\/ondauno.com.ar\/?s={search_term_string}"},"query-input":"required name=search_term_string"}],"inLanguage":"es-AR"},{"@type":"Person","@id":"https:\/\/ondauno.com.ar\/#\/schema\/person\/7ec851ddeceb4133d7d7132dc645714e","name":"OndaUno","image":{"@type":"ImageObject","inLanguage":"es-AR","@id":"https:\/\/ondauno.com.ar\/#\/schema\/person\/image\/","url":"https:\/\/secure.gravatar.com\/avatar\/93b8009f0de7021f1feb2bd5b32fb9e8?s=96&d=mm&r=g","contentUrl":"https:\/\/secure.gravatar.com\/avatar\/93b8009f0de7021f1feb2bd5b32fb9e8?s=96&d=mm&r=g","caption":"OndaUno"},"url":"https:\/\/ondauno.com.ar\/index.php\/author\/ondauno\/"}]}},"jetpack_publicize_connections":[],"jetpack_featured_media_url":"https:\/\/ondauno.com.ar\/wp-content\/uploads\/2026\/03\/WhatsApp-Image-2026-03-03-at-09.33.43.jpeg","jetpack_sharing_enabled":true,"_links":{"self":[{"href":"https:\/\/ondauno.com.ar\/index.php\/wp-json\/wp\/v2\/posts\/63394","targetHints":{"allow":["GET"]}}],"collection":[{"href":"https:\/\/ondauno.com.ar\/index.php\/wp-json\/wp\/v2\/posts"}],"about":[{"href":"https:\/\/ondauno.com.ar\/index.php\/wp-json\/wp\/v2\/types\/post"}],"author":[{"embeddable":true,"href":"https:\/\/ondauno.com.ar\/index.php\/wp-json\/wp\/v2\/users\/1"}],"replies":[{"embeddable":true,"href":"https:\/\/ondauno.com.ar\/index.php\/wp-json\/wp\/v2\/comments?post=63394"}],"version-history":[{"count":1,"href":"https:\/\/ondauno.com.ar\/index.php\/wp-json\/wp\/v2\/posts\/63394\/revisions"}],"predecessor-version":[{"id":63396,"href":"https:\/\/ondauno.com.ar\/index.php\/wp-json\/wp\/v2\/posts\/63394\/revisions\/63396"}],"wp:featuredmedia":[{"embeddable":true,"href":"https:\/\/ondauno.com.ar\/index.php\/wp-json\/wp\/v2\/media\/63395"}],"wp:attachment":[{"href":"https:\/\/ondauno.com.ar\/index.php\/wp-json\/wp\/v2\/media?parent=63394"}],"wp:term":[{"taxonomy":"category","embeddable":true,"href":"https:\/\/ondauno.com.ar\/index.php\/wp-json\/wp\/v2\/categories?post=63394"},{"taxonomy":"post_tag","embeddable":true,"href":"https:\/\/ondauno.com.ar\/index.php\/wp-json\/wp\/v2\/tags?post=63394"}],"curies":[{"name":"wp","href":"https:\/\/api.w.org\/{rel}","templated":true}]}}