{"id":62817,"date":"2026-01-29T23:47:19","date_gmt":"2026-01-30T02:47:19","guid":{"rendered":"https:\/\/ondauno.com.ar\/?p=62817"},"modified":"2026-01-29T23:47:23","modified_gmt":"2026-01-30T02:47:23","slug":"nuevas-salidas-del-programa-marea-rural-para-el-mes-de-febrero","status":"publish","type":"post","link":"https:\/\/ondauno.com.ar\/index.php\/2026\/01\/29\/nuevas-salidas-del-programa-marea-rural-para-el-mes-de-febrero\/","title":{"rendered":"Nuevas salidas del programa Marea Rural para el mes de febrero"},"content":{"rendered":"<div class=\"ondau-before-content_3\" style=\"margin-top: -30px;\" id=\"ondau-2071584503\"><a href=\"https:\/\/www.lps.com.ar\/\" aria-label=\"la-perse2\"><img loading=\"lazy\" decoding=\"async\" src=\"https:\/\/ondauno.com.ar\/wp-content\/uploads\/2021\/10\/la-perse2.jpg\" alt=\"\"  srcset=\"https:\/\/ondauno.com.ar\/wp-content\/uploads\/2021\/10\/la-perse2.jpg 1353w, https:\/\/ondauno.com.ar\/wp-content\/uploads\/2021\/10\/la-perse2-300x43.jpg 300w, https:\/\/ondauno.com.ar\/wp-content\/uploads\/2021\/10\/la-perse2-1024x148.jpg 1024w, https:\/\/ondauno.com.ar\/wp-content\/uploads\/2021\/10\/la-perse2-768x111.jpg 768w, https:\/\/ondauno.com.ar\/wp-content\/uploads\/2021\/10\/la-perse2-696x100.jpg 696w, https:\/\/ondauno.com.ar\/wp-content\/uploads\/2021\/10\/la-perse2-1068x154.jpg 1068w\" sizes=\"(max-width: 1353px) 100vw, 1353px\" class=\"no-lazyload\" width=\"1353\" height=\"195\"  style=\"display: inline-block;\" \/><\/a><\/div>\n<p>La Direcci\u00f3n de Turismo de la Municipalidad de Tres Arroyos informa que el programa Marea Rural continuar\u00e1 durante el mes de febrero, luego del gran inter\u00e9s generado en su primera edici\u00f3n realizada en enero, en la que se inscribieron m\u00e1s de 150 personas para participar de las salidas y conocer los pueblos rurales del distrito.<\/p>\n\n\n\n<p>Con el objetivo de brindar una nueva oportunidad a quienes quedaron en lista de espera y a quienes deseen sumarse, se repetir\u00e1n las salidas con el siguiente cronograma: el jueves 5 de febrero se visitar\u00e1 la localidad de San Mayol, con salida desde la ciudad de Tres Arroyos y el Balneario Orense; el jueves 12 de febrero el destino ser\u00e1 San Francisco de Bellocq, con salida desde la ciudad y Claromec\u00f3; y el jueves 19 de febrero se realizar\u00e1 la salida a Copetonas, con transporte desde la ciudad y Reta.<\/p>\n\n\n\n<p>Los puntos de encuentro ser\u00e1n: en la ciudad de Tres Arroyos, Pueblito M\u00edo (9 de Julio 71), y en las localidades costeras, las Oficinas de Informes Tur\u00edsticos. El transporte municipal ser\u00e1 gratuito y contar\u00e1 con cupos limitados, por lo que se recomienda realizar la inscripci\u00f3n con anticipaci\u00f3n.<\/p>\n\n\n\n<p>Desde la Direcci\u00f3n de Turismo se agradece especialmente a \u201cPueblito M\u00edo&#8221;, por auspiciar el punto de partida desde la ciudad, y a \u201cLa Pe\u00f1a, paseos con historia&#8221; por el acompa\u00f1amiento en la coordinaci\u00f3n de cada salida. La propuesta invita a seguir recorriendo y conociendo la historia, la identidad y los atractivos de los pueblos rurales del distrito, fortaleciendo el turismo local y el encuentro entre comunidades.<\/p>\n\n\n\n<p>Para participar, los interesados deber\u00e1n completar el formulario de inscripci\u00f3n disponible en los canales oficiales de la Direcci\u00f3n de Turismo, al WhatsApp 2983458996 o acercarse a brandsen 181 de lunes a viernes de 7 a 14hs.<\/p>\n","protected":false},"excerpt":{"rendered":"<p>La Direcci\u00f3n de Turismo de la Municipalidad de Tres Arroyos informa que el programa Marea Rural continuar\u00e1 durante el mes de febrero, luego del gran inter\u00e9s generado en su primera edici\u00f3n realizada en enero, en la que se inscribieron m\u00e1s de 150 personas para participar de las salidas y conocer los pueblos rurales del distrito. [&hellip;]<\/p>\n","protected":false},"author":1,"featured_media":62818,"comment_status":"open","ping_status":"open","sticky":false,"template":"","format":"standard","meta":{"tdm_status":"","tdm_grid_status":"","_jetpack_memberships_contains_paid_content":false,"footnotes":"","jetpack_publicize_message":"","jetpack_publicize_feature_enabled":true,"jetpack_social_post_already_shared":true,"jetpack_social_options":{"image_generator_settings":{"template":"highway","default_image_id":0,"font":"","enabled":false},"version":2}},"categories":[2],"tags":[],"class_list":{"0":"post-62817","1":"post","2":"type-post","3":"status-publish","4":"format-standard","5":"has-post-thumbnail","7":"category-locales"},"yoast_head":"<!-- This site is optimized with the Yoast SEO plugin v22.7 - https:\/\/yoast.com\/wordpress\/plugins\/seo\/ -->\n<title>Nuevas salidas del programa Marea Rural para el mes de febrero - 103.9 fm<\/title>\n<meta name=\"robots\" content=\"index, follow, max-snippet:-1, max-image-preview:large, max-video-preview:-1\" \/>\n<link rel=\"canonical\" href=\"https:\/\/ondauno.com.ar\/index.php\/2026\/01\/29\/nuevas-salidas-del-programa-marea-rural-para-el-mes-de-febrero\/\" \/>\n<meta property=\"og:locale\" content=\"es_ES\" \/>\n<meta property=\"og:type\" content=\"article\" \/>\n<meta property=\"og:title\" content=\"Nuevas salidas del programa Marea Rural para el mes de febrero - 103.9 fm\" \/>\n<meta property=\"og:description\" content=\"La Direcci\u00f3n de Turismo de la Municipalidad de Tres Arroyos informa que el programa Marea Rural continuar\u00e1 durante el mes de febrero, luego del gran inter\u00e9s generado en su primera edici\u00f3n realizada en enero, en la que se inscribieron m\u00e1s de 150 personas para participar de las salidas y conocer los pueblos rurales del distrito. [&hellip;]\" \/>\n<meta property=\"og:url\" content=\"https:\/\/ondauno.com.ar\/index.php\/2026\/01\/29\/nuevas-salidas-del-programa-marea-rural-para-el-mes-de-febrero\/\" \/>\n<meta property=\"og:site_name\" content=\"103.9 fm\" \/>\n<meta property=\"article:publisher\" content=\"https:\/\/www.facebook.com\/ondauno103.9\" \/>\n<meta property=\"article:published_time\" content=\"2026-01-30T02:47:19+00:00\" \/>\n<meta property=\"article:modified_time\" content=\"2026-01-30T02:47:23+00:00\" \/>\n<meta property=\"og:image\" content=\"http:\/\/ondauno.com.ar\/wp-content\/uploads\/2026\/01\/WhatsApp-Image-2026-01-29-at-10.49.26.jpeg\" \/>\n\t<meta property=\"og:image:width\" content=\"1080\" \/>\n\t<meta property=\"og:image:height\" content=\"1350\" \/>\n\t<meta property=\"og:image:type\" content=\"image\/jpeg\" \/>\n<meta name=\"author\" content=\"OndaUno\" \/>\n<meta name=\"twitter:card\" content=\"summary_large_image\" \/>\n<meta name=\"twitter:label1\" content=\"Escrito por\" \/>\n\t<meta name=\"twitter:data1\" content=\"OndaUno\" \/>\n\t<meta name=\"twitter:label2\" content=\"Tiempo de lectura\" \/>\n\t<meta name=\"twitter:data2\" content=\"2 minutos\" \/>\n<script type=\"application\/ld+json\" class=\"yoast-schema-graph\">{\"@context\":\"https:\/\/schema.org\",\"@graph\":[{\"@type\":\"WebPage\",\"@id\":\"https:\/\/ondauno.com.ar\/index.php\/2026\/01\/29\/nuevas-salidas-del-programa-marea-rural-para-el-mes-de-febrero\/\",\"url\":\"https:\/\/ondauno.com.ar\/index.php\/2026\/01\/29\/nuevas-salidas-del-programa-marea-rural-para-el-mes-de-febrero\/\",\"name\":\"Nuevas salidas del programa Marea Rural para el mes de febrero - 103.9 fm\",\"isPartOf\":{\"@id\":\"https:\/\/ondauno.com.ar\/#website\"},\"primaryImageOfPage\":{\"@id\":\"https:\/\/ondauno.com.ar\/index.php\/2026\/01\/29\/nuevas-salidas-del-programa-marea-rural-para-el-mes-de-febrero\/#primaryimage\"},\"image\":{\"@id\":\"https:\/\/ondauno.com.ar\/index.php\/2026\/01\/29\/nuevas-salidas-del-programa-marea-rural-para-el-mes-de-febrero\/#primaryimage\"},\"thumbnailUrl\":\"https:\/\/ondauno.com.ar\/wp-content\/uploads\/2026\/01\/WhatsApp-Image-2026-01-29-at-10.49.26.jpeg\",\"datePublished\":\"2026-01-30T02:47:19+00:00\",\"dateModified\":\"2026-01-30T02:47:23+00:00\",\"author\":{\"@id\":\"https:\/\/ondauno.com.ar\/#\/schema\/person\/7ec851ddeceb4133d7d7132dc645714e\"},\"breadcrumb\":{\"@id\":\"https:\/\/ondauno.com.ar\/index.php\/2026\/01\/29\/nuevas-salidas-del-programa-marea-rural-para-el-mes-de-febrero\/#breadcrumb\"},\"inLanguage\":\"es-AR\",\"potentialAction\":[{\"@type\":\"ReadAction\",\"target\":[\"https:\/\/ondauno.com.ar\/index.php\/2026\/01\/29\/nuevas-salidas-del-programa-marea-rural-para-el-mes-de-febrero\/\"]}]},{\"@type\":\"ImageObject\",\"inLanguage\":\"es-AR\",\"@id\":\"https:\/\/ondauno.com.ar\/index.php\/2026\/01\/29\/nuevas-salidas-del-programa-marea-rural-para-el-mes-de-febrero\/#primaryimage\",\"url\":\"https:\/\/ondauno.com.ar\/wp-content\/uploads\/2026\/01\/WhatsApp-Image-2026-01-29-at-10.49.26.jpeg\",\"contentUrl\":\"https:\/\/ondauno.com.ar\/wp-content\/uploads\/2026\/01\/WhatsApp-Image-2026-01-29-at-10.49.26.jpeg\",\"width\":1080,\"height\":1350},{\"@type\":\"BreadcrumbList\",\"@id\":\"https:\/\/ondauno.com.ar\/index.php\/2026\/01\/29\/nuevas-salidas-del-programa-marea-rural-para-el-mes-de-febrero\/#breadcrumb\",\"itemListElement\":[{\"@type\":\"ListItem\",\"position\":1,\"name\":\"Inicio\",\"item\":\"https:\/\/ondauno.com.ar\/\"},{\"@type\":\"ListItem\",\"position\":2,\"name\":\"Nuevas salidas del programa Marea Rural para el mes de febrero\"}]},{\"@type\":\"WebSite\",\"@id\":\"https:\/\/ondauno.com.ar\/#website\",\"url\":\"https:\/\/ondauno.com.ar\/\",\"name\":\"103.9 fm\",\"description\":\"LA PRIMERA RADIO MULTIMEDIA DE TRES ARROYOS\",\"potentialAction\":[{\"@type\":\"SearchAction\",\"target\":{\"@type\":\"EntryPoint\",\"urlTemplate\":\"https:\/\/ondauno.com.ar\/?s={search_term_string}\"},\"query-input\":\"required name=search_term_string\"}],\"inLanguage\":\"es-AR\"},{\"@type\":\"Person\",\"@id\":\"https:\/\/ondauno.com.ar\/#\/schema\/person\/7ec851ddeceb4133d7d7132dc645714e\",\"name\":\"OndaUno\",\"image\":{\"@type\":\"ImageObject\",\"inLanguage\":\"es-AR\",\"@id\":\"https:\/\/ondauno.com.ar\/#\/schema\/person\/image\/\",\"url\":\"https:\/\/secure.gravatar.com\/avatar\/93b8009f0de7021f1feb2bd5b32fb9e8?s=96&d=mm&r=g\",\"contentUrl\":\"https:\/\/secure.gravatar.com\/avatar\/93b8009f0de7021f1feb2bd5b32fb9e8?s=96&d=mm&r=g\",\"caption\":\"OndaUno\"},\"url\":\"https:\/\/ondauno.com.ar\/index.php\/author\/ondauno\/\"}]}<\/script>\n<!-- \/ Yoast SEO plugin. -->","yoast_head_json":{"title":"Nuevas salidas del programa Marea Rural para el mes de febrero - 103.9 fm","robots":{"index":"index","follow":"follow","max-snippet":"max-snippet:-1","max-image-preview":"max-image-preview:large","max-video-preview":"max-video-preview:-1"},"canonical":"https:\/\/ondauno.com.ar\/index.php\/2026\/01\/29\/nuevas-salidas-del-programa-marea-rural-para-el-mes-de-febrero\/","og_locale":"es_ES","og_type":"article","og_title":"Nuevas salidas del programa Marea Rural para el mes de febrero - 103.9 fm","og_description":"La Direcci\u00f3n de Turismo de la Municipalidad de Tres Arroyos informa que el programa Marea Rural continuar\u00e1 durante el mes de febrero, luego del gran inter\u00e9s generado en su primera edici\u00f3n realizada en enero, en la que se inscribieron m\u00e1s de 150 personas para participar de las salidas y conocer los pueblos rurales del distrito. [&hellip;]","og_url":"https:\/\/ondauno.com.ar\/index.php\/2026\/01\/29\/nuevas-salidas-del-programa-marea-rural-para-el-mes-de-febrero\/","og_site_name":"103.9 fm","article_publisher":"https:\/\/www.facebook.com\/ondauno103.9","article_published_time":"2026-01-30T02:47:19+00:00","article_modified_time":"2026-01-30T02:47:23+00:00","og_image":[{"width":1080,"height":1350,"url":"http:\/\/ondauno.com.ar\/wp-content\/uploads\/2026\/01\/WhatsApp-Image-2026-01-29-at-10.49.26.jpeg","type":"image\/jpeg"}],"author":"OndaUno","twitter_card":"summary_large_image","twitter_misc":{"Escrito por":"OndaUno","Tiempo de lectura":"2 minutos"},"schema":{"@context":"https:\/\/schema.org","@graph":[{"@type":"WebPage","@id":"https:\/\/ondauno.com.ar\/index.php\/2026\/01\/29\/nuevas-salidas-del-programa-marea-rural-para-el-mes-de-febrero\/","url":"https:\/\/ondauno.com.ar\/index.php\/2026\/01\/29\/nuevas-salidas-del-programa-marea-rural-para-el-mes-de-febrero\/","name":"Nuevas salidas del programa Marea Rural para el mes de febrero - 103.9 fm","isPartOf":{"@id":"https:\/\/ondauno.com.ar\/#website"},"primaryImageOfPage":{"@id":"https:\/\/ondauno.com.ar\/index.php\/2026\/01\/29\/nuevas-salidas-del-programa-marea-rural-para-el-mes-de-febrero\/#primaryimage"},"image":{"@id":"https:\/\/ondauno.com.ar\/index.php\/2026\/01\/29\/nuevas-salidas-del-programa-marea-rural-para-el-mes-de-febrero\/#primaryimage"},"thumbnailUrl":"https:\/\/ondauno.com.ar\/wp-content\/uploads\/2026\/01\/WhatsApp-Image-2026-01-29-at-10.49.26.jpeg","datePublished":"2026-01-30T02:47:19+00:00","dateModified":"2026-01-30T02:47:23+00:00","author":{"@id":"https:\/\/ondauno.com.ar\/#\/schema\/person\/7ec851ddeceb4133d7d7132dc645714e"},"breadcrumb":{"@id":"https:\/\/ondauno.com.ar\/index.php\/2026\/01\/29\/nuevas-salidas-del-programa-marea-rural-para-el-mes-de-febrero\/#breadcrumb"},"inLanguage":"es-AR","potentialAction":[{"@type":"ReadAction","target":["https:\/\/ondauno.com.ar\/index.php\/2026\/01\/29\/nuevas-salidas-del-programa-marea-rural-para-el-mes-de-febrero\/"]}]},{"@type":"ImageObject","inLanguage":"es-AR","@id":"https:\/\/ondauno.com.ar\/index.php\/2026\/01\/29\/nuevas-salidas-del-programa-marea-rural-para-el-mes-de-febrero\/#primaryimage","url":"https:\/\/ondauno.com.ar\/wp-content\/uploads\/2026\/01\/WhatsApp-Image-2026-01-29-at-10.49.26.jpeg","contentUrl":"https:\/\/ondauno.com.ar\/wp-content\/uploads\/2026\/01\/WhatsApp-Image-2026-01-29-at-10.49.26.jpeg","width":1080,"height":1350},{"@type":"BreadcrumbList","@id":"https:\/\/ondauno.com.ar\/index.php\/2026\/01\/29\/nuevas-salidas-del-programa-marea-rural-para-el-mes-de-febrero\/#breadcrumb","itemListElement":[{"@type":"ListItem","position":1,"name":"Inicio","item":"https:\/\/ondauno.com.ar\/"},{"@type":"ListItem","position":2,"name":"Nuevas salidas del programa Marea Rural para el mes de febrero"}]},{"@type":"WebSite","@id":"https:\/\/ondauno.com.ar\/#website","url":"https:\/\/ondauno.com.ar\/","name":"103.9 fm","description":"LA PRIMERA RADIO MULTIMEDIA DE TRES ARROYOS","potentialAction":[{"@type":"SearchAction","target":{"@type":"EntryPoint","urlTemplate":"https:\/\/ondauno.com.ar\/?s={search_term_string}"},"query-input":"required name=search_term_string"}],"inLanguage":"es-AR"},{"@type":"Person","@id":"https:\/\/ondauno.com.ar\/#\/schema\/person\/7ec851ddeceb4133d7d7132dc645714e","name":"OndaUno","image":{"@type":"ImageObject","inLanguage":"es-AR","@id":"https:\/\/ondauno.com.ar\/#\/schema\/person\/image\/","url":"https:\/\/secure.gravatar.com\/avatar\/93b8009f0de7021f1feb2bd5b32fb9e8?s=96&d=mm&r=g","contentUrl":"https:\/\/secure.gravatar.com\/avatar\/93b8009f0de7021f1feb2bd5b32fb9e8?s=96&d=mm&r=g","caption":"OndaUno"},"url":"https:\/\/ondauno.com.ar\/index.php\/author\/ondauno\/"}]}},"jetpack_publicize_connections":[],"jetpack_featured_media_url":"https:\/\/ondauno.com.ar\/wp-content\/uploads\/2026\/01\/WhatsApp-Image-2026-01-29-at-10.49.26.jpeg","jetpack_sharing_enabled":true,"_links":{"self":[{"href":"https:\/\/ondauno.com.ar\/index.php\/wp-json\/wp\/v2\/posts\/62817","targetHints":{"allow":["GET"]}}],"collection":[{"href":"https:\/\/ondauno.com.ar\/index.php\/wp-json\/wp\/v2\/posts"}],"about":[{"href":"https:\/\/ondauno.com.ar\/index.php\/wp-json\/wp\/v2\/types\/post"}],"author":[{"embeddable":true,"href":"https:\/\/ondauno.com.ar\/index.php\/wp-json\/wp\/v2\/users\/1"}],"replies":[{"embeddable":true,"href":"https:\/\/ondauno.com.ar\/index.php\/wp-json\/wp\/v2\/comments?post=62817"}],"version-history":[{"count":1,"href":"https:\/\/ondauno.com.ar\/index.php\/wp-json\/wp\/v2\/posts\/62817\/revisions"}],"predecessor-version":[{"id":62819,"href":"https:\/\/ondauno.com.ar\/index.php\/wp-json\/wp\/v2\/posts\/62817\/revisions\/62819"}],"wp:featuredmedia":[{"embeddable":true,"href":"https:\/\/ondauno.com.ar\/index.php\/wp-json\/wp\/v2\/media\/62818"}],"wp:attachment":[{"href":"https:\/\/ondauno.com.ar\/index.php\/wp-json\/wp\/v2\/media?parent=62817"}],"wp:term":[{"taxonomy":"category","embeddable":true,"href":"https:\/\/ondauno.com.ar\/index.php\/wp-json\/wp\/v2\/categories?post=62817"},{"taxonomy":"post_tag","embeddable":true,"href":"https:\/\/ondauno.com.ar\/index.php\/wp-json\/wp\/v2\/tags?post=62817"}],"curies":[{"name":"wp","href":"https:\/\/api.w.org\/{rel}","templated":true}]}}