{"id":62801,"date":"2026-01-27T14:28:00","date_gmt":"2026-01-27T17:28:00","guid":{"rendered":"https:\/\/ondauno.com.ar\/?p=62801"},"modified":"2026-01-27T14:28:03","modified_gmt":"2026-01-27T17:28:03","slug":"pancho-santaren-se-presentara-este-jueves-en-el-festival-nacional-de-folklore-de-cosquin","status":"publish","type":"post","link":"https:\/\/ondauno.com.ar\/index.php\/2026\/01\/27\/pancho-santaren-se-presentara-este-jueves-en-el-festival-nacional-de-folklore-de-cosquin\/","title":{"rendered":"Pancho Santar\u00e9n se presentar\u00e1 este jueves en el Festival Nacional de Folklore de Cosqu\u00edn"},"content":{"rendered":"<div class=\"ondau-before-content_3\" style=\"margin-top: -30px;\" id=\"ondau-1713208277\"><a href=\"https:\/\/www.lps.com.ar\/\" aria-label=\"la-perse2\"><img loading=\"lazy\" decoding=\"async\" src=\"https:\/\/ondauno.com.ar\/wp-content\/uploads\/2021\/10\/la-perse2.jpg\" alt=\"\"  srcset=\"https:\/\/ondauno.com.ar\/wp-content\/uploads\/2021\/10\/la-perse2.jpg 1353w, https:\/\/ondauno.com.ar\/wp-content\/uploads\/2021\/10\/la-perse2-300x43.jpg 300w, https:\/\/ondauno.com.ar\/wp-content\/uploads\/2021\/10\/la-perse2-1024x148.jpg 1024w, https:\/\/ondauno.com.ar\/wp-content\/uploads\/2021\/10\/la-perse2-768x111.jpg 768w, https:\/\/ondauno.com.ar\/wp-content\/uploads\/2021\/10\/la-perse2-696x100.jpg 696w, https:\/\/ondauno.com.ar\/wp-content\/uploads\/2021\/10\/la-perse2-1068x154.jpg 1068w\" sizes=\"(max-width: 1353px) 100vw, 1353px\" class=\"no-lazyload\" width=\"1353\" height=\"195\"  style=\"display: inline-block;\" \/><\/a><\/div>\n<p>El m\u00fasico tresarroyense Pancho Santar\u00e9n se encuentra participando del Festival Nacional de Folklore de Cosqu\u00edn, considerado la Capital Nacional del Folklore, en una edici\u00f3n muy especial para su carrera art\u00edstica.<\/p>\n\n\n\n<p>Seg\u00fan expres\u00f3 a trav\u00e9s de sus redes sociales, este jueves 29 de enero se presentar\u00e1 en la <strong>Sexta Luna del festival<\/strong>, actuando en el escenario Atahualpa Yupanqui, donde llegar\u00e1 con su guitarra para representar a la m\u00fasica de la provincia de Buenos Aires.<\/p>\n\n\n\n<p>Santar\u00e9n destac\u00f3 la importancia personal y art\u00edstica que tiene Cosqu\u00edn para \u00e9l, se\u00f1alando que desde el a\u00f1o 2010 asiste ininterrumpidamente al festival desde distintos lugares, y que esta vez lo hace cumpliendo el sue\u00f1o de integrar oficialmente la grilla de artistas. Adem\u00e1s, remarc\u00f3 que lleg\u00f3 a la ciudad apenas 20 d\u00edas atr\u00e1s, sin imaginar que su nombre estar\u00eda confirmado para una de las noches del evento.<\/p>\n\n\n\n<p>El artista agradeci\u00f3 el acompa\u00f1amiento y el apoyo recibido, y adelant\u00f3 que su presentaci\u00f3n ser\u00e1 fiel a su estilo, con una propuesta \u00edntima y cercana al p\u00fablico, en uno de los escenarios m\u00e1s emblem\u00e1ticos del folklore argentino.<\/p>\n","protected":false},"excerpt":{"rendered":"<p>El m\u00fasico tresarroyense Pancho Santar\u00e9n se encuentra participando del Festival Nacional de Folklore de Cosqu\u00edn, considerado la Capital Nacional del Folklore, en una edici\u00f3n muy especial para su carrera art\u00edstica. Seg\u00fan expres\u00f3 a trav\u00e9s de sus redes sociales, este jueves 29 de enero se presentar\u00e1 en la Sexta Luna del festival, actuando en el escenario [&hellip;]<\/p>\n","protected":false},"author":1,"featured_media":62802,"comment_status":"open","ping_status":"open","sticky":false,"template":"","format":"standard","meta":{"tdm_status":"","tdm_grid_status":"","_jetpack_memberships_contains_paid_content":false,"footnotes":"","jetpack_publicize_message":"","jetpack_publicize_feature_enabled":true,"jetpack_social_post_already_shared":true,"jetpack_social_options":{"image_generator_settings":{"template":"highway","default_image_id":0,"font":"","enabled":false},"version":2}},"categories":[28],"tags":[],"class_list":{"0":"post-62801","1":"post","2":"type-post","3":"status-publish","4":"format-standard","5":"has-post-thumbnail","7":"category-interes-general"},"yoast_head":"<!-- This site is optimized with the Yoast SEO plugin v22.7 - https:\/\/yoast.com\/wordpress\/plugins\/seo\/ -->\n<title>Pancho Santar\u00e9n se presentar\u00e1 este jueves en el Festival Nacional de Folklore de Cosqu\u00edn - 103.9 fm<\/title>\n<meta name=\"robots\" content=\"index, follow, max-snippet:-1, max-image-preview:large, max-video-preview:-1\" \/>\n<link rel=\"canonical\" href=\"https:\/\/ondauno.com.ar\/index.php\/2026\/01\/27\/pancho-santaren-se-presentara-este-jueves-en-el-festival-nacional-de-folklore-de-cosquin\/\" \/>\n<meta property=\"og:locale\" content=\"es_ES\" \/>\n<meta property=\"og:type\" content=\"article\" \/>\n<meta property=\"og:title\" content=\"Pancho Santar\u00e9n se presentar\u00e1 este jueves en el Festival Nacional de Folklore de Cosqu\u00edn - 103.9 fm\" \/>\n<meta property=\"og:description\" content=\"El m\u00fasico tresarroyense Pancho Santar\u00e9n se encuentra participando del Festival Nacional de Folklore de Cosqu\u00edn, considerado la Capital Nacional del Folklore, en una edici\u00f3n muy especial para su carrera art\u00edstica. Seg\u00fan expres\u00f3 a trav\u00e9s de sus redes sociales, este jueves 29 de enero se presentar\u00e1 en la Sexta Luna del festival, actuando en el escenario [&hellip;]\" \/>\n<meta property=\"og:url\" content=\"https:\/\/ondauno.com.ar\/index.php\/2026\/01\/27\/pancho-santaren-se-presentara-este-jueves-en-el-festival-nacional-de-folklore-de-cosquin\/\" \/>\n<meta property=\"og:site_name\" content=\"103.9 fm\" \/>\n<meta property=\"article:publisher\" content=\"https:\/\/www.facebook.com\/ondauno103.9\" \/>\n<meta property=\"article:published_time\" content=\"2026-01-27T17:28:00+00:00\" \/>\n<meta property=\"article:modified_time\" content=\"2026-01-27T17:28:03+00:00\" \/>\n<meta property=\"og:image\" content=\"http:\/\/ondauno.com.ar\/wp-content\/uploads\/2026\/01\/pancho.jpg\" \/>\n\t<meta property=\"og:image:width\" content=\"1440\" \/>\n\t<meta property=\"og:image:height\" content=\"1721\" \/>\n\t<meta property=\"og:image:type\" content=\"image\/jpeg\" \/>\n<meta name=\"author\" content=\"OndaUno\" \/>\n<meta name=\"twitter:card\" content=\"summary_large_image\" \/>\n<meta name=\"twitter:label1\" content=\"Escrito por\" \/>\n\t<meta name=\"twitter:data1\" content=\"OndaUno\" \/>\n\t<meta name=\"twitter:label2\" content=\"Tiempo de lectura\" \/>\n\t<meta name=\"twitter:data2\" content=\"2 minutos\" \/>\n<script type=\"application\/ld+json\" class=\"yoast-schema-graph\">{\"@context\":\"https:\/\/schema.org\",\"@graph\":[{\"@type\":\"WebPage\",\"@id\":\"https:\/\/ondauno.com.ar\/index.php\/2026\/01\/27\/pancho-santaren-se-presentara-este-jueves-en-el-festival-nacional-de-folklore-de-cosquin\/\",\"url\":\"https:\/\/ondauno.com.ar\/index.php\/2026\/01\/27\/pancho-santaren-se-presentara-este-jueves-en-el-festival-nacional-de-folklore-de-cosquin\/\",\"name\":\"Pancho Santar\u00e9n se presentar\u00e1 este jueves en el Festival Nacional de Folklore de Cosqu\u00edn - 103.9 fm\",\"isPartOf\":{\"@id\":\"https:\/\/ondauno.com.ar\/#website\"},\"primaryImageOfPage\":{\"@id\":\"https:\/\/ondauno.com.ar\/index.php\/2026\/01\/27\/pancho-santaren-se-presentara-este-jueves-en-el-festival-nacional-de-folklore-de-cosquin\/#primaryimage\"},\"image\":{\"@id\":\"https:\/\/ondauno.com.ar\/index.php\/2026\/01\/27\/pancho-santaren-se-presentara-este-jueves-en-el-festival-nacional-de-folklore-de-cosquin\/#primaryimage\"},\"thumbnailUrl\":\"https:\/\/ondauno.com.ar\/wp-content\/uploads\/2026\/01\/pancho.jpg\",\"datePublished\":\"2026-01-27T17:28:00+00:00\",\"dateModified\":\"2026-01-27T17:28:03+00:00\",\"author\":{\"@id\":\"https:\/\/ondauno.com.ar\/#\/schema\/person\/7ec851ddeceb4133d7d7132dc645714e\"},\"breadcrumb\":{\"@id\":\"https:\/\/ondauno.com.ar\/index.php\/2026\/01\/27\/pancho-santaren-se-presentara-este-jueves-en-el-festival-nacional-de-folklore-de-cosquin\/#breadcrumb\"},\"inLanguage\":\"es-AR\",\"potentialAction\":[{\"@type\":\"ReadAction\",\"target\":[\"https:\/\/ondauno.com.ar\/index.php\/2026\/01\/27\/pancho-santaren-se-presentara-este-jueves-en-el-festival-nacional-de-folklore-de-cosquin\/\"]}]},{\"@type\":\"ImageObject\",\"inLanguage\":\"es-AR\",\"@id\":\"https:\/\/ondauno.com.ar\/index.php\/2026\/01\/27\/pancho-santaren-se-presentara-este-jueves-en-el-festival-nacional-de-folklore-de-cosquin\/#primaryimage\",\"url\":\"https:\/\/ondauno.com.ar\/wp-content\/uploads\/2026\/01\/pancho.jpg\",\"contentUrl\":\"https:\/\/ondauno.com.ar\/wp-content\/uploads\/2026\/01\/pancho.jpg\",\"width\":1440,\"height\":1721},{\"@type\":\"BreadcrumbList\",\"@id\":\"https:\/\/ondauno.com.ar\/index.php\/2026\/01\/27\/pancho-santaren-se-presentara-este-jueves-en-el-festival-nacional-de-folklore-de-cosquin\/#breadcrumb\",\"itemListElement\":[{\"@type\":\"ListItem\",\"position\":1,\"name\":\"Inicio\",\"item\":\"https:\/\/ondauno.com.ar\/\"},{\"@type\":\"ListItem\",\"position\":2,\"name\":\"Pancho Santar\u00e9n se presentar\u00e1 este jueves en el Festival Nacional de Folklore de Cosqu\u00edn\"}]},{\"@type\":\"WebSite\",\"@id\":\"https:\/\/ondauno.com.ar\/#website\",\"url\":\"https:\/\/ondauno.com.ar\/\",\"name\":\"103.9 fm\",\"description\":\"LA PRIMERA RADIO MULTIMEDIA DE TRES ARROYOS\",\"potentialAction\":[{\"@type\":\"SearchAction\",\"target\":{\"@type\":\"EntryPoint\",\"urlTemplate\":\"https:\/\/ondauno.com.ar\/?s={search_term_string}\"},\"query-input\":\"required name=search_term_string\"}],\"inLanguage\":\"es-AR\"},{\"@type\":\"Person\",\"@id\":\"https:\/\/ondauno.com.ar\/#\/schema\/person\/7ec851ddeceb4133d7d7132dc645714e\",\"name\":\"OndaUno\",\"image\":{\"@type\":\"ImageObject\",\"inLanguage\":\"es-AR\",\"@id\":\"https:\/\/ondauno.com.ar\/#\/schema\/person\/image\/\",\"url\":\"https:\/\/secure.gravatar.com\/avatar\/93b8009f0de7021f1feb2bd5b32fb9e8?s=96&d=mm&r=g\",\"contentUrl\":\"https:\/\/secure.gravatar.com\/avatar\/93b8009f0de7021f1feb2bd5b32fb9e8?s=96&d=mm&r=g\",\"caption\":\"OndaUno\"},\"url\":\"https:\/\/ondauno.com.ar\/index.php\/author\/ondauno\/\"}]}<\/script>\n<!-- \/ Yoast SEO plugin. -->","yoast_head_json":{"title":"Pancho Santar\u00e9n se presentar\u00e1 este jueves en el Festival Nacional de Folklore de Cosqu\u00edn - 103.9 fm","robots":{"index":"index","follow":"follow","max-snippet":"max-snippet:-1","max-image-preview":"max-image-preview:large","max-video-preview":"max-video-preview:-1"},"canonical":"https:\/\/ondauno.com.ar\/index.php\/2026\/01\/27\/pancho-santaren-se-presentara-este-jueves-en-el-festival-nacional-de-folklore-de-cosquin\/","og_locale":"es_ES","og_type":"article","og_title":"Pancho Santar\u00e9n se presentar\u00e1 este jueves en el Festival Nacional de Folklore de Cosqu\u00edn - 103.9 fm","og_description":"El m\u00fasico tresarroyense Pancho Santar\u00e9n se encuentra participando del Festival Nacional de Folklore de Cosqu\u00edn, considerado la Capital Nacional del Folklore, en una edici\u00f3n muy especial para su carrera art\u00edstica. Seg\u00fan expres\u00f3 a trav\u00e9s de sus redes sociales, este jueves 29 de enero se presentar\u00e1 en la Sexta Luna del festival, actuando en el escenario [&hellip;]","og_url":"https:\/\/ondauno.com.ar\/index.php\/2026\/01\/27\/pancho-santaren-se-presentara-este-jueves-en-el-festival-nacional-de-folklore-de-cosquin\/","og_site_name":"103.9 fm","article_publisher":"https:\/\/www.facebook.com\/ondauno103.9","article_published_time":"2026-01-27T17:28:00+00:00","article_modified_time":"2026-01-27T17:28:03+00:00","og_image":[{"width":1440,"height":1721,"url":"http:\/\/ondauno.com.ar\/wp-content\/uploads\/2026\/01\/pancho.jpg","type":"image\/jpeg"}],"author":"OndaUno","twitter_card":"summary_large_image","twitter_misc":{"Escrito por":"OndaUno","Tiempo de lectura":"2 minutos"},"schema":{"@context":"https:\/\/schema.org","@graph":[{"@type":"WebPage","@id":"https:\/\/ondauno.com.ar\/index.php\/2026\/01\/27\/pancho-santaren-se-presentara-este-jueves-en-el-festival-nacional-de-folklore-de-cosquin\/","url":"https:\/\/ondauno.com.ar\/index.php\/2026\/01\/27\/pancho-santaren-se-presentara-este-jueves-en-el-festival-nacional-de-folklore-de-cosquin\/","name":"Pancho Santar\u00e9n se presentar\u00e1 este jueves en el Festival Nacional de Folklore de Cosqu\u00edn - 103.9 fm","isPartOf":{"@id":"https:\/\/ondauno.com.ar\/#website"},"primaryImageOfPage":{"@id":"https:\/\/ondauno.com.ar\/index.php\/2026\/01\/27\/pancho-santaren-se-presentara-este-jueves-en-el-festival-nacional-de-folklore-de-cosquin\/#primaryimage"},"image":{"@id":"https:\/\/ondauno.com.ar\/index.php\/2026\/01\/27\/pancho-santaren-se-presentara-este-jueves-en-el-festival-nacional-de-folklore-de-cosquin\/#primaryimage"},"thumbnailUrl":"https:\/\/ondauno.com.ar\/wp-content\/uploads\/2026\/01\/pancho.jpg","datePublished":"2026-01-27T17:28:00+00:00","dateModified":"2026-01-27T17:28:03+00:00","author":{"@id":"https:\/\/ondauno.com.ar\/#\/schema\/person\/7ec851ddeceb4133d7d7132dc645714e"},"breadcrumb":{"@id":"https:\/\/ondauno.com.ar\/index.php\/2026\/01\/27\/pancho-santaren-se-presentara-este-jueves-en-el-festival-nacional-de-folklore-de-cosquin\/#breadcrumb"},"inLanguage":"es-AR","potentialAction":[{"@type":"ReadAction","target":["https:\/\/ondauno.com.ar\/index.php\/2026\/01\/27\/pancho-santaren-se-presentara-este-jueves-en-el-festival-nacional-de-folklore-de-cosquin\/"]}]},{"@type":"ImageObject","inLanguage":"es-AR","@id":"https:\/\/ondauno.com.ar\/index.php\/2026\/01\/27\/pancho-santaren-se-presentara-este-jueves-en-el-festival-nacional-de-folklore-de-cosquin\/#primaryimage","url":"https:\/\/ondauno.com.ar\/wp-content\/uploads\/2026\/01\/pancho.jpg","contentUrl":"https:\/\/ondauno.com.ar\/wp-content\/uploads\/2026\/01\/pancho.jpg","width":1440,"height":1721},{"@type":"BreadcrumbList","@id":"https:\/\/ondauno.com.ar\/index.php\/2026\/01\/27\/pancho-santaren-se-presentara-este-jueves-en-el-festival-nacional-de-folklore-de-cosquin\/#breadcrumb","itemListElement":[{"@type":"ListItem","position":1,"name":"Inicio","item":"https:\/\/ondauno.com.ar\/"},{"@type":"ListItem","position":2,"name":"Pancho Santar\u00e9n se presentar\u00e1 este jueves en el Festival Nacional de Folklore de Cosqu\u00edn"}]},{"@type":"WebSite","@id":"https:\/\/ondauno.com.ar\/#website","url":"https:\/\/ondauno.com.ar\/","name":"103.9 fm","description":"LA PRIMERA RADIO MULTIMEDIA DE TRES ARROYOS","potentialAction":[{"@type":"SearchAction","target":{"@type":"EntryPoint","urlTemplate":"https:\/\/ondauno.com.ar\/?s={search_term_string}"},"query-input":"required name=search_term_string"}],"inLanguage":"es-AR"},{"@type":"Person","@id":"https:\/\/ondauno.com.ar\/#\/schema\/person\/7ec851ddeceb4133d7d7132dc645714e","name":"OndaUno","image":{"@type":"ImageObject","inLanguage":"es-AR","@id":"https:\/\/ondauno.com.ar\/#\/schema\/person\/image\/","url":"https:\/\/secure.gravatar.com\/avatar\/93b8009f0de7021f1feb2bd5b32fb9e8?s=96&d=mm&r=g","contentUrl":"https:\/\/secure.gravatar.com\/avatar\/93b8009f0de7021f1feb2bd5b32fb9e8?s=96&d=mm&r=g","caption":"OndaUno"},"url":"https:\/\/ondauno.com.ar\/index.php\/author\/ondauno\/"}]}},"jetpack_publicize_connections":[],"jetpack_featured_media_url":"https:\/\/ondauno.com.ar\/wp-content\/uploads\/2026\/01\/pancho.jpg","jetpack_sharing_enabled":true,"_links":{"self":[{"href":"https:\/\/ondauno.com.ar\/index.php\/wp-json\/wp\/v2\/posts\/62801","targetHints":{"allow":["GET"]}}],"collection":[{"href":"https:\/\/ondauno.com.ar\/index.php\/wp-json\/wp\/v2\/posts"}],"about":[{"href":"https:\/\/ondauno.com.ar\/index.php\/wp-json\/wp\/v2\/types\/post"}],"author":[{"embeddable":true,"href":"https:\/\/ondauno.com.ar\/index.php\/wp-json\/wp\/v2\/users\/1"}],"replies":[{"embeddable":true,"href":"https:\/\/ondauno.com.ar\/index.php\/wp-json\/wp\/v2\/comments?post=62801"}],"version-history":[{"count":1,"href":"https:\/\/ondauno.com.ar\/index.php\/wp-json\/wp\/v2\/posts\/62801\/revisions"}],"predecessor-version":[{"id":62803,"href":"https:\/\/ondauno.com.ar\/index.php\/wp-json\/wp\/v2\/posts\/62801\/revisions\/62803"}],"wp:featuredmedia":[{"embeddable":true,"href":"https:\/\/ondauno.com.ar\/index.php\/wp-json\/wp\/v2\/media\/62802"}],"wp:attachment":[{"href":"https:\/\/ondauno.com.ar\/index.php\/wp-json\/wp\/v2\/media?parent=62801"}],"wp:term":[{"taxonomy":"category","embeddable":true,"href":"https:\/\/ondauno.com.ar\/index.php\/wp-json\/wp\/v2\/categories?post=62801"},{"taxonomy":"post_tag","embeddable":true,"href":"https:\/\/ondauno.com.ar\/index.php\/wp-json\/wp\/v2\/tags?post=62801"}],"curies":[{"name":"wp","href":"https:\/\/api.w.org\/{rel}","templated":true}]}}