{"id":62784,"date":"2026-01-27T03:46:19","date_gmt":"2026-01-27T06:46:19","guid":{"rendered":"https:\/\/ondauno.com.ar\/?p=62784"},"modified":"2026-01-27T03:46:47","modified_gmt":"2026-01-27T06:46:47","slug":"le-forzaron-un-candado-y-se-llevaron-una-bicicleta-destinada-a-reparacion","status":"publish","type":"post","link":"https:\/\/ondauno.com.ar\/index.php\/2026\/01\/27\/le-forzaron-un-candado-y-se-llevaron-una-bicicleta-destinada-a-reparacion\/","title":{"rendered":"Le forzaron un candado y se llevaron una bicicleta destinada a reparaci\u00f3n"},"content":{"rendered":"<div class=\"ondau-before-content_3\" style=\"margin-top: -30px;\" id=\"ondau-795833716\"><a href=\"https:\/\/www.lps.com.ar\/\" aria-label=\"la-perse2\"><img loading=\"lazy\" decoding=\"async\" src=\"https:\/\/ondauno.com.ar\/wp-content\/uploads\/2021\/10\/la-perse2.jpg\" alt=\"\"  srcset=\"https:\/\/ondauno.com.ar\/wp-content\/uploads\/2021\/10\/la-perse2.jpg 1353w, https:\/\/ondauno.com.ar\/wp-content\/uploads\/2021\/10\/la-perse2-300x43.jpg 300w, https:\/\/ondauno.com.ar\/wp-content\/uploads\/2021\/10\/la-perse2-1024x148.jpg 1024w, https:\/\/ondauno.com.ar\/wp-content\/uploads\/2021\/10\/la-perse2-768x111.jpg 768w, https:\/\/ondauno.com.ar\/wp-content\/uploads\/2021\/10\/la-perse2-696x100.jpg 696w, https:\/\/ondauno.com.ar\/wp-content\/uploads\/2021\/10\/la-perse2-1068x154.jpg 1068w\" sizes=\"(max-width: 1353px) 100vw, 1353px\" class=\"no-lazyload\" width=\"1353\" height=\"195\"  style=\"display: inline-block;\" \/><\/a><\/div>\n<p>En la tarde del lunes, alrededor de las 19 horas, un vecino de Tres Arroyos advirti\u00f3 que hab\u00eda sido v\u00edctima de un robo en su domicilio ubicado en V\u00e9lez Sarsfield 1186.<\/p>\n\n\n\n<p><br>Se trata de Luis Bel\u00e9n, quien a trav\u00e9s de sus redes sociales (Facebook) denunci\u00f3 que desconocidos rompieron un candado y se llevaron una bicicleta que ten\u00eda para reparar. <\/p>\n\n\n\n<p>El damnificado posee una bicicleter\u00eda y el rodado sustra\u00eddo formaba parte de los trabajos que realizaba.<\/p>\n\n\n\n<p>Seg\u00fan indic\u00f3, el hecho habr\u00eda ocurrido durante el horario de la siesta, momento en el que autores ignorados aprovecharon para cometer el il\u00edcito.<\/p>\n\n\n\n<p>El vecino solicit\u00f3 colaboraci\u00f3n a la comunidad ante cualquier dato que permita dar con la bicicleta sustra\u00edda.<\/p>\n","protected":false},"excerpt":{"rendered":"<p>En la tarde del lunes, alrededor de las 19 horas, un vecino de Tres Arroyos advirti\u00f3 que hab\u00eda sido v\u00edctima de un robo en su domicilio ubicado en V\u00e9lez Sarsfield 1186. Se trata de Luis Bel\u00e9n, quien a trav\u00e9s de sus redes sociales (Facebook) denunci\u00f3 que desconocidos rompieron un candado y se llevaron una bicicleta [&hellip;]<\/p>\n","protected":false},"author":1,"featured_media":62783,"comment_status":"open","ping_status":"open","sticky":false,"template":"","format":"standard","meta":{"tdm_status":"","tdm_grid_status":"","_jetpack_memberships_contains_paid_content":false,"footnotes":"","jetpack_publicize_message":"","jetpack_publicize_feature_enabled":true,"jetpack_social_post_already_shared":true,"jetpack_social_options":{"image_generator_settings":{"template":"highway","default_image_id":0,"font":"","enabled":false},"version":2}},"categories":[29],"tags":[],"class_list":{"0":"post-62784","1":"post","2":"type-post","3":"status-publish","4":"format-standard","5":"has-post-thumbnail","7":"category-policiales"},"yoast_head":"<!-- This site is optimized with the Yoast SEO plugin v22.7 - https:\/\/yoast.com\/wordpress\/plugins\/seo\/ -->\n<title>Le forzaron un candado y se llevaron una bicicleta destinada a reparaci\u00f3n - 103.9 fm<\/title>\n<meta name=\"robots\" content=\"index, follow, max-snippet:-1, max-image-preview:large, max-video-preview:-1\" \/>\n<link rel=\"canonical\" href=\"https:\/\/ondauno.com.ar\/index.php\/2026\/01\/27\/le-forzaron-un-candado-y-se-llevaron-una-bicicleta-destinada-a-reparacion\/\" \/>\n<meta property=\"og:locale\" content=\"es_ES\" \/>\n<meta property=\"og:type\" content=\"article\" \/>\n<meta property=\"og:title\" content=\"Le forzaron un candado y se llevaron una bicicleta destinada a reparaci\u00f3n - 103.9 fm\" \/>\n<meta property=\"og:description\" content=\"En la tarde del lunes, alrededor de las 19 horas, un vecino de Tres Arroyos advirti\u00f3 que hab\u00eda sido v\u00edctima de un robo en su domicilio ubicado en V\u00e9lez Sarsfield 1186. Se trata de Luis Bel\u00e9n, quien a trav\u00e9s de sus redes sociales (Facebook) denunci\u00f3 que desconocidos rompieron un candado y se llevaron una bicicleta [&hellip;]\" \/>\n<meta property=\"og:url\" content=\"https:\/\/ondauno.com.ar\/index.php\/2026\/01\/27\/le-forzaron-un-candado-y-se-llevaron-una-bicicleta-destinada-a-reparacion\/\" \/>\n<meta property=\"og:site_name\" content=\"103.9 fm\" \/>\n<meta property=\"article:publisher\" content=\"https:\/\/www.facebook.com\/ondauno103.9\" \/>\n<meta property=\"article:published_time\" content=\"2026-01-27T06:46:19+00:00\" \/>\n<meta property=\"article:modified_time\" content=\"2026-01-27T06:46:47+00:00\" \/>\n<meta property=\"og:image\" content=\"https:\/\/ondauno.com.ar\/wp-content\/uploads\/2026\/01\/FB_IMG_1769496135295.jpg\" \/>\n\t<meta property=\"og:image:width\" content=\"1077\" \/>\n\t<meta property=\"og:image:height\" content=\"1346\" \/>\n\t<meta property=\"og:image:type\" content=\"image\/jpeg\" \/>\n<meta name=\"author\" content=\"OndaUno\" \/>\n<meta name=\"twitter:card\" content=\"summary_large_image\" \/>\n<meta name=\"twitter:label1\" content=\"Escrito por\" \/>\n\t<meta name=\"twitter:data1\" content=\"OndaUno\" \/>\n\t<meta name=\"twitter:label2\" content=\"Tiempo de lectura\" \/>\n\t<meta name=\"twitter:data2\" content=\"1 minuto\" \/>\n<script type=\"application\/ld+json\" class=\"yoast-schema-graph\">{\"@context\":\"https:\/\/schema.org\",\"@graph\":[{\"@type\":\"WebPage\",\"@id\":\"https:\/\/ondauno.com.ar\/index.php\/2026\/01\/27\/le-forzaron-un-candado-y-se-llevaron-una-bicicleta-destinada-a-reparacion\/\",\"url\":\"https:\/\/ondauno.com.ar\/index.php\/2026\/01\/27\/le-forzaron-un-candado-y-se-llevaron-una-bicicleta-destinada-a-reparacion\/\",\"name\":\"Le forzaron un candado y se llevaron una bicicleta destinada a reparaci\u00f3n - 103.9 fm\",\"isPartOf\":{\"@id\":\"https:\/\/ondauno.com.ar\/#website\"},\"primaryImageOfPage\":{\"@id\":\"https:\/\/ondauno.com.ar\/index.php\/2026\/01\/27\/le-forzaron-un-candado-y-se-llevaron-una-bicicleta-destinada-a-reparacion\/#primaryimage\"},\"image\":{\"@id\":\"https:\/\/ondauno.com.ar\/index.php\/2026\/01\/27\/le-forzaron-un-candado-y-se-llevaron-una-bicicleta-destinada-a-reparacion\/#primaryimage\"},\"thumbnailUrl\":\"https:\/\/ondauno.com.ar\/wp-content\/uploads\/2026\/01\/FB_IMG_1769496135295.jpg\",\"datePublished\":\"2026-01-27T06:46:19+00:00\",\"dateModified\":\"2026-01-27T06:46:47+00:00\",\"author\":{\"@id\":\"https:\/\/ondauno.com.ar\/#\/schema\/person\/7ec851ddeceb4133d7d7132dc645714e\"},\"breadcrumb\":{\"@id\":\"https:\/\/ondauno.com.ar\/index.php\/2026\/01\/27\/le-forzaron-un-candado-y-se-llevaron-una-bicicleta-destinada-a-reparacion\/#breadcrumb\"},\"inLanguage\":\"es-AR\",\"potentialAction\":[{\"@type\":\"ReadAction\",\"target\":[\"https:\/\/ondauno.com.ar\/index.php\/2026\/01\/27\/le-forzaron-un-candado-y-se-llevaron-una-bicicleta-destinada-a-reparacion\/\"]}]},{\"@type\":\"ImageObject\",\"inLanguage\":\"es-AR\",\"@id\":\"https:\/\/ondauno.com.ar\/index.php\/2026\/01\/27\/le-forzaron-un-candado-y-se-llevaron-una-bicicleta-destinada-a-reparacion\/#primaryimage\",\"url\":\"https:\/\/ondauno.com.ar\/wp-content\/uploads\/2026\/01\/FB_IMG_1769496135295.jpg\",\"contentUrl\":\"https:\/\/ondauno.com.ar\/wp-content\/uploads\/2026\/01\/FB_IMG_1769496135295.jpg\",\"width\":1077,\"height\":1346},{\"@type\":\"BreadcrumbList\",\"@id\":\"https:\/\/ondauno.com.ar\/index.php\/2026\/01\/27\/le-forzaron-un-candado-y-se-llevaron-una-bicicleta-destinada-a-reparacion\/#breadcrumb\",\"itemListElement\":[{\"@type\":\"ListItem\",\"position\":1,\"name\":\"Inicio\",\"item\":\"https:\/\/ondauno.com.ar\/\"},{\"@type\":\"ListItem\",\"position\":2,\"name\":\"Le forzaron un candado y se llevaron una bicicleta destinada a reparaci\u00f3n\"}]},{\"@type\":\"WebSite\",\"@id\":\"https:\/\/ondauno.com.ar\/#website\",\"url\":\"https:\/\/ondauno.com.ar\/\",\"name\":\"103.9 fm\",\"description\":\"LA PRIMERA RADIO MULTIMEDIA DE TRES ARROYOS\",\"potentialAction\":[{\"@type\":\"SearchAction\",\"target\":{\"@type\":\"EntryPoint\",\"urlTemplate\":\"https:\/\/ondauno.com.ar\/?s={search_term_string}\"},\"query-input\":\"required name=search_term_string\"}],\"inLanguage\":\"es-AR\"},{\"@type\":\"Person\",\"@id\":\"https:\/\/ondauno.com.ar\/#\/schema\/person\/7ec851ddeceb4133d7d7132dc645714e\",\"name\":\"OndaUno\",\"image\":{\"@type\":\"ImageObject\",\"inLanguage\":\"es-AR\",\"@id\":\"https:\/\/ondauno.com.ar\/#\/schema\/person\/image\/\",\"url\":\"https:\/\/secure.gravatar.com\/avatar\/93b8009f0de7021f1feb2bd5b32fb9e8?s=96&d=mm&r=g\",\"contentUrl\":\"https:\/\/secure.gravatar.com\/avatar\/93b8009f0de7021f1feb2bd5b32fb9e8?s=96&d=mm&r=g\",\"caption\":\"OndaUno\"},\"url\":\"https:\/\/ondauno.com.ar\/index.php\/author\/ondauno\/\"}]}<\/script>\n<!-- \/ Yoast SEO plugin. -->","yoast_head_json":{"title":"Le forzaron un candado y se llevaron una bicicleta destinada a reparaci\u00f3n - 103.9 fm","robots":{"index":"index","follow":"follow","max-snippet":"max-snippet:-1","max-image-preview":"max-image-preview:large","max-video-preview":"max-video-preview:-1"},"canonical":"https:\/\/ondauno.com.ar\/index.php\/2026\/01\/27\/le-forzaron-un-candado-y-se-llevaron-una-bicicleta-destinada-a-reparacion\/","og_locale":"es_ES","og_type":"article","og_title":"Le forzaron un candado y se llevaron una bicicleta destinada a reparaci\u00f3n - 103.9 fm","og_description":"En la tarde del lunes, alrededor de las 19 horas, un vecino de Tres Arroyos advirti\u00f3 que hab\u00eda sido v\u00edctima de un robo en su domicilio ubicado en V\u00e9lez Sarsfield 1186. Se trata de Luis Bel\u00e9n, quien a trav\u00e9s de sus redes sociales (Facebook) denunci\u00f3 que desconocidos rompieron un candado y se llevaron una bicicleta [&hellip;]","og_url":"https:\/\/ondauno.com.ar\/index.php\/2026\/01\/27\/le-forzaron-un-candado-y-se-llevaron-una-bicicleta-destinada-a-reparacion\/","og_site_name":"103.9 fm","article_publisher":"https:\/\/www.facebook.com\/ondauno103.9","article_published_time":"2026-01-27T06:46:19+00:00","article_modified_time":"2026-01-27T06:46:47+00:00","og_image":[{"width":1077,"height":1346,"url":"https:\/\/ondauno.com.ar\/wp-content\/uploads\/2026\/01\/FB_IMG_1769496135295.jpg","type":"image\/jpeg"}],"author":"OndaUno","twitter_card":"summary_large_image","twitter_misc":{"Escrito por":"OndaUno","Tiempo de lectura":"1 minuto"},"schema":{"@context":"https:\/\/schema.org","@graph":[{"@type":"WebPage","@id":"https:\/\/ondauno.com.ar\/index.php\/2026\/01\/27\/le-forzaron-un-candado-y-se-llevaron-una-bicicleta-destinada-a-reparacion\/","url":"https:\/\/ondauno.com.ar\/index.php\/2026\/01\/27\/le-forzaron-un-candado-y-se-llevaron-una-bicicleta-destinada-a-reparacion\/","name":"Le forzaron un candado y se llevaron una bicicleta destinada a reparaci\u00f3n - 103.9 fm","isPartOf":{"@id":"https:\/\/ondauno.com.ar\/#website"},"primaryImageOfPage":{"@id":"https:\/\/ondauno.com.ar\/index.php\/2026\/01\/27\/le-forzaron-un-candado-y-se-llevaron-una-bicicleta-destinada-a-reparacion\/#primaryimage"},"image":{"@id":"https:\/\/ondauno.com.ar\/index.php\/2026\/01\/27\/le-forzaron-un-candado-y-se-llevaron-una-bicicleta-destinada-a-reparacion\/#primaryimage"},"thumbnailUrl":"https:\/\/ondauno.com.ar\/wp-content\/uploads\/2026\/01\/FB_IMG_1769496135295.jpg","datePublished":"2026-01-27T06:46:19+00:00","dateModified":"2026-01-27T06:46:47+00:00","author":{"@id":"https:\/\/ondauno.com.ar\/#\/schema\/person\/7ec851ddeceb4133d7d7132dc645714e"},"breadcrumb":{"@id":"https:\/\/ondauno.com.ar\/index.php\/2026\/01\/27\/le-forzaron-un-candado-y-se-llevaron-una-bicicleta-destinada-a-reparacion\/#breadcrumb"},"inLanguage":"es-AR","potentialAction":[{"@type":"ReadAction","target":["https:\/\/ondauno.com.ar\/index.php\/2026\/01\/27\/le-forzaron-un-candado-y-se-llevaron-una-bicicleta-destinada-a-reparacion\/"]}]},{"@type":"ImageObject","inLanguage":"es-AR","@id":"https:\/\/ondauno.com.ar\/index.php\/2026\/01\/27\/le-forzaron-un-candado-y-se-llevaron-una-bicicleta-destinada-a-reparacion\/#primaryimage","url":"https:\/\/ondauno.com.ar\/wp-content\/uploads\/2026\/01\/FB_IMG_1769496135295.jpg","contentUrl":"https:\/\/ondauno.com.ar\/wp-content\/uploads\/2026\/01\/FB_IMG_1769496135295.jpg","width":1077,"height":1346},{"@type":"BreadcrumbList","@id":"https:\/\/ondauno.com.ar\/index.php\/2026\/01\/27\/le-forzaron-un-candado-y-se-llevaron-una-bicicleta-destinada-a-reparacion\/#breadcrumb","itemListElement":[{"@type":"ListItem","position":1,"name":"Inicio","item":"https:\/\/ondauno.com.ar\/"},{"@type":"ListItem","position":2,"name":"Le forzaron un candado y se llevaron una bicicleta destinada a reparaci\u00f3n"}]},{"@type":"WebSite","@id":"https:\/\/ondauno.com.ar\/#website","url":"https:\/\/ondauno.com.ar\/","name":"103.9 fm","description":"LA PRIMERA RADIO MULTIMEDIA DE TRES ARROYOS","potentialAction":[{"@type":"SearchAction","target":{"@type":"EntryPoint","urlTemplate":"https:\/\/ondauno.com.ar\/?s={search_term_string}"},"query-input":"required name=search_term_string"}],"inLanguage":"es-AR"},{"@type":"Person","@id":"https:\/\/ondauno.com.ar\/#\/schema\/person\/7ec851ddeceb4133d7d7132dc645714e","name":"OndaUno","image":{"@type":"ImageObject","inLanguage":"es-AR","@id":"https:\/\/ondauno.com.ar\/#\/schema\/person\/image\/","url":"https:\/\/secure.gravatar.com\/avatar\/93b8009f0de7021f1feb2bd5b32fb9e8?s=96&d=mm&r=g","contentUrl":"https:\/\/secure.gravatar.com\/avatar\/93b8009f0de7021f1feb2bd5b32fb9e8?s=96&d=mm&r=g","caption":"OndaUno"},"url":"https:\/\/ondauno.com.ar\/index.php\/author\/ondauno\/"}]}},"jetpack_publicize_connections":[],"jetpack_featured_media_url":"https:\/\/ondauno.com.ar\/wp-content\/uploads\/2026\/01\/FB_IMG_1769496135295.jpg","jetpack_sharing_enabled":true,"_links":{"self":[{"href":"https:\/\/ondauno.com.ar\/index.php\/wp-json\/wp\/v2\/posts\/62784","targetHints":{"allow":["GET"]}}],"collection":[{"href":"https:\/\/ondauno.com.ar\/index.php\/wp-json\/wp\/v2\/posts"}],"about":[{"href":"https:\/\/ondauno.com.ar\/index.php\/wp-json\/wp\/v2\/types\/post"}],"author":[{"embeddable":true,"href":"https:\/\/ondauno.com.ar\/index.php\/wp-json\/wp\/v2\/users\/1"}],"replies":[{"embeddable":true,"href":"https:\/\/ondauno.com.ar\/index.php\/wp-json\/wp\/v2\/comments?post=62784"}],"version-history":[{"count":1,"href":"https:\/\/ondauno.com.ar\/index.php\/wp-json\/wp\/v2\/posts\/62784\/revisions"}],"predecessor-version":[{"id":62785,"href":"https:\/\/ondauno.com.ar\/index.php\/wp-json\/wp\/v2\/posts\/62784\/revisions\/62785"}],"wp:featuredmedia":[{"embeddable":true,"href":"https:\/\/ondauno.com.ar\/index.php\/wp-json\/wp\/v2\/media\/62783"}],"wp:attachment":[{"href":"https:\/\/ondauno.com.ar\/index.php\/wp-json\/wp\/v2\/media?parent=62784"}],"wp:term":[{"taxonomy":"category","embeddable":true,"href":"https:\/\/ondauno.com.ar\/index.php\/wp-json\/wp\/v2\/categories?post=62784"},{"taxonomy":"post_tag","embeddable":true,"href":"https:\/\/ondauno.com.ar\/index.php\/wp-json\/wp\/v2\/tags?post=62784"}],"curies":[{"name":"wp","href":"https:\/\/api.w.org\/{rel}","templated":true}]}}