{"id":62773,"date":"2026-01-26T20:56:14","date_gmt":"2026-01-26T23:56:14","guid":{"rendered":"https:\/\/ondauno.com.ar\/?p=62773"},"modified":"2026-01-26T20:56:17","modified_gmt":"2026-01-26T23:56:17","slug":"exhibiran-los-lotes-que-seran-subastados-en-claromeco","status":"publish","type":"post","link":"https:\/\/ondauno.com.ar\/index.php\/2026\/01\/26\/exhibiran-los-lotes-que-seran-subastados-en-claromeco\/","title":{"rendered":"Exhibir\u00e1n los lotes que ser\u00e1n subastados en Claromec\u00f3"},"content":{"rendered":"<div class=\"ondau-before-content_3\" style=\"margin-top: -30px;\" id=\"ondau-133038609\"><a href=\"https:\/\/www.lps.com.ar\/\" aria-label=\"la-perse2\"><img loading=\"lazy\" decoding=\"async\" src=\"https:\/\/ondauno.com.ar\/wp-content\/uploads\/2021\/10\/la-perse2.jpg\" alt=\"\"  srcset=\"https:\/\/ondauno.com.ar\/wp-content\/uploads\/2021\/10\/la-perse2.jpg 1353w, https:\/\/ondauno.com.ar\/wp-content\/uploads\/2021\/10\/la-perse2-300x43.jpg 300w, https:\/\/ondauno.com.ar\/wp-content\/uploads\/2021\/10\/la-perse2-1024x148.jpg 1024w, https:\/\/ondauno.com.ar\/wp-content\/uploads\/2021\/10\/la-perse2-768x111.jpg 768w, https:\/\/ondauno.com.ar\/wp-content\/uploads\/2021\/10\/la-perse2-696x100.jpg 696w, https:\/\/ondauno.com.ar\/wp-content\/uploads\/2021\/10\/la-perse2-1068x154.jpg 1068w\" sizes=\"(max-width: 1353px) 100vw, 1353px\" class=\"no-lazyload\" width=\"1353\" height=\"195\"  style=\"display: inline-block;\" \/><\/a><\/div>\n<p>La Municipalidad de Tres Arroyos informa que el mi\u00e9rcoles 28 de enero, de 9 a 11 horas, se llevar\u00e1 a cabo la exhibici\u00f3n de los 48 lotes que ser\u00e1n subastados el s\u00e1bado 31 de enero, a las 10 horas, en la localidad de Claromec\u00f3.<\/p>\n\n\n\n<p>Los terrenos est\u00e1n ubicados frente a la Estaci\u00f3n Forestal Ing. Gerardo Paolucci, entre la Avenida 26 y la calle 43. Cada lote cuenta con una superficie de 255 m\u00b2, excepto los de esquina, que poseen 250,5 m\u00b2.<\/p>\n\n\n\n<p>La subasta p\u00fablica tendr\u00e1 una base a partir de los 13.000 d\u00f3lares, abonados en pesos al tipo de cambio d\u00f3lar vendedor del Banco Naci\u00f3n correspondiente al cierre del d\u00eda h\u00e1bil anterior. El d\u00eda del remate se deber\u00e1 abonar el 10 % del valor del lote, mientras que el saldo podr\u00e1 cancelarse dentro de los 30 d\u00edas al contado o mediante financiaci\u00f3n en 6 o 12 cuotas mensuales, al valor del d\u00f3lar vigente al momento del pago.<\/p>\n\n\n\n<p>El acto estar\u00e1 a cargo de los martilleros Carolina Winkler y Gustavo Ju\u00e1rez, designados por sorteo, garantizando un procedimiento transparente.<\/p>\n\n\n\n<p>Para consultas:<\/p>\n\n\n\n<ul class=\"wp-block-list\">\n<li>Carolina Winkler (Col. 1919) \u2013 2983 449051<\/li>\n\n\n\n<li>Gustavo Ju\u00e1rez (Col. 1665) \u2013 0291 5086500<\/li>\n<\/ul>\n\n\n\n<p>Si quer\u00e9s, lo adapto al estilo de nota breve para radio o portal digital.<\/p>\n","protected":false},"excerpt":{"rendered":"<p>La Municipalidad de Tres Arroyos informa que el mi\u00e9rcoles 28 de enero, de 9 a 11 horas, se llevar\u00e1 a cabo la exhibici\u00f3n de los 48 lotes que ser\u00e1n subastados el s\u00e1bado 31 de enero, a las 10 horas, en la localidad de Claromec\u00f3. Los terrenos est\u00e1n ubicados frente a la Estaci\u00f3n Forestal Ing. Gerardo [&hellip;]<\/p>\n","protected":false},"author":1,"featured_media":62774,"comment_status":"open","ping_status":"open","sticky":false,"template":"","format":"standard","meta":{"tdm_status":"","tdm_grid_status":"","_jetpack_memberships_contains_paid_content":false,"footnotes":"","jetpack_publicize_message":"","jetpack_publicize_feature_enabled":true,"jetpack_social_post_already_shared":true,"jetpack_social_options":{"image_generator_settings":{"template":"highway","default_image_id":0,"font":"","enabled":false},"version":2}},"categories":[2],"tags":[],"class_list":{"0":"post-62773","1":"post","2":"type-post","3":"status-publish","4":"format-standard","5":"has-post-thumbnail","7":"category-locales"},"yoast_head":"<!-- This site is optimized with the Yoast SEO plugin v22.7 - https:\/\/yoast.com\/wordpress\/plugins\/seo\/ -->\n<title>Exhibir\u00e1n los lotes que ser\u00e1n subastados en Claromec\u00f3 - 103.9 fm<\/title>\n<meta name=\"robots\" content=\"index, follow, max-snippet:-1, max-image-preview:large, max-video-preview:-1\" \/>\n<link rel=\"canonical\" href=\"https:\/\/ondauno.com.ar\/index.php\/2026\/01\/26\/exhibiran-los-lotes-que-seran-subastados-en-claromeco\/\" \/>\n<meta property=\"og:locale\" content=\"es_ES\" \/>\n<meta property=\"og:type\" content=\"article\" \/>\n<meta property=\"og:title\" content=\"Exhibir\u00e1n los lotes que ser\u00e1n subastados en Claromec\u00f3 - 103.9 fm\" \/>\n<meta property=\"og:description\" content=\"La Municipalidad de Tres Arroyos informa que el mi\u00e9rcoles 28 de enero, de 9 a 11 horas, se llevar\u00e1 a cabo la exhibici\u00f3n de los 48 lotes que ser\u00e1n subastados el s\u00e1bado 31 de enero, a las 10 horas, en la localidad de Claromec\u00f3. Los terrenos est\u00e1n ubicados frente a la Estaci\u00f3n Forestal Ing. Gerardo [&hellip;]\" \/>\n<meta property=\"og:url\" content=\"https:\/\/ondauno.com.ar\/index.php\/2026\/01\/26\/exhibiran-los-lotes-que-seran-subastados-en-claromeco\/\" \/>\n<meta property=\"og:site_name\" content=\"103.9 fm\" \/>\n<meta property=\"article:publisher\" content=\"https:\/\/www.facebook.com\/ondauno103.9\" \/>\n<meta property=\"article:published_time\" content=\"2026-01-26T23:56:14+00:00\" \/>\n<meta property=\"article:modified_time\" content=\"2026-01-26T23:56:17+00:00\" \/>\n<meta property=\"og:image\" content=\"http:\/\/ondauno.com.ar\/wp-content\/uploads\/2026\/01\/WhatsApp-Image-2026-01-26-at-11.22.04-1.jpeg\" \/>\n\t<meta property=\"og:image:width\" content=\"1280\" \/>\n\t<meta property=\"og:image:height\" content=\"720\" \/>\n\t<meta property=\"og:image:type\" content=\"image\/jpeg\" \/>\n<meta name=\"author\" content=\"OndaUno\" \/>\n<meta name=\"twitter:card\" content=\"summary_large_image\" \/>\n<meta name=\"twitter:label1\" content=\"Escrito por\" \/>\n\t<meta name=\"twitter:data1\" content=\"OndaUno\" \/>\n\t<meta name=\"twitter:label2\" content=\"Tiempo de lectura\" \/>\n\t<meta name=\"twitter:data2\" content=\"2 minutos\" \/>\n<script type=\"application\/ld+json\" class=\"yoast-schema-graph\">{\"@context\":\"https:\/\/schema.org\",\"@graph\":[{\"@type\":\"WebPage\",\"@id\":\"https:\/\/ondauno.com.ar\/index.php\/2026\/01\/26\/exhibiran-los-lotes-que-seran-subastados-en-claromeco\/\",\"url\":\"https:\/\/ondauno.com.ar\/index.php\/2026\/01\/26\/exhibiran-los-lotes-que-seran-subastados-en-claromeco\/\",\"name\":\"Exhibir\u00e1n los lotes que ser\u00e1n subastados en Claromec\u00f3 - 103.9 fm\",\"isPartOf\":{\"@id\":\"https:\/\/ondauno.com.ar\/#website\"},\"primaryImageOfPage\":{\"@id\":\"https:\/\/ondauno.com.ar\/index.php\/2026\/01\/26\/exhibiran-los-lotes-que-seran-subastados-en-claromeco\/#primaryimage\"},\"image\":{\"@id\":\"https:\/\/ondauno.com.ar\/index.php\/2026\/01\/26\/exhibiran-los-lotes-que-seran-subastados-en-claromeco\/#primaryimage\"},\"thumbnailUrl\":\"https:\/\/ondauno.com.ar\/wp-content\/uploads\/2026\/01\/WhatsApp-Image-2026-01-26-at-11.22.04-1.jpeg\",\"datePublished\":\"2026-01-26T23:56:14+00:00\",\"dateModified\":\"2026-01-26T23:56:17+00:00\",\"author\":{\"@id\":\"https:\/\/ondauno.com.ar\/#\/schema\/person\/7ec851ddeceb4133d7d7132dc645714e\"},\"breadcrumb\":{\"@id\":\"https:\/\/ondauno.com.ar\/index.php\/2026\/01\/26\/exhibiran-los-lotes-que-seran-subastados-en-claromeco\/#breadcrumb\"},\"inLanguage\":\"es-AR\",\"potentialAction\":[{\"@type\":\"ReadAction\",\"target\":[\"https:\/\/ondauno.com.ar\/index.php\/2026\/01\/26\/exhibiran-los-lotes-que-seran-subastados-en-claromeco\/\"]}]},{\"@type\":\"ImageObject\",\"inLanguage\":\"es-AR\",\"@id\":\"https:\/\/ondauno.com.ar\/index.php\/2026\/01\/26\/exhibiran-los-lotes-que-seran-subastados-en-claromeco\/#primaryimage\",\"url\":\"https:\/\/ondauno.com.ar\/wp-content\/uploads\/2026\/01\/WhatsApp-Image-2026-01-26-at-11.22.04-1.jpeg\",\"contentUrl\":\"https:\/\/ondauno.com.ar\/wp-content\/uploads\/2026\/01\/WhatsApp-Image-2026-01-26-at-11.22.04-1.jpeg\",\"width\":1280,\"height\":720},{\"@type\":\"BreadcrumbList\",\"@id\":\"https:\/\/ondauno.com.ar\/index.php\/2026\/01\/26\/exhibiran-los-lotes-que-seran-subastados-en-claromeco\/#breadcrumb\",\"itemListElement\":[{\"@type\":\"ListItem\",\"position\":1,\"name\":\"Inicio\",\"item\":\"https:\/\/ondauno.com.ar\/\"},{\"@type\":\"ListItem\",\"position\":2,\"name\":\"Exhibir\u00e1n los lotes que ser\u00e1n subastados en Claromec\u00f3\"}]},{\"@type\":\"WebSite\",\"@id\":\"https:\/\/ondauno.com.ar\/#website\",\"url\":\"https:\/\/ondauno.com.ar\/\",\"name\":\"103.9 fm\",\"description\":\"LA PRIMERA RADIO MULTIMEDIA DE TRES ARROYOS\",\"potentialAction\":[{\"@type\":\"SearchAction\",\"target\":{\"@type\":\"EntryPoint\",\"urlTemplate\":\"https:\/\/ondauno.com.ar\/?s={search_term_string}\"},\"query-input\":\"required name=search_term_string\"}],\"inLanguage\":\"es-AR\"},{\"@type\":\"Person\",\"@id\":\"https:\/\/ondauno.com.ar\/#\/schema\/person\/7ec851ddeceb4133d7d7132dc645714e\",\"name\":\"OndaUno\",\"image\":{\"@type\":\"ImageObject\",\"inLanguage\":\"es-AR\",\"@id\":\"https:\/\/ondauno.com.ar\/#\/schema\/person\/image\/\",\"url\":\"https:\/\/secure.gravatar.com\/avatar\/93b8009f0de7021f1feb2bd5b32fb9e8?s=96&d=mm&r=g\",\"contentUrl\":\"https:\/\/secure.gravatar.com\/avatar\/93b8009f0de7021f1feb2bd5b32fb9e8?s=96&d=mm&r=g\",\"caption\":\"OndaUno\"},\"url\":\"https:\/\/ondauno.com.ar\/index.php\/author\/ondauno\/\"}]}<\/script>\n<!-- \/ Yoast SEO plugin. -->","yoast_head_json":{"title":"Exhibir\u00e1n los lotes que ser\u00e1n subastados en Claromec\u00f3 - 103.9 fm","robots":{"index":"index","follow":"follow","max-snippet":"max-snippet:-1","max-image-preview":"max-image-preview:large","max-video-preview":"max-video-preview:-1"},"canonical":"https:\/\/ondauno.com.ar\/index.php\/2026\/01\/26\/exhibiran-los-lotes-que-seran-subastados-en-claromeco\/","og_locale":"es_ES","og_type":"article","og_title":"Exhibir\u00e1n los lotes que ser\u00e1n subastados en Claromec\u00f3 - 103.9 fm","og_description":"La Municipalidad de Tres Arroyos informa que el mi\u00e9rcoles 28 de enero, de 9 a 11 horas, se llevar\u00e1 a cabo la exhibici\u00f3n de los 48 lotes que ser\u00e1n subastados el s\u00e1bado 31 de enero, a las 10 horas, en la localidad de Claromec\u00f3. Los terrenos est\u00e1n ubicados frente a la Estaci\u00f3n Forestal Ing. Gerardo [&hellip;]","og_url":"https:\/\/ondauno.com.ar\/index.php\/2026\/01\/26\/exhibiran-los-lotes-que-seran-subastados-en-claromeco\/","og_site_name":"103.9 fm","article_publisher":"https:\/\/www.facebook.com\/ondauno103.9","article_published_time":"2026-01-26T23:56:14+00:00","article_modified_time":"2026-01-26T23:56:17+00:00","og_image":[{"width":1280,"height":720,"url":"http:\/\/ondauno.com.ar\/wp-content\/uploads\/2026\/01\/WhatsApp-Image-2026-01-26-at-11.22.04-1.jpeg","type":"image\/jpeg"}],"author":"OndaUno","twitter_card":"summary_large_image","twitter_misc":{"Escrito por":"OndaUno","Tiempo de lectura":"2 minutos"},"schema":{"@context":"https:\/\/schema.org","@graph":[{"@type":"WebPage","@id":"https:\/\/ondauno.com.ar\/index.php\/2026\/01\/26\/exhibiran-los-lotes-que-seran-subastados-en-claromeco\/","url":"https:\/\/ondauno.com.ar\/index.php\/2026\/01\/26\/exhibiran-los-lotes-que-seran-subastados-en-claromeco\/","name":"Exhibir\u00e1n los lotes que ser\u00e1n subastados en Claromec\u00f3 - 103.9 fm","isPartOf":{"@id":"https:\/\/ondauno.com.ar\/#website"},"primaryImageOfPage":{"@id":"https:\/\/ondauno.com.ar\/index.php\/2026\/01\/26\/exhibiran-los-lotes-que-seran-subastados-en-claromeco\/#primaryimage"},"image":{"@id":"https:\/\/ondauno.com.ar\/index.php\/2026\/01\/26\/exhibiran-los-lotes-que-seran-subastados-en-claromeco\/#primaryimage"},"thumbnailUrl":"https:\/\/ondauno.com.ar\/wp-content\/uploads\/2026\/01\/WhatsApp-Image-2026-01-26-at-11.22.04-1.jpeg","datePublished":"2026-01-26T23:56:14+00:00","dateModified":"2026-01-26T23:56:17+00:00","author":{"@id":"https:\/\/ondauno.com.ar\/#\/schema\/person\/7ec851ddeceb4133d7d7132dc645714e"},"breadcrumb":{"@id":"https:\/\/ondauno.com.ar\/index.php\/2026\/01\/26\/exhibiran-los-lotes-que-seran-subastados-en-claromeco\/#breadcrumb"},"inLanguage":"es-AR","potentialAction":[{"@type":"ReadAction","target":["https:\/\/ondauno.com.ar\/index.php\/2026\/01\/26\/exhibiran-los-lotes-que-seran-subastados-en-claromeco\/"]}]},{"@type":"ImageObject","inLanguage":"es-AR","@id":"https:\/\/ondauno.com.ar\/index.php\/2026\/01\/26\/exhibiran-los-lotes-que-seran-subastados-en-claromeco\/#primaryimage","url":"https:\/\/ondauno.com.ar\/wp-content\/uploads\/2026\/01\/WhatsApp-Image-2026-01-26-at-11.22.04-1.jpeg","contentUrl":"https:\/\/ondauno.com.ar\/wp-content\/uploads\/2026\/01\/WhatsApp-Image-2026-01-26-at-11.22.04-1.jpeg","width":1280,"height":720},{"@type":"BreadcrumbList","@id":"https:\/\/ondauno.com.ar\/index.php\/2026\/01\/26\/exhibiran-los-lotes-que-seran-subastados-en-claromeco\/#breadcrumb","itemListElement":[{"@type":"ListItem","position":1,"name":"Inicio","item":"https:\/\/ondauno.com.ar\/"},{"@type":"ListItem","position":2,"name":"Exhibir\u00e1n los lotes que ser\u00e1n subastados en Claromec\u00f3"}]},{"@type":"WebSite","@id":"https:\/\/ondauno.com.ar\/#website","url":"https:\/\/ondauno.com.ar\/","name":"103.9 fm","description":"LA PRIMERA RADIO MULTIMEDIA DE TRES ARROYOS","potentialAction":[{"@type":"SearchAction","target":{"@type":"EntryPoint","urlTemplate":"https:\/\/ondauno.com.ar\/?s={search_term_string}"},"query-input":"required name=search_term_string"}],"inLanguage":"es-AR"},{"@type":"Person","@id":"https:\/\/ondauno.com.ar\/#\/schema\/person\/7ec851ddeceb4133d7d7132dc645714e","name":"OndaUno","image":{"@type":"ImageObject","inLanguage":"es-AR","@id":"https:\/\/ondauno.com.ar\/#\/schema\/person\/image\/","url":"https:\/\/secure.gravatar.com\/avatar\/93b8009f0de7021f1feb2bd5b32fb9e8?s=96&d=mm&r=g","contentUrl":"https:\/\/secure.gravatar.com\/avatar\/93b8009f0de7021f1feb2bd5b32fb9e8?s=96&d=mm&r=g","caption":"OndaUno"},"url":"https:\/\/ondauno.com.ar\/index.php\/author\/ondauno\/"}]}},"jetpack_publicize_connections":[],"jetpack_featured_media_url":"https:\/\/ondauno.com.ar\/wp-content\/uploads\/2026\/01\/WhatsApp-Image-2026-01-26-at-11.22.04-1.jpeg","jetpack_sharing_enabled":true,"_links":{"self":[{"href":"https:\/\/ondauno.com.ar\/index.php\/wp-json\/wp\/v2\/posts\/62773","targetHints":{"allow":["GET"]}}],"collection":[{"href":"https:\/\/ondauno.com.ar\/index.php\/wp-json\/wp\/v2\/posts"}],"about":[{"href":"https:\/\/ondauno.com.ar\/index.php\/wp-json\/wp\/v2\/types\/post"}],"author":[{"embeddable":true,"href":"https:\/\/ondauno.com.ar\/index.php\/wp-json\/wp\/v2\/users\/1"}],"replies":[{"embeddable":true,"href":"https:\/\/ondauno.com.ar\/index.php\/wp-json\/wp\/v2\/comments?post=62773"}],"version-history":[{"count":1,"href":"https:\/\/ondauno.com.ar\/index.php\/wp-json\/wp\/v2\/posts\/62773\/revisions"}],"predecessor-version":[{"id":62775,"href":"https:\/\/ondauno.com.ar\/index.php\/wp-json\/wp\/v2\/posts\/62773\/revisions\/62775"}],"wp:featuredmedia":[{"embeddable":true,"href":"https:\/\/ondauno.com.ar\/index.php\/wp-json\/wp\/v2\/media\/62774"}],"wp:attachment":[{"href":"https:\/\/ondauno.com.ar\/index.php\/wp-json\/wp\/v2\/media?parent=62773"}],"wp:term":[{"taxonomy":"category","embeddable":true,"href":"https:\/\/ondauno.com.ar\/index.php\/wp-json\/wp\/v2\/categories?post=62773"},{"taxonomy":"post_tag","embeddable":true,"href":"https:\/\/ondauno.com.ar\/index.php\/wp-json\/wp\/v2\/tags?post=62773"}],"curies":[{"name":"wp","href":"https:\/\/api.w.org\/{rel}","templated":true}]}}