{"id":62759,"date":"2026-01-24T11:13:27","date_gmt":"2026-01-24T14:13:27","guid":{"rendered":"https:\/\/ondauno.com.ar\/?p=62759"},"modified":"2026-01-24T11:14:04","modified_gmt":"2026-01-24T14:14:04","slug":"viejas-locas-gano-la-votacion-popular-y-estara-en-la-noche-de-rock","status":"publish","type":"post","link":"https:\/\/ondauno.com.ar\/index.php\/2026\/01\/24\/viejas-locas-gano-la-votacion-popular-y-estara-en-la-noche-de-rock\/","title":{"rendered":"Viejas Locas gan\u00f3 la votaci\u00f3n popular y estar\u00e1 en la Noche de Rock"},"content":{"rendered":"<div class=\"ondau-before-content_3\" style=\"margin-top: -30px;\" id=\"ondau-848022006\"><a href=\"https:\/\/www.lps.com.ar\/\" aria-label=\"la-perse2\"><img loading=\"lazy\" decoding=\"async\" src=\"https:\/\/ondauno.com.ar\/wp-content\/uploads\/2021\/10\/la-perse2.jpg\" alt=\"\"  srcset=\"https:\/\/ondauno.com.ar\/wp-content\/uploads\/2021\/10\/la-perse2.jpg 1353w, https:\/\/ondauno.com.ar\/wp-content\/uploads\/2021\/10\/la-perse2-300x43.jpg 300w, https:\/\/ondauno.com.ar\/wp-content\/uploads\/2021\/10\/la-perse2-1024x148.jpg 1024w, https:\/\/ondauno.com.ar\/wp-content\/uploads\/2021\/10\/la-perse2-768x111.jpg 768w, https:\/\/ondauno.com.ar\/wp-content\/uploads\/2021\/10\/la-perse2-696x100.jpg 696w, https:\/\/ondauno.com.ar\/wp-content\/uploads\/2021\/10\/la-perse2-1068x154.jpg 1068w\" sizes=\"(max-width: 1353px) 100vw, 1353px\" class=\"no-lazyload\" width=\"1353\" height=\"195\"  style=\"display: inline-block;\" \/><\/a><\/div>\n<p><br>La Municipalidad de Tres Arroyos celebra la masiva participaci\u00f3n de vecinos y vecinas en la consulta popular realizada para elegir la banda que cerrar\u00e1 la Noche de Rock de la 57\u00aa edici\u00f3n de la Fiesta Provincial del Trigo.<br>A trav\u00e9s de una propuesta abierta y participativa, la comunidad tuvo la posibilidad de votar mediante distintas plataformas \u2014WhatsApp, Facebook e Instagram\u2014, siendo protagonista de una decisi\u00f3n art\u00edstica muy esperada dentro de la fiesta.<br>El resultado de la votaci\u00f3n consagr\u00f3 como banda ganadora a Viejas Locas (Fachi y Abel), que obtuvo 1004 votos. En segundo lugar se ubic\u00f3 Ella es tan Cargosa con 318 votos, mientras que Calzones Rotos alcanz\u00f3 227 votos.<br>Desde la organizaci\u00f3n se destaca con alegr\u00eda la excelente respuesta de la comunidad, que una vez m\u00e1s demostr\u00f3 las ganas de participar, opinar y ser parte activa de una fiesta que se vive con entusiasmo y sentido de pertenencia.<br>Esta experiencia marca el camino de una modalidad que lleg\u00f3 para quedarse y que se replicar\u00e1 en pr\u00f3ximas ediciones, porque la Fiesta del Trigo se construye escuchando a sus vecinos y vecinas, y crece cuando la comunidad tiene voz.<br>En esta 57\u00aa edici\u00f3n, la amplia convocatoria y el nivel de participaci\u00f3n alcanzado vuelven a poner en valor a la Fiesta Provincial del Trigo como un evento con fuerte identidad local y proyecci\u00f3n regional, que re\u00fane a p\u00fablico de distintos puntos y genera un marco ideal para que empresas, comercios e instituciones se sumen y acompa\u00f1en una celebraci\u00f3n que sigue creciendo a\u00f1o tras a\u00f1o.<\/p>\n","protected":false},"excerpt":{"rendered":"<p>La Municipalidad de Tres Arroyos celebra la masiva participaci\u00f3n de vecinos y vecinas en la consulta popular realizada para elegir la banda que cerrar\u00e1 la Noche de Rock de la 57\u00aa edici\u00f3n de la Fiesta Provincial del Trigo.A trav\u00e9s de una propuesta abierta y participativa, la comunidad tuvo la posibilidad de votar mediante distintas plataformas [&hellip;]<\/p>\n","protected":false},"author":1,"featured_media":62758,"comment_status":"open","ping_status":"open","sticky":false,"template":"","format":"standard","meta":{"tdm_status":"","tdm_grid_status":"","_jetpack_memberships_contains_paid_content":false,"footnotes":"","jetpack_publicize_message":"","jetpack_publicize_feature_enabled":true,"jetpack_social_post_already_shared":true,"jetpack_social_options":{"image_generator_settings":{"template":"highway","default_image_id":0,"font":"","enabled":false},"version":2}},"categories":[2],"tags":[],"class_list":{"0":"post-62759","1":"post","2":"type-post","3":"status-publish","4":"format-standard","5":"has-post-thumbnail","7":"category-locales"},"yoast_head":"<!-- This site is optimized with the Yoast SEO plugin v22.7 - https:\/\/yoast.com\/wordpress\/plugins\/seo\/ -->\n<title>Viejas Locas gan\u00f3 la votaci\u00f3n popular y estar\u00e1 en la Noche de Rock - 103.9 fm<\/title>\n<meta name=\"robots\" content=\"index, follow, max-snippet:-1, max-image-preview:large, max-video-preview:-1\" \/>\n<link rel=\"canonical\" href=\"https:\/\/ondauno.com.ar\/index.php\/2026\/01\/24\/viejas-locas-gano-la-votacion-popular-y-estara-en-la-noche-de-rock\/\" \/>\n<meta property=\"og:locale\" content=\"es_ES\" \/>\n<meta property=\"og:type\" content=\"article\" \/>\n<meta property=\"og:title\" content=\"Viejas Locas gan\u00f3 la votaci\u00f3n popular y estar\u00e1 en la Noche de Rock - 103.9 fm\" \/>\n<meta property=\"og:description\" content=\"La Municipalidad de Tres Arroyos celebra la masiva participaci\u00f3n de vecinos y vecinas en la consulta popular realizada para elegir la banda que cerrar\u00e1 la Noche de Rock de la 57\u00aa edici\u00f3n de la Fiesta Provincial del Trigo.A trav\u00e9s de una propuesta abierta y participativa, la comunidad tuvo la posibilidad de votar mediante distintas plataformas [&hellip;]\" \/>\n<meta property=\"og:url\" content=\"https:\/\/ondauno.com.ar\/index.php\/2026\/01\/24\/viejas-locas-gano-la-votacion-popular-y-estara-en-la-noche-de-rock\/\" \/>\n<meta property=\"og:site_name\" content=\"103.9 fm\" \/>\n<meta property=\"article:publisher\" content=\"https:\/\/www.facebook.com\/ondauno103.9\" \/>\n<meta property=\"article:published_time\" content=\"2026-01-24T14:13:27+00:00\" \/>\n<meta property=\"article:modified_time\" content=\"2026-01-24T14:14:04+00:00\" \/>\n<meta property=\"og:image\" content=\"https:\/\/ondauno.com.ar\/wp-content\/uploads\/2026\/01\/IMG-20260124-WA0003.jpg\" \/>\n\t<meta property=\"og:image:width\" content=\"1080\" \/>\n\t<meta property=\"og:image:height\" content=\"1350\" \/>\n\t<meta property=\"og:image:type\" content=\"image\/jpeg\" \/>\n<meta name=\"author\" content=\"OndaUno\" \/>\n<meta name=\"twitter:card\" content=\"summary_large_image\" \/>\n<meta name=\"twitter:label1\" content=\"Escrito por\" \/>\n\t<meta name=\"twitter:data1\" content=\"OndaUno\" \/>\n\t<meta name=\"twitter:label2\" content=\"Tiempo de lectura\" \/>\n\t<meta name=\"twitter:data2\" content=\"1 minuto\" \/>\n<script type=\"application\/ld+json\" class=\"yoast-schema-graph\">{\"@context\":\"https:\/\/schema.org\",\"@graph\":[{\"@type\":\"WebPage\",\"@id\":\"https:\/\/ondauno.com.ar\/index.php\/2026\/01\/24\/viejas-locas-gano-la-votacion-popular-y-estara-en-la-noche-de-rock\/\",\"url\":\"https:\/\/ondauno.com.ar\/index.php\/2026\/01\/24\/viejas-locas-gano-la-votacion-popular-y-estara-en-la-noche-de-rock\/\",\"name\":\"Viejas Locas gan\u00f3 la votaci\u00f3n popular y estar\u00e1 en la Noche de Rock - 103.9 fm\",\"isPartOf\":{\"@id\":\"https:\/\/ondauno.com.ar\/#website\"},\"primaryImageOfPage\":{\"@id\":\"https:\/\/ondauno.com.ar\/index.php\/2026\/01\/24\/viejas-locas-gano-la-votacion-popular-y-estara-en-la-noche-de-rock\/#primaryimage\"},\"image\":{\"@id\":\"https:\/\/ondauno.com.ar\/index.php\/2026\/01\/24\/viejas-locas-gano-la-votacion-popular-y-estara-en-la-noche-de-rock\/#primaryimage\"},\"thumbnailUrl\":\"https:\/\/ondauno.com.ar\/wp-content\/uploads\/2026\/01\/IMG-20260124-WA0003.jpg\",\"datePublished\":\"2026-01-24T14:13:27+00:00\",\"dateModified\":\"2026-01-24T14:14:04+00:00\",\"author\":{\"@id\":\"https:\/\/ondauno.com.ar\/#\/schema\/person\/7ec851ddeceb4133d7d7132dc645714e\"},\"breadcrumb\":{\"@id\":\"https:\/\/ondauno.com.ar\/index.php\/2026\/01\/24\/viejas-locas-gano-la-votacion-popular-y-estara-en-la-noche-de-rock\/#breadcrumb\"},\"inLanguage\":\"es-AR\",\"potentialAction\":[{\"@type\":\"ReadAction\",\"target\":[\"https:\/\/ondauno.com.ar\/index.php\/2026\/01\/24\/viejas-locas-gano-la-votacion-popular-y-estara-en-la-noche-de-rock\/\"]}]},{\"@type\":\"ImageObject\",\"inLanguage\":\"es-AR\",\"@id\":\"https:\/\/ondauno.com.ar\/index.php\/2026\/01\/24\/viejas-locas-gano-la-votacion-popular-y-estara-en-la-noche-de-rock\/#primaryimage\",\"url\":\"https:\/\/ondauno.com.ar\/wp-content\/uploads\/2026\/01\/IMG-20260124-WA0003.jpg\",\"contentUrl\":\"https:\/\/ondauno.com.ar\/wp-content\/uploads\/2026\/01\/IMG-20260124-WA0003.jpg\",\"width\":1080,\"height\":1350},{\"@type\":\"BreadcrumbList\",\"@id\":\"https:\/\/ondauno.com.ar\/index.php\/2026\/01\/24\/viejas-locas-gano-la-votacion-popular-y-estara-en-la-noche-de-rock\/#breadcrumb\",\"itemListElement\":[{\"@type\":\"ListItem\",\"position\":1,\"name\":\"Inicio\",\"item\":\"https:\/\/ondauno.com.ar\/\"},{\"@type\":\"ListItem\",\"position\":2,\"name\":\"Viejas Locas gan\u00f3 la votaci\u00f3n popular y estar\u00e1 en la Noche de Rock\"}]},{\"@type\":\"WebSite\",\"@id\":\"https:\/\/ondauno.com.ar\/#website\",\"url\":\"https:\/\/ondauno.com.ar\/\",\"name\":\"103.9 fm\",\"description\":\"LA PRIMERA RADIO MULTIMEDIA DE TRES ARROYOS\",\"potentialAction\":[{\"@type\":\"SearchAction\",\"target\":{\"@type\":\"EntryPoint\",\"urlTemplate\":\"https:\/\/ondauno.com.ar\/?s={search_term_string}\"},\"query-input\":\"required name=search_term_string\"}],\"inLanguage\":\"es-AR\"},{\"@type\":\"Person\",\"@id\":\"https:\/\/ondauno.com.ar\/#\/schema\/person\/7ec851ddeceb4133d7d7132dc645714e\",\"name\":\"OndaUno\",\"image\":{\"@type\":\"ImageObject\",\"inLanguage\":\"es-AR\",\"@id\":\"https:\/\/ondauno.com.ar\/#\/schema\/person\/image\/\",\"url\":\"https:\/\/secure.gravatar.com\/avatar\/93b8009f0de7021f1feb2bd5b32fb9e8?s=96&d=mm&r=g\",\"contentUrl\":\"https:\/\/secure.gravatar.com\/avatar\/93b8009f0de7021f1feb2bd5b32fb9e8?s=96&d=mm&r=g\",\"caption\":\"OndaUno\"},\"url\":\"https:\/\/ondauno.com.ar\/index.php\/author\/ondauno\/\"}]}<\/script>\n<!-- \/ Yoast SEO plugin. -->","yoast_head_json":{"title":"Viejas Locas gan\u00f3 la votaci\u00f3n popular y estar\u00e1 en la Noche de Rock - 103.9 fm","robots":{"index":"index","follow":"follow","max-snippet":"max-snippet:-1","max-image-preview":"max-image-preview:large","max-video-preview":"max-video-preview:-1"},"canonical":"https:\/\/ondauno.com.ar\/index.php\/2026\/01\/24\/viejas-locas-gano-la-votacion-popular-y-estara-en-la-noche-de-rock\/","og_locale":"es_ES","og_type":"article","og_title":"Viejas Locas gan\u00f3 la votaci\u00f3n popular y estar\u00e1 en la Noche de Rock - 103.9 fm","og_description":"La Municipalidad de Tres Arroyos celebra la masiva participaci\u00f3n de vecinos y vecinas en la consulta popular realizada para elegir la banda que cerrar\u00e1 la Noche de Rock de la 57\u00aa edici\u00f3n de la Fiesta Provincial del Trigo.A trav\u00e9s de una propuesta abierta y participativa, la comunidad tuvo la posibilidad de votar mediante distintas plataformas [&hellip;]","og_url":"https:\/\/ondauno.com.ar\/index.php\/2026\/01\/24\/viejas-locas-gano-la-votacion-popular-y-estara-en-la-noche-de-rock\/","og_site_name":"103.9 fm","article_publisher":"https:\/\/www.facebook.com\/ondauno103.9","article_published_time":"2026-01-24T14:13:27+00:00","article_modified_time":"2026-01-24T14:14:04+00:00","og_image":[{"width":1080,"height":1350,"url":"https:\/\/ondauno.com.ar\/wp-content\/uploads\/2026\/01\/IMG-20260124-WA0003.jpg","type":"image\/jpeg"}],"author":"OndaUno","twitter_card":"summary_large_image","twitter_misc":{"Escrito por":"OndaUno","Tiempo de lectura":"1 minuto"},"schema":{"@context":"https:\/\/schema.org","@graph":[{"@type":"WebPage","@id":"https:\/\/ondauno.com.ar\/index.php\/2026\/01\/24\/viejas-locas-gano-la-votacion-popular-y-estara-en-la-noche-de-rock\/","url":"https:\/\/ondauno.com.ar\/index.php\/2026\/01\/24\/viejas-locas-gano-la-votacion-popular-y-estara-en-la-noche-de-rock\/","name":"Viejas Locas gan\u00f3 la votaci\u00f3n popular y estar\u00e1 en la Noche de Rock - 103.9 fm","isPartOf":{"@id":"https:\/\/ondauno.com.ar\/#website"},"primaryImageOfPage":{"@id":"https:\/\/ondauno.com.ar\/index.php\/2026\/01\/24\/viejas-locas-gano-la-votacion-popular-y-estara-en-la-noche-de-rock\/#primaryimage"},"image":{"@id":"https:\/\/ondauno.com.ar\/index.php\/2026\/01\/24\/viejas-locas-gano-la-votacion-popular-y-estara-en-la-noche-de-rock\/#primaryimage"},"thumbnailUrl":"https:\/\/ondauno.com.ar\/wp-content\/uploads\/2026\/01\/IMG-20260124-WA0003.jpg","datePublished":"2026-01-24T14:13:27+00:00","dateModified":"2026-01-24T14:14:04+00:00","author":{"@id":"https:\/\/ondauno.com.ar\/#\/schema\/person\/7ec851ddeceb4133d7d7132dc645714e"},"breadcrumb":{"@id":"https:\/\/ondauno.com.ar\/index.php\/2026\/01\/24\/viejas-locas-gano-la-votacion-popular-y-estara-en-la-noche-de-rock\/#breadcrumb"},"inLanguage":"es-AR","potentialAction":[{"@type":"ReadAction","target":["https:\/\/ondauno.com.ar\/index.php\/2026\/01\/24\/viejas-locas-gano-la-votacion-popular-y-estara-en-la-noche-de-rock\/"]}]},{"@type":"ImageObject","inLanguage":"es-AR","@id":"https:\/\/ondauno.com.ar\/index.php\/2026\/01\/24\/viejas-locas-gano-la-votacion-popular-y-estara-en-la-noche-de-rock\/#primaryimage","url":"https:\/\/ondauno.com.ar\/wp-content\/uploads\/2026\/01\/IMG-20260124-WA0003.jpg","contentUrl":"https:\/\/ondauno.com.ar\/wp-content\/uploads\/2026\/01\/IMG-20260124-WA0003.jpg","width":1080,"height":1350},{"@type":"BreadcrumbList","@id":"https:\/\/ondauno.com.ar\/index.php\/2026\/01\/24\/viejas-locas-gano-la-votacion-popular-y-estara-en-la-noche-de-rock\/#breadcrumb","itemListElement":[{"@type":"ListItem","position":1,"name":"Inicio","item":"https:\/\/ondauno.com.ar\/"},{"@type":"ListItem","position":2,"name":"Viejas Locas gan\u00f3 la votaci\u00f3n popular y estar\u00e1 en la Noche de Rock"}]},{"@type":"WebSite","@id":"https:\/\/ondauno.com.ar\/#website","url":"https:\/\/ondauno.com.ar\/","name":"103.9 fm","description":"LA PRIMERA RADIO MULTIMEDIA DE TRES ARROYOS","potentialAction":[{"@type":"SearchAction","target":{"@type":"EntryPoint","urlTemplate":"https:\/\/ondauno.com.ar\/?s={search_term_string}"},"query-input":"required name=search_term_string"}],"inLanguage":"es-AR"},{"@type":"Person","@id":"https:\/\/ondauno.com.ar\/#\/schema\/person\/7ec851ddeceb4133d7d7132dc645714e","name":"OndaUno","image":{"@type":"ImageObject","inLanguage":"es-AR","@id":"https:\/\/ondauno.com.ar\/#\/schema\/person\/image\/","url":"https:\/\/secure.gravatar.com\/avatar\/93b8009f0de7021f1feb2bd5b32fb9e8?s=96&d=mm&r=g","contentUrl":"https:\/\/secure.gravatar.com\/avatar\/93b8009f0de7021f1feb2bd5b32fb9e8?s=96&d=mm&r=g","caption":"OndaUno"},"url":"https:\/\/ondauno.com.ar\/index.php\/author\/ondauno\/"}]}},"jetpack_publicize_connections":[],"jetpack_featured_media_url":"https:\/\/ondauno.com.ar\/wp-content\/uploads\/2026\/01\/IMG-20260124-WA0003.jpg","jetpack_sharing_enabled":true,"_links":{"self":[{"href":"https:\/\/ondauno.com.ar\/index.php\/wp-json\/wp\/v2\/posts\/62759","targetHints":{"allow":["GET"]}}],"collection":[{"href":"https:\/\/ondauno.com.ar\/index.php\/wp-json\/wp\/v2\/posts"}],"about":[{"href":"https:\/\/ondauno.com.ar\/index.php\/wp-json\/wp\/v2\/types\/post"}],"author":[{"embeddable":true,"href":"https:\/\/ondauno.com.ar\/index.php\/wp-json\/wp\/v2\/users\/1"}],"replies":[{"embeddable":true,"href":"https:\/\/ondauno.com.ar\/index.php\/wp-json\/wp\/v2\/comments?post=62759"}],"version-history":[{"count":1,"href":"https:\/\/ondauno.com.ar\/index.php\/wp-json\/wp\/v2\/posts\/62759\/revisions"}],"predecessor-version":[{"id":62760,"href":"https:\/\/ondauno.com.ar\/index.php\/wp-json\/wp\/v2\/posts\/62759\/revisions\/62760"}],"wp:featuredmedia":[{"embeddable":true,"href":"https:\/\/ondauno.com.ar\/index.php\/wp-json\/wp\/v2\/media\/62758"}],"wp:attachment":[{"href":"https:\/\/ondauno.com.ar\/index.php\/wp-json\/wp\/v2\/media?parent=62759"}],"wp:term":[{"taxonomy":"category","embeddable":true,"href":"https:\/\/ondauno.com.ar\/index.php\/wp-json\/wp\/v2\/categories?post=62759"},{"taxonomy":"post_tag","embeddable":true,"href":"https:\/\/ondauno.com.ar\/index.php\/wp-json\/wp\/v2\/tags?post=62759"}],"curies":[{"name":"wp","href":"https:\/\/api.w.org\/{rel}","templated":true}]}}