{"id":62143,"date":"2025-12-02T21:48:50","date_gmt":"2025-12-03T00:48:50","guid":{"rendered":"https:\/\/ondauno.com.ar\/?p=62143"},"modified":"2025-12-02T21:48:54","modified_gmt":"2025-12-03T00:48:54","slug":"abrio-la-inscripcion-para-las-becas-de-nivel-superior-y-de-transporte","status":"publish","type":"post","link":"https:\/\/ondauno.com.ar\/index.php\/2025\/12\/02\/abrio-la-inscripcion-para-las-becas-de-nivel-superior-y-de-transporte\/","title":{"rendered":"Abri\u00f3 la inscripci\u00f3n para las Becas de Nivel Superior y de Transporte"},"content":{"rendered":"<div class=\"ondau-before-content_3\" style=\"margin-top: -30px;\" id=\"ondau-739367362\"><a href=\"https:\/\/www.lps.com.ar\/\" aria-label=\"la-perse2\"><img loading=\"lazy\" decoding=\"async\" src=\"https:\/\/ondauno.com.ar\/wp-content\/uploads\/2021\/10\/la-perse2.jpg\" alt=\"\"  srcset=\"https:\/\/ondauno.com.ar\/wp-content\/uploads\/2021\/10\/la-perse2.jpg 1353w, https:\/\/ondauno.com.ar\/wp-content\/uploads\/2021\/10\/la-perse2-300x43.jpg 300w, https:\/\/ondauno.com.ar\/wp-content\/uploads\/2021\/10\/la-perse2-1024x148.jpg 1024w, https:\/\/ondauno.com.ar\/wp-content\/uploads\/2021\/10\/la-perse2-768x111.jpg 768w, https:\/\/ondauno.com.ar\/wp-content\/uploads\/2021\/10\/la-perse2-696x100.jpg 696w, https:\/\/ondauno.com.ar\/wp-content\/uploads\/2021\/10\/la-perse2-1068x154.jpg 1068w\" sizes=\"(max-width: 1353px) 100vw, 1353px\" class=\"no-lazyload\" width=\"1353\" height=\"195\"  style=\"display: inline-block;\" \/><\/a><\/div>\n<p>La Comisi\u00f3n de Becas del Honorable Concejo Deliberante informa que ya se encuentra abierta la inscripci\u00f3n para el programa de Becas Nivel Superior, dirigido a estudiantes de carreras terciarias, universitarias y de formaci\u00f3n laboral dictadas dentro o fuera del Distrito de Tres Arroyos.<\/p>\n\n\n\n<p>Tambi\u00e9n se abre la inscripci\u00f3n a la Beca de Transporte, destinada a estudiantes de las localidades del Distrito que deben trasladarse para realizar sus estudios a la ciudad de Tres Arroyos o en otra localidad del Partido.<\/p>\n\n\n\n<p>Ambas inscripciones podr\u00e1n realizarse en la plataforma www.becas.tresarroyos.gov.ar hasta el 15 de marzo de 2026, sin excepci\u00f3n.<\/p>\n\n\n\n<p>Requisitos<br>Para las Becas de Estudios Superiores son requisitos:<br>-Tener domicilio en el Distrito de Tres Arroyos.<br>-Estar inscripto o cursando una carrera de nivel superior en una Universidad o Instituto Superior de gesti\u00f3n estatal, o un Centro de Formaci\u00f3n Laboral.<br>-Tener ingresos familiares inferiores a tres Salarios M\u00ednimo, Vital y M\u00f3vil.<br>Para inscribirse, los estudiantes deber\u00e1n presentar su Documento Nacional de Identidad, constancias de ingresos familiares (recibos de sueldo, certificados de monotributo, negativa de ANSES, jubilaci\u00f3n, o cualquier documentaci\u00f3n respaldatoria), certificado anal\u00edtico de estudios secundarios completos y\/o de estudios superiores en curso, y la constancia de inscripci\u00f3n a la carrera (en caso de ser ingresantes).<br>Cabe mencionar que toda la documentaci\u00f3n debe subirse en formato PDF a la plataforma web y debe ser perfectamente legible, para acelerar los procesos de evaluaci\u00f3n.<br>Para las Becas de Transporte son requisitos:<br>-Tener domicilio en una localidad del Distrito de Tres Arroyos.<br>-Cursar estudios (secundarios, terciarios, universitarios o de Formaci\u00f3n Laboral) dentro del Distrito de Tres Arroyos, que no se dicten en su localidad de origen.<br>Para inscribirse, deber\u00e1n presentar su Documento Nacional de Identidad y el certificado de alumno regular o de inscripci\u00f3n a los estudios. Tambi\u00e9n es importante resaltar que la documentaci\u00f3n a acreditar en la p\u00e1gina web debe ser completamente legible y en formato PDF.<\/p>\n\n\n\n<p>M\u00e1s informaci\u00f3n<br>Para m\u00e1s informaci\u00f3n, los interesados pueden referirse a las Ordenanzas N\u00b07732 (https:\/\/hcd.tresarroyos.gov.ar\/digesto\/ordenanza\/becas-transporte) y N\u00b07733 (https:\/\/hcd.tresarroyos.gov.ar\/digesto\/ordenanza\/becas-de-estudio) que establecen el marco regulatorio de ambas becas.<br>Desde la Comisi\u00f3n de Becas se recomienda leer con atenci\u00f3n el articulado y toda la informaci\u00f3n que se encuentra en la p\u00e1gina web de becas, para asegurarse de cumplir con todos los requisitos y de presentar toda la documentaci\u00f3n requerida. En esta oportunidad no habr\u00e1 per\u00edodo de pr\u00f3rroga, por lo que se sugiere realizar las consultas con tiempo y reunir la documentaci\u00f3n lo antes posible para enviar su postulaci\u00f3n.<br>Recordamos adem\u00e1s que los que resulten beneficiarios de las Becas, a mediados del 2026 tendr\u00e1n que presentar nueva documentaci\u00f3n para comprobar los avances de estudios, que es requisito para la continuidad del cobro. Por ello, recomendamos estar atentos a los mails y a nuestras redes sociales, ya que a trav\u00e9s de esos medios se difundir\u00e1 la informaci\u00f3n.<br>Ante cualquier consulta, pueden comunicarse al tel\u00e9fono 2983-439262, al mail <span \n                data-original-string=\"MTWp9f\/zrzQEWG1rChpdijJ1ZP74HLjYtCdoDFJsQWM=\"\n                class=\"apbct-email-encoder\"\n                title=\"This contact has been encoded by Anti-Spam by CleanTalk. Click to decode. To finish the decoding make sure that JavaScript is enabled in your browser.\">be***@tr*********.ar<\/span>, o bien presentarse personalmente en la Secretar\u00eda del Concejo Deliberante (1\u00b0 piso del Palacio Municipal, Av. Rivadavia N\u00b01) de lunes a viernes de 7 a 14 horas.<\/p>\n","protected":false},"excerpt":{"rendered":"<p>La Comisi\u00f3n de Becas del Honorable Concejo Deliberante informa que ya se encuentra abierta la inscripci\u00f3n para el programa de Becas Nivel Superior, dirigido a estudiantes de carreras terciarias, universitarias y de formaci\u00f3n laboral dictadas dentro o fuera del Distrito de Tres Arroyos. Tambi\u00e9n se abre la inscripci\u00f3n a la Beca de Transporte, destinada a [&hellip;]<\/p>\n","protected":false},"author":1,"featured_media":62144,"comment_status":"open","ping_status":"open","sticky":false,"template":"","format":"standard","meta":{"tdm_status":"","tdm_grid_status":"","_jetpack_memberships_contains_paid_content":false,"footnotes":"","jetpack_publicize_message":"","jetpack_publicize_feature_enabled":true,"jetpack_social_post_already_shared":true,"jetpack_social_options":{"image_generator_settings":{"template":"highway","default_image_id":0,"font":"","enabled":false},"version":2}},"categories":[2],"tags":[],"class_list":{"0":"post-62143","1":"post","2":"type-post","3":"status-publish","4":"format-standard","5":"has-post-thumbnail","7":"category-locales"},"yoast_head":"<!-- This site is optimized with the Yoast SEO plugin v22.7 - https:\/\/yoast.com\/wordpress\/plugins\/seo\/ -->\n<title>Abri\u00f3 la inscripci\u00f3n para las Becas de Nivel Superior y de Transporte - 103.9 fm<\/title>\n<meta name=\"robots\" content=\"index, follow, max-snippet:-1, max-image-preview:large, max-video-preview:-1\" \/>\n<link rel=\"canonical\" href=\"https:\/\/ondauno.com.ar\/index.php\/2025\/12\/02\/abrio-la-inscripcion-para-las-becas-de-nivel-superior-y-de-transporte\/\" \/>\n<meta property=\"og:locale\" content=\"es_ES\" \/>\n<meta property=\"og:type\" content=\"article\" \/>\n<meta property=\"og:title\" content=\"Abri\u00f3 la inscripci\u00f3n para las Becas de Nivel Superior y de Transporte - 103.9 fm\" \/>\n<meta property=\"og:description\" content=\"La Comisi\u00f3n de Becas del Honorable Concejo Deliberante informa que ya se encuentra abierta la inscripci\u00f3n para el programa de Becas Nivel Superior, dirigido a estudiantes de carreras terciarias, universitarias y de formaci\u00f3n laboral dictadas dentro o fuera del Distrito de Tres Arroyos. Tambi\u00e9n se abre la inscripci\u00f3n a la Beca de Transporte, destinada a [&hellip;]\" \/>\n<meta property=\"og:url\" content=\"https:\/\/ondauno.com.ar\/index.php\/2025\/12\/02\/abrio-la-inscripcion-para-las-becas-de-nivel-superior-y-de-transporte\/\" \/>\n<meta property=\"og:site_name\" content=\"103.9 fm\" \/>\n<meta property=\"article:publisher\" content=\"https:\/\/www.facebook.com\/ondauno103.9\" \/>\n<meta property=\"article:published_time\" content=\"2025-12-03T00:48:50+00:00\" \/>\n<meta property=\"article:modified_time\" content=\"2025-12-03T00:48:54+00:00\" \/>\n<meta property=\"og:image\" content=\"http:\/\/ondauno.com.ar\/wp-content\/uploads\/2025\/12\/WhatsApp-Image-2025-12-02-at-21.28.27.jpeg\" \/>\n\t<meta property=\"og:image:width\" content=\"1080\" \/>\n\t<meta property=\"og:image:height\" content=\"1300\" \/>\n\t<meta property=\"og:image:type\" content=\"image\/jpeg\" \/>\n<meta name=\"author\" content=\"OndaUno\" \/>\n<meta name=\"twitter:card\" content=\"summary_large_image\" \/>\n<meta name=\"twitter:label1\" content=\"Escrito por\" \/>\n\t<meta name=\"twitter:data1\" content=\"OndaUno\" \/>\n\t<meta name=\"twitter:label2\" content=\"Tiempo de lectura\" \/>\n\t<meta name=\"twitter:data2\" content=\"3 minutos\" \/>\n<script type=\"application\/ld+json\" class=\"yoast-schema-graph\">{\"@context\":\"https:\/\/schema.org\",\"@graph\":[{\"@type\":\"WebPage\",\"@id\":\"https:\/\/ondauno.com.ar\/index.php\/2025\/12\/02\/abrio-la-inscripcion-para-las-becas-de-nivel-superior-y-de-transporte\/\",\"url\":\"https:\/\/ondauno.com.ar\/index.php\/2025\/12\/02\/abrio-la-inscripcion-para-las-becas-de-nivel-superior-y-de-transporte\/\",\"name\":\"Abri\u00f3 la inscripci\u00f3n para las Becas de Nivel Superior y de Transporte - 103.9 fm\",\"isPartOf\":{\"@id\":\"https:\/\/ondauno.com.ar\/#website\"},\"primaryImageOfPage\":{\"@id\":\"https:\/\/ondauno.com.ar\/index.php\/2025\/12\/02\/abrio-la-inscripcion-para-las-becas-de-nivel-superior-y-de-transporte\/#primaryimage\"},\"image\":{\"@id\":\"https:\/\/ondauno.com.ar\/index.php\/2025\/12\/02\/abrio-la-inscripcion-para-las-becas-de-nivel-superior-y-de-transporte\/#primaryimage\"},\"thumbnailUrl\":\"https:\/\/ondauno.com.ar\/wp-content\/uploads\/2025\/12\/WhatsApp-Image-2025-12-02-at-21.28.27.jpeg\",\"datePublished\":\"2025-12-03T00:48:50+00:00\",\"dateModified\":\"2025-12-03T00:48:54+00:00\",\"author\":{\"@id\":\"https:\/\/ondauno.com.ar\/#\/schema\/person\/7ec851ddeceb4133d7d7132dc645714e\"},\"breadcrumb\":{\"@id\":\"https:\/\/ondauno.com.ar\/index.php\/2025\/12\/02\/abrio-la-inscripcion-para-las-becas-de-nivel-superior-y-de-transporte\/#breadcrumb\"},\"inLanguage\":\"es-AR\",\"potentialAction\":[{\"@type\":\"ReadAction\",\"target\":[\"https:\/\/ondauno.com.ar\/index.php\/2025\/12\/02\/abrio-la-inscripcion-para-las-becas-de-nivel-superior-y-de-transporte\/\"]}]},{\"@type\":\"ImageObject\",\"inLanguage\":\"es-AR\",\"@id\":\"https:\/\/ondauno.com.ar\/index.php\/2025\/12\/02\/abrio-la-inscripcion-para-las-becas-de-nivel-superior-y-de-transporte\/#primaryimage\",\"url\":\"https:\/\/ondauno.com.ar\/wp-content\/uploads\/2025\/12\/WhatsApp-Image-2025-12-02-at-21.28.27.jpeg\",\"contentUrl\":\"https:\/\/ondauno.com.ar\/wp-content\/uploads\/2025\/12\/WhatsApp-Image-2025-12-02-at-21.28.27.jpeg\",\"width\":1080,\"height\":1300},{\"@type\":\"BreadcrumbList\",\"@id\":\"https:\/\/ondauno.com.ar\/index.php\/2025\/12\/02\/abrio-la-inscripcion-para-las-becas-de-nivel-superior-y-de-transporte\/#breadcrumb\",\"itemListElement\":[{\"@type\":\"ListItem\",\"position\":1,\"name\":\"Inicio\",\"item\":\"https:\/\/ondauno.com.ar\/\"},{\"@type\":\"ListItem\",\"position\":2,\"name\":\"Abri\u00f3 la inscripci\u00f3n para las Becas de Nivel Superior y de Transporte\"}]},{\"@type\":\"WebSite\",\"@id\":\"https:\/\/ondauno.com.ar\/#website\",\"url\":\"https:\/\/ondauno.com.ar\/\",\"name\":\"103.9 fm\",\"description\":\"LA PRIMERA RADIO MULTIMEDIA DE TRES ARROYOS\",\"potentialAction\":[{\"@type\":\"SearchAction\",\"target\":{\"@type\":\"EntryPoint\",\"urlTemplate\":\"https:\/\/ondauno.com.ar\/?s={search_term_string}\"},\"query-input\":\"required name=search_term_string\"}],\"inLanguage\":\"es-AR\"},{\"@type\":\"Person\",\"@id\":\"https:\/\/ondauno.com.ar\/#\/schema\/person\/7ec851ddeceb4133d7d7132dc645714e\",\"name\":\"OndaUno\",\"image\":{\"@type\":\"ImageObject\",\"inLanguage\":\"es-AR\",\"@id\":\"https:\/\/ondauno.com.ar\/#\/schema\/person\/image\/\",\"url\":\"https:\/\/secure.gravatar.com\/avatar\/93b8009f0de7021f1feb2bd5b32fb9e8?s=96&d=mm&r=g\",\"contentUrl\":\"https:\/\/secure.gravatar.com\/avatar\/93b8009f0de7021f1feb2bd5b32fb9e8?s=96&d=mm&r=g\",\"caption\":\"OndaUno\"},\"url\":\"https:\/\/ondauno.com.ar\/index.php\/author\/ondauno\/\"}]}<\/script>\n<!-- \/ Yoast SEO plugin. -->","yoast_head_json":{"title":"Abri\u00f3 la inscripci\u00f3n para las Becas de Nivel Superior y de Transporte - 103.9 fm","robots":{"index":"index","follow":"follow","max-snippet":"max-snippet:-1","max-image-preview":"max-image-preview:large","max-video-preview":"max-video-preview:-1"},"canonical":"https:\/\/ondauno.com.ar\/index.php\/2025\/12\/02\/abrio-la-inscripcion-para-las-becas-de-nivel-superior-y-de-transporte\/","og_locale":"es_ES","og_type":"article","og_title":"Abri\u00f3 la inscripci\u00f3n para las Becas de Nivel Superior y de Transporte - 103.9 fm","og_description":"La Comisi\u00f3n de Becas del Honorable Concejo Deliberante informa que ya se encuentra abierta la inscripci\u00f3n para el programa de Becas Nivel Superior, dirigido a estudiantes de carreras terciarias, universitarias y de formaci\u00f3n laboral dictadas dentro o fuera del Distrito de Tres Arroyos. Tambi\u00e9n se abre la inscripci\u00f3n a la Beca de Transporte, destinada a [&hellip;]","og_url":"https:\/\/ondauno.com.ar\/index.php\/2025\/12\/02\/abrio-la-inscripcion-para-las-becas-de-nivel-superior-y-de-transporte\/","og_site_name":"103.9 fm","article_publisher":"https:\/\/www.facebook.com\/ondauno103.9","article_published_time":"2025-12-03T00:48:50+00:00","article_modified_time":"2025-12-03T00:48:54+00:00","og_image":[{"width":1080,"height":1300,"url":"http:\/\/ondauno.com.ar\/wp-content\/uploads\/2025\/12\/WhatsApp-Image-2025-12-02-at-21.28.27.jpeg","type":"image\/jpeg"}],"author":"OndaUno","twitter_card":"summary_large_image","twitter_misc":{"Escrito por":"OndaUno","Tiempo de lectura":"3 minutos"},"schema":{"@context":"https:\/\/schema.org","@graph":[{"@type":"WebPage","@id":"https:\/\/ondauno.com.ar\/index.php\/2025\/12\/02\/abrio-la-inscripcion-para-las-becas-de-nivel-superior-y-de-transporte\/","url":"https:\/\/ondauno.com.ar\/index.php\/2025\/12\/02\/abrio-la-inscripcion-para-las-becas-de-nivel-superior-y-de-transporte\/","name":"Abri\u00f3 la inscripci\u00f3n para las Becas de Nivel Superior y de Transporte - 103.9 fm","isPartOf":{"@id":"https:\/\/ondauno.com.ar\/#website"},"primaryImageOfPage":{"@id":"https:\/\/ondauno.com.ar\/index.php\/2025\/12\/02\/abrio-la-inscripcion-para-las-becas-de-nivel-superior-y-de-transporte\/#primaryimage"},"image":{"@id":"https:\/\/ondauno.com.ar\/index.php\/2025\/12\/02\/abrio-la-inscripcion-para-las-becas-de-nivel-superior-y-de-transporte\/#primaryimage"},"thumbnailUrl":"https:\/\/ondauno.com.ar\/wp-content\/uploads\/2025\/12\/WhatsApp-Image-2025-12-02-at-21.28.27.jpeg","datePublished":"2025-12-03T00:48:50+00:00","dateModified":"2025-12-03T00:48:54+00:00","author":{"@id":"https:\/\/ondauno.com.ar\/#\/schema\/person\/7ec851ddeceb4133d7d7132dc645714e"},"breadcrumb":{"@id":"https:\/\/ondauno.com.ar\/index.php\/2025\/12\/02\/abrio-la-inscripcion-para-las-becas-de-nivel-superior-y-de-transporte\/#breadcrumb"},"inLanguage":"es-AR","potentialAction":[{"@type":"ReadAction","target":["https:\/\/ondauno.com.ar\/index.php\/2025\/12\/02\/abrio-la-inscripcion-para-las-becas-de-nivel-superior-y-de-transporte\/"]}]},{"@type":"ImageObject","inLanguage":"es-AR","@id":"https:\/\/ondauno.com.ar\/index.php\/2025\/12\/02\/abrio-la-inscripcion-para-las-becas-de-nivel-superior-y-de-transporte\/#primaryimage","url":"https:\/\/ondauno.com.ar\/wp-content\/uploads\/2025\/12\/WhatsApp-Image-2025-12-02-at-21.28.27.jpeg","contentUrl":"https:\/\/ondauno.com.ar\/wp-content\/uploads\/2025\/12\/WhatsApp-Image-2025-12-02-at-21.28.27.jpeg","width":1080,"height":1300},{"@type":"BreadcrumbList","@id":"https:\/\/ondauno.com.ar\/index.php\/2025\/12\/02\/abrio-la-inscripcion-para-las-becas-de-nivel-superior-y-de-transporte\/#breadcrumb","itemListElement":[{"@type":"ListItem","position":1,"name":"Inicio","item":"https:\/\/ondauno.com.ar\/"},{"@type":"ListItem","position":2,"name":"Abri\u00f3 la inscripci\u00f3n para las Becas de Nivel Superior y de Transporte"}]},{"@type":"WebSite","@id":"https:\/\/ondauno.com.ar\/#website","url":"https:\/\/ondauno.com.ar\/","name":"103.9 fm","description":"LA PRIMERA RADIO MULTIMEDIA DE TRES ARROYOS","potentialAction":[{"@type":"SearchAction","target":{"@type":"EntryPoint","urlTemplate":"https:\/\/ondauno.com.ar\/?s={search_term_string}"},"query-input":"required name=search_term_string"}],"inLanguage":"es-AR"},{"@type":"Person","@id":"https:\/\/ondauno.com.ar\/#\/schema\/person\/7ec851ddeceb4133d7d7132dc645714e","name":"OndaUno","image":{"@type":"ImageObject","inLanguage":"es-AR","@id":"https:\/\/ondauno.com.ar\/#\/schema\/person\/image\/","url":"https:\/\/secure.gravatar.com\/avatar\/93b8009f0de7021f1feb2bd5b32fb9e8?s=96&d=mm&r=g","contentUrl":"https:\/\/secure.gravatar.com\/avatar\/93b8009f0de7021f1feb2bd5b32fb9e8?s=96&d=mm&r=g","caption":"OndaUno"},"url":"https:\/\/ondauno.com.ar\/index.php\/author\/ondauno\/"}]}},"jetpack_publicize_connections":[],"jetpack_featured_media_url":"https:\/\/ondauno.com.ar\/wp-content\/uploads\/2025\/12\/WhatsApp-Image-2025-12-02-at-21.28.27.jpeg","jetpack_sharing_enabled":true,"_links":{"self":[{"href":"https:\/\/ondauno.com.ar\/index.php\/wp-json\/wp\/v2\/posts\/62143","targetHints":{"allow":["GET"]}}],"collection":[{"href":"https:\/\/ondauno.com.ar\/index.php\/wp-json\/wp\/v2\/posts"}],"about":[{"href":"https:\/\/ondauno.com.ar\/index.php\/wp-json\/wp\/v2\/types\/post"}],"author":[{"embeddable":true,"href":"https:\/\/ondauno.com.ar\/index.php\/wp-json\/wp\/v2\/users\/1"}],"replies":[{"embeddable":true,"href":"https:\/\/ondauno.com.ar\/index.php\/wp-json\/wp\/v2\/comments?post=62143"}],"version-history":[{"count":1,"href":"https:\/\/ondauno.com.ar\/index.php\/wp-json\/wp\/v2\/posts\/62143\/revisions"}],"predecessor-version":[{"id":62145,"href":"https:\/\/ondauno.com.ar\/index.php\/wp-json\/wp\/v2\/posts\/62143\/revisions\/62145"}],"wp:featuredmedia":[{"embeddable":true,"href":"https:\/\/ondauno.com.ar\/index.php\/wp-json\/wp\/v2\/media\/62144"}],"wp:attachment":[{"href":"https:\/\/ondauno.com.ar\/index.php\/wp-json\/wp\/v2\/media?parent=62143"}],"wp:term":[{"taxonomy":"category","embeddable":true,"href":"https:\/\/ondauno.com.ar\/index.php\/wp-json\/wp\/v2\/categories?post=62143"},{"taxonomy":"post_tag","embeddable":true,"href":"https:\/\/ondauno.com.ar\/index.php\/wp-json\/wp\/v2\/tags?post=62143"}],"curies":[{"name":"wp","href":"https:\/\/api.w.org\/{rel}","templated":true}]}}