{"id":62138,"date":"2025-12-02T21:45:51","date_gmt":"2025-12-03T00:45:51","guid":{"rendered":"https:\/\/ondauno.com.ar\/?p=62138"},"modified":"2025-12-02T21:45:55","modified_gmt":"2025-12-03T00:45:55","slug":"lanzan-la-temporada-de-playas-y-convocan-para-cubrir-servicios-turisticos","status":"publish","type":"post","link":"https:\/\/ondauno.com.ar\/index.php\/2025\/12\/02\/lanzan-la-temporada-de-playas-y-convocan-para-cubrir-servicios-turisticos\/","title":{"rendered":"Lanzan la temporada de playas y convocan para cubrir servicios tur\u00edsticos"},"content":{"rendered":"<div class=\"ondau-before-content_3\" style=\"margin-top: -30px;\" id=\"ondau-1563957346\"><a href=\"https:\/\/www.lps.com.ar\/\" aria-label=\"la-perse2\"><img loading=\"lazy\" decoding=\"async\" src=\"https:\/\/ondauno.com.ar\/wp-content\/uploads\/2021\/10\/la-perse2.jpg\" alt=\"\"  srcset=\"https:\/\/ondauno.com.ar\/wp-content\/uploads\/2021\/10\/la-perse2.jpg 1353w, https:\/\/ondauno.com.ar\/wp-content\/uploads\/2021\/10\/la-perse2-300x43.jpg 300w, https:\/\/ondauno.com.ar\/wp-content\/uploads\/2021\/10\/la-perse2-1024x148.jpg 1024w, https:\/\/ondauno.com.ar\/wp-content\/uploads\/2021\/10\/la-perse2-768x111.jpg 768w, https:\/\/ondauno.com.ar\/wp-content\/uploads\/2021\/10\/la-perse2-696x100.jpg 696w, https:\/\/ondauno.com.ar\/wp-content\/uploads\/2021\/10\/la-perse2-1068x154.jpg 1068w\" sizes=\"(max-width: 1353px) 100vw, 1353px\" class=\"no-lazyload\" width=\"1353\" height=\"195\"  style=\"display: inline-block;\" \/><\/a><\/div>\n<p>En Cosas que pasan, Carolina Goicoechea, directora de Turismo de Tres Arroyos, adelant\u00f3 c\u00f3mo se preparan las localidades balnearias para el inicio de la temporada, que tendr\u00e1 inauguraciones en Reta, Claromec\u00f3 y Orense durante este fin de semana largo.<\/p>\n\n\n\n<p>\u201cYa estamos en diciembre, ya se siente el calor y el esp\u00edritu de temporada\u201d, se\u00f1al\u00f3. Y confirm\u00f3 que el s\u00e1bado se realizar\u00e1 la inauguraci\u00f3n oficial en Reta, a las 11 de la ma\u00f1ana, acompa\u00f1ada luego por los festejos del aniversario de la localidad. \u201cAprovechamos el fin de semana largo para que m\u00e1s p\u00fablico pueda disfrutar de las actividades\u201d, explic\u00f3.<\/p>\n\n\n\n<p>El domingo, la apertura continuar\u00e1 en Claromec\u00f3, donde adem\u00e1s se desarrollar\u00e1 la tradicional Fiesta de la Pesca. \u201cVa a haber muchas cosas en simult\u00e1neo: el concurso del Club de Pesca, la inauguraci\u00f3n de la temporada, la apertura de los carros gastron\u00f3micos y espect\u00e1culos hasta la una de la madrugada\u201d, detall\u00f3.<\/p>\n\n\n\n<p>La gira finalizar\u00e1 el lunes en Orense, con un acto en la oficina de informes, tambi\u00e9n a las 11.<\/p>\n\n\n\n<p>La funcionaria confirm\u00f3 adem\u00e1s que se encuentra abierta una convocatoria p\u00fablica para cubrir servicios en las playas, como m\u00f3dulos gastron\u00f3micos y escuelas de surf. \u201cEstamos llamando a los interesados para garantizar la prestaci\u00f3n de servicios esta temporada\u201d, indic\u00f3. Explic\u00f3 que, por tiempos administrativos, no fue posible realizar una licitaci\u00f3n tradicional, motivo por el cual se abri\u00f3 este mecanismo excepcional.<\/p>\n\n\n\n<p>Sobre los nuevos formatos autorizados, se\u00f1al\u00f3: \u201cSe defini\u00f3 un m\u00f3dulo gastron\u00f3mico, que es un intermedio entre un carro gastron\u00f3mico y un parador\u201d. En Reta habr\u00e1 m\u00f3dulos fuera de la albufera y en la zona de Terrazas Cayast\u00e1; en Claromec\u00f3 tambi\u00e9n se habilitaron espacios para propuestas similares. \u201cLa idea es contar con m\u00e1s y mejores servicios, incluyendo ba\u00f1os y puestos que est\u00e9n cerca del usuario\u201d, agreg\u00f3.<\/p>\n\n\n\n<p>Tambi\u00e9n se convoc\u00f3 a escuelas de surf, especialmente en Claromec\u00f3, y se busca cubrir espacios que quedaron sin oferentes en la licitaci\u00f3n previa: 10 carros gastron\u00f3micos en Claromec\u00f3, cinco en Reta y cuatro en Orense.<\/p>\n\n\n\n<p>Consultada sobre el movimiento tur\u00edstico del \u00faltimo fin de semana largo, Goicoechea se\u00f1al\u00f3 que, aunque las reservas siguen tranquilas, hubo un incremento relacionado al clima. \u201cVimos un n\u00famero interesante en Reta y mucho ingreso diario de veh\u00edculos a Claromec\u00f3. Creemos que la gente decidir\u00e1 movilizarse seg\u00fan c\u00f3mo est\u00e9 el tiempo\u201d, analiz\u00f3.<\/p>\n\n\n\n<p>Pod\u00e9s escuchar la nota completa en el siguiente link:<\/p>\n\n\n\n<figure class=\"wp-block-embed is-type-video is-provider-youtube wp-block-embed-youtube wp-embed-aspect-16-9 wp-has-aspect-ratio\"><div class=\"wp-block-embed__wrapper\">\n<div class=\"youtube-embed\" data-video_id=\"zbYeeiiyunw\"><iframe loading=\"lazy\" title=\"Onda Uno 103.9 en vivo\" width=\"696\" height=\"392\" data-src=\"https:\/\/www.youtube.com\/embed\/zbYeeiiyunw?start=12&#038;feature=oembed\" frameborder=\"0\" allow=\"accelerometer; autoplay; clipboard-write; encrypted-media; gyroscope; picture-in-picture; web-share\" referrerpolicy=\"strict-origin-when-cross-origin\" allowfullscreen src=\"data:image\/gif;base64,R0lGODlhAQABAAAAACH5BAEKAAEALAAAAAABAAEAAAICTAEAOw==\" class=\"lazyload\" data-load-mode=\"1\"><\/iframe><\/div>\n<\/div><\/figure>\n","protected":false},"excerpt":{"rendered":"<p>En Cosas que pasan, Carolina Goicoechea, directora de Turismo de Tres Arroyos, adelant\u00f3 c\u00f3mo se preparan las localidades balnearias para el inicio de la temporada, que tendr\u00e1 inauguraciones en Reta, Claromec\u00f3 y Orense durante este fin de semana largo. \u201cYa estamos en diciembre, ya se siente el calor y el esp\u00edritu de temporada\u201d, se\u00f1al\u00f3. Y [&hellip;]<\/p>\n","protected":false},"author":1,"featured_media":57323,"comment_status":"open","ping_status":"open","sticky":false,"template":"","format":"standard","meta":{"tdm_status":"","tdm_grid_status":"","_jetpack_memberships_contains_paid_content":false,"footnotes":"","jetpack_publicize_message":"","jetpack_publicize_feature_enabled":true,"jetpack_social_post_already_shared":true,"jetpack_social_options":{"image_generator_settings":{"template":"highway","default_image_id":0,"font":"","enabled":false},"version":2}},"categories":[2],"tags":[],"class_list":{"0":"post-62138","1":"post","2":"type-post","3":"status-publish","4":"format-standard","5":"has-post-thumbnail","7":"category-locales"},"yoast_head":"<!-- This site is optimized with the Yoast SEO plugin v22.7 - https:\/\/yoast.com\/wordpress\/plugins\/seo\/ -->\n<title>Lanzan la temporada de playas y convocan para cubrir servicios tur\u00edsticos - 103.9 fm<\/title>\n<meta name=\"robots\" content=\"index, follow, max-snippet:-1, max-image-preview:large, max-video-preview:-1\" \/>\n<link rel=\"canonical\" href=\"https:\/\/ondauno.com.ar\/index.php\/2025\/12\/02\/lanzan-la-temporada-de-playas-y-convocan-para-cubrir-servicios-turisticos\/\" \/>\n<meta property=\"og:locale\" content=\"es_ES\" \/>\n<meta property=\"og:type\" content=\"article\" \/>\n<meta property=\"og:title\" content=\"Lanzan la temporada de playas y convocan para cubrir servicios tur\u00edsticos - 103.9 fm\" \/>\n<meta property=\"og:description\" content=\"En Cosas que pasan, Carolina Goicoechea, directora de Turismo de Tres Arroyos, adelant\u00f3 c\u00f3mo se preparan las localidades balnearias para el inicio de la temporada, que tendr\u00e1 inauguraciones en Reta, Claromec\u00f3 y Orense durante este fin de semana largo. \u201cYa estamos en diciembre, ya se siente el calor y el esp\u00edritu de temporada\u201d, se\u00f1al\u00f3. Y [&hellip;]\" \/>\n<meta property=\"og:url\" content=\"https:\/\/ondauno.com.ar\/index.php\/2025\/12\/02\/lanzan-la-temporada-de-playas-y-convocan-para-cubrir-servicios-turisticos\/\" \/>\n<meta property=\"og:site_name\" content=\"103.9 fm\" \/>\n<meta property=\"article:publisher\" content=\"https:\/\/www.facebook.com\/ondauno103.9\" \/>\n<meta property=\"article:published_time\" content=\"2025-12-03T00:45:51+00:00\" \/>\n<meta property=\"article:modified_time\" content=\"2025-12-03T00:45:55+00:00\" \/>\n<meta property=\"og:image\" content=\"http:\/\/ondauno.com.ar\/wp-content\/uploads\/2025\/06\/WhatsApp-Image-2025-06-04-at-19.59.42-1.jpeg\" \/>\n\t<meta property=\"og:image:width\" content=\"1600\" \/>\n\t<meta property=\"og:image:height\" content=\"1204\" \/>\n\t<meta property=\"og:image:type\" content=\"image\/jpeg\" \/>\n<meta name=\"author\" content=\"OndaUno\" \/>\n<meta name=\"twitter:card\" content=\"summary_large_image\" \/>\n<meta name=\"twitter:label1\" content=\"Escrito por\" \/>\n\t<meta name=\"twitter:data1\" content=\"OndaUno\" \/>\n\t<meta name=\"twitter:label2\" content=\"Tiempo de lectura\" \/>\n\t<meta name=\"twitter:data2\" content=\"2 minutos\" \/>\n<script type=\"application\/ld+json\" class=\"yoast-schema-graph\">{\"@context\":\"https:\/\/schema.org\",\"@graph\":[{\"@type\":\"WebPage\",\"@id\":\"https:\/\/ondauno.com.ar\/index.php\/2025\/12\/02\/lanzan-la-temporada-de-playas-y-convocan-para-cubrir-servicios-turisticos\/\",\"url\":\"https:\/\/ondauno.com.ar\/index.php\/2025\/12\/02\/lanzan-la-temporada-de-playas-y-convocan-para-cubrir-servicios-turisticos\/\",\"name\":\"Lanzan la temporada de playas y convocan para cubrir servicios tur\u00edsticos - 103.9 fm\",\"isPartOf\":{\"@id\":\"https:\/\/ondauno.com.ar\/#website\"},\"primaryImageOfPage\":{\"@id\":\"https:\/\/ondauno.com.ar\/index.php\/2025\/12\/02\/lanzan-la-temporada-de-playas-y-convocan-para-cubrir-servicios-turisticos\/#primaryimage\"},\"image\":{\"@id\":\"https:\/\/ondauno.com.ar\/index.php\/2025\/12\/02\/lanzan-la-temporada-de-playas-y-convocan-para-cubrir-servicios-turisticos\/#primaryimage\"},\"thumbnailUrl\":\"https:\/\/ondauno.com.ar\/wp-content\/uploads\/2025\/06\/WhatsApp-Image-2025-06-04-at-19.59.42-1.jpeg\",\"datePublished\":\"2025-12-03T00:45:51+00:00\",\"dateModified\":\"2025-12-03T00:45:55+00:00\",\"author\":{\"@id\":\"https:\/\/ondauno.com.ar\/#\/schema\/person\/7ec851ddeceb4133d7d7132dc645714e\"},\"breadcrumb\":{\"@id\":\"https:\/\/ondauno.com.ar\/index.php\/2025\/12\/02\/lanzan-la-temporada-de-playas-y-convocan-para-cubrir-servicios-turisticos\/#breadcrumb\"},\"inLanguage\":\"es-AR\",\"potentialAction\":[{\"@type\":\"ReadAction\",\"target\":[\"https:\/\/ondauno.com.ar\/index.php\/2025\/12\/02\/lanzan-la-temporada-de-playas-y-convocan-para-cubrir-servicios-turisticos\/\"]}]},{\"@type\":\"ImageObject\",\"inLanguage\":\"es-AR\",\"@id\":\"https:\/\/ondauno.com.ar\/index.php\/2025\/12\/02\/lanzan-la-temporada-de-playas-y-convocan-para-cubrir-servicios-turisticos\/#primaryimage\",\"url\":\"https:\/\/ondauno.com.ar\/wp-content\/uploads\/2025\/06\/WhatsApp-Image-2025-06-04-at-19.59.42-1.jpeg\",\"contentUrl\":\"https:\/\/ondauno.com.ar\/wp-content\/uploads\/2025\/06\/WhatsApp-Image-2025-06-04-at-19.59.42-1.jpeg\",\"width\":1600,\"height\":1204},{\"@type\":\"BreadcrumbList\",\"@id\":\"https:\/\/ondauno.com.ar\/index.php\/2025\/12\/02\/lanzan-la-temporada-de-playas-y-convocan-para-cubrir-servicios-turisticos\/#breadcrumb\",\"itemListElement\":[{\"@type\":\"ListItem\",\"position\":1,\"name\":\"Inicio\",\"item\":\"https:\/\/ondauno.com.ar\/\"},{\"@type\":\"ListItem\",\"position\":2,\"name\":\"Lanzan la temporada de playas y convocan para cubrir servicios tur\u00edsticos\"}]},{\"@type\":\"WebSite\",\"@id\":\"https:\/\/ondauno.com.ar\/#website\",\"url\":\"https:\/\/ondauno.com.ar\/\",\"name\":\"103.9 fm\",\"description\":\"LA PRIMERA RADIO MULTIMEDIA DE TRES ARROYOS\",\"potentialAction\":[{\"@type\":\"SearchAction\",\"target\":{\"@type\":\"EntryPoint\",\"urlTemplate\":\"https:\/\/ondauno.com.ar\/?s={search_term_string}\"},\"query-input\":\"required name=search_term_string\"}],\"inLanguage\":\"es-AR\"},{\"@type\":\"Person\",\"@id\":\"https:\/\/ondauno.com.ar\/#\/schema\/person\/7ec851ddeceb4133d7d7132dc645714e\",\"name\":\"OndaUno\",\"image\":{\"@type\":\"ImageObject\",\"inLanguage\":\"es-AR\",\"@id\":\"https:\/\/ondauno.com.ar\/#\/schema\/person\/image\/\",\"url\":\"https:\/\/secure.gravatar.com\/avatar\/93b8009f0de7021f1feb2bd5b32fb9e8?s=96&d=mm&r=g\",\"contentUrl\":\"https:\/\/secure.gravatar.com\/avatar\/93b8009f0de7021f1feb2bd5b32fb9e8?s=96&d=mm&r=g\",\"caption\":\"OndaUno\"},\"url\":\"https:\/\/ondauno.com.ar\/index.php\/author\/ondauno\/\"}]}<\/script>\n<!-- \/ Yoast SEO plugin. -->","yoast_head_json":{"title":"Lanzan la temporada de playas y convocan para cubrir servicios tur\u00edsticos - 103.9 fm","robots":{"index":"index","follow":"follow","max-snippet":"max-snippet:-1","max-image-preview":"max-image-preview:large","max-video-preview":"max-video-preview:-1"},"canonical":"https:\/\/ondauno.com.ar\/index.php\/2025\/12\/02\/lanzan-la-temporada-de-playas-y-convocan-para-cubrir-servicios-turisticos\/","og_locale":"es_ES","og_type":"article","og_title":"Lanzan la temporada de playas y convocan para cubrir servicios tur\u00edsticos - 103.9 fm","og_description":"En Cosas que pasan, Carolina Goicoechea, directora de Turismo de Tres Arroyos, adelant\u00f3 c\u00f3mo se preparan las localidades balnearias para el inicio de la temporada, que tendr\u00e1 inauguraciones en Reta, Claromec\u00f3 y Orense durante este fin de semana largo. \u201cYa estamos en diciembre, ya se siente el calor y el esp\u00edritu de temporada\u201d, se\u00f1al\u00f3. Y [&hellip;]","og_url":"https:\/\/ondauno.com.ar\/index.php\/2025\/12\/02\/lanzan-la-temporada-de-playas-y-convocan-para-cubrir-servicios-turisticos\/","og_site_name":"103.9 fm","article_publisher":"https:\/\/www.facebook.com\/ondauno103.9","article_published_time":"2025-12-03T00:45:51+00:00","article_modified_time":"2025-12-03T00:45:55+00:00","og_image":[{"width":1600,"height":1204,"url":"http:\/\/ondauno.com.ar\/wp-content\/uploads\/2025\/06\/WhatsApp-Image-2025-06-04-at-19.59.42-1.jpeg","type":"image\/jpeg"}],"author":"OndaUno","twitter_card":"summary_large_image","twitter_misc":{"Escrito por":"OndaUno","Tiempo de lectura":"2 minutos"},"schema":{"@context":"https:\/\/schema.org","@graph":[{"@type":"WebPage","@id":"https:\/\/ondauno.com.ar\/index.php\/2025\/12\/02\/lanzan-la-temporada-de-playas-y-convocan-para-cubrir-servicios-turisticos\/","url":"https:\/\/ondauno.com.ar\/index.php\/2025\/12\/02\/lanzan-la-temporada-de-playas-y-convocan-para-cubrir-servicios-turisticos\/","name":"Lanzan la temporada de playas y convocan para cubrir servicios tur\u00edsticos - 103.9 fm","isPartOf":{"@id":"https:\/\/ondauno.com.ar\/#website"},"primaryImageOfPage":{"@id":"https:\/\/ondauno.com.ar\/index.php\/2025\/12\/02\/lanzan-la-temporada-de-playas-y-convocan-para-cubrir-servicios-turisticos\/#primaryimage"},"image":{"@id":"https:\/\/ondauno.com.ar\/index.php\/2025\/12\/02\/lanzan-la-temporada-de-playas-y-convocan-para-cubrir-servicios-turisticos\/#primaryimage"},"thumbnailUrl":"https:\/\/ondauno.com.ar\/wp-content\/uploads\/2025\/06\/WhatsApp-Image-2025-06-04-at-19.59.42-1.jpeg","datePublished":"2025-12-03T00:45:51+00:00","dateModified":"2025-12-03T00:45:55+00:00","author":{"@id":"https:\/\/ondauno.com.ar\/#\/schema\/person\/7ec851ddeceb4133d7d7132dc645714e"},"breadcrumb":{"@id":"https:\/\/ondauno.com.ar\/index.php\/2025\/12\/02\/lanzan-la-temporada-de-playas-y-convocan-para-cubrir-servicios-turisticos\/#breadcrumb"},"inLanguage":"es-AR","potentialAction":[{"@type":"ReadAction","target":["https:\/\/ondauno.com.ar\/index.php\/2025\/12\/02\/lanzan-la-temporada-de-playas-y-convocan-para-cubrir-servicios-turisticos\/"]}]},{"@type":"ImageObject","inLanguage":"es-AR","@id":"https:\/\/ondauno.com.ar\/index.php\/2025\/12\/02\/lanzan-la-temporada-de-playas-y-convocan-para-cubrir-servicios-turisticos\/#primaryimage","url":"https:\/\/ondauno.com.ar\/wp-content\/uploads\/2025\/06\/WhatsApp-Image-2025-06-04-at-19.59.42-1.jpeg","contentUrl":"https:\/\/ondauno.com.ar\/wp-content\/uploads\/2025\/06\/WhatsApp-Image-2025-06-04-at-19.59.42-1.jpeg","width":1600,"height":1204},{"@type":"BreadcrumbList","@id":"https:\/\/ondauno.com.ar\/index.php\/2025\/12\/02\/lanzan-la-temporada-de-playas-y-convocan-para-cubrir-servicios-turisticos\/#breadcrumb","itemListElement":[{"@type":"ListItem","position":1,"name":"Inicio","item":"https:\/\/ondauno.com.ar\/"},{"@type":"ListItem","position":2,"name":"Lanzan la temporada de playas y convocan para cubrir servicios tur\u00edsticos"}]},{"@type":"WebSite","@id":"https:\/\/ondauno.com.ar\/#website","url":"https:\/\/ondauno.com.ar\/","name":"103.9 fm","description":"LA PRIMERA RADIO MULTIMEDIA DE TRES ARROYOS","potentialAction":[{"@type":"SearchAction","target":{"@type":"EntryPoint","urlTemplate":"https:\/\/ondauno.com.ar\/?s={search_term_string}"},"query-input":"required name=search_term_string"}],"inLanguage":"es-AR"},{"@type":"Person","@id":"https:\/\/ondauno.com.ar\/#\/schema\/person\/7ec851ddeceb4133d7d7132dc645714e","name":"OndaUno","image":{"@type":"ImageObject","inLanguage":"es-AR","@id":"https:\/\/ondauno.com.ar\/#\/schema\/person\/image\/","url":"https:\/\/secure.gravatar.com\/avatar\/93b8009f0de7021f1feb2bd5b32fb9e8?s=96&d=mm&r=g","contentUrl":"https:\/\/secure.gravatar.com\/avatar\/93b8009f0de7021f1feb2bd5b32fb9e8?s=96&d=mm&r=g","caption":"OndaUno"},"url":"https:\/\/ondauno.com.ar\/index.php\/author\/ondauno\/"}]}},"jetpack_publicize_connections":[],"jetpack_featured_media_url":"https:\/\/ondauno.com.ar\/wp-content\/uploads\/2025\/06\/WhatsApp-Image-2025-06-04-at-19.59.42-1.jpeg","jetpack_sharing_enabled":true,"_links":{"self":[{"href":"https:\/\/ondauno.com.ar\/index.php\/wp-json\/wp\/v2\/posts\/62138","targetHints":{"allow":["GET"]}}],"collection":[{"href":"https:\/\/ondauno.com.ar\/index.php\/wp-json\/wp\/v2\/posts"}],"about":[{"href":"https:\/\/ondauno.com.ar\/index.php\/wp-json\/wp\/v2\/types\/post"}],"author":[{"embeddable":true,"href":"https:\/\/ondauno.com.ar\/index.php\/wp-json\/wp\/v2\/users\/1"}],"replies":[{"embeddable":true,"href":"https:\/\/ondauno.com.ar\/index.php\/wp-json\/wp\/v2\/comments?post=62138"}],"version-history":[{"count":1,"href":"https:\/\/ondauno.com.ar\/index.php\/wp-json\/wp\/v2\/posts\/62138\/revisions"}],"predecessor-version":[{"id":62139,"href":"https:\/\/ondauno.com.ar\/index.php\/wp-json\/wp\/v2\/posts\/62138\/revisions\/62139"}],"wp:featuredmedia":[{"embeddable":true,"href":"https:\/\/ondauno.com.ar\/index.php\/wp-json\/wp\/v2\/media\/57323"}],"wp:attachment":[{"href":"https:\/\/ondauno.com.ar\/index.php\/wp-json\/wp\/v2\/media?parent=62138"}],"wp:term":[{"taxonomy":"category","embeddable":true,"href":"https:\/\/ondauno.com.ar\/index.php\/wp-json\/wp\/v2\/categories?post=62138"},{"taxonomy":"post_tag","embeddable":true,"href":"https:\/\/ondauno.com.ar\/index.php\/wp-json\/wp\/v2\/tags?post=62138"}],"curies":[{"name":"wp","href":"https:\/\/api.w.org\/{rel}","templated":true}]}}