{"id":62132,"date":"2025-12-02T21:40:10","date_gmt":"2025-12-03T00:40:10","guid":{"rendered":"https:\/\/ondauno.com.ar\/?p=62132"},"modified":"2025-12-02T21:40:13","modified_gmt":"2025-12-03T00:40:13","slug":"vih-como-se-aborda-hoy-la-prevencion-y-el-tratamiento-en-tres-arroyos","status":"publish","type":"post","link":"https:\/\/ondauno.com.ar\/index.php\/2025\/12\/02\/vih-como-se-aborda-hoy-la-prevencion-y-el-tratamiento-en-tres-arroyos\/","title":{"rendered":"VIH: c\u00f3mo se aborda hoy la prevenci\u00f3n y el tratamiento en Tres Arroyos"},"content":{"rendered":"<div class=\"ondau-before-content_3\" style=\"margin-top: -30px;\" id=\"ondau-1776009985\"><a href=\"https:\/\/www.lps.com.ar\/\" aria-label=\"la-perse2\"><img loading=\"lazy\" decoding=\"async\" src=\"https:\/\/ondauno.com.ar\/wp-content\/uploads\/2021\/10\/la-perse2.jpg\" alt=\"\"  srcset=\"https:\/\/ondauno.com.ar\/wp-content\/uploads\/2021\/10\/la-perse2.jpg 1353w, https:\/\/ondauno.com.ar\/wp-content\/uploads\/2021\/10\/la-perse2-300x43.jpg 300w, https:\/\/ondauno.com.ar\/wp-content\/uploads\/2021\/10\/la-perse2-1024x148.jpg 1024w, https:\/\/ondauno.com.ar\/wp-content\/uploads\/2021\/10\/la-perse2-768x111.jpg 768w, https:\/\/ondauno.com.ar\/wp-content\/uploads\/2021\/10\/la-perse2-696x100.jpg 696w, https:\/\/ondauno.com.ar\/wp-content\/uploads\/2021\/10\/la-perse2-1068x154.jpg 1068w\" sizes=\"(max-width: 1353px) 100vw, 1353px\" class=\"no-lazyload\" width=\"1353\" height=\"195\"  style=\"display: inline-block;\" \/><\/a><\/div>\n<p>En Cosas que pasan, la licenciada Luciana Cattanio, integrante del consultorio de Medicina Preventiva del Hospital Pirovano, explic\u00f3 c\u00f3mo ha cambiado la mirada sobre el VIH y cu\u00e1l es la situaci\u00f3n actual en materia de diagn\u00f3sticos y acceso al tratamiento.<\/p>\n\n\n\n<p>Se\u00f1al\u00f3 que a diferencia de a\u00f1os atr\u00e1s hoy el VIH se aborda desde una perspectiva de no estigmatizaci\u00f3n. \u201cTodav\u00eda se sigue asociando al VIH igual a muerte, y en realidad hoy la expectativa de vida de las personas que viven con VIH es muy lejana, gracias a los tratamientos antirretrovirales\u201d, afirm\u00f3. Agreg\u00f3 que estos f\u00e1rmacos permiten que el virus se mantenga \u201ccasi indetectable en sangre\u201d, lo que garantiza una vida prolongada y saludable.<\/p>\n\n\n\n<p>Respecto a la situaci\u00f3n local detall\u00f3 que \u201cel a\u00f1o pasado tuvimos 12 diagn\u00f3sticos nuevos de VIH, y este a\u00f1o nueve\u201d, cifras que se mantienen estables. En contraposici\u00f3n, advirti\u00f3 que \u201cla s\u00edfilis s\u00ed es una enfermedad que ha estado en aumento\u201d.<\/p>\n\n\n\n<p>Sobre el acceso a la medicaci\u00f3n, explic\u00f3 que \u201cel tratamiento es una pastilla por d\u00eda, todos los d\u00edas\u201d y destac\u00f3 que quienes se atienden en el sistema p\u00fablico reciben la medicaci\u00f3n \u201csin ning\u00fan costo, porque llega directamente al hospital a trav\u00e9s del programa del Ministerio de Salud\u201d. Adem\u00e1s record\u00f3 que \u201clas obras sociales, por ley, deben cubrir el 100% del tratamiento antirretroviral\u201d.<\/p>\n\n\n\n<p>Cattanio remarc\u00f3 que la principal v\u00eda de transmisi\u00f3n tanto del VIH como de la s\u00edfilis son las relaciones sexuales sin protecci\u00f3n. \u201cEl \u00fanico m\u00e9todo de barrera para prevenir las ITS es el uso del preservativo\u201d, subray\u00f3. Tambi\u00e9n indic\u00f3 que el VIH puede tardar \u201chasta diez a\u00f1os en dar s\u00edntomas\u201d, por lo que insisti\u00f3 en la importancia de testearse ante cualquier pr\u00e1ctica de riesgo. En cuanto a la s\u00edfilis, dijo que su lesi\u00f3n caracter\u00edstica \u201ces un chancro, una lastimadura que aparece en el sitio de contagio y que debe ser motivo de consulta inmediata\u201d.<\/p>\n\n\n\n<p>Consultada sobre los perfiles de las personas que contraen VIH, fue contundente: \u201cHoy no hablamos de caracter\u00edsticas o clases sociales, sino de pr\u00e1cticas no cuidadas. Toda persona sexualmente activa est\u00e1 expuesta si no usa m\u00e9todos de barrera\u201d.<\/p>\n\n\n\n<p>Por \u00faltimo destac\u00f3 la importancia del enfoque actual: \u201cTrabajamos para desmitificar el VIH y evitar la estigmatizaci\u00f3n. Las pr\u00e1cticas no cuidadas pueden ocurrir en cualquier persona\u201d.<\/p>\n\n\n\n<p>Pod\u00e9s escuchar la nota completa en el siguiente link:<\/p>\n\n\n\n<figure class=\"wp-block-embed is-type-video is-provider-youtube wp-block-embed-youtube wp-embed-aspect-16-9 wp-has-aspect-ratio\"><div class=\"wp-block-embed__wrapper\">\n<div class=\"youtube-embed\" data-video_id=\"KLTrh79Z73M\"><iframe loading=\"lazy\" title=\"Onda Uno 103.9 en vivo\" width=\"696\" height=\"392\" data-src=\"https:\/\/www.youtube.com\/embed\/KLTrh79Z73M?start=9&#038;feature=oembed\" frameborder=\"0\" allow=\"accelerometer; autoplay; clipboard-write; encrypted-media; gyroscope; picture-in-picture; web-share\" referrerpolicy=\"strict-origin-when-cross-origin\" allowfullscreen src=\"data:image\/gif;base64,R0lGODlhAQABAAAAACH5BAEKAAEALAAAAAABAAEAAAICTAEAOw==\" class=\"lazyload\" data-load-mode=\"1\"><\/iframe><\/div>\n<\/div><\/figure>\n","protected":false},"excerpt":{"rendered":"<p>En Cosas que pasan, la licenciada Luciana Cattanio, integrante del consultorio de Medicina Preventiva del Hospital Pirovano, explic\u00f3 c\u00f3mo ha cambiado la mirada sobre el VIH y cu\u00e1l es la situaci\u00f3n actual en materia de diagn\u00f3sticos y acceso al tratamiento. Se\u00f1al\u00f3 que a diferencia de a\u00f1os atr\u00e1s hoy el VIH se aborda desde una perspectiva [&hellip;]<\/p>\n","protected":false},"author":1,"featured_media":62133,"comment_status":"open","ping_status":"open","sticky":false,"template":"","format":"standard","meta":{"tdm_status":"","tdm_grid_status":"","_jetpack_memberships_contains_paid_content":false,"footnotes":"","jetpack_publicize_message":"","jetpack_publicize_feature_enabled":true,"jetpack_social_post_already_shared":true,"jetpack_social_options":{"image_generator_settings":{"template":"highway","default_image_id":0,"font":"","enabled":false},"version":2}},"categories":[2],"tags":[],"class_list":{"0":"post-62132","1":"post","2":"type-post","3":"status-publish","4":"format-standard","5":"has-post-thumbnail","7":"category-locales"},"yoast_head":"<!-- This site is optimized with the Yoast SEO plugin v22.7 - https:\/\/yoast.com\/wordpress\/plugins\/seo\/ -->\n<title>VIH: c\u00f3mo se aborda hoy la prevenci\u00f3n y el tratamiento en Tres Arroyos - 103.9 fm<\/title>\n<meta name=\"robots\" content=\"index, follow, max-snippet:-1, max-image-preview:large, max-video-preview:-1\" \/>\n<link rel=\"canonical\" href=\"https:\/\/ondauno.com.ar\/index.php\/2025\/12\/02\/vih-como-se-aborda-hoy-la-prevencion-y-el-tratamiento-en-tres-arroyos\/\" \/>\n<meta property=\"og:locale\" content=\"es_ES\" \/>\n<meta property=\"og:type\" content=\"article\" \/>\n<meta property=\"og:title\" content=\"VIH: c\u00f3mo se aborda hoy la prevenci\u00f3n y el tratamiento en Tres Arroyos - 103.9 fm\" \/>\n<meta property=\"og:description\" content=\"En Cosas que pasan, la licenciada Luciana Cattanio, integrante del consultorio de Medicina Preventiva del Hospital Pirovano, explic\u00f3 c\u00f3mo ha cambiado la mirada sobre el VIH y cu\u00e1l es la situaci\u00f3n actual en materia de diagn\u00f3sticos y acceso al tratamiento. Se\u00f1al\u00f3 que a diferencia de a\u00f1os atr\u00e1s hoy el VIH se aborda desde una perspectiva [&hellip;]\" \/>\n<meta property=\"og:url\" content=\"https:\/\/ondauno.com.ar\/index.php\/2025\/12\/02\/vih-como-se-aborda-hoy-la-prevencion-y-el-tratamiento-en-tres-arroyos\/\" \/>\n<meta property=\"og:site_name\" content=\"103.9 fm\" \/>\n<meta property=\"article:publisher\" content=\"https:\/\/www.facebook.com\/ondauno103.9\" \/>\n<meta property=\"article:published_time\" content=\"2025-12-03T00:40:10+00:00\" \/>\n<meta property=\"article:modified_time\" content=\"2025-12-03T00:40:13+00:00\" \/>\n<meta property=\"og:image\" content=\"http:\/\/ondauno.com.ar\/wp-content\/uploads\/2025\/12\/Captura-de-pantalla-2025-12-02-213850.png\" \/>\n\t<meta property=\"og:image:width\" content=\"288\" \/>\n\t<meta property=\"og:image:height\" content=\"325\" \/>\n\t<meta property=\"og:image:type\" content=\"image\/png\" \/>\n<meta name=\"author\" content=\"OndaUno\" \/>\n<meta name=\"twitter:card\" content=\"summary_large_image\" \/>\n<meta name=\"twitter:label1\" content=\"Escrito por\" \/>\n\t<meta name=\"twitter:data1\" content=\"OndaUno\" \/>\n\t<meta name=\"twitter:label2\" content=\"Tiempo de lectura\" \/>\n\t<meta name=\"twitter:data2\" content=\"2 minutos\" \/>\n<script type=\"application\/ld+json\" class=\"yoast-schema-graph\">{\"@context\":\"https:\/\/schema.org\",\"@graph\":[{\"@type\":\"WebPage\",\"@id\":\"https:\/\/ondauno.com.ar\/index.php\/2025\/12\/02\/vih-como-se-aborda-hoy-la-prevencion-y-el-tratamiento-en-tres-arroyos\/\",\"url\":\"https:\/\/ondauno.com.ar\/index.php\/2025\/12\/02\/vih-como-se-aborda-hoy-la-prevencion-y-el-tratamiento-en-tres-arroyos\/\",\"name\":\"VIH: c\u00f3mo se aborda hoy la prevenci\u00f3n y el tratamiento en Tres Arroyos - 103.9 fm\",\"isPartOf\":{\"@id\":\"https:\/\/ondauno.com.ar\/#website\"},\"primaryImageOfPage\":{\"@id\":\"https:\/\/ondauno.com.ar\/index.php\/2025\/12\/02\/vih-como-se-aborda-hoy-la-prevencion-y-el-tratamiento-en-tres-arroyos\/#primaryimage\"},\"image\":{\"@id\":\"https:\/\/ondauno.com.ar\/index.php\/2025\/12\/02\/vih-como-se-aborda-hoy-la-prevencion-y-el-tratamiento-en-tres-arroyos\/#primaryimage\"},\"thumbnailUrl\":\"https:\/\/ondauno.com.ar\/wp-content\/uploads\/2025\/12\/Captura-de-pantalla-2025-12-02-213850.png\",\"datePublished\":\"2025-12-03T00:40:10+00:00\",\"dateModified\":\"2025-12-03T00:40:13+00:00\",\"author\":{\"@id\":\"https:\/\/ondauno.com.ar\/#\/schema\/person\/7ec851ddeceb4133d7d7132dc645714e\"},\"breadcrumb\":{\"@id\":\"https:\/\/ondauno.com.ar\/index.php\/2025\/12\/02\/vih-como-se-aborda-hoy-la-prevencion-y-el-tratamiento-en-tres-arroyos\/#breadcrumb\"},\"inLanguage\":\"es-AR\",\"potentialAction\":[{\"@type\":\"ReadAction\",\"target\":[\"https:\/\/ondauno.com.ar\/index.php\/2025\/12\/02\/vih-como-se-aborda-hoy-la-prevencion-y-el-tratamiento-en-tres-arroyos\/\"]}]},{\"@type\":\"ImageObject\",\"inLanguage\":\"es-AR\",\"@id\":\"https:\/\/ondauno.com.ar\/index.php\/2025\/12\/02\/vih-como-se-aborda-hoy-la-prevencion-y-el-tratamiento-en-tres-arroyos\/#primaryimage\",\"url\":\"https:\/\/ondauno.com.ar\/wp-content\/uploads\/2025\/12\/Captura-de-pantalla-2025-12-02-213850.png\",\"contentUrl\":\"https:\/\/ondauno.com.ar\/wp-content\/uploads\/2025\/12\/Captura-de-pantalla-2025-12-02-213850.png\",\"width\":288,\"height\":325},{\"@type\":\"BreadcrumbList\",\"@id\":\"https:\/\/ondauno.com.ar\/index.php\/2025\/12\/02\/vih-como-se-aborda-hoy-la-prevencion-y-el-tratamiento-en-tres-arroyos\/#breadcrumb\",\"itemListElement\":[{\"@type\":\"ListItem\",\"position\":1,\"name\":\"Inicio\",\"item\":\"https:\/\/ondauno.com.ar\/\"},{\"@type\":\"ListItem\",\"position\":2,\"name\":\"VIH: c\u00f3mo se aborda hoy la prevenci\u00f3n y el tratamiento en Tres Arroyos\"}]},{\"@type\":\"WebSite\",\"@id\":\"https:\/\/ondauno.com.ar\/#website\",\"url\":\"https:\/\/ondauno.com.ar\/\",\"name\":\"103.9 fm\",\"description\":\"LA PRIMERA RADIO MULTIMEDIA DE TRES ARROYOS\",\"potentialAction\":[{\"@type\":\"SearchAction\",\"target\":{\"@type\":\"EntryPoint\",\"urlTemplate\":\"https:\/\/ondauno.com.ar\/?s={search_term_string}\"},\"query-input\":\"required name=search_term_string\"}],\"inLanguage\":\"es-AR\"},{\"@type\":\"Person\",\"@id\":\"https:\/\/ondauno.com.ar\/#\/schema\/person\/7ec851ddeceb4133d7d7132dc645714e\",\"name\":\"OndaUno\",\"image\":{\"@type\":\"ImageObject\",\"inLanguage\":\"es-AR\",\"@id\":\"https:\/\/ondauno.com.ar\/#\/schema\/person\/image\/\",\"url\":\"https:\/\/secure.gravatar.com\/avatar\/93b8009f0de7021f1feb2bd5b32fb9e8?s=96&d=mm&r=g\",\"contentUrl\":\"https:\/\/secure.gravatar.com\/avatar\/93b8009f0de7021f1feb2bd5b32fb9e8?s=96&d=mm&r=g\",\"caption\":\"OndaUno\"},\"url\":\"https:\/\/ondauno.com.ar\/index.php\/author\/ondauno\/\"}]}<\/script>\n<!-- \/ Yoast SEO plugin. -->","yoast_head_json":{"title":"VIH: c\u00f3mo se aborda hoy la prevenci\u00f3n y el tratamiento en Tres Arroyos - 103.9 fm","robots":{"index":"index","follow":"follow","max-snippet":"max-snippet:-1","max-image-preview":"max-image-preview:large","max-video-preview":"max-video-preview:-1"},"canonical":"https:\/\/ondauno.com.ar\/index.php\/2025\/12\/02\/vih-como-se-aborda-hoy-la-prevencion-y-el-tratamiento-en-tres-arroyos\/","og_locale":"es_ES","og_type":"article","og_title":"VIH: c\u00f3mo se aborda hoy la prevenci\u00f3n y el tratamiento en Tres Arroyos - 103.9 fm","og_description":"En Cosas que pasan, la licenciada Luciana Cattanio, integrante del consultorio de Medicina Preventiva del Hospital Pirovano, explic\u00f3 c\u00f3mo ha cambiado la mirada sobre el VIH y cu\u00e1l es la situaci\u00f3n actual en materia de diagn\u00f3sticos y acceso al tratamiento. Se\u00f1al\u00f3 que a diferencia de a\u00f1os atr\u00e1s hoy el VIH se aborda desde una perspectiva [&hellip;]","og_url":"https:\/\/ondauno.com.ar\/index.php\/2025\/12\/02\/vih-como-se-aborda-hoy-la-prevencion-y-el-tratamiento-en-tres-arroyos\/","og_site_name":"103.9 fm","article_publisher":"https:\/\/www.facebook.com\/ondauno103.9","article_published_time":"2025-12-03T00:40:10+00:00","article_modified_time":"2025-12-03T00:40:13+00:00","og_image":[{"width":288,"height":325,"url":"http:\/\/ondauno.com.ar\/wp-content\/uploads\/2025\/12\/Captura-de-pantalla-2025-12-02-213850.png","type":"image\/png"}],"author":"OndaUno","twitter_card":"summary_large_image","twitter_misc":{"Escrito por":"OndaUno","Tiempo de lectura":"2 minutos"},"schema":{"@context":"https:\/\/schema.org","@graph":[{"@type":"WebPage","@id":"https:\/\/ondauno.com.ar\/index.php\/2025\/12\/02\/vih-como-se-aborda-hoy-la-prevencion-y-el-tratamiento-en-tres-arroyos\/","url":"https:\/\/ondauno.com.ar\/index.php\/2025\/12\/02\/vih-como-se-aborda-hoy-la-prevencion-y-el-tratamiento-en-tres-arroyos\/","name":"VIH: c\u00f3mo se aborda hoy la prevenci\u00f3n y el tratamiento en Tres Arroyos - 103.9 fm","isPartOf":{"@id":"https:\/\/ondauno.com.ar\/#website"},"primaryImageOfPage":{"@id":"https:\/\/ondauno.com.ar\/index.php\/2025\/12\/02\/vih-como-se-aborda-hoy-la-prevencion-y-el-tratamiento-en-tres-arroyos\/#primaryimage"},"image":{"@id":"https:\/\/ondauno.com.ar\/index.php\/2025\/12\/02\/vih-como-se-aborda-hoy-la-prevencion-y-el-tratamiento-en-tres-arroyos\/#primaryimage"},"thumbnailUrl":"https:\/\/ondauno.com.ar\/wp-content\/uploads\/2025\/12\/Captura-de-pantalla-2025-12-02-213850.png","datePublished":"2025-12-03T00:40:10+00:00","dateModified":"2025-12-03T00:40:13+00:00","author":{"@id":"https:\/\/ondauno.com.ar\/#\/schema\/person\/7ec851ddeceb4133d7d7132dc645714e"},"breadcrumb":{"@id":"https:\/\/ondauno.com.ar\/index.php\/2025\/12\/02\/vih-como-se-aborda-hoy-la-prevencion-y-el-tratamiento-en-tres-arroyos\/#breadcrumb"},"inLanguage":"es-AR","potentialAction":[{"@type":"ReadAction","target":["https:\/\/ondauno.com.ar\/index.php\/2025\/12\/02\/vih-como-se-aborda-hoy-la-prevencion-y-el-tratamiento-en-tres-arroyos\/"]}]},{"@type":"ImageObject","inLanguage":"es-AR","@id":"https:\/\/ondauno.com.ar\/index.php\/2025\/12\/02\/vih-como-se-aborda-hoy-la-prevencion-y-el-tratamiento-en-tres-arroyos\/#primaryimage","url":"https:\/\/ondauno.com.ar\/wp-content\/uploads\/2025\/12\/Captura-de-pantalla-2025-12-02-213850.png","contentUrl":"https:\/\/ondauno.com.ar\/wp-content\/uploads\/2025\/12\/Captura-de-pantalla-2025-12-02-213850.png","width":288,"height":325},{"@type":"BreadcrumbList","@id":"https:\/\/ondauno.com.ar\/index.php\/2025\/12\/02\/vih-como-se-aborda-hoy-la-prevencion-y-el-tratamiento-en-tres-arroyos\/#breadcrumb","itemListElement":[{"@type":"ListItem","position":1,"name":"Inicio","item":"https:\/\/ondauno.com.ar\/"},{"@type":"ListItem","position":2,"name":"VIH: c\u00f3mo se aborda hoy la prevenci\u00f3n y el tratamiento en Tres Arroyos"}]},{"@type":"WebSite","@id":"https:\/\/ondauno.com.ar\/#website","url":"https:\/\/ondauno.com.ar\/","name":"103.9 fm","description":"LA PRIMERA RADIO MULTIMEDIA DE TRES ARROYOS","potentialAction":[{"@type":"SearchAction","target":{"@type":"EntryPoint","urlTemplate":"https:\/\/ondauno.com.ar\/?s={search_term_string}"},"query-input":"required name=search_term_string"}],"inLanguage":"es-AR"},{"@type":"Person","@id":"https:\/\/ondauno.com.ar\/#\/schema\/person\/7ec851ddeceb4133d7d7132dc645714e","name":"OndaUno","image":{"@type":"ImageObject","inLanguage":"es-AR","@id":"https:\/\/ondauno.com.ar\/#\/schema\/person\/image\/","url":"https:\/\/secure.gravatar.com\/avatar\/93b8009f0de7021f1feb2bd5b32fb9e8?s=96&d=mm&r=g","contentUrl":"https:\/\/secure.gravatar.com\/avatar\/93b8009f0de7021f1feb2bd5b32fb9e8?s=96&d=mm&r=g","caption":"OndaUno"},"url":"https:\/\/ondauno.com.ar\/index.php\/author\/ondauno\/"}]}},"jetpack_publicize_connections":[],"jetpack_featured_media_url":"https:\/\/ondauno.com.ar\/wp-content\/uploads\/2025\/12\/Captura-de-pantalla-2025-12-02-213850.png","jetpack_sharing_enabled":true,"_links":{"self":[{"href":"https:\/\/ondauno.com.ar\/index.php\/wp-json\/wp\/v2\/posts\/62132","targetHints":{"allow":["GET"]}}],"collection":[{"href":"https:\/\/ondauno.com.ar\/index.php\/wp-json\/wp\/v2\/posts"}],"about":[{"href":"https:\/\/ondauno.com.ar\/index.php\/wp-json\/wp\/v2\/types\/post"}],"author":[{"embeddable":true,"href":"https:\/\/ondauno.com.ar\/index.php\/wp-json\/wp\/v2\/users\/1"}],"replies":[{"embeddable":true,"href":"https:\/\/ondauno.com.ar\/index.php\/wp-json\/wp\/v2\/comments?post=62132"}],"version-history":[{"count":1,"href":"https:\/\/ondauno.com.ar\/index.php\/wp-json\/wp\/v2\/posts\/62132\/revisions"}],"predecessor-version":[{"id":62134,"href":"https:\/\/ondauno.com.ar\/index.php\/wp-json\/wp\/v2\/posts\/62132\/revisions\/62134"}],"wp:featuredmedia":[{"embeddable":true,"href":"https:\/\/ondauno.com.ar\/index.php\/wp-json\/wp\/v2\/media\/62133"}],"wp:attachment":[{"href":"https:\/\/ondauno.com.ar\/index.php\/wp-json\/wp\/v2\/media?parent=62132"}],"wp:term":[{"taxonomy":"category","embeddable":true,"href":"https:\/\/ondauno.com.ar\/index.php\/wp-json\/wp\/v2\/categories?post=62132"},{"taxonomy":"post_tag","embeddable":true,"href":"https:\/\/ondauno.com.ar\/index.php\/wp-json\/wp\/v2\/tags?post=62132"}],"curies":[{"name":"wp","href":"https:\/\/api.w.org\/{rel}","templated":true}]}}