{"id":61650,"date":"2025-11-09T15:15:57","date_gmt":"2025-11-09T18:15:57","guid":{"rendered":"https:\/\/ondauno.com.ar\/?p=61650"},"modified":"2025-11-09T15:16:01","modified_gmt":"2025-11-09T18:16:01","slug":"orense-celebra-su-aniversario-con-la-fiesta-del-criollito-asado","status":"publish","type":"post","link":"https:\/\/ondauno.com.ar\/index.php\/2025\/11\/09\/orense-celebra-su-aniversario-con-la-fiesta-del-criollito-asado\/","title":{"rendered":"Orense celebra su aniversario con la fiesta del Criollito Asado"},"content":{"rendered":"<div class=\"ondau-before-content_3\" style=\"margin-top: -30px;\" id=\"ondau-1342502721\"><a href=\"https:\/\/www.lps.com.ar\/\" aria-label=\"la-perse2\"><img loading=\"lazy\" decoding=\"async\" src=\"https:\/\/ondauno.com.ar\/wp-content\/uploads\/2021\/10\/la-perse2.jpg\" alt=\"\"  srcset=\"https:\/\/ondauno.com.ar\/wp-content\/uploads\/2021\/10\/la-perse2.jpg 1353w, https:\/\/ondauno.com.ar\/wp-content\/uploads\/2021\/10\/la-perse2-300x43.jpg 300w, https:\/\/ondauno.com.ar\/wp-content\/uploads\/2021\/10\/la-perse2-1024x148.jpg 1024w, https:\/\/ondauno.com.ar\/wp-content\/uploads\/2021\/10\/la-perse2-768x111.jpg 768w, https:\/\/ondauno.com.ar\/wp-content\/uploads\/2021\/10\/la-perse2-696x100.jpg 696w, https:\/\/ondauno.com.ar\/wp-content\/uploads\/2021\/10\/la-perse2-1068x154.jpg 1068w\" sizes=\"(max-width: 1353px) 100vw, 1353px\" class=\"no-lazyload\" width=\"1353\" height=\"195\"  style=\"display: inline-block;\" \/><\/a><\/div>\n<p>Este domingo se llevar\u00e1 a cabo una nueva edici\u00f3n de la Fiesta del Criollito Asado en Orense, en el marco del aniversario de la localidad. Por cuestiones clim\u00e1ticas, el evento \u2014que estaba previsto para este s\u00e1bado\u2014 fue reprogramado para el domingo y contar\u00e1 con espect\u00e1culos musicales, puestos gastron\u00f3micos y actividades para toda la familia.<\/p>\n\n\n\n<p>En Cosas que pasan, el delegado de Orense, Juli\u00e1n P\u00e9rez, explic\u00f3 que \u201cpor las condiciones clim\u00e1ticas se tom\u00f3 la decisi\u00f3n de pasarlo para el domingo. Tuvimos que hacer algunas modificaciones, no solo en cuanto al d\u00eda y los horarios, sino tambi\u00e9n con algunos artistas, pero la fiesta se va a realizar igual, con muchos espect\u00e1culos y una propuesta muy linda\u201d.<\/p>\n\n\n\n<p>El encuentro se desarrollar\u00e1 en el predio ubicado sobre la Ruta 72 y Josefina Pacheco de Riglos, en el acceso a la localidad. \u201cVamos a arrancar alrededor de las 10 o 11 de la ma\u00f1ana con el acto por el aniversario de Orense, donde va a estar el intendente y representantes de las instituciones. La idea es terminar un poco antes para que todos puedan disfrutar el domingo y descansar\u201d, se\u00f1al\u00f3 P\u00e9rez.<\/p>\n\n\n\n<p><br>La oferta gastron\u00f3mica volver\u00e1 a ser uno de los principales atractivos. \u201cEste a\u00f1o la venta de criollitos asados y chorizos estar\u00e1 a cargo del club Alumni, as\u00ed que tambi\u00e9n es una manera de colaborar con una instituci\u00f3n del pueblo\u201d, destac\u00f3 el delegado, quien agreg\u00f3 que \u201ctodas las instituciones y vecinos participan en la organizaci\u00f3n, lo que muestra el esp\u00edritu de comunidad que tenemos\u201d.<\/p>\n\n\n\n<p>P\u00e9rez cont\u00f3 adem\u00e1s que se esperan muchos visitantes y que habr\u00e1 una gran cantidad de puestos de artesanos y emprendedores. \u201cIncluso cambiando el d\u00eda, hubo mucha demanda de puestos. Es una manera de generar movimiento econ\u00f3mico en un momento complejo\u201d, se\u00f1al\u00f3.<\/p>\n\n\n\n<p><br>Por \u00faltimo, el delegado se refiri\u00f3 a la actualidad de la localidad y del balneario. \u201cOrense es un pueblo muy activo, con mucha actividad econ\u00f3mica. En el balneario estamos haciendo trabajos de mantenimiento, recambio de carteler\u00eda y preparando todo para la temporada\u201d, coment\u00f3.<\/p>\n\n\n\n<p>Pod\u00e9s escuchar la nota completa en el siguiente link:<\/p>\n\n\n\n<figure class=\"wp-block-embed is-type-video is-provider-youtube wp-block-embed-youtube wp-embed-aspect-16-9 wp-has-aspect-ratio\"><div class=\"wp-block-embed__wrapper\">\n<div class=\"youtube-embed\" data-video_id=\"fVkovZzXgy4\"><iframe loading=\"lazy\" title=\"Onda Uno 103.9 en vivo\" width=\"696\" height=\"392\" data-src=\"https:\/\/www.youtube.com\/embed\/fVkovZzXgy4?feature=oembed&#038;enablejsapi=1\" frameborder=\"0\" allow=\"accelerometer; autoplay; clipboard-write; encrypted-media; gyroscope; picture-in-picture; web-share\" referrerpolicy=\"strict-origin-when-cross-origin\" allowfullscreen src=\"data:image\/gif;base64,R0lGODlhAQABAAAAACH5BAEKAAEALAAAAAABAAEAAAICTAEAOw==\" class=\"lazyload\" data-load-mode=\"1\"><\/iframe><\/div>\n<\/div><\/figure>\n","protected":false},"excerpt":{"rendered":"<p>Este domingo se llevar\u00e1 a cabo una nueva edici\u00f3n de la Fiesta del Criollito Asado en Orense, en el marco del aniversario de la localidad. Por cuestiones clim\u00e1ticas, el evento \u2014que estaba previsto para este s\u00e1bado\u2014 fue reprogramado para el domingo y contar\u00e1 con espect\u00e1culos musicales, puestos gastron\u00f3micos y actividades para toda la familia. En [&hellip;]<\/p>\n","protected":false},"author":1,"featured_media":52586,"comment_status":"open","ping_status":"open","sticky":false,"template":"","format":"standard","meta":{"tdm_status":"","tdm_grid_status":"","_jetpack_memberships_contains_paid_content":false,"footnotes":"","jetpack_publicize_message":"","jetpack_publicize_feature_enabled":true,"jetpack_social_post_already_shared":true,"jetpack_social_options":{"image_generator_settings":{"template":"highway","default_image_id":0,"font":"","enabled":false},"version":2}},"categories":[2],"tags":[],"class_list":{"0":"post-61650","1":"post","2":"type-post","3":"status-publish","4":"format-standard","5":"has-post-thumbnail","7":"category-locales"},"yoast_head":"<!-- This site is optimized with the Yoast SEO plugin v22.7 - https:\/\/yoast.com\/wordpress\/plugins\/seo\/ -->\n<title>Orense celebra su aniversario con la fiesta del Criollito Asado - 103.9 fm<\/title>\n<meta name=\"robots\" content=\"index, follow, max-snippet:-1, max-image-preview:large, max-video-preview:-1\" \/>\n<link rel=\"canonical\" href=\"https:\/\/ondauno.com.ar\/index.php\/2025\/11\/09\/orense-celebra-su-aniversario-con-la-fiesta-del-criollito-asado\/\" \/>\n<meta property=\"og:locale\" content=\"es_ES\" \/>\n<meta property=\"og:type\" content=\"article\" \/>\n<meta property=\"og:title\" content=\"Orense celebra su aniversario con la fiesta del Criollito Asado - 103.9 fm\" \/>\n<meta property=\"og:description\" content=\"Este domingo se llevar\u00e1 a cabo una nueva edici\u00f3n de la Fiesta del Criollito Asado en Orense, en el marco del aniversario de la localidad. Por cuestiones clim\u00e1ticas, el evento \u2014que estaba previsto para este s\u00e1bado\u2014 fue reprogramado para el domingo y contar\u00e1 con espect\u00e1culos musicales, puestos gastron\u00f3micos y actividades para toda la familia. En [&hellip;]\" \/>\n<meta property=\"og:url\" content=\"https:\/\/ondauno.com.ar\/index.php\/2025\/11\/09\/orense-celebra-su-aniversario-con-la-fiesta-del-criollito-asado\/\" \/>\n<meta property=\"og:site_name\" content=\"103.9 fm\" \/>\n<meta property=\"article:publisher\" content=\"https:\/\/www.facebook.com\/ondauno103.9\" \/>\n<meta property=\"article:published_time\" content=\"2025-11-09T18:15:57+00:00\" \/>\n<meta property=\"article:modified_time\" content=\"2025-11-09T18:16:01+00:00\" \/>\n<meta property=\"og:image\" content=\"http:\/\/ondauno.com.ar\/wp-content\/uploads\/2024\/12\/431347740_954561122863384_8239282516666129146_n.jpg\" \/>\n\t<meta property=\"og:image:width\" content=\"649\" \/>\n\t<meta property=\"og:image:height\" content=\"510\" \/>\n\t<meta property=\"og:image:type\" content=\"image\/jpeg\" \/>\n<meta name=\"author\" content=\"OndaUno\" \/>\n<meta name=\"twitter:card\" content=\"summary_large_image\" \/>\n<meta name=\"twitter:label1\" content=\"Escrito por\" \/>\n\t<meta name=\"twitter:data1\" content=\"OndaUno\" \/>\n\t<meta name=\"twitter:label2\" content=\"Tiempo de lectura\" \/>\n\t<meta name=\"twitter:data2\" content=\"2 minutos\" \/>\n<script type=\"application\/ld+json\" class=\"yoast-schema-graph\">{\"@context\":\"https:\/\/schema.org\",\"@graph\":[{\"@type\":\"WebPage\",\"@id\":\"https:\/\/ondauno.com.ar\/index.php\/2025\/11\/09\/orense-celebra-su-aniversario-con-la-fiesta-del-criollito-asado\/\",\"url\":\"https:\/\/ondauno.com.ar\/index.php\/2025\/11\/09\/orense-celebra-su-aniversario-con-la-fiesta-del-criollito-asado\/\",\"name\":\"Orense celebra su aniversario con la fiesta del Criollito Asado - 103.9 fm\",\"isPartOf\":{\"@id\":\"https:\/\/ondauno.com.ar\/#website\"},\"primaryImageOfPage\":{\"@id\":\"https:\/\/ondauno.com.ar\/index.php\/2025\/11\/09\/orense-celebra-su-aniversario-con-la-fiesta-del-criollito-asado\/#primaryimage\"},\"image\":{\"@id\":\"https:\/\/ondauno.com.ar\/index.php\/2025\/11\/09\/orense-celebra-su-aniversario-con-la-fiesta-del-criollito-asado\/#primaryimage\"},\"thumbnailUrl\":\"https:\/\/ondauno.com.ar\/wp-content\/uploads\/2024\/12\/431347740_954561122863384_8239282516666129146_n.jpg\",\"datePublished\":\"2025-11-09T18:15:57+00:00\",\"dateModified\":\"2025-11-09T18:16:01+00:00\",\"author\":{\"@id\":\"https:\/\/ondauno.com.ar\/#\/schema\/person\/7ec851ddeceb4133d7d7132dc645714e\"},\"breadcrumb\":{\"@id\":\"https:\/\/ondauno.com.ar\/index.php\/2025\/11\/09\/orense-celebra-su-aniversario-con-la-fiesta-del-criollito-asado\/#breadcrumb\"},\"inLanguage\":\"es-AR\",\"potentialAction\":[{\"@type\":\"ReadAction\",\"target\":[\"https:\/\/ondauno.com.ar\/index.php\/2025\/11\/09\/orense-celebra-su-aniversario-con-la-fiesta-del-criollito-asado\/\"]}]},{\"@type\":\"ImageObject\",\"inLanguage\":\"es-AR\",\"@id\":\"https:\/\/ondauno.com.ar\/index.php\/2025\/11\/09\/orense-celebra-su-aniversario-con-la-fiesta-del-criollito-asado\/#primaryimage\",\"url\":\"https:\/\/ondauno.com.ar\/wp-content\/uploads\/2024\/12\/431347740_954561122863384_8239282516666129146_n.jpg\",\"contentUrl\":\"https:\/\/ondauno.com.ar\/wp-content\/uploads\/2024\/12\/431347740_954561122863384_8239282516666129146_n.jpg\",\"width\":649,\"height\":510},{\"@type\":\"BreadcrumbList\",\"@id\":\"https:\/\/ondauno.com.ar\/index.php\/2025\/11\/09\/orense-celebra-su-aniversario-con-la-fiesta-del-criollito-asado\/#breadcrumb\",\"itemListElement\":[{\"@type\":\"ListItem\",\"position\":1,\"name\":\"Inicio\",\"item\":\"https:\/\/ondauno.com.ar\/\"},{\"@type\":\"ListItem\",\"position\":2,\"name\":\"Orense celebra su aniversario con la fiesta del Criollito Asado\"}]},{\"@type\":\"WebSite\",\"@id\":\"https:\/\/ondauno.com.ar\/#website\",\"url\":\"https:\/\/ondauno.com.ar\/\",\"name\":\"103.9 fm\",\"description\":\"LA PRIMERA RADIO MULTIMEDIA DE TRES ARROYOS\",\"potentialAction\":[{\"@type\":\"SearchAction\",\"target\":{\"@type\":\"EntryPoint\",\"urlTemplate\":\"https:\/\/ondauno.com.ar\/?s={search_term_string}\"},\"query-input\":\"required name=search_term_string\"}],\"inLanguage\":\"es-AR\"},{\"@type\":\"Person\",\"@id\":\"https:\/\/ondauno.com.ar\/#\/schema\/person\/7ec851ddeceb4133d7d7132dc645714e\",\"name\":\"OndaUno\",\"image\":{\"@type\":\"ImageObject\",\"inLanguage\":\"es-AR\",\"@id\":\"https:\/\/ondauno.com.ar\/#\/schema\/person\/image\/\",\"url\":\"https:\/\/secure.gravatar.com\/avatar\/93b8009f0de7021f1feb2bd5b32fb9e8?s=96&d=mm&r=g\",\"contentUrl\":\"https:\/\/secure.gravatar.com\/avatar\/93b8009f0de7021f1feb2bd5b32fb9e8?s=96&d=mm&r=g\",\"caption\":\"OndaUno\"},\"url\":\"https:\/\/ondauno.com.ar\/index.php\/author\/ondauno\/\"}]}<\/script>\n<!-- \/ Yoast SEO plugin. -->","yoast_head_json":{"title":"Orense celebra su aniversario con la fiesta del Criollito Asado - 103.9 fm","robots":{"index":"index","follow":"follow","max-snippet":"max-snippet:-1","max-image-preview":"max-image-preview:large","max-video-preview":"max-video-preview:-1"},"canonical":"https:\/\/ondauno.com.ar\/index.php\/2025\/11\/09\/orense-celebra-su-aniversario-con-la-fiesta-del-criollito-asado\/","og_locale":"es_ES","og_type":"article","og_title":"Orense celebra su aniversario con la fiesta del Criollito Asado - 103.9 fm","og_description":"Este domingo se llevar\u00e1 a cabo una nueva edici\u00f3n de la Fiesta del Criollito Asado en Orense, en el marco del aniversario de la localidad. Por cuestiones clim\u00e1ticas, el evento \u2014que estaba previsto para este s\u00e1bado\u2014 fue reprogramado para el domingo y contar\u00e1 con espect\u00e1culos musicales, puestos gastron\u00f3micos y actividades para toda la familia. En [&hellip;]","og_url":"https:\/\/ondauno.com.ar\/index.php\/2025\/11\/09\/orense-celebra-su-aniversario-con-la-fiesta-del-criollito-asado\/","og_site_name":"103.9 fm","article_publisher":"https:\/\/www.facebook.com\/ondauno103.9","article_published_time":"2025-11-09T18:15:57+00:00","article_modified_time":"2025-11-09T18:16:01+00:00","og_image":[{"width":649,"height":510,"url":"http:\/\/ondauno.com.ar\/wp-content\/uploads\/2024\/12\/431347740_954561122863384_8239282516666129146_n.jpg","type":"image\/jpeg"}],"author":"OndaUno","twitter_card":"summary_large_image","twitter_misc":{"Escrito por":"OndaUno","Tiempo de lectura":"2 minutos"},"schema":{"@context":"https:\/\/schema.org","@graph":[{"@type":"WebPage","@id":"https:\/\/ondauno.com.ar\/index.php\/2025\/11\/09\/orense-celebra-su-aniversario-con-la-fiesta-del-criollito-asado\/","url":"https:\/\/ondauno.com.ar\/index.php\/2025\/11\/09\/orense-celebra-su-aniversario-con-la-fiesta-del-criollito-asado\/","name":"Orense celebra su aniversario con la fiesta del Criollito Asado - 103.9 fm","isPartOf":{"@id":"https:\/\/ondauno.com.ar\/#website"},"primaryImageOfPage":{"@id":"https:\/\/ondauno.com.ar\/index.php\/2025\/11\/09\/orense-celebra-su-aniversario-con-la-fiesta-del-criollito-asado\/#primaryimage"},"image":{"@id":"https:\/\/ondauno.com.ar\/index.php\/2025\/11\/09\/orense-celebra-su-aniversario-con-la-fiesta-del-criollito-asado\/#primaryimage"},"thumbnailUrl":"https:\/\/ondauno.com.ar\/wp-content\/uploads\/2024\/12\/431347740_954561122863384_8239282516666129146_n.jpg","datePublished":"2025-11-09T18:15:57+00:00","dateModified":"2025-11-09T18:16:01+00:00","author":{"@id":"https:\/\/ondauno.com.ar\/#\/schema\/person\/7ec851ddeceb4133d7d7132dc645714e"},"breadcrumb":{"@id":"https:\/\/ondauno.com.ar\/index.php\/2025\/11\/09\/orense-celebra-su-aniversario-con-la-fiesta-del-criollito-asado\/#breadcrumb"},"inLanguage":"es-AR","potentialAction":[{"@type":"ReadAction","target":["https:\/\/ondauno.com.ar\/index.php\/2025\/11\/09\/orense-celebra-su-aniversario-con-la-fiesta-del-criollito-asado\/"]}]},{"@type":"ImageObject","inLanguage":"es-AR","@id":"https:\/\/ondauno.com.ar\/index.php\/2025\/11\/09\/orense-celebra-su-aniversario-con-la-fiesta-del-criollito-asado\/#primaryimage","url":"https:\/\/ondauno.com.ar\/wp-content\/uploads\/2024\/12\/431347740_954561122863384_8239282516666129146_n.jpg","contentUrl":"https:\/\/ondauno.com.ar\/wp-content\/uploads\/2024\/12\/431347740_954561122863384_8239282516666129146_n.jpg","width":649,"height":510},{"@type":"BreadcrumbList","@id":"https:\/\/ondauno.com.ar\/index.php\/2025\/11\/09\/orense-celebra-su-aniversario-con-la-fiesta-del-criollito-asado\/#breadcrumb","itemListElement":[{"@type":"ListItem","position":1,"name":"Inicio","item":"https:\/\/ondauno.com.ar\/"},{"@type":"ListItem","position":2,"name":"Orense celebra su aniversario con la fiesta del Criollito Asado"}]},{"@type":"WebSite","@id":"https:\/\/ondauno.com.ar\/#website","url":"https:\/\/ondauno.com.ar\/","name":"103.9 fm","description":"LA PRIMERA RADIO MULTIMEDIA DE TRES ARROYOS","potentialAction":[{"@type":"SearchAction","target":{"@type":"EntryPoint","urlTemplate":"https:\/\/ondauno.com.ar\/?s={search_term_string}"},"query-input":"required name=search_term_string"}],"inLanguage":"es-AR"},{"@type":"Person","@id":"https:\/\/ondauno.com.ar\/#\/schema\/person\/7ec851ddeceb4133d7d7132dc645714e","name":"OndaUno","image":{"@type":"ImageObject","inLanguage":"es-AR","@id":"https:\/\/ondauno.com.ar\/#\/schema\/person\/image\/","url":"https:\/\/secure.gravatar.com\/avatar\/93b8009f0de7021f1feb2bd5b32fb9e8?s=96&d=mm&r=g","contentUrl":"https:\/\/secure.gravatar.com\/avatar\/93b8009f0de7021f1feb2bd5b32fb9e8?s=96&d=mm&r=g","caption":"OndaUno"},"url":"https:\/\/ondauno.com.ar\/index.php\/author\/ondauno\/"}]}},"jetpack_publicize_connections":[],"jetpack_featured_media_url":"https:\/\/ondauno.com.ar\/wp-content\/uploads\/2024\/12\/431347740_954561122863384_8239282516666129146_n.jpg","jetpack_sharing_enabled":true,"_links":{"self":[{"href":"https:\/\/ondauno.com.ar\/index.php\/wp-json\/wp\/v2\/posts\/61650","targetHints":{"allow":["GET"]}}],"collection":[{"href":"https:\/\/ondauno.com.ar\/index.php\/wp-json\/wp\/v2\/posts"}],"about":[{"href":"https:\/\/ondauno.com.ar\/index.php\/wp-json\/wp\/v2\/types\/post"}],"author":[{"embeddable":true,"href":"https:\/\/ondauno.com.ar\/index.php\/wp-json\/wp\/v2\/users\/1"}],"replies":[{"embeddable":true,"href":"https:\/\/ondauno.com.ar\/index.php\/wp-json\/wp\/v2\/comments?post=61650"}],"version-history":[{"count":1,"href":"https:\/\/ondauno.com.ar\/index.php\/wp-json\/wp\/v2\/posts\/61650\/revisions"}],"predecessor-version":[{"id":61651,"href":"https:\/\/ondauno.com.ar\/index.php\/wp-json\/wp\/v2\/posts\/61650\/revisions\/61651"}],"wp:featuredmedia":[{"embeddable":true,"href":"https:\/\/ondauno.com.ar\/index.php\/wp-json\/wp\/v2\/media\/52586"}],"wp:attachment":[{"href":"https:\/\/ondauno.com.ar\/index.php\/wp-json\/wp\/v2\/media?parent=61650"}],"wp:term":[{"taxonomy":"category","embeddable":true,"href":"https:\/\/ondauno.com.ar\/index.php\/wp-json\/wp\/v2\/categories?post=61650"},{"taxonomy":"post_tag","embeddable":true,"href":"https:\/\/ondauno.com.ar\/index.php\/wp-json\/wp\/v2\/tags?post=61650"}],"curies":[{"name":"wp","href":"https:\/\/api.w.org\/{rel}","templated":true}]}}