{"id":61639,"date":"2025-11-06T23:44:53","date_gmt":"2025-11-07T02:44:53","guid":{"rendered":"https:\/\/ondauno.com.ar\/?p=61639"},"modified":"2025-11-06T23:44:56","modified_gmt":"2025-11-07T02:44:56","slug":"claromeco-aprobaron-concesionar-un-espacio-para-nocturnidad-a-mil-metros-del-faro","status":"publish","type":"post","link":"https:\/\/ondauno.com.ar\/index.php\/2025\/11\/06\/claromeco-aprobaron-concesionar-un-espacio-para-nocturnidad-a-mil-metros-del-faro\/","title":{"rendered":"Claromec\u00f3: aprobaron concesionar un espacio para nocturnidad a mil metros del faro"},"content":{"rendered":"<div class=\"ondau-before-content_3\" style=\"margin-top: -30px;\" id=\"ondau-3202587621\"><a href=\"https:\/\/www.lps.com.ar\/\" aria-label=\"la-perse2\"><img loading=\"lazy\" decoding=\"async\" src=\"https:\/\/ondauno.com.ar\/wp-content\/uploads\/2021\/10\/la-perse2.jpg\" alt=\"\"  srcset=\"https:\/\/ondauno.com.ar\/wp-content\/uploads\/2021\/10\/la-perse2.jpg 1353w, https:\/\/ondauno.com.ar\/wp-content\/uploads\/2021\/10\/la-perse2-300x43.jpg 300w, https:\/\/ondauno.com.ar\/wp-content\/uploads\/2021\/10\/la-perse2-1024x148.jpg 1024w, https:\/\/ondauno.com.ar\/wp-content\/uploads\/2021\/10\/la-perse2-768x111.jpg 768w, https:\/\/ondauno.com.ar\/wp-content\/uploads\/2021\/10\/la-perse2-696x100.jpg 696w, https:\/\/ondauno.com.ar\/wp-content\/uploads\/2021\/10\/la-perse2-1068x154.jpg 1068w\" sizes=\"(max-width: 1353px) 100vw, 1353px\" class=\"no-lazyload\" width=\"1353\" height=\"195\"  style=\"display: inline-block;\" \/><\/a><\/div>\n<p>La 17\u00aa Sesi\u00f3n Ordinaria del Honorable Concejo Deliberante de Tres Arroyos, correspondiente al Per\u00edodo Legislativo del a\u00f1o 2025, se llev\u00f3 adelante esta ma\u00f1ana en el recinto del Sal\u00f3n Blanco del Palacio Municipal con presencia de 18 concejales.<br>Comenzando con el Orden del D\u00eda, se trataron los despachos de la Comisi\u00f3n de Turismo, Cultura y Deportes. Se aprob\u00f3 por unanimidad el proyecto de ordenanza para crear un espacio de nocturnidad en Claromec\u00f3, ubicado por la zona del circuito de motos; y se aprobaron por unanimidad las autorizaciones para licitar una unidad modular gastron\u00f3mica y un parador en Reta, y un parador en Claromec\u00f3. Adem\u00e1s, se aprob\u00f3 por mayor\u00eda el proyecto de ordenanza para el ordenamiento de la playa de Balneario Orense, y por unanimidad el proyecto para el ordenamiento de la playa de Reta.<br>De los despachos de la Comisi\u00f3n de Obras P\u00fablicas y Seguridad, se aprob\u00f3 por mayor\u00eda el proyecto de ordenanza para declarar la calle 48 de Reta como peatonal, y se vot\u00f3 el pase a comisi\u00f3n del proyecto de ordenanza para regular el servicio de monitoreo municipal.<\/p>\n\n\n\n<p>Asuntos entrados<br>El Bloque de Concejales de Alianza La Libertad Avanza elev\u00f3 dos proyectos de comunicaci\u00f3n:<br>-Para reparar los juegos que se encuentran en el Parque Tres de Febrero y su cartel, aprobado por mayor\u00eda.<br>-Para que se proceda a la reparaci\u00f3n de la cinta asf\u00e1ltica entre Ruta 228 por Avda. Monteagudo y Avda. Alem hasta calle Saavedra de nuestra ciudad, aprovdo por mayor\u00eda.<\/p>\n\n\n\n<p>El Bloque de Concejales de Juntos por el Cambio elev\u00f3 los siguientes proyectos de comunicaci\u00f3n:<br>-Para que se realicen arreglos en la calle Josefina Pacheco de Riglos de la localidad de Orense, aprobado por mayor\u00eda.<br>-Para que se gestione ante Vialidad Provincial la se\u00f1alizaci\u00f3n vertical y horizontal en el tramo comprendido entre la rotonda Ruta 73 y Ruta 72 de la localidad de Orense, aprobado por mayor\u00eda.<br>-Para que se reparen distintos servicios de calle An\u00edbal Ponce del 0 al 100, aprobado por mayor\u00eda.<br>-Para solicitar el avance de la obra de cableado a\u00e9reo en Rotonda Ruta Nacional 228 y Ruta Pcial. N\u00ba 73, aprobado por mayor\u00eda.<\/p>\n\n\n\n<p>El Bloque de Concejales de Uni\u00f3n por la Patria elev\u00f3 un proyecto de resoluci\u00f3n exigiendo al Poder Ejecutivo Nacional, a trav\u00e9s del Ministerio de Econom\u00eda, la cancelaci\u00f3n de la deuda pendiente con la Provincia de Buenos Aires, que de vot\u00f3 su pase a la comisi\u00f3n correspondiente para continuar el tratamiento.<\/p>\n\n\n\n<p>Sobre tablas, el Bloque de Concejales del Movimiento Vecinal present\u00f3 un proyecto de comunicaci\u00f3n para que el Departamento Ejecutivo informe sobre el emplazamiento del monumento \u201cEl Constructor\u201d, proporcionado por la Logia Giuseppe Garibaldi N\u00b063 en la localidad de Reta, que fue aprobado por mayor\u00eda.<\/p>\n","protected":false},"excerpt":{"rendered":"<p>La 17\u00aa Sesi\u00f3n Ordinaria del Honorable Concejo Deliberante de Tres Arroyos, correspondiente al Per\u00edodo Legislativo del a\u00f1o 2025, se llev\u00f3 adelante esta ma\u00f1ana en el recinto del Sal\u00f3n Blanco del Palacio Municipal con presencia de 18 concejales.Comenzando con el Orden del D\u00eda, se trataron los despachos de la Comisi\u00f3n de Turismo, Cultura y Deportes. Se [&hellip;]<\/p>\n","protected":false},"author":1,"featured_media":61640,"comment_status":"open","ping_status":"open","sticky":false,"template":"","format":"standard","meta":{"tdm_status":"","tdm_grid_status":"","_jetpack_memberships_contains_paid_content":false,"footnotes":"","jetpack_publicize_message":"","jetpack_publicize_feature_enabled":true,"jetpack_social_post_already_shared":true,"jetpack_social_options":{"image_generator_settings":{"template":"highway","default_image_id":0,"font":"","enabled":false},"version":2}},"categories":[2],"tags":[],"class_list":{"0":"post-61639","1":"post","2":"type-post","3":"status-publish","4":"format-standard","5":"has-post-thumbnail","7":"category-locales"},"yoast_head":"<!-- This site is optimized with the Yoast SEO plugin v22.7 - https:\/\/yoast.com\/wordpress\/plugins\/seo\/ -->\n<title>Claromec\u00f3: aprobaron concesionar un espacio para nocturnidad a mil metros del faro - 103.9 fm<\/title>\n<meta name=\"robots\" content=\"index, follow, max-snippet:-1, max-image-preview:large, max-video-preview:-1\" \/>\n<link rel=\"canonical\" href=\"https:\/\/ondauno.com.ar\/index.php\/2025\/11\/06\/claromeco-aprobaron-concesionar-un-espacio-para-nocturnidad-a-mil-metros-del-faro\/\" \/>\n<meta property=\"og:locale\" content=\"es_ES\" \/>\n<meta property=\"og:type\" content=\"article\" \/>\n<meta property=\"og:title\" content=\"Claromec\u00f3: aprobaron concesionar un espacio para nocturnidad a mil metros del faro - 103.9 fm\" \/>\n<meta property=\"og:description\" content=\"La 17\u00aa Sesi\u00f3n Ordinaria del Honorable Concejo Deliberante de Tres Arroyos, correspondiente al Per\u00edodo Legislativo del a\u00f1o 2025, se llev\u00f3 adelante esta ma\u00f1ana en el recinto del Sal\u00f3n Blanco del Palacio Municipal con presencia de 18 concejales.Comenzando con el Orden del D\u00eda, se trataron los despachos de la Comisi\u00f3n de Turismo, Cultura y Deportes. Se [&hellip;]\" \/>\n<meta property=\"og:url\" content=\"https:\/\/ondauno.com.ar\/index.php\/2025\/11\/06\/claromeco-aprobaron-concesionar-un-espacio-para-nocturnidad-a-mil-metros-del-faro\/\" \/>\n<meta property=\"og:site_name\" content=\"103.9 fm\" \/>\n<meta property=\"article:publisher\" content=\"https:\/\/www.facebook.com\/ondauno103.9\" \/>\n<meta property=\"article:published_time\" content=\"2025-11-07T02:44:53+00:00\" \/>\n<meta property=\"article:modified_time\" content=\"2025-11-07T02:44:56+00:00\" \/>\n<meta property=\"og:image\" content=\"http:\/\/ondauno.com.ar\/wp-content\/uploads\/2025\/11\/WhatsApp-Image-2025-11-06-at-19.41.39.jpeg\" \/>\n\t<meta property=\"og:image:width\" content=\"1280\" \/>\n\t<meta property=\"og:image:height\" content=\"720\" \/>\n\t<meta property=\"og:image:type\" content=\"image\/jpeg\" \/>\n<meta name=\"author\" content=\"OndaUno\" \/>\n<meta name=\"twitter:card\" content=\"summary_large_image\" \/>\n<meta name=\"twitter:label1\" content=\"Escrito por\" \/>\n\t<meta name=\"twitter:data1\" content=\"OndaUno\" \/>\n\t<meta name=\"twitter:label2\" content=\"Tiempo de lectura\" \/>\n\t<meta name=\"twitter:data2\" content=\"3 minutos\" \/>\n<script type=\"application\/ld+json\" class=\"yoast-schema-graph\">{\"@context\":\"https:\/\/schema.org\",\"@graph\":[{\"@type\":\"WebPage\",\"@id\":\"https:\/\/ondauno.com.ar\/index.php\/2025\/11\/06\/claromeco-aprobaron-concesionar-un-espacio-para-nocturnidad-a-mil-metros-del-faro\/\",\"url\":\"https:\/\/ondauno.com.ar\/index.php\/2025\/11\/06\/claromeco-aprobaron-concesionar-un-espacio-para-nocturnidad-a-mil-metros-del-faro\/\",\"name\":\"Claromec\u00f3: aprobaron concesionar un espacio para nocturnidad a mil metros del faro - 103.9 fm\",\"isPartOf\":{\"@id\":\"https:\/\/ondauno.com.ar\/#website\"},\"primaryImageOfPage\":{\"@id\":\"https:\/\/ondauno.com.ar\/index.php\/2025\/11\/06\/claromeco-aprobaron-concesionar-un-espacio-para-nocturnidad-a-mil-metros-del-faro\/#primaryimage\"},\"image\":{\"@id\":\"https:\/\/ondauno.com.ar\/index.php\/2025\/11\/06\/claromeco-aprobaron-concesionar-un-espacio-para-nocturnidad-a-mil-metros-del-faro\/#primaryimage\"},\"thumbnailUrl\":\"https:\/\/ondauno.com.ar\/wp-content\/uploads\/2025\/11\/WhatsApp-Image-2025-11-06-at-19.41.39.jpeg\",\"datePublished\":\"2025-11-07T02:44:53+00:00\",\"dateModified\":\"2025-11-07T02:44:56+00:00\",\"author\":{\"@id\":\"https:\/\/ondauno.com.ar\/#\/schema\/person\/7ec851ddeceb4133d7d7132dc645714e\"},\"breadcrumb\":{\"@id\":\"https:\/\/ondauno.com.ar\/index.php\/2025\/11\/06\/claromeco-aprobaron-concesionar-un-espacio-para-nocturnidad-a-mil-metros-del-faro\/#breadcrumb\"},\"inLanguage\":\"es-AR\",\"potentialAction\":[{\"@type\":\"ReadAction\",\"target\":[\"https:\/\/ondauno.com.ar\/index.php\/2025\/11\/06\/claromeco-aprobaron-concesionar-un-espacio-para-nocturnidad-a-mil-metros-del-faro\/\"]}]},{\"@type\":\"ImageObject\",\"inLanguage\":\"es-AR\",\"@id\":\"https:\/\/ondauno.com.ar\/index.php\/2025\/11\/06\/claromeco-aprobaron-concesionar-un-espacio-para-nocturnidad-a-mil-metros-del-faro\/#primaryimage\",\"url\":\"https:\/\/ondauno.com.ar\/wp-content\/uploads\/2025\/11\/WhatsApp-Image-2025-11-06-at-19.41.39.jpeg\",\"contentUrl\":\"https:\/\/ondauno.com.ar\/wp-content\/uploads\/2025\/11\/WhatsApp-Image-2025-11-06-at-19.41.39.jpeg\",\"width\":1280,\"height\":720},{\"@type\":\"BreadcrumbList\",\"@id\":\"https:\/\/ondauno.com.ar\/index.php\/2025\/11\/06\/claromeco-aprobaron-concesionar-un-espacio-para-nocturnidad-a-mil-metros-del-faro\/#breadcrumb\",\"itemListElement\":[{\"@type\":\"ListItem\",\"position\":1,\"name\":\"Inicio\",\"item\":\"https:\/\/ondauno.com.ar\/\"},{\"@type\":\"ListItem\",\"position\":2,\"name\":\"Claromec\u00f3: aprobaron concesionar un espacio para nocturnidad a mil metros del faro\"}]},{\"@type\":\"WebSite\",\"@id\":\"https:\/\/ondauno.com.ar\/#website\",\"url\":\"https:\/\/ondauno.com.ar\/\",\"name\":\"103.9 fm\",\"description\":\"LA PRIMERA RADIO MULTIMEDIA DE TRES ARROYOS\",\"potentialAction\":[{\"@type\":\"SearchAction\",\"target\":{\"@type\":\"EntryPoint\",\"urlTemplate\":\"https:\/\/ondauno.com.ar\/?s={search_term_string}\"},\"query-input\":\"required name=search_term_string\"}],\"inLanguage\":\"es-AR\"},{\"@type\":\"Person\",\"@id\":\"https:\/\/ondauno.com.ar\/#\/schema\/person\/7ec851ddeceb4133d7d7132dc645714e\",\"name\":\"OndaUno\",\"image\":{\"@type\":\"ImageObject\",\"inLanguage\":\"es-AR\",\"@id\":\"https:\/\/ondauno.com.ar\/#\/schema\/person\/image\/\",\"url\":\"https:\/\/secure.gravatar.com\/avatar\/93b8009f0de7021f1feb2bd5b32fb9e8?s=96&d=mm&r=g\",\"contentUrl\":\"https:\/\/secure.gravatar.com\/avatar\/93b8009f0de7021f1feb2bd5b32fb9e8?s=96&d=mm&r=g\",\"caption\":\"OndaUno\"},\"url\":\"https:\/\/ondauno.com.ar\/index.php\/author\/ondauno\/\"}]}<\/script>\n<!-- \/ Yoast SEO plugin. -->","yoast_head_json":{"title":"Claromec\u00f3: aprobaron concesionar un espacio para nocturnidad a mil metros del faro - 103.9 fm","robots":{"index":"index","follow":"follow","max-snippet":"max-snippet:-1","max-image-preview":"max-image-preview:large","max-video-preview":"max-video-preview:-1"},"canonical":"https:\/\/ondauno.com.ar\/index.php\/2025\/11\/06\/claromeco-aprobaron-concesionar-un-espacio-para-nocturnidad-a-mil-metros-del-faro\/","og_locale":"es_ES","og_type":"article","og_title":"Claromec\u00f3: aprobaron concesionar un espacio para nocturnidad a mil metros del faro - 103.9 fm","og_description":"La 17\u00aa Sesi\u00f3n Ordinaria del Honorable Concejo Deliberante de Tres Arroyos, correspondiente al Per\u00edodo Legislativo del a\u00f1o 2025, se llev\u00f3 adelante esta ma\u00f1ana en el recinto del Sal\u00f3n Blanco del Palacio Municipal con presencia de 18 concejales.Comenzando con el Orden del D\u00eda, se trataron los despachos de la Comisi\u00f3n de Turismo, Cultura y Deportes. Se [&hellip;]","og_url":"https:\/\/ondauno.com.ar\/index.php\/2025\/11\/06\/claromeco-aprobaron-concesionar-un-espacio-para-nocturnidad-a-mil-metros-del-faro\/","og_site_name":"103.9 fm","article_publisher":"https:\/\/www.facebook.com\/ondauno103.9","article_published_time":"2025-11-07T02:44:53+00:00","article_modified_time":"2025-11-07T02:44:56+00:00","og_image":[{"width":1280,"height":720,"url":"http:\/\/ondauno.com.ar\/wp-content\/uploads\/2025\/11\/WhatsApp-Image-2025-11-06-at-19.41.39.jpeg","type":"image\/jpeg"}],"author":"OndaUno","twitter_card":"summary_large_image","twitter_misc":{"Escrito por":"OndaUno","Tiempo de lectura":"3 minutos"},"schema":{"@context":"https:\/\/schema.org","@graph":[{"@type":"WebPage","@id":"https:\/\/ondauno.com.ar\/index.php\/2025\/11\/06\/claromeco-aprobaron-concesionar-un-espacio-para-nocturnidad-a-mil-metros-del-faro\/","url":"https:\/\/ondauno.com.ar\/index.php\/2025\/11\/06\/claromeco-aprobaron-concesionar-un-espacio-para-nocturnidad-a-mil-metros-del-faro\/","name":"Claromec\u00f3: aprobaron concesionar un espacio para nocturnidad a mil metros del faro - 103.9 fm","isPartOf":{"@id":"https:\/\/ondauno.com.ar\/#website"},"primaryImageOfPage":{"@id":"https:\/\/ondauno.com.ar\/index.php\/2025\/11\/06\/claromeco-aprobaron-concesionar-un-espacio-para-nocturnidad-a-mil-metros-del-faro\/#primaryimage"},"image":{"@id":"https:\/\/ondauno.com.ar\/index.php\/2025\/11\/06\/claromeco-aprobaron-concesionar-un-espacio-para-nocturnidad-a-mil-metros-del-faro\/#primaryimage"},"thumbnailUrl":"https:\/\/ondauno.com.ar\/wp-content\/uploads\/2025\/11\/WhatsApp-Image-2025-11-06-at-19.41.39.jpeg","datePublished":"2025-11-07T02:44:53+00:00","dateModified":"2025-11-07T02:44:56+00:00","author":{"@id":"https:\/\/ondauno.com.ar\/#\/schema\/person\/7ec851ddeceb4133d7d7132dc645714e"},"breadcrumb":{"@id":"https:\/\/ondauno.com.ar\/index.php\/2025\/11\/06\/claromeco-aprobaron-concesionar-un-espacio-para-nocturnidad-a-mil-metros-del-faro\/#breadcrumb"},"inLanguage":"es-AR","potentialAction":[{"@type":"ReadAction","target":["https:\/\/ondauno.com.ar\/index.php\/2025\/11\/06\/claromeco-aprobaron-concesionar-un-espacio-para-nocturnidad-a-mil-metros-del-faro\/"]}]},{"@type":"ImageObject","inLanguage":"es-AR","@id":"https:\/\/ondauno.com.ar\/index.php\/2025\/11\/06\/claromeco-aprobaron-concesionar-un-espacio-para-nocturnidad-a-mil-metros-del-faro\/#primaryimage","url":"https:\/\/ondauno.com.ar\/wp-content\/uploads\/2025\/11\/WhatsApp-Image-2025-11-06-at-19.41.39.jpeg","contentUrl":"https:\/\/ondauno.com.ar\/wp-content\/uploads\/2025\/11\/WhatsApp-Image-2025-11-06-at-19.41.39.jpeg","width":1280,"height":720},{"@type":"BreadcrumbList","@id":"https:\/\/ondauno.com.ar\/index.php\/2025\/11\/06\/claromeco-aprobaron-concesionar-un-espacio-para-nocturnidad-a-mil-metros-del-faro\/#breadcrumb","itemListElement":[{"@type":"ListItem","position":1,"name":"Inicio","item":"https:\/\/ondauno.com.ar\/"},{"@type":"ListItem","position":2,"name":"Claromec\u00f3: aprobaron concesionar un espacio para nocturnidad a mil metros del faro"}]},{"@type":"WebSite","@id":"https:\/\/ondauno.com.ar\/#website","url":"https:\/\/ondauno.com.ar\/","name":"103.9 fm","description":"LA PRIMERA RADIO MULTIMEDIA DE TRES ARROYOS","potentialAction":[{"@type":"SearchAction","target":{"@type":"EntryPoint","urlTemplate":"https:\/\/ondauno.com.ar\/?s={search_term_string}"},"query-input":"required name=search_term_string"}],"inLanguage":"es-AR"},{"@type":"Person","@id":"https:\/\/ondauno.com.ar\/#\/schema\/person\/7ec851ddeceb4133d7d7132dc645714e","name":"OndaUno","image":{"@type":"ImageObject","inLanguage":"es-AR","@id":"https:\/\/ondauno.com.ar\/#\/schema\/person\/image\/","url":"https:\/\/secure.gravatar.com\/avatar\/93b8009f0de7021f1feb2bd5b32fb9e8?s=96&d=mm&r=g","contentUrl":"https:\/\/secure.gravatar.com\/avatar\/93b8009f0de7021f1feb2bd5b32fb9e8?s=96&d=mm&r=g","caption":"OndaUno"},"url":"https:\/\/ondauno.com.ar\/index.php\/author\/ondauno\/"}]}},"jetpack_publicize_connections":[],"jetpack_featured_media_url":"https:\/\/ondauno.com.ar\/wp-content\/uploads\/2025\/11\/WhatsApp-Image-2025-11-06-at-19.41.39.jpeg","jetpack_sharing_enabled":true,"_links":{"self":[{"href":"https:\/\/ondauno.com.ar\/index.php\/wp-json\/wp\/v2\/posts\/61639","targetHints":{"allow":["GET"]}}],"collection":[{"href":"https:\/\/ondauno.com.ar\/index.php\/wp-json\/wp\/v2\/posts"}],"about":[{"href":"https:\/\/ondauno.com.ar\/index.php\/wp-json\/wp\/v2\/types\/post"}],"author":[{"embeddable":true,"href":"https:\/\/ondauno.com.ar\/index.php\/wp-json\/wp\/v2\/users\/1"}],"replies":[{"embeddable":true,"href":"https:\/\/ondauno.com.ar\/index.php\/wp-json\/wp\/v2\/comments?post=61639"}],"version-history":[{"count":1,"href":"https:\/\/ondauno.com.ar\/index.php\/wp-json\/wp\/v2\/posts\/61639\/revisions"}],"predecessor-version":[{"id":61641,"href":"https:\/\/ondauno.com.ar\/index.php\/wp-json\/wp\/v2\/posts\/61639\/revisions\/61641"}],"wp:featuredmedia":[{"embeddable":true,"href":"https:\/\/ondauno.com.ar\/index.php\/wp-json\/wp\/v2\/media\/61640"}],"wp:attachment":[{"href":"https:\/\/ondauno.com.ar\/index.php\/wp-json\/wp\/v2\/media?parent=61639"}],"wp:term":[{"taxonomy":"category","embeddable":true,"href":"https:\/\/ondauno.com.ar\/index.php\/wp-json\/wp\/v2\/categories?post=61639"},{"taxonomy":"post_tag","embeddable":true,"href":"https:\/\/ondauno.com.ar\/index.php\/wp-json\/wp\/v2\/tags?post=61639"}],"curies":[{"name":"wp","href":"https:\/\/api.w.org\/{rel}","templated":true}]}}