{"id":61633,"date":"2025-11-06T23:39:24","date_gmt":"2025-11-07T02:39:24","guid":{"rendered":"https:\/\/ondauno.com.ar\/?p=61633"},"modified":"2025-11-06T23:39:27","modified_gmt":"2025-11-07T02:39:27","slug":"avila-sobre-garate-hubo-un-cambio-espero-que-se-mantenga-en-el-tiempo","status":"publish","type":"post","link":"https:\/\/ondauno.com.ar\/index.php\/2025\/11\/06\/avila-sobre-garate-hubo-un-cambio-espero-que-se-mantenga-en-el-tiempo\/","title":{"rendered":"Avila sobre Garate: &#8220;Hubo un cambio, espero que se mantenga en el tiempo&#8221;"},"content":{"rendered":"<div class=\"ondau-before-content_3\" style=\"margin-top: -30px;\" id=\"ondau-3502835384\"><a href=\"https:\/\/www.lps.com.ar\/\" aria-label=\"la-perse2\"><img loading=\"lazy\" decoding=\"async\" src=\"https:\/\/ondauno.com.ar\/wp-content\/uploads\/2021\/10\/la-perse2.jpg\" alt=\"\"  srcset=\"https:\/\/ondauno.com.ar\/wp-content\/uploads\/2021\/10\/la-perse2.jpg 1353w, https:\/\/ondauno.com.ar\/wp-content\/uploads\/2021\/10\/la-perse2-300x43.jpg 300w, https:\/\/ondauno.com.ar\/wp-content\/uploads\/2021\/10\/la-perse2-1024x148.jpg 1024w, https:\/\/ondauno.com.ar\/wp-content\/uploads\/2021\/10\/la-perse2-768x111.jpg 768w, https:\/\/ondauno.com.ar\/wp-content\/uploads\/2021\/10\/la-perse2-696x100.jpg 696w, https:\/\/ondauno.com.ar\/wp-content\/uploads\/2021\/10\/la-perse2-1068x154.jpg 1068w\" sizes=\"(max-width: 1353px) 100vw, 1353px\" class=\"no-lazyload\" width=\"1353\" height=\"195\"  style=\"display: inline-block;\" \/><\/a><\/div>\n<p><strong>Cristian Ruiz y Carlos Avila en Cosas que pasan<\/strong><\/p>\n\n\n\n<p>En Cosas que pasan, el concejal de Juntos por el Cambio, Carlos \u00c1vila y el funcionario chavense y dirigentes local de Nuevos Aires, Cristian Ruiz, hablaron sobre c\u00f3mo comienza a cerrar el a\u00f1o pol\u00edtico, la relaci\u00f3n con el gobierno municipal que encabeza el intendente Pablo Garate, y los proyectos en marcha para Tres Arroyos y las localidades.<\/p>\n\n\n\n<p>Avila, que finaliza su primer mandato como concejal y fue reelecto, se\u00f1al\u00f3 que \u201cestamos terminando una etapa con mucha tranquilidad porque siempre trabajamos con la mirada puesta en el vecino. Hubo un cambio, espero que se mantenga en el tiempo&#8221;.<br>En este sentido destac\u00f3 que \u201cse abri\u00f3 un canal de di\u00e1logo con el intendente\u201d y consider\u00f3 que \u201csi el di\u00e1logo se mantiene, se pueden lograr mejores cosas para todos\u201d.<\/p>\n\n\n\n<p>El edil tambi\u00e9n adelant\u00f3 que desde su espacio est\u00e1n delineando nuevas propuestas y trabajando en la formaci\u00f3n de futuros dirigentes. \u201cQueremos que los j\u00f3venes del equipo aprendan la din\u00e1mica del Concejo y est\u00e9n cerca de los vecinos\u201d, explic\u00f3.<\/p>\n\n\n\n<p>Por su parte, Cristian Ruiz, secretario de Desarrollo Econ\u00f3mico, Social y Comunitario de Adolfo Gonz\u00e1lez Chaves, sostuvo que \u201ces importante que el di\u00e1logo entre el Ejecutivo y el Legislativo se mantenga en el tiempo y no sea algo circunstancial\u201d. Agreg\u00f3 que \u201cla participaci\u00f3n pol\u00edtica est\u00e1 en un proceso de renovaci\u00f3n\u201d y que el objetivo de Nuevos Aires es \u201cprofesionalizar a los equipos y fomentar la participaci\u00f3n ciudadana\u201d.<\/p>\n\n\n\n<p>Ambos coincidieron en la necesidad de trabajar por las localidades del distrito, mejorar los servicios y fortalecer la planificaci\u00f3n. \u00c1vila mencion\u00f3 adem\u00e1s la importancia de destinar los fondos de la venta de lotes en Claromec\u00f3 a obras locales, y de continuar fomentando la participaci\u00f3n de los j\u00f3venes.<\/p>\n\n\n\n<p>\u201cSi el proyecto mejora la calidad de vida del vecino, hay que acompa\u00f1arlo, sin importar el partido pol\u00edtico\u201d, resumi\u00f3 \u00c1vila.<\/p>\n\n\n\n<p>Pod\u00e9s escuchar la nota completa en el siguiente link:<\/p>\n\n\n\n<figure class=\"wp-block-embed is-type-video is-provider-youtube wp-block-embed-youtube wp-embed-aspect-16-9 wp-has-aspect-ratio\"><div class=\"wp-block-embed__wrapper\">\n<div class=\"youtube-embed\" data-video_id=\"ZFBxX9r54uk\"><iframe loading=\"lazy\" title=\"Onda Uno 103.9 en vivo\" width=\"696\" height=\"392\" data-src=\"https:\/\/www.youtube.com\/embed\/ZFBxX9r54uk?start=51&#038;feature=oembed\" frameborder=\"0\" allow=\"accelerometer; autoplay; clipboard-write; encrypted-media; gyroscope; picture-in-picture; web-share\" referrerpolicy=\"strict-origin-when-cross-origin\" allowfullscreen src=\"data:image\/gif;base64,R0lGODlhAQABAAAAACH5BAEKAAEALAAAAAABAAEAAAICTAEAOw==\" class=\"lazyload\" data-load-mode=\"1\"><\/iframe><\/div>\n<\/div><\/figure>\n","protected":false},"excerpt":{"rendered":"<p>Cristian Ruiz y Carlos Avila en Cosas que pasan En Cosas que pasan, el concejal de Juntos por el Cambio, Carlos \u00c1vila y el funcionario chavense y dirigentes local de Nuevos Aires, Cristian Ruiz, hablaron sobre c\u00f3mo comienza a cerrar el a\u00f1o pol\u00edtico, la relaci\u00f3n con el gobierno municipal que encabeza el intendente Pablo Garate, [&hellip;]<\/p>\n","protected":false},"author":1,"featured_media":61634,"comment_status":"open","ping_status":"open","sticky":false,"template":"","format":"standard","meta":{"tdm_status":"","tdm_grid_status":"","_jetpack_memberships_contains_paid_content":false,"footnotes":"","jetpack_publicize_message":"","jetpack_publicize_feature_enabled":true,"jetpack_social_post_already_shared":true,"jetpack_social_options":{"image_generator_settings":{"template":"highway","default_image_id":0,"font":"","enabled":false},"version":2}},"categories":[2],"tags":[],"class_list":{"0":"post-61633","1":"post","2":"type-post","3":"status-publish","4":"format-standard","5":"has-post-thumbnail","7":"category-locales"},"yoast_head":"<!-- This site is optimized with the Yoast SEO plugin v22.7 - https:\/\/yoast.com\/wordpress\/plugins\/seo\/ -->\n<title>Avila sobre Garate: &quot;Hubo un cambio, espero que se mantenga en el tiempo&quot; - 103.9 fm<\/title>\n<meta name=\"robots\" content=\"index, follow, max-snippet:-1, max-image-preview:large, max-video-preview:-1\" \/>\n<link rel=\"canonical\" href=\"https:\/\/ondauno.com.ar\/index.php\/2025\/11\/06\/avila-sobre-garate-hubo-un-cambio-espero-que-se-mantenga-en-el-tiempo\/\" \/>\n<meta property=\"og:locale\" content=\"es_ES\" \/>\n<meta property=\"og:type\" content=\"article\" \/>\n<meta property=\"og:title\" content=\"Avila sobre Garate: &quot;Hubo un cambio, espero que se mantenga en el tiempo&quot; - 103.9 fm\" \/>\n<meta property=\"og:description\" content=\"Cristian Ruiz y Carlos Avila en Cosas que pasan En Cosas que pasan, el concejal de Juntos por el Cambio, Carlos \u00c1vila y el funcionario chavense y dirigentes local de Nuevos Aires, Cristian Ruiz, hablaron sobre c\u00f3mo comienza a cerrar el a\u00f1o pol\u00edtico, la relaci\u00f3n con el gobierno municipal que encabeza el intendente Pablo Garate, [&hellip;]\" \/>\n<meta property=\"og:url\" content=\"https:\/\/ondauno.com.ar\/index.php\/2025\/11\/06\/avila-sobre-garate-hubo-un-cambio-espero-que-se-mantenga-en-el-tiempo\/\" \/>\n<meta property=\"og:site_name\" content=\"103.9 fm\" \/>\n<meta property=\"article:publisher\" content=\"https:\/\/www.facebook.com\/ondauno103.9\" \/>\n<meta property=\"article:published_time\" content=\"2025-11-07T02:39:24+00:00\" \/>\n<meta property=\"article:modified_time\" content=\"2025-11-07T02:39:27+00:00\" \/>\n<meta property=\"og:image\" content=\"http:\/\/ondauno.com.ar\/wp-content\/uploads\/2025\/11\/WhatsApp-Image-2025-11-06-at-19.33.51.jpeg\" \/>\n\t<meta property=\"og:image:width\" content=\"1600\" \/>\n\t<meta property=\"og:image:height\" content=\"1204\" \/>\n\t<meta property=\"og:image:type\" content=\"image\/jpeg\" \/>\n<meta name=\"author\" content=\"OndaUno\" \/>\n<meta name=\"twitter:card\" content=\"summary_large_image\" \/>\n<meta name=\"twitter:label1\" content=\"Escrito por\" \/>\n\t<meta name=\"twitter:data1\" content=\"OndaUno\" \/>\n\t<meta name=\"twitter:label2\" content=\"Tiempo de lectura\" \/>\n\t<meta name=\"twitter:data2\" content=\"2 minutos\" \/>\n<script type=\"application\/ld+json\" class=\"yoast-schema-graph\">{\"@context\":\"https:\/\/schema.org\",\"@graph\":[{\"@type\":\"WebPage\",\"@id\":\"https:\/\/ondauno.com.ar\/index.php\/2025\/11\/06\/avila-sobre-garate-hubo-un-cambio-espero-que-se-mantenga-en-el-tiempo\/\",\"url\":\"https:\/\/ondauno.com.ar\/index.php\/2025\/11\/06\/avila-sobre-garate-hubo-un-cambio-espero-que-se-mantenga-en-el-tiempo\/\",\"name\":\"Avila sobre Garate: \\\"Hubo un cambio, espero que se mantenga en el tiempo\\\" - 103.9 fm\",\"isPartOf\":{\"@id\":\"https:\/\/ondauno.com.ar\/#website\"},\"primaryImageOfPage\":{\"@id\":\"https:\/\/ondauno.com.ar\/index.php\/2025\/11\/06\/avila-sobre-garate-hubo-un-cambio-espero-que-se-mantenga-en-el-tiempo\/#primaryimage\"},\"image\":{\"@id\":\"https:\/\/ondauno.com.ar\/index.php\/2025\/11\/06\/avila-sobre-garate-hubo-un-cambio-espero-que-se-mantenga-en-el-tiempo\/#primaryimage\"},\"thumbnailUrl\":\"https:\/\/ondauno.com.ar\/wp-content\/uploads\/2025\/11\/WhatsApp-Image-2025-11-06-at-19.33.51.jpeg\",\"datePublished\":\"2025-11-07T02:39:24+00:00\",\"dateModified\":\"2025-11-07T02:39:27+00:00\",\"author\":{\"@id\":\"https:\/\/ondauno.com.ar\/#\/schema\/person\/7ec851ddeceb4133d7d7132dc645714e\"},\"breadcrumb\":{\"@id\":\"https:\/\/ondauno.com.ar\/index.php\/2025\/11\/06\/avila-sobre-garate-hubo-un-cambio-espero-que-se-mantenga-en-el-tiempo\/#breadcrumb\"},\"inLanguage\":\"es-AR\",\"potentialAction\":[{\"@type\":\"ReadAction\",\"target\":[\"https:\/\/ondauno.com.ar\/index.php\/2025\/11\/06\/avila-sobre-garate-hubo-un-cambio-espero-que-se-mantenga-en-el-tiempo\/\"]}]},{\"@type\":\"ImageObject\",\"inLanguage\":\"es-AR\",\"@id\":\"https:\/\/ondauno.com.ar\/index.php\/2025\/11\/06\/avila-sobre-garate-hubo-un-cambio-espero-que-se-mantenga-en-el-tiempo\/#primaryimage\",\"url\":\"https:\/\/ondauno.com.ar\/wp-content\/uploads\/2025\/11\/WhatsApp-Image-2025-11-06-at-19.33.51.jpeg\",\"contentUrl\":\"https:\/\/ondauno.com.ar\/wp-content\/uploads\/2025\/11\/WhatsApp-Image-2025-11-06-at-19.33.51.jpeg\",\"width\":1600,\"height\":1204},{\"@type\":\"BreadcrumbList\",\"@id\":\"https:\/\/ondauno.com.ar\/index.php\/2025\/11\/06\/avila-sobre-garate-hubo-un-cambio-espero-que-se-mantenga-en-el-tiempo\/#breadcrumb\",\"itemListElement\":[{\"@type\":\"ListItem\",\"position\":1,\"name\":\"Inicio\",\"item\":\"https:\/\/ondauno.com.ar\/\"},{\"@type\":\"ListItem\",\"position\":2,\"name\":\"Avila sobre Garate: &#8220;Hubo un cambio, espero que se mantenga en el tiempo&#8221;\"}]},{\"@type\":\"WebSite\",\"@id\":\"https:\/\/ondauno.com.ar\/#website\",\"url\":\"https:\/\/ondauno.com.ar\/\",\"name\":\"103.9 fm\",\"description\":\"LA PRIMERA RADIO MULTIMEDIA DE TRES ARROYOS\",\"potentialAction\":[{\"@type\":\"SearchAction\",\"target\":{\"@type\":\"EntryPoint\",\"urlTemplate\":\"https:\/\/ondauno.com.ar\/?s={search_term_string}\"},\"query-input\":\"required name=search_term_string\"}],\"inLanguage\":\"es-AR\"},{\"@type\":\"Person\",\"@id\":\"https:\/\/ondauno.com.ar\/#\/schema\/person\/7ec851ddeceb4133d7d7132dc645714e\",\"name\":\"OndaUno\",\"image\":{\"@type\":\"ImageObject\",\"inLanguage\":\"es-AR\",\"@id\":\"https:\/\/ondauno.com.ar\/#\/schema\/person\/image\/\",\"url\":\"https:\/\/secure.gravatar.com\/avatar\/93b8009f0de7021f1feb2bd5b32fb9e8?s=96&d=mm&r=g\",\"contentUrl\":\"https:\/\/secure.gravatar.com\/avatar\/93b8009f0de7021f1feb2bd5b32fb9e8?s=96&d=mm&r=g\",\"caption\":\"OndaUno\"},\"url\":\"https:\/\/ondauno.com.ar\/index.php\/author\/ondauno\/\"}]}<\/script>\n<!-- \/ Yoast SEO plugin. -->","yoast_head_json":{"title":"Avila sobre Garate: \"Hubo un cambio, espero que se mantenga en el tiempo\" - 103.9 fm","robots":{"index":"index","follow":"follow","max-snippet":"max-snippet:-1","max-image-preview":"max-image-preview:large","max-video-preview":"max-video-preview:-1"},"canonical":"https:\/\/ondauno.com.ar\/index.php\/2025\/11\/06\/avila-sobre-garate-hubo-un-cambio-espero-que-se-mantenga-en-el-tiempo\/","og_locale":"es_ES","og_type":"article","og_title":"Avila sobre Garate: \"Hubo un cambio, espero que se mantenga en el tiempo\" - 103.9 fm","og_description":"Cristian Ruiz y Carlos Avila en Cosas que pasan En Cosas que pasan, el concejal de Juntos por el Cambio, Carlos \u00c1vila y el funcionario chavense y dirigentes local de Nuevos Aires, Cristian Ruiz, hablaron sobre c\u00f3mo comienza a cerrar el a\u00f1o pol\u00edtico, la relaci\u00f3n con el gobierno municipal que encabeza el intendente Pablo Garate, [&hellip;]","og_url":"https:\/\/ondauno.com.ar\/index.php\/2025\/11\/06\/avila-sobre-garate-hubo-un-cambio-espero-que-se-mantenga-en-el-tiempo\/","og_site_name":"103.9 fm","article_publisher":"https:\/\/www.facebook.com\/ondauno103.9","article_published_time":"2025-11-07T02:39:24+00:00","article_modified_time":"2025-11-07T02:39:27+00:00","og_image":[{"width":1600,"height":1204,"url":"http:\/\/ondauno.com.ar\/wp-content\/uploads\/2025\/11\/WhatsApp-Image-2025-11-06-at-19.33.51.jpeg","type":"image\/jpeg"}],"author":"OndaUno","twitter_card":"summary_large_image","twitter_misc":{"Escrito por":"OndaUno","Tiempo de lectura":"2 minutos"},"schema":{"@context":"https:\/\/schema.org","@graph":[{"@type":"WebPage","@id":"https:\/\/ondauno.com.ar\/index.php\/2025\/11\/06\/avila-sobre-garate-hubo-un-cambio-espero-que-se-mantenga-en-el-tiempo\/","url":"https:\/\/ondauno.com.ar\/index.php\/2025\/11\/06\/avila-sobre-garate-hubo-un-cambio-espero-que-se-mantenga-en-el-tiempo\/","name":"Avila sobre Garate: \"Hubo un cambio, espero que se mantenga en el tiempo\" - 103.9 fm","isPartOf":{"@id":"https:\/\/ondauno.com.ar\/#website"},"primaryImageOfPage":{"@id":"https:\/\/ondauno.com.ar\/index.php\/2025\/11\/06\/avila-sobre-garate-hubo-un-cambio-espero-que-se-mantenga-en-el-tiempo\/#primaryimage"},"image":{"@id":"https:\/\/ondauno.com.ar\/index.php\/2025\/11\/06\/avila-sobre-garate-hubo-un-cambio-espero-que-se-mantenga-en-el-tiempo\/#primaryimage"},"thumbnailUrl":"https:\/\/ondauno.com.ar\/wp-content\/uploads\/2025\/11\/WhatsApp-Image-2025-11-06-at-19.33.51.jpeg","datePublished":"2025-11-07T02:39:24+00:00","dateModified":"2025-11-07T02:39:27+00:00","author":{"@id":"https:\/\/ondauno.com.ar\/#\/schema\/person\/7ec851ddeceb4133d7d7132dc645714e"},"breadcrumb":{"@id":"https:\/\/ondauno.com.ar\/index.php\/2025\/11\/06\/avila-sobre-garate-hubo-un-cambio-espero-que-se-mantenga-en-el-tiempo\/#breadcrumb"},"inLanguage":"es-AR","potentialAction":[{"@type":"ReadAction","target":["https:\/\/ondauno.com.ar\/index.php\/2025\/11\/06\/avila-sobre-garate-hubo-un-cambio-espero-que-se-mantenga-en-el-tiempo\/"]}]},{"@type":"ImageObject","inLanguage":"es-AR","@id":"https:\/\/ondauno.com.ar\/index.php\/2025\/11\/06\/avila-sobre-garate-hubo-un-cambio-espero-que-se-mantenga-en-el-tiempo\/#primaryimage","url":"https:\/\/ondauno.com.ar\/wp-content\/uploads\/2025\/11\/WhatsApp-Image-2025-11-06-at-19.33.51.jpeg","contentUrl":"https:\/\/ondauno.com.ar\/wp-content\/uploads\/2025\/11\/WhatsApp-Image-2025-11-06-at-19.33.51.jpeg","width":1600,"height":1204},{"@type":"BreadcrumbList","@id":"https:\/\/ondauno.com.ar\/index.php\/2025\/11\/06\/avila-sobre-garate-hubo-un-cambio-espero-que-se-mantenga-en-el-tiempo\/#breadcrumb","itemListElement":[{"@type":"ListItem","position":1,"name":"Inicio","item":"https:\/\/ondauno.com.ar\/"},{"@type":"ListItem","position":2,"name":"Avila sobre Garate: &#8220;Hubo un cambio, espero que se mantenga en el tiempo&#8221;"}]},{"@type":"WebSite","@id":"https:\/\/ondauno.com.ar\/#website","url":"https:\/\/ondauno.com.ar\/","name":"103.9 fm","description":"LA PRIMERA RADIO MULTIMEDIA DE TRES ARROYOS","potentialAction":[{"@type":"SearchAction","target":{"@type":"EntryPoint","urlTemplate":"https:\/\/ondauno.com.ar\/?s={search_term_string}"},"query-input":"required name=search_term_string"}],"inLanguage":"es-AR"},{"@type":"Person","@id":"https:\/\/ondauno.com.ar\/#\/schema\/person\/7ec851ddeceb4133d7d7132dc645714e","name":"OndaUno","image":{"@type":"ImageObject","inLanguage":"es-AR","@id":"https:\/\/ondauno.com.ar\/#\/schema\/person\/image\/","url":"https:\/\/secure.gravatar.com\/avatar\/93b8009f0de7021f1feb2bd5b32fb9e8?s=96&d=mm&r=g","contentUrl":"https:\/\/secure.gravatar.com\/avatar\/93b8009f0de7021f1feb2bd5b32fb9e8?s=96&d=mm&r=g","caption":"OndaUno"},"url":"https:\/\/ondauno.com.ar\/index.php\/author\/ondauno\/"}]}},"jetpack_publicize_connections":[],"jetpack_featured_media_url":"https:\/\/ondauno.com.ar\/wp-content\/uploads\/2025\/11\/WhatsApp-Image-2025-11-06-at-19.33.51.jpeg","jetpack_sharing_enabled":true,"_links":{"self":[{"href":"https:\/\/ondauno.com.ar\/index.php\/wp-json\/wp\/v2\/posts\/61633","targetHints":{"allow":["GET"]}}],"collection":[{"href":"https:\/\/ondauno.com.ar\/index.php\/wp-json\/wp\/v2\/posts"}],"about":[{"href":"https:\/\/ondauno.com.ar\/index.php\/wp-json\/wp\/v2\/types\/post"}],"author":[{"embeddable":true,"href":"https:\/\/ondauno.com.ar\/index.php\/wp-json\/wp\/v2\/users\/1"}],"replies":[{"embeddable":true,"href":"https:\/\/ondauno.com.ar\/index.php\/wp-json\/wp\/v2\/comments?post=61633"}],"version-history":[{"count":1,"href":"https:\/\/ondauno.com.ar\/index.php\/wp-json\/wp\/v2\/posts\/61633\/revisions"}],"predecessor-version":[{"id":61635,"href":"https:\/\/ondauno.com.ar\/index.php\/wp-json\/wp\/v2\/posts\/61633\/revisions\/61635"}],"wp:featuredmedia":[{"embeddable":true,"href":"https:\/\/ondauno.com.ar\/index.php\/wp-json\/wp\/v2\/media\/61634"}],"wp:attachment":[{"href":"https:\/\/ondauno.com.ar\/index.php\/wp-json\/wp\/v2\/media?parent=61633"}],"wp:term":[{"taxonomy":"category","embeddable":true,"href":"https:\/\/ondauno.com.ar\/index.php\/wp-json\/wp\/v2\/categories?post=61633"},{"taxonomy":"post_tag","embeddable":true,"href":"https:\/\/ondauno.com.ar\/index.php\/wp-json\/wp\/v2\/tags?post=61633"}],"curies":[{"name":"wp","href":"https:\/\/api.w.org\/{rel}","templated":true}]}}