{"id":61426,"date":"2025-10-29T17:19:44","date_gmt":"2025-10-29T20:19:44","guid":{"rendered":"https:\/\/ondauno.com.ar\/?p=61426"},"modified":"2025-10-29T17:19:48","modified_gmt":"2025-10-29T20:19:48","slug":"semana-de-propuestas-culturales-en-el-centro-cultural-la-estacion","status":"publish","type":"post","link":"https:\/\/ondauno.com.ar\/index.php\/2025\/10\/29\/semana-de-propuestas-culturales-en-el-centro-cultural-la-estacion\/","title":{"rendered":"Semana de propuestas culturales en el Centro Cultural La Estaci\u00f3n"},"content":{"rendered":"<div class=\"ondau-before-content_3\" style=\"margin-top: -30px;\" id=\"ondau-2064474115\"><a href=\"https:\/\/www.lps.com.ar\/\" aria-label=\"la-perse2\"><img loading=\"lazy\" decoding=\"async\" src=\"https:\/\/ondauno.com.ar\/wp-content\/uploads\/2021\/10\/la-perse2.jpg\" alt=\"\"  srcset=\"https:\/\/ondauno.com.ar\/wp-content\/uploads\/2021\/10\/la-perse2.jpg 1353w, https:\/\/ondauno.com.ar\/wp-content\/uploads\/2021\/10\/la-perse2-300x43.jpg 300w, https:\/\/ondauno.com.ar\/wp-content\/uploads\/2021\/10\/la-perse2-1024x148.jpg 1024w, https:\/\/ondauno.com.ar\/wp-content\/uploads\/2021\/10\/la-perse2-768x111.jpg 768w, https:\/\/ondauno.com.ar\/wp-content\/uploads\/2021\/10\/la-perse2-696x100.jpg 696w, https:\/\/ondauno.com.ar\/wp-content\/uploads\/2021\/10\/la-perse2-1068x154.jpg 1068w\" sizes=\"(max-width: 1353px) 100vw, 1353px\" class=\"no-lazyload\" width=\"1353\" height=\"195\"  style=\"display: inline-block;\" \/><\/a><\/div>\n<p>La Direcci\u00f3n de Cultura, Educaci\u00f3n y Derechos Humanos de la Municipalidad de Tres Arroyos, a traves del Centro Cultural La Estaci\u00f3n invita a disfrutar de una nueva semana de variadas actividades en el Centro Cultural La Estaci\u00f3n (Av. Ituzaing\u00f3 320), con propuestas para todos los gustos: m\u00fasica en vivo, cine, artes visuales y encuentros juveniles.<\/p>\n\n\n\n<p>Cine Franc\u00e9s \u2013 \u201cElle s&#8217;appelait Sarah\u201d<br>Viernes 31 | 19:30 hs<br>En el marco del ciclo de cine organizado junto a la Alliance Fran\u00e7aise Tres Arroyos, se proyectar\u00e1 el film franc\u00e9s \u201cElle s&#8217;appelait Sarah\u201d, subtitulado en espa\u00f1ol. Una historia profunda y emotiva que invita a la reflexi\u00f3n sobre la memoria y la identidad.<br>Las entradas se adquieren en puerta.<\/p>\n\n\n\n<p>Jazz en La Estaci\u00f3n<br>S\u00e1bado 1 de noviembre | 21 hs<br>Una noche imperdible con la presentaci\u00f3n de Troiano \u2013 Subranni \u2013 Aguinaga \u2013 Angeloni, destacados m\u00fasicos que ofrecer\u00e1n un repertorio de jazz con impronta local y energ\u00eda en vivo.<br>Las entradas se adquieren en puerta.<\/p>\n\n\n\n<p>Muestra del Mes: \u201cDe generaci\u00f3n en generaci\u00f3n\u201d \u2013 Laura Ciani<br>Apertura: s\u00e1bado 1 de noviembre a las 19h.<br>Durante todo noviembre podr\u00e1 visitarse la nueva muestra de la artista local Laura Ciani, quien presenta su obra bajo el t\u00edtulo \u201cDe generaci\u00f3n en generaci\u00f3n\u201d. Una exposici\u00f3n que celebra el legado art\u00edstico y la transmisi\u00f3n de la creatividad entre distintas etapas de la vida.<\/p>\n\n\n\n<p>Liga Tresarroyense \u2013 Quinta Fecha<br>Domingo 2 de noviembre | 18 hs<br>Contin\u00faa la Liga Tresarroyense, el encuentro juvenil de freestyle y cultura urbana que re\u00fane a j\u00f3venes artistas locales en una nueva fecha de competencia. Una tarde de m\u00fasica, ritmo y expresi\u00f3n.<\/p>\n","protected":false},"excerpt":{"rendered":"<p>La Direcci\u00f3n de Cultura, Educaci\u00f3n y Derechos Humanos de la Municipalidad de Tres Arroyos, a traves del Centro Cultural La Estaci\u00f3n invita a disfrutar de una nueva semana de variadas actividades en el Centro Cultural La Estaci\u00f3n (Av. Ituzaing\u00f3 320), con propuestas para todos los gustos: m\u00fasica en vivo, cine, artes visuales y encuentros juveniles. [&hellip;]<\/p>\n","protected":false},"author":1,"featured_media":61427,"comment_status":"open","ping_status":"open","sticky":false,"template":"","format":"standard","meta":{"tdm_status":"","tdm_grid_status":"","_jetpack_memberships_contains_paid_content":false,"footnotes":"","jetpack_publicize_message":"","jetpack_publicize_feature_enabled":true,"jetpack_social_post_already_shared":true,"jetpack_social_options":{"image_generator_settings":{"template":"highway","default_image_id":0,"font":"","enabled":false},"version":2}},"categories":[2],"tags":[],"class_list":{"0":"post-61426","1":"post","2":"type-post","3":"status-publish","4":"format-standard","5":"has-post-thumbnail","7":"category-locales"},"yoast_head":"<!-- This site is optimized with the Yoast SEO plugin v22.7 - https:\/\/yoast.com\/wordpress\/plugins\/seo\/ -->\n<title>Semana de propuestas culturales en el Centro Cultural La Estaci\u00f3n - 103.9 fm<\/title>\n<meta name=\"robots\" content=\"index, follow, max-snippet:-1, max-image-preview:large, max-video-preview:-1\" \/>\n<link rel=\"canonical\" href=\"https:\/\/ondauno.com.ar\/index.php\/2025\/10\/29\/semana-de-propuestas-culturales-en-el-centro-cultural-la-estacion\/\" \/>\n<meta property=\"og:locale\" content=\"es_ES\" \/>\n<meta property=\"og:type\" content=\"article\" \/>\n<meta property=\"og:title\" content=\"Semana de propuestas culturales en el Centro Cultural La Estaci\u00f3n - 103.9 fm\" \/>\n<meta property=\"og:description\" content=\"La Direcci\u00f3n de Cultura, Educaci\u00f3n y Derechos Humanos de la Municipalidad de Tres Arroyos, a traves del Centro Cultural La Estaci\u00f3n invita a disfrutar de una nueva semana de variadas actividades en el Centro Cultural La Estaci\u00f3n (Av. Ituzaing\u00f3 320), con propuestas para todos los gustos: m\u00fasica en vivo, cine, artes visuales y encuentros juveniles. [&hellip;]\" \/>\n<meta property=\"og:url\" content=\"https:\/\/ondauno.com.ar\/index.php\/2025\/10\/29\/semana-de-propuestas-culturales-en-el-centro-cultural-la-estacion\/\" \/>\n<meta property=\"og:site_name\" content=\"103.9 fm\" \/>\n<meta property=\"article:publisher\" content=\"https:\/\/www.facebook.com\/ondauno103.9\" \/>\n<meta property=\"article:published_time\" content=\"2025-10-29T20:19:44+00:00\" \/>\n<meta property=\"article:modified_time\" content=\"2025-10-29T20:19:48+00:00\" \/>\n<meta property=\"og:image\" content=\"http:\/\/ondauno.com.ar\/wp-content\/uploads\/2025\/10\/Blank-4-Grids-Collage-10-1024x1024.png\" \/>\n\t<meta property=\"og:image:width\" content=\"1024\" \/>\n\t<meta property=\"og:image:height\" content=\"1024\" \/>\n\t<meta property=\"og:image:type\" content=\"image\/png\" \/>\n<meta name=\"author\" content=\"OndaUno\" \/>\n<meta name=\"twitter:card\" content=\"summary_large_image\" \/>\n<meta name=\"twitter:label1\" content=\"Escrito por\" \/>\n\t<meta name=\"twitter:data1\" content=\"OndaUno\" \/>\n\t<meta name=\"twitter:label2\" content=\"Tiempo de lectura\" \/>\n\t<meta name=\"twitter:data2\" content=\"2 minutos\" \/>\n<script type=\"application\/ld+json\" class=\"yoast-schema-graph\">{\"@context\":\"https:\/\/schema.org\",\"@graph\":[{\"@type\":\"WebPage\",\"@id\":\"https:\/\/ondauno.com.ar\/index.php\/2025\/10\/29\/semana-de-propuestas-culturales-en-el-centro-cultural-la-estacion\/\",\"url\":\"https:\/\/ondauno.com.ar\/index.php\/2025\/10\/29\/semana-de-propuestas-culturales-en-el-centro-cultural-la-estacion\/\",\"name\":\"Semana de propuestas culturales en el Centro Cultural La Estaci\u00f3n - 103.9 fm\",\"isPartOf\":{\"@id\":\"https:\/\/ondauno.com.ar\/#website\"},\"primaryImageOfPage\":{\"@id\":\"https:\/\/ondauno.com.ar\/index.php\/2025\/10\/29\/semana-de-propuestas-culturales-en-el-centro-cultural-la-estacion\/#primaryimage\"},\"image\":{\"@id\":\"https:\/\/ondauno.com.ar\/index.php\/2025\/10\/29\/semana-de-propuestas-culturales-en-el-centro-cultural-la-estacion\/#primaryimage\"},\"thumbnailUrl\":\"https:\/\/ondauno.com.ar\/wp-content\/uploads\/2025\/10\/Blank-4-Grids-Collage-10.png\",\"datePublished\":\"2025-10-29T20:19:44+00:00\",\"dateModified\":\"2025-10-29T20:19:48+00:00\",\"author\":{\"@id\":\"https:\/\/ondauno.com.ar\/#\/schema\/person\/7ec851ddeceb4133d7d7132dc645714e\"},\"breadcrumb\":{\"@id\":\"https:\/\/ondauno.com.ar\/index.php\/2025\/10\/29\/semana-de-propuestas-culturales-en-el-centro-cultural-la-estacion\/#breadcrumb\"},\"inLanguage\":\"es-AR\",\"potentialAction\":[{\"@type\":\"ReadAction\",\"target\":[\"https:\/\/ondauno.com.ar\/index.php\/2025\/10\/29\/semana-de-propuestas-culturales-en-el-centro-cultural-la-estacion\/\"]}]},{\"@type\":\"ImageObject\",\"inLanguage\":\"es-AR\",\"@id\":\"https:\/\/ondauno.com.ar\/index.php\/2025\/10\/29\/semana-de-propuestas-culturales-en-el-centro-cultural-la-estacion\/#primaryimage\",\"url\":\"https:\/\/ondauno.com.ar\/wp-content\/uploads\/2025\/10\/Blank-4-Grids-Collage-10.png\",\"contentUrl\":\"https:\/\/ondauno.com.ar\/wp-content\/uploads\/2025\/10\/Blank-4-Grids-Collage-10.png\",\"width\":2000,\"height\":2000},{\"@type\":\"BreadcrumbList\",\"@id\":\"https:\/\/ondauno.com.ar\/index.php\/2025\/10\/29\/semana-de-propuestas-culturales-en-el-centro-cultural-la-estacion\/#breadcrumb\",\"itemListElement\":[{\"@type\":\"ListItem\",\"position\":1,\"name\":\"Inicio\",\"item\":\"https:\/\/ondauno.com.ar\/\"},{\"@type\":\"ListItem\",\"position\":2,\"name\":\"Semana de propuestas culturales en el Centro Cultural La Estaci\u00f3n\"}]},{\"@type\":\"WebSite\",\"@id\":\"https:\/\/ondauno.com.ar\/#website\",\"url\":\"https:\/\/ondauno.com.ar\/\",\"name\":\"103.9 fm\",\"description\":\"LA PRIMERA RADIO MULTIMEDIA DE TRES ARROYOS\",\"potentialAction\":[{\"@type\":\"SearchAction\",\"target\":{\"@type\":\"EntryPoint\",\"urlTemplate\":\"https:\/\/ondauno.com.ar\/?s={search_term_string}\"},\"query-input\":\"required name=search_term_string\"}],\"inLanguage\":\"es-AR\"},{\"@type\":\"Person\",\"@id\":\"https:\/\/ondauno.com.ar\/#\/schema\/person\/7ec851ddeceb4133d7d7132dc645714e\",\"name\":\"OndaUno\",\"image\":{\"@type\":\"ImageObject\",\"inLanguage\":\"es-AR\",\"@id\":\"https:\/\/ondauno.com.ar\/#\/schema\/person\/image\/\",\"url\":\"https:\/\/secure.gravatar.com\/avatar\/93b8009f0de7021f1feb2bd5b32fb9e8?s=96&d=mm&r=g\",\"contentUrl\":\"https:\/\/secure.gravatar.com\/avatar\/93b8009f0de7021f1feb2bd5b32fb9e8?s=96&d=mm&r=g\",\"caption\":\"OndaUno\"},\"url\":\"https:\/\/ondauno.com.ar\/index.php\/author\/ondauno\/\"}]}<\/script>\n<!-- \/ Yoast SEO plugin. -->","yoast_head_json":{"title":"Semana de propuestas culturales en el Centro Cultural La Estaci\u00f3n - 103.9 fm","robots":{"index":"index","follow":"follow","max-snippet":"max-snippet:-1","max-image-preview":"max-image-preview:large","max-video-preview":"max-video-preview:-1"},"canonical":"https:\/\/ondauno.com.ar\/index.php\/2025\/10\/29\/semana-de-propuestas-culturales-en-el-centro-cultural-la-estacion\/","og_locale":"es_ES","og_type":"article","og_title":"Semana de propuestas culturales en el Centro Cultural La Estaci\u00f3n - 103.9 fm","og_description":"La Direcci\u00f3n de Cultura, Educaci\u00f3n y Derechos Humanos de la Municipalidad de Tres Arroyos, a traves del Centro Cultural La Estaci\u00f3n invita a disfrutar de una nueva semana de variadas actividades en el Centro Cultural La Estaci\u00f3n (Av. Ituzaing\u00f3 320), con propuestas para todos los gustos: m\u00fasica en vivo, cine, artes visuales y encuentros juveniles. [&hellip;]","og_url":"https:\/\/ondauno.com.ar\/index.php\/2025\/10\/29\/semana-de-propuestas-culturales-en-el-centro-cultural-la-estacion\/","og_site_name":"103.9 fm","article_publisher":"https:\/\/www.facebook.com\/ondauno103.9","article_published_time":"2025-10-29T20:19:44+00:00","article_modified_time":"2025-10-29T20:19:48+00:00","og_image":[{"width":1024,"height":1024,"url":"http:\/\/ondauno.com.ar\/wp-content\/uploads\/2025\/10\/Blank-4-Grids-Collage-10-1024x1024.png","type":"image\/png"}],"author":"OndaUno","twitter_card":"summary_large_image","twitter_misc":{"Escrito por":"OndaUno","Tiempo de lectura":"2 minutos"},"schema":{"@context":"https:\/\/schema.org","@graph":[{"@type":"WebPage","@id":"https:\/\/ondauno.com.ar\/index.php\/2025\/10\/29\/semana-de-propuestas-culturales-en-el-centro-cultural-la-estacion\/","url":"https:\/\/ondauno.com.ar\/index.php\/2025\/10\/29\/semana-de-propuestas-culturales-en-el-centro-cultural-la-estacion\/","name":"Semana de propuestas culturales en el Centro Cultural La Estaci\u00f3n - 103.9 fm","isPartOf":{"@id":"https:\/\/ondauno.com.ar\/#website"},"primaryImageOfPage":{"@id":"https:\/\/ondauno.com.ar\/index.php\/2025\/10\/29\/semana-de-propuestas-culturales-en-el-centro-cultural-la-estacion\/#primaryimage"},"image":{"@id":"https:\/\/ondauno.com.ar\/index.php\/2025\/10\/29\/semana-de-propuestas-culturales-en-el-centro-cultural-la-estacion\/#primaryimage"},"thumbnailUrl":"https:\/\/ondauno.com.ar\/wp-content\/uploads\/2025\/10\/Blank-4-Grids-Collage-10.png","datePublished":"2025-10-29T20:19:44+00:00","dateModified":"2025-10-29T20:19:48+00:00","author":{"@id":"https:\/\/ondauno.com.ar\/#\/schema\/person\/7ec851ddeceb4133d7d7132dc645714e"},"breadcrumb":{"@id":"https:\/\/ondauno.com.ar\/index.php\/2025\/10\/29\/semana-de-propuestas-culturales-en-el-centro-cultural-la-estacion\/#breadcrumb"},"inLanguage":"es-AR","potentialAction":[{"@type":"ReadAction","target":["https:\/\/ondauno.com.ar\/index.php\/2025\/10\/29\/semana-de-propuestas-culturales-en-el-centro-cultural-la-estacion\/"]}]},{"@type":"ImageObject","inLanguage":"es-AR","@id":"https:\/\/ondauno.com.ar\/index.php\/2025\/10\/29\/semana-de-propuestas-culturales-en-el-centro-cultural-la-estacion\/#primaryimage","url":"https:\/\/ondauno.com.ar\/wp-content\/uploads\/2025\/10\/Blank-4-Grids-Collage-10.png","contentUrl":"https:\/\/ondauno.com.ar\/wp-content\/uploads\/2025\/10\/Blank-4-Grids-Collage-10.png","width":2000,"height":2000},{"@type":"BreadcrumbList","@id":"https:\/\/ondauno.com.ar\/index.php\/2025\/10\/29\/semana-de-propuestas-culturales-en-el-centro-cultural-la-estacion\/#breadcrumb","itemListElement":[{"@type":"ListItem","position":1,"name":"Inicio","item":"https:\/\/ondauno.com.ar\/"},{"@type":"ListItem","position":2,"name":"Semana de propuestas culturales en el Centro Cultural La Estaci\u00f3n"}]},{"@type":"WebSite","@id":"https:\/\/ondauno.com.ar\/#website","url":"https:\/\/ondauno.com.ar\/","name":"103.9 fm","description":"LA PRIMERA RADIO MULTIMEDIA DE TRES ARROYOS","potentialAction":[{"@type":"SearchAction","target":{"@type":"EntryPoint","urlTemplate":"https:\/\/ondauno.com.ar\/?s={search_term_string}"},"query-input":"required name=search_term_string"}],"inLanguage":"es-AR"},{"@type":"Person","@id":"https:\/\/ondauno.com.ar\/#\/schema\/person\/7ec851ddeceb4133d7d7132dc645714e","name":"OndaUno","image":{"@type":"ImageObject","inLanguage":"es-AR","@id":"https:\/\/ondauno.com.ar\/#\/schema\/person\/image\/","url":"https:\/\/secure.gravatar.com\/avatar\/93b8009f0de7021f1feb2bd5b32fb9e8?s=96&d=mm&r=g","contentUrl":"https:\/\/secure.gravatar.com\/avatar\/93b8009f0de7021f1feb2bd5b32fb9e8?s=96&d=mm&r=g","caption":"OndaUno"},"url":"https:\/\/ondauno.com.ar\/index.php\/author\/ondauno\/"}]}},"jetpack_publicize_connections":[],"jetpack_featured_media_url":"https:\/\/ondauno.com.ar\/wp-content\/uploads\/2025\/10\/Blank-4-Grids-Collage-10.png","jetpack_sharing_enabled":true,"_links":{"self":[{"href":"https:\/\/ondauno.com.ar\/index.php\/wp-json\/wp\/v2\/posts\/61426","targetHints":{"allow":["GET"]}}],"collection":[{"href":"https:\/\/ondauno.com.ar\/index.php\/wp-json\/wp\/v2\/posts"}],"about":[{"href":"https:\/\/ondauno.com.ar\/index.php\/wp-json\/wp\/v2\/types\/post"}],"author":[{"embeddable":true,"href":"https:\/\/ondauno.com.ar\/index.php\/wp-json\/wp\/v2\/users\/1"}],"replies":[{"embeddable":true,"href":"https:\/\/ondauno.com.ar\/index.php\/wp-json\/wp\/v2\/comments?post=61426"}],"version-history":[{"count":1,"href":"https:\/\/ondauno.com.ar\/index.php\/wp-json\/wp\/v2\/posts\/61426\/revisions"}],"predecessor-version":[{"id":61428,"href":"https:\/\/ondauno.com.ar\/index.php\/wp-json\/wp\/v2\/posts\/61426\/revisions\/61428"}],"wp:featuredmedia":[{"embeddable":true,"href":"https:\/\/ondauno.com.ar\/index.php\/wp-json\/wp\/v2\/media\/61427"}],"wp:attachment":[{"href":"https:\/\/ondauno.com.ar\/index.php\/wp-json\/wp\/v2\/media?parent=61426"}],"wp:term":[{"taxonomy":"category","embeddable":true,"href":"https:\/\/ondauno.com.ar\/index.php\/wp-json\/wp\/v2\/categories?post=61426"},{"taxonomy":"post_tag","embeddable":true,"href":"https:\/\/ondauno.com.ar\/index.php\/wp-json\/wp\/v2\/tags?post=61426"}],"curies":[{"name":"wp","href":"https:\/\/api.w.org\/{rel}","templated":true}]}}