{"id":61410,"date":"2025-10-28T18:09:59","date_gmt":"2025-10-28T21:09:59","guid":{"rendered":"https:\/\/ondauno.com.ar\/?p=61410"},"modified":"2025-10-28T18:10:03","modified_gmt":"2025-10-28T21:10:03","slug":"volvio-a-atacar-en-necochea-mientras-cumple-condena-por-un-delito-en-orense","status":"publish","type":"post","link":"https:\/\/ondauno.com.ar\/index.php\/2025\/10\/28\/volvio-a-atacar-en-necochea-mientras-cumple-condena-por-un-delito-en-orense\/","title":{"rendered":"Volvi\u00f3 a atacar en Necochea mientras cumple condena por un delito en Orense"},"content":{"rendered":"<div class=\"ondau-before-content_3\" style=\"margin-top: -30px;\" id=\"ondau-729496828\"><a href=\"https:\/\/www.lps.com.ar\/\" aria-label=\"la-perse2\"><img loading=\"lazy\" decoding=\"async\" src=\"https:\/\/ondauno.com.ar\/wp-content\/uploads\/2021\/10\/la-perse2.jpg\" alt=\"\"  srcset=\"https:\/\/ondauno.com.ar\/wp-content\/uploads\/2021\/10\/la-perse2.jpg 1353w, https:\/\/ondauno.com.ar\/wp-content\/uploads\/2021\/10\/la-perse2-300x43.jpg 300w, https:\/\/ondauno.com.ar\/wp-content\/uploads\/2021\/10\/la-perse2-1024x148.jpg 1024w, https:\/\/ondauno.com.ar\/wp-content\/uploads\/2021\/10\/la-perse2-768x111.jpg 768w, https:\/\/ondauno.com.ar\/wp-content\/uploads\/2021\/10\/la-perse2-696x100.jpg 696w, https:\/\/ondauno.com.ar\/wp-content\/uploads\/2021\/10\/la-perse2-1068x154.jpg 1068w\" sizes=\"(max-width: 1353px) 100vw, 1353px\" class=\"no-lazyload\" width=\"1353\" height=\"195\"  style=\"display: inline-block;\" \/><\/a><\/div>\n<p class=\"has-small-font-size\"><em>Foto: Ecos Diaro <\/em><\/p>\n\n\n\n<p>El fiscal Carlos Larrarte, titular de la Unidad Funcional de Instrucci\u00f3n y Juicio N\u00ba 30 de Necochea, brind\u00f3 detalles en di\u00e1logo con Cosas que pasan sobre el nuevo hecho de violencia protagonizado por Gonzalo Ull\u00faa, el hombre oriundo de Tres Arroyos que en 2022 hab\u00eda sido condenado a cuatro a\u00f1os de prisi\u00f3n por el brutal ataque a una mujer en Orense. ( Elsa Hut).<\/p>\n\n\n\n<p>Seg\u00fan explic\u00f3 Larrarte, Ull\u00faa \u201cse encontraba haciendo uso de salidas transitorias otorgadas por el Juzgado de Ejecuci\u00f3n\u201d, cuando cometi\u00f3 el reciente ataque contra una remisera en la ciudad de Necochea.<\/p>\n\n\n\n<p>El fiscal relat\u00f3 que \u201cel hombre tom\u00f3 un rem\u00eds junto a otras dos personas y, una vez que qued\u00f3 solo con la conductora en una zona descampada, le coloc\u00f3 un arma blanca en la espalda e intent\u00f3 abusar de ella\u201d. La mujer logr\u00f3 escapar \u201cgracias a que comenz\u00f3 a tocar bocina y a gritar, lo que le permiti\u00f3 correr y pedir ayuda\u201d. Ull\u00faa se dio a la fuga con el veh\u00edculo, pero fue detenido poco despu\u00e9s por la polic\u00eda tras quedar el auto empantanado.<\/p>\n\n\n\n<p>El fiscal confirm\u00f3 que el acusado enfrenta cargos por robo calificado por el uso de arma y abuso sexual en grado de tentativa, y que se solicit\u00f3 su prisi\u00f3n preventiva. \u201cSu situaci\u00f3n procesal es muy complicada, ya que estaba cumpliendo condena y gozando de un beneficio que exige una conducta intachable\u201d, explic\u00f3 Larrarte.<\/p>\n\n\n\n<p>Respecto a la posibilidad de nuevas penas, se\u00f1al\u00f3 que \u201cel robo calificado tiene un m\u00ednimo de cinco a\u00f1os y un m\u00e1ximo de quince, y se le suma el abuso sexual, que puede llegar a cuatro a\u00f1os\u201d. Adem\u00e1s, advirti\u00f3 que podr\u00eda dictarse una pena \u00fanica con declaraci\u00f3n de reincidencia, dado que el hombre ya cumpl\u00eda condena.<\/p>\n\n\n\n<p>Por \u00faltimo Larrarte indic\u00f3 que \u201cel ataque no guarda relaci\u00f3n con otros hechos recientes contra remiseras en Necochea\u201d y que el acusado permanece detenido en la comisar\u00eda primera, a la espera de su traslado a una unidad penitenciaria.<\/p>\n\n\n\n<p>Pod\u00e9s escuchar la nota completa en el siguiente link:<\/p>\n\n\n\n<figure class=\"wp-block-embed is-type-video is-provider-youtube wp-block-embed-youtube wp-embed-aspect-16-9 wp-has-aspect-ratio\"><div class=\"wp-block-embed__wrapper\">\n<div class=\"youtube-embed\" data-video_id=\"weswXTclUP0\"><iframe loading=\"lazy\" title=\"Onda Uno 103.9 en vivo\" width=\"696\" height=\"392\" data-src=\"https:\/\/www.youtube.com\/embed\/weswXTclUP0?start=614&#038;feature=oembed\" frameborder=\"0\" allow=\"accelerometer; autoplay; clipboard-write; encrypted-media; gyroscope; picture-in-picture; web-share\" referrerpolicy=\"strict-origin-when-cross-origin\" allowfullscreen src=\"data:image\/gif;base64,R0lGODlhAQABAAAAACH5BAEKAAEALAAAAAABAAEAAAICTAEAOw==\" class=\"lazyload\" data-load-mode=\"1\"><\/iframe><\/div>\n<\/div><\/figure>\n","protected":false},"excerpt":{"rendered":"<p>Foto: Ecos Diaro El fiscal Carlos Larrarte, titular de la Unidad Funcional de Instrucci\u00f3n y Juicio N\u00ba 30 de Necochea, brind\u00f3 detalles en di\u00e1logo con Cosas que pasan sobre el nuevo hecho de violencia protagonizado por Gonzalo Ull\u00faa, el hombre oriundo de Tres Arroyos que en 2022 hab\u00eda sido condenado a cuatro a\u00f1os de prisi\u00f3n [&hellip;]<\/p>\n","protected":false},"author":1,"featured_media":61411,"comment_status":"open","ping_status":"open","sticky":false,"template":"","format":"standard","meta":{"tdm_status":"","tdm_grid_status":"","_jetpack_memberships_contains_paid_content":false,"footnotes":"","jetpack_publicize_message":"","jetpack_publicize_feature_enabled":true,"jetpack_social_post_already_shared":true,"jetpack_social_options":{"image_generator_settings":{"template":"highway","default_image_id":0,"font":"","enabled":false},"version":2}},"categories":[29],"tags":[],"class_list":{"0":"post-61410","1":"post","2":"type-post","3":"status-publish","4":"format-standard","5":"has-post-thumbnail","7":"category-policiales"},"yoast_head":"<!-- This site is optimized with the Yoast SEO plugin v22.7 - https:\/\/yoast.com\/wordpress\/plugins\/seo\/ -->\n<title>Volvi\u00f3 a atacar en Necochea mientras cumple condena por un delito en Orense - 103.9 fm<\/title>\n<meta name=\"robots\" content=\"index, follow, max-snippet:-1, max-image-preview:large, max-video-preview:-1\" \/>\n<link rel=\"canonical\" href=\"https:\/\/ondauno.com.ar\/index.php\/2025\/10\/28\/volvio-a-atacar-en-necochea-mientras-cumple-condena-por-un-delito-en-orense\/\" \/>\n<meta property=\"og:locale\" content=\"es_ES\" \/>\n<meta property=\"og:type\" content=\"article\" \/>\n<meta property=\"og:title\" content=\"Volvi\u00f3 a atacar en Necochea mientras cumple condena por un delito en Orense - 103.9 fm\" \/>\n<meta property=\"og:description\" content=\"Foto: Ecos Diaro El fiscal Carlos Larrarte, titular de la Unidad Funcional de Instrucci\u00f3n y Juicio N\u00ba 30 de Necochea, brind\u00f3 detalles en di\u00e1logo con Cosas que pasan sobre el nuevo hecho de violencia protagonizado por Gonzalo Ull\u00faa, el hombre oriundo de Tres Arroyos que en 2022 hab\u00eda sido condenado a cuatro a\u00f1os de prisi\u00f3n [&hellip;]\" \/>\n<meta property=\"og:url\" content=\"https:\/\/ondauno.com.ar\/index.php\/2025\/10\/28\/volvio-a-atacar-en-necochea-mientras-cumple-condena-por-un-delito-en-orense\/\" \/>\n<meta property=\"og:site_name\" content=\"103.9 fm\" \/>\n<meta property=\"article:publisher\" content=\"https:\/\/www.facebook.com\/ondauno103.9\" \/>\n<meta property=\"article:published_time\" content=\"2025-10-28T21:09:59+00:00\" \/>\n<meta property=\"article:modified_time\" content=\"2025-10-28T21:10:03+00:00\" \/>\n<meta property=\"og:image\" content=\"http:\/\/ondauno.com.ar\/wp-content\/uploads\/2025\/10\/el_pasado_11_del_corriente_la_policia_recupero_el_auto_de_la_victima_sustraido.webp\" \/>\n\t<meta property=\"og:image:width\" content=\"768\" \/>\n\t<meta property=\"og:image:height\" content=\"432\" \/>\n\t<meta property=\"og:image:type\" content=\"image\/webp\" \/>\n<meta name=\"author\" content=\"OndaUno\" \/>\n<meta name=\"twitter:card\" content=\"summary_large_image\" \/>\n<meta name=\"twitter:label1\" content=\"Escrito por\" \/>\n\t<meta name=\"twitter:data1\" content=\"OndaUno\" \/>\n\t<meta name=\"twitter:label2\" content=\"Tiempo de lectura\" \/>\n\t<meta name=\"twitter:data2\" content=\"2 minutos\" \/>\n<script type=\"application\/ld+json\" class=\"yoast-schema-graph\">{\"@context\":\"https:\/\/schema.org\",\"@graph\":[{\"@type\":\"WebPage\",\"@id\":\"https:\/\/ondauno.com.ar\/index.php\/2025\/10\/28\/volvio-a-atacar-en-necochea-mientras-cumple-condena-por-un-delito-en-orense\/\",\"url\":\"https:\/\/ondauno.com.ar\/index.php\/2025\/10\/28\/volvio-a-atacar-en-necochea-mientras-cumple-condena-por-un-delito-en-orense\/\",\"name\":\"Volvi\u00f3 a atacar en Necochea mientras cumple condena por un delito en Orense - 103.9 fm\",\"isPartOf\":{\"@id\":\"https:\/\/ondauno.com.ar\/#website\"},\"primaryImageOfPage\":{\"@id\":\"https:\/\/ondauno.com.ar\/index.php\/2025\/10\/28\/volvio-a-atacar-en-necochea-mientras-cumple-condena-por-un-delito-en-orense\/#primaryimage\"},\"image\":{\"@id\":\"https:\/\/ondauno.com.ar\/index.php\/2025\/10\/28\/volvio-a-atacar-en-necochea-mientras-cumple-condena-por-un-delito-en-orense\/#primaryimage\"},\"thumbnailUrl\":\"https:\/\/ondauno.com.ar\/wp-content\/uploads\/2025\/10\/el_pasado_11_del_corriente_la_policia_recupero_el_auto_de_la_victima_sustraido.webp\",\"datePublished\":\"2025-10-28T21:09:59+00:00\",\"dateModified\":\"2025-10-28T21:10:03+00:00\",\"author\":{\"@id\":\"https:\/\/ondauno.com.ar\/#\/schema\/person\/7ec851ddeceb4133d7d7132dc645714e\"},\"breadcrumb\":{\"@id\":\"https:\/\/ondauno.com.ar\/index.php\/2025\/10\/28\/volvio-a-atacar-en-necochea-mientras-cumple-condena-por-un-delito-en-orense\/#breadcrumb\"},\"inLanguage\":\"es-AR\",\"potentialAction\":[{\"@type\":\"ReadAction\",\"target\":[\"https:\/\/ondauno.com.ar\/index.php\/2025\/10\/28\/volvio-a-atacar-en-necochea-mientras-cumple-condena-por-un-delito-en-orense\/\"]}]},{\"@type\":\"ImageObject\",\"inLanguage\":\"es-AR\",\"@id\":\"https:\/\/ondauno.com.ar\/index.php\/2025\/10\/28\/volvio-a-atacar-en-necochea-mientras-cumple-condena-por-un-delito-en-orense\/#primaryimage\",\"url\":\"https:\/\/ondauno.com.ar\/wp-content\/uploads\/2025\/10\/el_pasado_11_del_corriente_la_policia_recupero_el_auto_de_la_victima_sustraido.webp\",\"contentUrl\":\"https:\/\/ondauno.com.ar\/wp-content\/uploads\/2025\/10\/el_pasado_11_del_corriente_la_policia_recupero_el_auto_de_la_victima_sustraido.webp\",\"width\":768,\"height\":432},{\"@type\":\"BreadcrumbList\",\"@id\":\"https:\/\/ondauno.com.ar\/index.php\/2025\/10\/28\/volvio-a-atacar-en-necochea-mientras-cumple-condena-por-un-delito-en-orense\/#breadcrumb\",\"itemListElement\":[{\"@type\":\"ListItem\",\"position\":1,\"name\":\"Inicio\",\"item\":\"https:\/\/ondauno.com.ar\/\"},{\"@type\":\"ListItem\",\"position\":2,\"name\":\"Volvi\u00f3 a atacar en Necochea mientras cumple condena por un delito en Orense\"}]},{\"@type\":\"WebSite\",\"@id\":\"https:\/\/ondauno.com.ar\/#website\",\"url\":\"https:\/\/ondauno.com.ar\/\",\"name\":\"103.9 fm\",\"description\":\"LA PRIMERA RADIO MULTIMEDIA DE TRES ARROYOS\",\"potentialAction\":[{\"@type\":\"SearchAction\",\"target\":{\"@type\":\"EntryPoint\",\"urlTemplate\":\"https:\/\/ondauno.com.ar\/?s={search_term_string}\"},\"query-input\":\"required name=search_term_string\"}],\"inLanguage\":\"es-AR\"},{\"@type\":\"Person\",\"@id\":\"https:\/\/ondauno.com.ar\/#\/schema\/person\/7ec851ddeceb4133d7d7132dc645714e\",\"name\":\"OndaUno\",\"image\":{\"@type\":\"ImageObject\",\"inLanguage\":\"es-AR\",\"@id\":\"https:\/\/ondauno.com.ar\/#\/schema\/person\/image\/\",\"url\":\"https:\/\/secure.gravatar.com\/avatar\/93b8009f0de7021f1feb2bd5b32fb9e8?s=96&d=mm&r=g\",\"contentUrl\":\"https:\/\/secure.gravatar.com\/avatar\/93b8009f0de7021f1feb2bd5b32fb9e8?s=96&d=mm&r=g\",\"caption\":\"OndaUno\"},\"url\":\"https:\/\/ondauno.com.ar\/index.php\/author\/ondauno\/\"}]}<\/script>\n<!-- \/ Yoast SEO plugin. -->","yoast_head_json":{"title":"Volvi\u00f3 a atacar en Necochea mientras cumple condena por un delito en Orense - 103.9 fm","robots":{"index":"index","follow":"follow","max-snippet":"max-snippet:-1","max-image-preview":"max-image-preview:large","max-video-preview":"max-video-preview:-1"},"canonical":"https:\/\/ondauno.com.ar\/index.php\/2025\/10\/28\/volvio-a-atacar-en-necochea-mientras-cumple-condena-por-un-delito-en-orense\/","og_locale":"es_ES","og_type":"article","og_title":"Volvi\u00f3 a atacar en Necochea mientras cumple condena por un delito en Orense - 103.9 fm","og_description":"Foto: Ecos Diaro El fiscal Carlos Larrarte, titular de la Unidad Funcional de Instrucci\u00f3n y Juicio N\u00ba 30 de Necochea, brind\u00f3 detalles en di\u00e1logo con Cosas que pasan sobre el nuevo hecho de violencia protagonizado por Gonzalo Ull\u00faa, el hombre oriundo de Tres Arroyos que en 2022 hab\u00eda sido condenado a cuatro a\u00f1os de prisi\u00f3n [&hellip;]","og_url":"https:\/\/ondauno.com.ar\/index.php\/2025\/10\/28\/volvio-a-atacar-en-necochea-mientras-cumple-condena-por-un-delito-en-orense\/","og_site_name":"103.9 fm","article_publisher":"https:\/\/www.facebook.com\/ondauno103.9","article_published_time":"2025-10-28T21:09:59+00:00","article_modified_time":"2025-10-28T21:10:03+00:00","og_image":[{"width":768,"height":432,"url":"http:\/\/ondauno.com.ar\/wp-content\/uploads\/2025\/10\/el_pasado_11_del_corriente_la_policia_recupero_el_auto_de_la_victima_sustraido.webp","type":"image\/webp"}],"author":"OndaUno","twitter_card":"summary_large_image","twitter_misc":{"Escrito por":"OndaUno","Tiempo de lectura":"2 minutos"},"schema":{"@context":"https:\/\/schema.org","@graph":[{"@type":"WebPage","@id":"https:\/\/ondauno.com.ar\/index.php\/2025\/10\/28\/volvio-a-atacar-en-necochea-mientras-cumple-condena-por-un-delito-en-orense\/","url":"https:\/\/ondauno.com.ar\/index.php\/2025\/10\/28\/volvio-a-atacar-en-necochea-mientras-cumple-condena-por-un-delito-en-orense\/","name":"Volvi\u00f3 a atacar en Necochea mientras cumple condena por un delito en Orense - 103.9 fm","isPartOf":{"@id":"https:\/\/ondauno.com.ar\/#website"},"primaryImageOfPage":{"@id":"https:\/\/ondauno.com.ar\/index.php\/2025\/10\/28\/volvio-a-atacar-en-necochea-mientras-cumple-condena-por-un-delito-en-orense\/#primaryimage"},"image":{"@id":"https:\/\/ondauno.com.ar\/index.php\/2025\/10\/28\/volvio-a-atacar-en-necochea-mientras-cumple-condena-por-un-delito-en-orense\/#primaryimage"},"thumbnailUrl":"https:\/\/ondauno.com.ar\/wp-content\/uploads\/2025\/10\/el_pasado_11_del_corriente_la_policia_recupero_el_auto_de_la_victima_sustraido.webp","datePublished":"2025-10-28T21:09:59+00:00","dateModified":"2025-10-28T21:10:03+00:00","author":{"@id":"https:\/\/ondauno.com.ar\/#\/schema\/person\/7ec851ddeceb4133d7d7132dc645714e"},"breadcrumb":{"@id":"https:\/\/ondauno.com.ar\/index.php\/2025\/10\/28\/volvio-a-atacar-en-necochea-mientras-cumple-condena-por-un-delito-en-orense\/#breadcrumb"},"inLanguage":"es-AR","potentialAction":[{"@type":"ReadAction","target":["https:\/\/ondauno.com.ar\/index.php\/2025\/10\/28\/volvio-a-atacar-en-necochea-mientras-cumple-condena-por-un-delito-en-orense\/"]}]},{"@type":"ImageObject","inLanguage":"es-AR","@id":"https:\/\/ondauno.com.ar\/index.php\/2025\/10\/28\/volvio-a-atacar-en-necochea-mientras-cumple-condena-por-un-delito-en-orense\/#primaryimage","url":"https:\/\/ondauno.com.ar\/wp-content\/uploads\/2025\/10\/el_pasado_11_del_corriente_la_policia_recupero_el_auto_de_la_victima_sustraido.webp","contentUrl":"https:\/\/ondauno.com.ar\/wp-content\/uploads\/2025\/10\/el_pasado_11_del_corriente_la_policia_recupero_el_auto_de_la_victima_sustraido.webp","width":768,"height":432},{"@type":"BreadcrumbList","@id":"https:\/\/ondauno.com.ar\/index.php\/2025\/10\/28\/volvio-a-atacar-en-necochea-mientras-cumple-condena-por-un-delito-en-orense\/#breadcrumb","itemListElement":[{"@type":"ListItem","position":1,"name":"Inicio","item":"https:\/\/ondauno.com.ar\/"},{"@type":"ListItem","position":2,"name":"Volvi\u00f3 a atacar en Necochea mientras cumple condena por un delito en Orense"}]},{"@type":"WebSite","@id":"https:\/\/ondauno.com.ar\/#website","url":"https:\/\/ondauno.com.ar\/","name":"103.9 fm","description":"LA PRIMERA RADIO MULTIMEDIA DE TRES ARROYOS","potentialAction":[{"@type":"SearchAction","target":{"@type":"EntryPoint","urlTemplate":"https:\/\/ondauno.com.ar\/?s={search_term_string}"},"query-input":"required name=search_term_string"}],"inLanguage":"es-AR"},{"@type":"Person","@id":"https:\/\/ondauno.com.ar\/#\/schema\/person\/7ec851ddeceb4133d7d7132dc645714e","name":"OndaUno","image":{"@type":"ImageObject","inLanguage":"es-AR","@id":"https:\/\/ondauno.com.ar\/#\/schema\/person\/image\/","url":"https:\/\/secure.gravatar.com\/avatar\/93b8009f0de7021f1feb2bd5b32fb9e8?s=96&d=mm&r=g","contentUrl":"https:\/\/secure.gravatar.com\/avatar\/93b8009f0de7021f1feb2bd5b32fb9e8?s=96&d=mm&r=g","caption":"OndaUno"},"url":"https:\/\/ondauno.com.ar\/index.php\/author\/ondauno\/"}]}},"jetpack_publicize_connections":[],"jetpack_featured_media_url":"https:\/\/ondauno.com.ar\/wp-content\/uploads\/2025\/10\/el_pasado_11_del_corriente_la_policia_recupero_el_auto_de_la_victima_sustraido.webp","jetpack_sharing_enabled":true,"_links":{"self":[{"href":"https:\/\/ondauno.com.ar\/index.php\/wp-json\/wp\/v2\/posts\/61410","targetHints":{"allow":["GET"]}}],"collection":[{"href":"https:\/\/ondauno.com.ar\/index.php\/wp-json\/wp\/v2\/posts"}],"about":[{"href":"https:\/\/ondauno.com.ar\/index.php\/wp-json\/wp\/v2\/types\/post"}],"author":[{"embeddable":true,"href":"https:\/\/ondauno.com.ar\/index.php\/wp-json\/wp\/v2\/users\/1"}],"replies":[{"embeddable":true,"href":"https:\/\/ondauno.com.ar\/index.php\/wp-json\/wp\/v2\/comments?post=61410"}],"version-history":[{"count":1,"href":"https:\/\/ondauno.com.ar\/index.php\/wp-json\/wp\/v2\/posts\/61410\/revisions"}],"predecessor-version":[{"id":61412,"href":"https:\/\/ondauno.com.ar\/index.php\/wp-json\/wp\/v2\/posts\/61410\/revisions\/61412"}],"wp:featuredmedia":[{"embeddable":true,"href":"https:\/\/ondauno.com.ar\/index.php\/wp-json\/wp\/v2\/media\/61411"}],"wp:attachment":[{"href":"https:\/\/ondauno.com.ar\/index.php\/wp-json\/wp\/v2\/media?parent=61410"}],"wp:term":[{"taxonomy":"category","embeddable":true,"href":"https:\/\/ondauno.com.ar\/index.php\/wp-json\/wp\/v2\/categories?post=61410"},{"taxonomy":"post_tag","embeddable":true,"href":"https:\/\/ondauno.com.ar\/index.php\/wp-json\/wp\/v2\/tags?post=61410"}],"curies":[{"name":"wp","href":"https:\/\/api.w.org\/{rel}","templated":true}]}}