{"id":61407,"date":"2025-10-28T14:55:01","date_gmt":"2025-10-28T17:55:01","guid":{"rendered":"https:\/\/ondauno.com.ar\/?p=61407"},"modified":"2025-10-28T14:55:05","modified_gmt":"2025-10-28T17:55:05","slug":"la-fiesta-del-color-vuelve-a-tres-arroyos-diversion-baile-y-creatividad-para-todos-los-jovenes","status":"publish","type":"post","link":"https:\/\/ondauno.com.ar\/index.php\/2025\/10\/28\/la-fiesta-del-color-vuelve-a-tres-arroyos-diversion-baile-y-creatividad-para-todos-los-jovenes\/","title":{"rendered":"La Fiesta del Color vuelve a Tres Arroyos: diversi\u00f3n, baile y creatividad para todos los j\u00f3venes"},"content":{"rendered":"<div class=\"ondau-before-content_3\" style=\"margin-top: -30px;\" id=\"ondau-71998465\"><a href=\"https:\/\/www.lps.com.ar\/\" aria-label=\"la-perse2\"><img loading=\"lazy\" decoding=\"async\" src=\"https:\/\/ondauno.com.ar\/wp-content\/uploads\/2021\/10\/la-perse2.jpg\" alt=\"\"  srcset=\"https:\/\/ondauno.com.ar\/wp-content\/uploads\/2021\/10\/la-perse2.jpg 1353w, https:\/\/ondauno.com.ar\/wp-content\/uploads\/2021\/10\/la-perse2-300x43.jpg 300w, https:\/\/ondauno.com.ar\/wp-content\/uploads\/2021\/10\/la-perse2-1024x148.jpg 1024w, https:\/\/ondauno.com.ar\/wp-content\/uploads\/2021\/10\/la-perse2-768x111.jpg 768w, https:\/\/ondauno.com.ar\/wp-content\/uploads\/2021\/10\/la-perse2-696x100.jpg 696w, https:\/\/ondauno.com.ar\/wp-content\/uploads\/2021\/10\/la-perse2-1068x154.jpg 1068w\" sizes=\"(max-width: 1353px) 100vw, 1353px\" class=\"no-lazyload\" width=\"1353\" height=\"195\"  style=\"display: inline-block;\" \/><\/a><\/div>\n<p>El domingo 2 de noviembre, desde las 9 de la ma\u00f1ana, el Polideportivo Municipal se llenar\u00e1 de m\u00fasica, colores y energ\u00eda con una nueva edici\u00f3n de la Fiesta del Color.<\/p>\n\n\n\n<p>Organizada por el CEF N\u00b04 del distrito, esta jornada est\u00e1 pensada especialmente para los estudiantes de nivel secundario de escuelas estatales y privadas, y promete un espacio donde la diversi\u00f3n, la creatividad y el compa\u00f1erismo ser\u00e1n los protagonistas.<\/p>\n\n\n\n<p>Durante el evento, los participantes podr\u00e1n disfrutar de actividades de destreza f\u00edsica, competencias de baile, talleres y desaf\u00edos creativos, todo en un ambiente de participaci\u00f3n y disfrute colectivo. Adem\u00e1s, ser\u00e1 una excelente oportunidad para conocer a otros j\u00f3venes, compartir experiencias y pasar un d\u00eda diferente con amigos.<\/p>\n\n\n\n<p>La Fiesta del Color es abierta a toda la comunidad, y se espera que los j\u00f3venes acompa\u00f1ados de sus familias y amigos se sumen a esta jornada pensada para celebrar la juventud y la expresi\u00f3n art\u00edstica y deportiva.<\/p>\n\n\n\n<p>No te pierdas esta experiencia llena de ritmo, color y buena energ\u00eda: \u00a1el domingo 2 de noviembre el Polideportivo Municipal te espera para vivirlo al m\u00e1ximo!<\/p>\n","protected":false},"excerpt":{"rendered":"<p>El domingo 2 de noviembre, desde las 9 de la ma\u00f1ana, el Polideportivo Municipal se llenar\u00e1 de m\u00fasica, colores y energ\u00eda con una nueva edici\u00f3n de la Fiesta del Color. Organizada por el CEF N\u00b04 del distrito, esta jornada est\u00e1 pensada especialmente para los estudiantes de nivel secundario de escuelas estatales y privadas, y promete [&hellip;]<\/p>\n","protected":false},"author":1,"featured_media":61408,"comment_status":"open","ping_status":"open","sticky":false,"template":"","format":"standard","meta":{"tdm_status":"","tdm_grid_status":"","_jetpack_memberships_contains_paid_content":false,"footnotes":"","jetpack_publicize_message":"","jetpack_publicize_feature_enabled":true,"jetpack_social_post_already_shared":true,"jetpack_social_options":{"image_generator_settings":{"template":"highway","default_image_id":0,"font":"","enabled":false},"version":2}},"categories":[2],"tags":[],"class_list":{"0":"post-61407","1":"post","2":"type-post","3":"status-publish","4":"format-standard","5":"has-post-thumbnail","7":"category-locales"},"yoast_head":"<!-- This site is optimized with the Yoast SEO plugin v22.7 - https:\/\/yoast.com\/wordpress\/plugins\/seo\/ -->\n<title>La Fiesta del Color vuelve a Tres Arroyos: diversi\u00f3n, baile y creatividad para todos los j\u00f3venes - 103.9 fm<\/title>\n<meta name=\"robots\" content=\"index, follow, max-snippet:-1, max-image-preview:large, max-video-preview:-1\" \/>\n<link rel=\"canonical\" href=\"https:\/\/ondauno.com.ar\/index.php\/2025\/10\/28\/la-fiesta-del-color-vuelve-a-tres-arroyos-diversion-baile-y-creatividad-para-todos-los-jovenes\/\" \/>\n<meta property=\"og:locale\" content=\"es_ES\" \/>\n<meta property=\"og:type\" content=\"article\" \/>\n<meta property=\"og:title\" content=\"La Fiesta del Color vuelve a Tres Arroyos: diversi\u00f3n, baile y creatividad para todos los j\u00f3venes - 103.9 fm\" \/>\n<meta property=\"og:description\" content=\"El domingo 2 de noviembre, desde las 9 de la ma\u00f1ana, el Polideportivo Municipal se llenar\u00e1 de m\u00fasica, colores y energ\u00eda con una nueva edici\u00f3n de la Fiesta del Color. Organizada por el CEF N\u00b04 del distrito, esta jornada est\u00e1 pensada especialmente para los estudiantes de nivel secundario de escuelas estatales y privadas, y promete [&hellip;]\" \/>\n<meta property=\"og:url\" content=\"https:\/\/ondauno.com.ar\/index.php\/2025\/10\/28\/la-fiesta-del-color-vuelve-a-tres-arroyos-diversion-baile-y-creatividad-para-todos-los-jovenes\/\" \/>\n<meta property=\"og:site_name\" content=\"103.9 fm\" \/>\n<meta property=\"article:publisher\" content=\"https:\/\/www.facebook.com\/ondauno103.9\" \/>\n<meta property=\"article:published_time\" content=\"2025-10-28T17:55:01+00:00\" \/>\n<meta property=\"article:modified_time\" content=\"2025-10-28T17:55:05+00:00\" \/>\n<meta property=\"og:image\" content=\"http:\/\/ondauno.com.ar\/wp-content\/uploads\/2025\/10\/73149bf1-adcf-4bc7-af72-fa14706230a4.jpeg\" \/>\n\t<meta property=\"og:image:width\" content=\"1080\" \/>\n\t<meta property=\"og:image:height\" content=\"1361\" \/>\n\t<meta property=\"og:image:type\" content=\"image\/jpeg\" \/>\n<meta name=\"author\" content=\"OndaUno\" \/>\n<meta name=\"twitter:card\" content=\"summary_large_image\" \/>\n<meta name=\"twitter:label1\" content=\"Escrito por\" \/>\n\t<meta name=\"twitter:data1\" content=\"OndaUno\" \/>\n\t<meta name=\"twitter:label2\" content=\"Tiempo de lectura\" \/>\n\t<meta name=\"twitter:data2\" content=\"2 minutos\" \/>\n<script type=\"application\/ld+json\" class=\"yoast-schema-graph\">{\"@context\":\"https:\/\/schema.org\",\"@graph\":[{\"@type\":\"WebPage\",\"@id\":\"https:\/\/ondauno.com.ar\/index.php\/2025\/10\/28\/la-fiesta-del-color-vuelve-a-tres-arroyos-diversion-baile-y-creatividad-para-todos-los-jovenes\/\",\"url\":\"https:\/\/ondauno.com.ar\/index.php\/2025\/10\/28\/la-fiesta-del-color-vuelve-a-tres-arroyos-diversion-baile-y-creatividad-para-todos-los-jovenes\/\",\"name\":\"La Fiesta del Color vuelve a Tres Arroyos: diversi\u00f3n, baile y creatividad para todos los j\u00f3venes - 103.9 fm\",\"isPartOf\":{\"@id\":\"https:\/\/ondauno.com.ar\/#website\"},\"primaryImageOfPage\":{\"@id\":\"https:\/\/ondauno.com.ar\/index.php\/2025\/10\/28\/la-fiesta-del-color-vuelve-a-tres-arroyos-diversion-baile-y-creatividad-para-todos-los-jovenes\/#primaryimage\"},\"image\":{\"@id\":\"https:\/\/ondauno.com.ar\/index.php\/2025\/10\/28\/la-fiesta-del-color-vuelve-a-tres-arroyos-diversion-baile-y-creatividad-para-todos-los-jovenes\/#primaryimage\"},\"thumbnailUrl\":\"https:\/\/ondauno.com.ar\/wp-content\/uploads\/2025\/10\/73149bf1-adcf-4bc7-af72-fa14706230a4.jpeg\",\"datePublished\":\"2025-10-28T17:55:01+00:00\",\"dateModified\":\"2025-10-28T17:55:05+00:00\",\"author\":{\"@id\":\"https:\/\/ondauno.com.ar\/#\/schema\/person\/7ec851ddeceb4133d7d7132dc645714e\"},\"breadcrumb\":{\"@id\":\"https:\/\/ondauno.com.ar\/index.php\/2025\/10\/28\/la-fiesta-del-color-vuelve-a-tres-arroyos-diversion-baile-y-creatividad-para-todos-los-jovenes\/#breadcrumb\"},\"inLanguage\":\"es-AR\",\"potentialAction\":[{\"@type\":\"ReadAction\",\"target\":[\"https:\/\/ondauno.com.ar\/index.php\/2025\/10\/28\/la-fiesta-del-color-vuelve-a-tres-arroyos-diversion-baile-y-creatividad-para-todos-los-jovenes\/\"]}]},{\"@type\":\"ImageObject\",\"inLanguage\":\"es-AR\",\"@id\":\"https:\/\/ondauno.com.ar\/index.php\/2025\/10\/28\/la-fiesta-del-color-vuelve-a-tres-arroyos-diversion-baile-y-creatividad-para-todos-los-jovenes\/#primaryimage\",\"url\":\"https:\/\/ondauno.com.ar\/wp-content\/uploads\/2025\/10\/73149bf1-adcf-4bc7-af72-fa14706230a4.jpeg\",\"contentUrl\":\"https:\/\/ondauno.com.ar\/wp-content\/uploads\/2025\/10\/73149bf1-adcf-4bc7-af72-fa14706230a4.jpeg\",\"width\":1080,\"height\":1361},{\"@type\":\"BreadcrumbList\",\"@id\":\"https:\/\/ondauno.com.ar\/index.php\/2025\/10\/28\/la-fiesta-del-color-vuelve-a-tres-arroyos-diversion-baile-y-creatividad-para-todos-los-jovenes\/#breadcrumb\",\"itemListElement\":[{\"@type\":\"ListItem\",\"position\":1,\"name\":\"Inicio\",\"item\":\"https:\/\/ondauno.com.ar\/\"},{\"@type\":\"ListItem\",\"position\":2,\"name\":\"La Fiesta del Color vuelve a Tres Arroyos: diversi\u00f3n, baile y creatividad para todos los j\u00f3venes\"}]},{\"@type\":\"WebSite\",\"@id\":\"https:\/\/ondauno.com.ar\/#website\",\"url\":\"https:\/\/ondauno.com.ar\/\",\"name\":\"103.9 fm\",\"description\":\"LA PRIMERA RADIO MULTIMEDIA DE TRES ARROYOS\",\"potentialAction\":[{\"@type\":\"SearchAction\",\"target\":{\"@type\":\"EntryPoint\",\"urlTemplate\":\"https:\/\/ondauno.com.ar\/?s={search_term_string}\"},\"query-input\":\"required name=search_term_string\"}],\"inLanguage\":\"es-AR\"},{\"@type\":\"Person\",\"@id\":\"https:\/\/ondauno.com.ar\/#\/schema\/person\/7ec851ddeceb4133d7d7132dc645714e\",\"name\":\"OndaUno\",\"image\":{\"@type\":\"ImageObject\",\"inLanguage\":\"es-AR\",\"@id\":\"https:\/\/ondauno.com.ar\/#\/schema\/person\/image\/\",\"url\":\"https:\/\/secure.gravatar.com\/avatar\/93b8009f0de7021f1feb2bd5b32fb9e8?s=96&d=mm&r=g\",\"contentUrl\":\"https:\/\/secure.gravatar.com\/avatar\/93b8009f0de7021f1feb2bd5b32fb9e8?s=96&d=mm&r=g\",\"caption\":\"OndaUno\"},\"url\":\"https:\/\/ondauno.com.ar\/index.php\/author\/ondauno\/\"}]}<\/script>\n<!-- \/ Yoast SEO plugin. -->","yoast_head_json":{"title":"La Fiesta del Color vuelve a Tres Arroyos: diversi\u00f3n, baile y creatividad para todos los j\u00f3venes - 103.9 fm","robots":{"index":"index","follow":"follow","max-snippet":"max-snippet:-1","max-image-preview":"max-image-preview:large","max-video-preview":"max-video-preview:-1"},"canonical":"https:\/\/ondauno.com.ar\/index.php\/2025\/10\/28\/la-fiesta-del-color-vuelve-a-tres-arroyos-diversion-baile-y-creatividad-para-todos-los-jovenes\/","og_locale":"es_ES","og_type":"article","og_title":"La Fiesta del Color vuelve a Tres Arroyos: diversi\u00f3n, baile y creatividad para todos los j\u00f3venes - 103.9 fm","og_description":"El domingo 2 de noviembre, desde las 9 de la ma\u00f1ana, el Polideportivo Municipal se llenar\u00e1 de m\u00fasica, colores y energ\u00eda con una nueva edici\u00f3n de la Fiesta del Color. Organizada por el CEF N\u00b04 del distrito, esta jornada est\u00e1 pensada especialmente para los estudiantes de nivel secundario de escuelas estatales y privadas, y promete [&hellip;]","og_url":"https:\/\/ondauno.com.ar\/index.php\/2025\/10\/28\/la-fiesta-del-color-vuelve-a-tres-arroyos-diversion-baile-y-creatividad-para-todos-los-jovenes\/","og_site_name":"103.9 fm","article_publisher":"https:\/\/www.facebook.com\/ondauno103.9","article_published_time":"2025-10-28T17:55:01+00:00","article_modified_time":"2025-10-28T17:55:05+00:00","og_image":[{"width":1080,"height":1361,"url":"http:\/\/ondauno.com.ar\/wp-content\/uploads\/2025\/10\/73149bf1-adcf-4bc7-af72-fa14706230a4.jpeg","type":"image\/jpeg"}],"author":"OndaUno","twitter_card":"summary_large_image","twitter_misc":{"Escrito por":"OndaUno","Tiempo de lectura":"2 minutos"},"schema":{"@context":"https:\/\/schema.org","@graph":[{"@type":"WebPage","@id":"https:\/\/ondauno.com.ar\/index.php\/2025\/10\/28\/la-fiesta-del-color-vuelve-a-tres-arroyos-diversion-baile-y-creatividad-para-todos-los-jovenes\/","url":"https:\/\/ondauno.com.ar\/index.php\/2025\/10\/28\/la-fiesta-del-color-vuelve-a-tres-arroyos-diversion-baile-y-creatividad-para-todos-los-jovenes\/","name":"La Fiesta del Color vuelve a Tres Arroyos: diversi\u00f3n, baile y creatividad para todos los j\u00f3venes - 103.9 fm","isPartOf":{"@id":"https:\/\/ondauno.com.ar\/#website"},"primaryImageOfPage":{"@id":"https:\/\/ondauno.com.ar\/index.php\/2025\/10\/28\/la-fiesta-del-color-vuelve-a-tres-arroyos-diversion-baile-y-creatividad-para-todos-los-jovenes\/#primaryimage"},"image":{"@id":"https:\/\/ondauno.com.ar\/index.php\/2025\/10\/28\/la-fiesta-del-color-vuelve-a-tres-arroyos-diversion-baile-y-creatividad-para-todos-los-jovenes\/#primaryimage"},"thumbnailUrl":"https:\/\/ondauno.com.ar\/wp-content\/uploads\/2025\/10\/73149bf1-adcf-4bc7-af72-fa14706230a4.jpeg","datePublished":"2025-10-28T17:55:01+00:00","dateModified":"2025-10-28T17:55:05+00:00","author":{"@id":"https:\/\/ondauno.com.ar\/#\/schema\/person\/7ec851ddeceb4133d7d7132dc645714e"},"breadcrumb":{"@id":"https:\/\/ondauno.com.ar\/index.php\/2025\/10\/28\/la-fiesta-del-color-vuelve-a-tres-arroyos-diversion-baile-y-creatividad-para-todos-los-jovenes\/#breadcrumb"},"inLanguage":"es-AR","potentialAction":[{"@type":"ReadAction","target":["https:\/\/ondauno.com.ar\/index.php\/2025\/10\/28\/la-fiesta-del-color-vuelve-a-tres-arroyos-diversion-baile-y-creatividad-para-todos-los-jovenes\/"]}]},{"@type":"ImageObject","inLanguage":"es-AR","@id":"https:\/\/ondauno.com.ar\/index.php\/2025\/10\/28\/la-fiesta-del-color-vuelve-a-tres-arroyos-diversion-baile-y-creatividad-para-todos-los-jovenes\/#primaryimage","url":"https:\/\/ondauno.com.ar\/wp-content\/uploads\/2025\/10\/73149bf1-adcf-4bc7-af72-fa14706230a4.jpeg","contentUrl":"https:\/\/ondauno.com.ar\/wp-content\/uploads\/2025\/10\/73149bf1-adcf-4bc7-af72-fa14706230a4.jpeg","width":1080,"height":1361},{"@type":"BreadcrumbList","@id":"https:\/\/ondauno.com.ar\/index.php\/2025\/10\/28\/la-fiesta-del-color-vuelve-a-tres-arroyos-diversion-baile-y-creatividad-para-todos-los-jovenes\/#breadcrumb","itemListElement":[{"@type":"ListItem","position":1,"name":"Inicio","item":"https:\/\/ondauno.com.ar\/"},{"@type":"ListItem","position":2,"name":"La Fiesta del Color vuelve a Tres Arroyos: diversi\u00f3n, baile y creatividad para todos los j\u00f3venes"}]},{"@type":"WebSite","@id":"https:\/\/ondauno.com.ar\/#website","url":"https:\/\/ondauno.com.ar\/","name":"103.9 fm","description":"LA PRIMERA RADIO MULTIMEDIA DE TRES ARROYOS","potentialAction":[{"@type":"SearchAction","target":{"@type":"EntryPoint","urlTemplate":"https:\/\/ondauno.com.ar\/?s={search_term_string}"},"query-input":"required name=search_term_string"}],"inLanguage":"es-AR"},{"@type":"Person","@id":"https:\/\/ondauno.com.ar\/#\/schema\/person\/7ec851ddeceb4133d7d7132dc645714e","name":"OndaUno","image":{"@type":"ImageObject","inLanguage":"es-AR","@id":"https:\/\/ondauno.com.ar\/#\/schema\/person\/image\/","url":"https:\/\/secure.gravatar.com\/avatar\/93b8009f0de7021f1feb2bd5b32fb9e8?s=96&d=mm&r=g","contentUrl":"https:\/\/secure.gravatar.com\/avatar\/93b8009f0de7021f1feb2bd5b32fb9e8?s=96&d=mm&r=g","caption":"OndaUno"},"url":"https:\/\/ondauno.com.ar\/index.php\/author\/ondauno\/"}]}},"jetpack_publicize_connections":[],"jetpack_featured_media_url":"https:\/\/ondauno.com.ar\/wp-content\/uploads\/2025\/10\/73149bf1-adcf-4bc7-af72-fa14706230a4.jpeg","jetpack_sharing_enabled":true,"_links":{"self":[{"href":"https:\/\/ondauno.com.ar\/index.php\/wp-json\/wp\/v2\/posts\/61407","targetHints":{"allow":["GET"]}}],"collection":[{"href":"https:\/\/ondauno.com.ar\/index.php\/wp-json\/wp\/v2\/posts"}],"about":[{"href":"https:\/\/ondauno.com.ar\/index.php\/wp-json\/wp\/v2\/types\/post"}],"author":[{"embeddable":true,"href":"https:\/\/ondauno.com.ar\/index.php\/wp-json\/wp\/v2\/users\/1"}],"replies":[{"embeddable":true,"href":"https:\/\/ondauno.com.ar\/index.php\/wp-json\/wp\/v2\/comments?post=61407"}],"version-history":[{"count":1,"href":"https:\/\/ondauno.com.ar\/index.php\/wp-json\/wp\/v2\/posts\/61407\/revisions"}],"predecessor-version":[{"id":61409,"href":"https:\/\/ondauno.com.ar\/index.php\/wp-json\/wp\/v2\/posts\/61407\/revisions\/61409"}],"wp:featuredmedia":[{"embeddable":true,"href":"https:\/\/ondauno.com.ar\/index.php\/wp-json\/wp\/v2\/media\/61408"}],"wp:attachment":[{"href":"https:\/\/ondauno.com.ar\/index.php\/wp-json\/wp\/v2\/media?parent=61407"}],"wp:term":[{"taxonomy":"category","embeddable":true,"href":"https:\/\/ondauno.com.ar\/index.php\/wp-json\/wp\/v2\/categories?post=61407"},{"taxonomy":"post_tag","embeddable":true,"href":"https:\/\/ondauno.com.ar\/index.php\/wp-json\/wp\/v2\/tags?post=61407"}],"curies":[{"name":"wp","href":"https:\/\/api.w.org\/{rel}","templated":true}]}}