{"id":61376,"date":"2025-10-27T19:30:15","date_gmt":"2025-10-27T22:30:15","guid":{"rendered":"https:\/\/ondauno.com.ar\/?p=61376"},"modified":"2025-10-27T19:30:19","modified_gmt":"2025-10-27T22:30:19","slug":"finocchio-hoy-la-gente-nos-renovo-la-confianza-tenemos-que-estar-a-la-altura","status":"publish","type":"post","link":"https:\/\/ondauno.com.ar\/index.php\/2025\/10\/27\/finocchio-hoy-la-gente-nos-renovo-la-confianza-tenemos-que-estar-a-la-altura\/","title":{"rendered":"Finocchio: \u201cHoy la gente nos renov\u00f3 la confianza. Tenemos que estar a la altura\u201d"},"content":{"rendered":"<div class=\"ondau-before-content_3\" style=\"margin-top: -30px;\" id=\"ondau-1115557439\"><a href=\"https:\/\/www.lps.com.ar\/\" aria-label=\"la-perse2\"><img loading=\"lazy\" decoding=\"async\" src=\"https:\/\/ondauno.com.ar\/wp-content\/uploads\/2021\/10\/la-perse2.jpg\" alt=\"\"  srcset=\"https:\/\/ondauno.com.ar\/wp-content\/uploads\/2021\/10\/la-perse2.jpg 1353w, https:\/\/ondauno.com.ar\/wp-content\/uploads\/2021\/10\/la-perse2-300x43.jpg 300w, https:\/\/ondauno.com.ar\/wp-content\/uploads\/2021\/10\/la-perse2-1024x148.jpg 1024w, https:\/\/ondauno.com.ar\/wp-content\/uploads\/2021\/10\/la-perse2-768x111.jpg 768w, https:\/\/ondauno.com.ar\/wp-content\/uploads\/2021\/10\/la-perse2-696x100.jpg 696w, https:\/\/ondauno.com.ar\/wp-content\/uploads\/2021\/10\/la-perse2-1068x154.jpg 1068w\" sizes=\"(max-width: 1353px) 100vw, 1353px\" class=\"no-lazyload\" width=\"1353\" height=\"195\"  style=\"display: inline-block;\" \/><\/a><\/div>\n<p>El referente de La Libertad Avanza en Tres Arroyos, Alejandro Finocchio, visit\u00f3 Cosas que pasan despu\u00e9s del contundente triunfo del domingo en las elecciones legislativas nacionales que tambi\u00e9n se reflej\u00f3 en el distrito.<\/p>\n\n\n\n<p>\u201cFue una elecci\u00f3n muy conversada, con mucho ruido pol\u00edtico y encuestas que desorientaban a la gente, pero finalmente el resultado mostr\u00f3 un voto de confianza hacia el Presidente Javier Milei y su proyecto\u201d, expres\u00f3 Finocchio.<\/p>\n\n\n\n<p><br>El dirigente sostuvo que la jornada electoral dej\u00f3 varias conclusiones, entre ellas la necesidad de reconstruir la relaci\u00f3n entre la pol\u00edtica y la ciudadan\u00eda. \u201cHay un tercio de la poblaci\u00f3n que est\u00e1 enojada hace tiempo. Tenemos que volver a enamorar a la gente, demostrar que no somos iguales que ellos y que estamos para acompa\u00f1ar con hechos lo que decimos\u201d, se\u00f1al\u00f3.<\/p>\n\n\n\n<p>Consultado sobre el sentido del voto consider\u00f3 que \u201cno se trat\u00f3 de un voto castigo, sino de una renovaci\u00f3n del contrato con la gente\u201d, y destac\u00f3 que Milei \u201cno enga\u00f1\u00f3 ni minti\u00f3, hizo lo que dijo que iba a hacer y pidi\u00f3 apoyo para poder continuar con las reformas que necesita el pa\u00eds\u201d.<\/p>\n\n\n\n<p><br>Respecto del mensaje del Presidente tras los comicios, Finocchio valor\u00f3 su tono \u201caplacado y dialoguista\u201d. \u201cAyer (por el domingo) Milei mostr\u00f3 una apertura al di\u00e1logo, plante\u00f3 que hay que trabajar con la oposici\u00f3n para avanzar con las reformas de base. Y eso es lo que la gente espera: que se trabaje por la Argentina, m\u00e1s all\u00e1 de las diferencias partidarias\u201d, afirm\u00f3.<\/p>\n\n\n\n<p><strong><em>En Mayores Contribuyentes<\/em><\/strong><\/p>\n\n\n\n<p>Sobre el plano local, anticip\u00f3 que a partir del 10 de diciembre La Libertad Avanza contar\u00e1 con cuatro concejales en el deliberativo, al incorporarse Ignacio Schena y Vanesa Piacquad\u00edo a los actuales ediles Eduardo Giordano y Omar Bartneche.<\/p>\n\n\n\n<p>En cuanto a los temas inmediatos, cuestion\u00f3 el reciente aumento de tasas aprobado por el Concejo Deliberante. \u201cNos opusimos porque consideramos que no se puede seguir ajustando al contribuyente. Si falta dinero, hay que revisar el tama\u00f1o del Estado, no seguir cargando de impuestos a la gente\u201d, manifest\u00f3, en referencia a la pr\u00f3xima Asamblea de Mayores Contribuyentes.<\/p>\n\n\n\n<p><strong><em>Con los fiscales<\/em><\/strong><\/p>\n\n\n\n<p>Finalmente Finocchio agradeci\u00f3 el compromiso de los fiscales y militantes que participaron en la elecci\u00f3n y resalt\u00f3 el funcionamiento del nuevo sistema de boleta \u00fanica papel, que calific\u00f3 como \u201c\u00e1gil, transparente y sencillo para el votante\u201d.<\/p>\n\n\n\n<p><br>\u201cHoy la gente nos renov\u00f3 la confianza. Tenemos que estar a la altura, demostrar con hechos que somos confiables y que podemos construir la Argentina que todos queremos\u201d, concluy\u00f3.<\/p>\n\n\n\n<p>Pod\u00e9s escuchar la nota completa en el siguiente link:<\/p>\n\n\n\n<figure class=\"wp-block-embed is-type-video is-provider-youtube wp-block-embed-youtube wp-embed-aspect-16-9 wp-has-aspect-ratio\"><div class=\"wp-block-embed__wrapper\">\n<div class=\"youtube-embed\" data-video_id=\"RTC4cZClMk0\"><iframe loading=\"lazy\" title=\"Onda Uno 103.9 en vivo\" width=\"696\" height=\"392\" data-src=\"https:\/\/www.youtube.com\/embed\/RTC4cZClMk0?feature=oembed&#038;enablejsapi=1\" frameborder=\"0\" allow=\"accelerometer; autoplay; clipboard-write; encrypted-media; gyroscope; picture-in-picture; web-share\" referrerpolicy=\"strict-origin-when-cross-origin\" allowfullscreen src=\"data:image\/gif;base64,R0lGODlhAQABAAAAACH5BAEKAAEALAAAAAABAAEAAAICTAEAOw==\" class=\"lazyload\" data-load-mode=\"1\"><\/iframe><\/div>\n<\/div><\/figure>\n","protected":false},"excerpt":{"rendered":"<p>El referente de La Libertad Avanza en Tres Arroyos, Alejandro Finocchio, visit\u00f3 Cosas que pasan despu\u00e9s del contundente triunfo del domingo en las elecciones legislativas nacionales que tambi\u00e9n se reflej\u00f3 en el distrito. \u201cFue una elecci\u00f3n muy conversada, con mucho ruido pol\u00edtico y encuestas que desorientaban a la gente, pero finalmente el resultado mostr\u00f3 un [&hellip;]<\/p>\n","protected":false},"author":1,"featured_media":61377,"comment_status":"open","ping_status":"open","sticky":false,"template":"","format":"standard","meta":{"tdm_status":"","tdm_grid_status":"","_jetpack_memberships_contains_paid_content":false,"footnotes":"","jetpack_publicize_message":"","jetpack_publicize_feature_enabled":true,"jetpack_social_post_already_shared":true,"jetpack_social_options":{"image_generator_settings":{"template":"highway","default_image_id":0,"font":"","enabled":false},"version":2}},"categories":[2],"tags":[],"class_list":{"0":"post-61376","1":"post","2":"type-post","3":"status-publish","4":"format-standard","5":"has-post-thumbnail","7":"category-locales"},"yoast_head":"<!-- This site is optimized with the Yoast SEO plugin v22.7 - https:\/\/yoast.com\/wordpress\/plugins\/seo\/ -->\n<title>Finocchio: \u201cHoy la gente nos renov\u00f3 la confianza. Tenemos que estar a la altura\u201d - 103.9 fm<\/title>\n<meta name=\"robots\" content=\"index, follow, max-snippet:-1, max-image-preview:large, max-video-preview:-1\" \/>\n<link rel=\"canonical\" href=\"https:\/\/ondauno.com.ar\/index.php\/2025\/10\/27\/finocchio-hoy-la-gente-nos-renovo-la-confianza-tenemos-que-estar-a-la-altura\/\" \/>\n<meta property=\"og:locale\" content=\"es_ES\" \/>\n<meta property=\"og:type\" content=\"article\" \/>\n<meta property=\"og:title\" content=\"Finocchio: \u201cHoy la gente nos renov\u00f3 la confianza. Tenemos que estar a la altura\u201d - 103.9 fm\" \/>\n<meta property=\"og:description\" content=\"El referente de La Libertad Avanza en Tres Arroyos, Alejandro Finocchio, visit\u00f3 Cosas que pasan despu\u00e9s del contundente triunfo del domingo en las elecciones legislativas nacionales que tambi\u00e9n se reflej\u00f3 en el distrito. \u201cFue una elecci\u00f3n muy conversada, con mucho ruido pol\u00edtico y encuestas que desorientaban a la gente, pero finalmente el resultado mostr\u00f3 un [&hellip;]\" \/>\n<meta property=\"og:url\" content=\"https:\/\/ondauno.com.ar\/index.php\/2025\/10\/27\/finocchio-hoy-la-gente-nos-renovo-la-confianza-tenemos-que-estar-a-la-altura\/\" \/>\n<meta property=\"og:site_name\" content=\"103.9 fm\" \/>\n<meta property=\"article:publisher\" content=\"https:\/\/www.facebook.com\/ondauno103.9\" \/>\n<meta property=\"article:published_time\" content=\"2025-10-27T22:30:15+00:00\" \/>\n<meta property=\"article:modified_time\" content=\"2025-10-27T22:30:19+00:00\" \/>\n<meta property=\"og:image\" content=\"http:\/\/ondauno.com.ar\/wp-content\/uploads\/2025\/10\/WhatsApp-Image-2025-10-27-at-19.16.27.jpeg\" \/>\n\t<meta property=\"og:image:width\" content=\"1204\" \/>\n\t<meta property=\"og:image:height\" content=\"1600\" \/>\n\t<meta property=\"og:image:type\" content=\"image\/jpeg\" \/>\n<meta name=\"author\" content=\"OndaUno\" \/>\n<meta name=\"twitter:card\" content=\"summary_large_image\" \/>\n<meta name=\"twitter:label1\" content=\"Escrito por\" \/>\n\t<meta name=\"twitter:data1\" content=\"OndaUno\" \/>\n\t<meta name=\"twitter:label2\" content=\"Tiempo de lectura\" \/>\n\t<meta name=\"twitter:data2\" content=\"3 minutos\" \/>\n<script type=\"application\/ld+json\" class=\"yoast-schema-graph\">{\"@context\":\"https:\/\/schema.org\",\"@graph\":[{\"@type\":\"WebPage\",\"@id\":\"https:\/\/ondauno.com.ar\/index.php\/2025\/10\/27\/finocchio-hoy-la-gente-nos-renovo-la-confianza-tenemos-que-estar-a-la-altura\/\",\"url\":\"https:\/\/ondauno.com.ar\/index.php\/2025\/10\/27\/finocchio-hoy-la-gente-nos-renovo-la-confianza-tenemos-que-estar-a-la-altura\/\",\"name\":\"Finocchio: \u201cHoy la gente nos renov\u00f3 la confianza. Tenemos que estar a la altura\u201d - 103.9 fm\",\"isPartOf\":{\"@id\":\"https:\/\/ondauno.com.ar\/#website\"},\"primaryImageOfPage\":{\"@id\":\"https:\/\/ondauno.com.ar\/index.php\/2025\/10\/27\/finocchio-hoy-la-gente-nos-renovo-la-confianza-tenemos-que-estar-a-la-altura\/#primaryimage\"},\"image\":{\"@id\":\"https:\/\/ondauno.com.ar\/index.php\/2025\/10\/27\/finocchio-hoy-la-gente-nos-renovo-la-confianza-tenemos-que-estar-a-la-altura\/#primaryimage\"},\"thumbnailUrl\":\"https:\/\/ondauno.com.ar\/wp-content\/uploads\/2025\/10\/WhatsApp-Image-2025-10-27-at-19.16.27.jpeg\",\"datePublished\":\"2025-10-27T22:30:15+00:00\",\"dateModified\":\"2025-10-27T22:30:19+00:00\",\"author\":{\"@id\":\"https:\/\/ondauno.com.ar\/#\/schema\/person\/7ec851ddeceb4133d7d7132dc645714e\"},\"breadcrumb\":{\"@id\":\"https:\/\/ondauno.com.ar\/index.php\/2025\/10\/27\/finocchio-hoy-la-gente-nos-renovo-la-confianza-tenemos-que-estar-a-la-altura\/#breadcrumb\"},\"inLanguage\":\"es-AR\",\"potentialAction\":[{\"@type\":\"ReadAction\",\"target\":[\"https:\/\/ondauno.com.ar\/index.php\/2025\/10\/27\/finocchio-hoy-la-gente-nos-renovo-la-confianza-tenemos-que-estar-a-la-altura\/\"]}]},{\"@type\":\"ImageObject\",\"inLanguage\":\"es-AR\",\"@id\":\"https:\/\/ondauno.com.ar\/index.php\/2025\/10\/27\/finocchio-hoy-la-gente-nos-renovo-la-confianza-tenemos-que-estar-a-la-altura\/#primaryimage\",\"url\":\"https:\/\/ondauno.com.ar\/wp-content\/uploads\/2025\/10\/WhatsApp-Image-2025-10-27-at-19.16.27.jpeg\",\"contentUrl\":\"https:\/\/ondauno.com.ar\/wp-content\/uploads\/2025\/10\/WhatsApp-Image-2025-10-27-at-19.16.27.jpeg\",\"width\":1204,\"height\":1600},{\"@type\":\"BreadcrumbList\",\"@id\":\"https:\/\/ondauno.com.ar\/index.php\/2025\/10\/27\/finocchio-hoy-la-gente-nos-renovo-la-confianza-tenemos-que-estar-a-la-altura\/#breadcrumb\",\"itemListElement\":[{\"@type\":\"ListItem\",\"position\":1,\"name\":\"Inicio\",\"item\":\"https:\/\/ondauno.com.ar\/\"},{\"@type\":\"ListItem\",\"position\":2,\"name\":\"Finocchio: \u201cHoy la gente nos renov\u00f3 la confianza. Tenemos que estar a la altura\u201d\"}]},{\"@type\":\"WebSite\",\"@id\":\"https:\/\/ondauno.com.ar\/#website\",\"url\":\"https:\/\/ondauno.com.ar\/\",\"name\":\"103.9 fm\",\"description\":\"LA PRIMERA RADIO MULTIMEDIA DE TRES ARROYOS\",\"potentialAction\":[{\"@type\":\"SearchAction\",\"target\":{\"@type\":\"EntryPoint\",\"urlTemplate\":\"https:\/\/ondauno.com.ar\/?s={search_term_string}\"},\"query-input\":\"required name=search_term_string\"}],\"inLanguage\":\"es-AR\"},{\"@type\":\"Person\",\"@id\":\"https:\/\/ondauno.com.ar\/#\/schema\/person\/7ec851ddeceb4133d7d7132dc645714e\",\"name\":\"OndaUno\",\"image\":{\"@type\":\"ImageObject\",\"inLanguage\":\"es-AR\",\"@id\":\"https:\/\/ondauno.com.ar\/#\/schema\/person\/image\/\",\"url\":\"https:\/\/secure.gravatar.com\/avatar\/93b8009f0de7021f1feb2bd5b32fb9e8?s=96&d=mm&r=g\",\"contentUrl\":\"https:\/\/secure.gravatar.com\/avatar\/93b8009f0de7021f1feb2bd5b32fb9e8?s=96&d=mm&r=g\",\"caption\":\"OndaUno\"},\"url\":\"https:\/\/ondauno.com.ar\/index.php\/author\/ondauno\/\"}]}<\/script>\n<!-- \/ Yoast SEO plugin. -->","yoast_head_json":{"title":"Finocchio: \u201cHoy la gente nos renov\u00f3 la confianza. Tenemos que estar a la altura\u201d - 103.9 fm","robots":{"index":"index","follow":"follow","max-snippet":"max-snippet:-1","max-image-preview":"max-image-preview:large","max-video-preview":"max-video-preview:-1"},"canonical":"https:\/\/ondauno.com.ar\/index.php\/2025\/10\/27\/finocchio-hoy-la-gente-nos-renovo-la-confianza-tenemos-que-estar-a-la-altura\/","og_locale":"es_ES","og_type":"article","og_title":"Finocchio: \u201cHoy la gente nos renov\u00f3 la confianza. Tenemos que estar a la altura\u201d - 103.9 fm","og_description":"El referente de La Libertad Avanza en Tres Arroyos, Alejandro Finocchio, visit\u00f3 Cosas que pasan despu\u00e9s del contundente triunfo del domingo en las elecciones legislativas nacionales que tambi\u00e9n se reflej\u00f3 en el distrito. \u201cFue una elecci\u00f3n muy conversada, con mucho ruido pol\u00edtico y encuestas que desorientaban a la gente, pero finalmente el resultado mostr\u00f3 un [&hellip;]","og_url":"https:\/\/ondauno.com.ar\/index.php\/2025\/10\/27\/finocchio-hoy-la-gente-nos-renovo-la-confianza-tenemos-que-estar-a-la-altura\/","og_site_name":"103.9 fm","article_publisher":"https:\/\/www.facebook.com\/ondauno103.9","article_published_time":"2025-10-27T22:30:15+00:00","article_modified_time":"2025-10-27T22:30:19+00:00","og_image":[{"width":1204,"height":1600,"url":"http:\/\/ondauno.com.ar\/wp-content\/uploads\/2025\/10\/WhatsApp-Image-2025-10-27-at-19.16.27.jpeg","type":"image\/jpeg"}],"author":"OndaUno","twitter_card":"summary_large_image","twitter_misc":{"Escrito por":"OndaUno","Tiempo de lectura":"3 minutos"},"schema":{"@context":"https:\/\/schema.org","@graph":[{"@type":"WebPage","@id":"https:\/\/ondauno.com.ar\/index.php\/2025\/10\/27\/finocchio-hoy-la-gente-nos-renovo-la-confianza-tenemos-que-estar-a-la-altura\/","url":"https:\/\/ondauno.com.ar\/index.php\/2025\/10\/27\/finocchio-hoy-la-gente-nos-renovo-la-confianza-tenemos-que-estar-a-la-altura\/","name":"Finocchio: \u201cHoy la gente nos renov\u00f3 la confianza. Tenemos que estar a la altura\u201d - 103.9 fm","isPartOf":{"@id":"https:\/\/ondauno.com.ar\/#website"},"primaryImageOfPage":{"@id":"https:\/\/ondauno.com.ar\/index.php\/2025\/10\/27\/finocchio-hoy-la-gente-nos-renovo-la-confianza-tenemos-que-estar-a-la-altura\/#primaryimage"},"image":{"@id":"https:\/\/ondauno.com.ar\/index.php\/2025\/10\/27\/finocchio-hoy-la-gente-nos-renovo-la-confianza-tenemos-que-estar-a-la-altura\/#primaryimage"},"thumbnailUrl":"https:\/\/ondauno.com.ar\/wp-content\/uploads\/2025\/10\/WhatsApp-Image-2025-10-27-at-19.16.27.jpeg","datePublished":"2025-10-27T22:30:15+00:00","dateModified":"2025-10-27T22:30:19+00:00","author":{"@id":"https:\/\/ondauno.com.ar\/#\/schema\/person\/7ec851ddeceb4133d7d7132dc645714e"},"breadcrumb":{"@id":"https:\/\/ondauno.com.ar\/index.php\/2025\/10\/27\/finocchio-hoy-la-gente-nos-renovo-la-confianza-tenemos-que-estar-a-la-altura\/#breadcrumb"},"inLanguage":"es-AR","potentialAction":[{"@type":"ReadAction","target":["https:\/\/ondauno.com.ar\/index.php\/2025\/10\/27\/finocchio-hoy-la-gente-nos-renovo-la-confianza-tenemos-que-estar-a-la-altura\/"]}]},{"@type":"ImageObject","inLanguage":"es-AR","@id":"https:\/\/ondauno.com.ar\/index.php\/2025\/10\/27\/finocchio-hoy-la-gente-nos-renovo-la-confianza-tenemos-que-estar-a-la-altura\/#primaryimage","url":"https:\/\/ondauno.com.ar\/wp-content\/uploads\/2025\/10\/WhatsApp-Image-2025-10-27-at-19.16.27.jpeg","contentUrl":"https:\/\/ondauno.com.ar\/wp-content\/uploads\/2025\/10\/WhatsApp-Image-2025-10-27-at-19.16.27.jpeg","width":1204,"height":1600},{"@type":"BreadcrumbList","@id":"https:\/\/ondauno.com.ar\/index.php\/2025\/10\/27\/finocchio-hoy-la-gente-nos-renovo-la-confianza-tenemos-que-estar-a-la-altura\/#breadcrumb","itemListElement":[{"@type":"ListItem","position":1,"name":"Inicio","item":"https:\/\/ondauno.com.ar\/"},{"@type":"ListItem","position":2,"name":"Finocchio: \u201cHoy la gente nos renov\u00f3 la confianza. Tenemos que estar a la altura\u201d"}]},{"@type":"WebSite","@id":"https:\/\/ondauno.com.ar\/#website","url":"https:\/\/ondauno.com.ar\/","name":"103.9 fm","description":"LA PRIMERA RADIO MULTIMEDIA DE TRES ARROYOS","potentialAction":[{"@type":"SearchAction","target":{"@type":"EntryPoint","urlTemplate":"https:\/\/ondauno.com.ar\/?s={search_term_string}"},"query-input":"required name=search_term_string"}],"inLanguage":"es-AR"},{"@type":"Person","@id":"https:\/\/ondauno.com.ar\/#\/schema\/person\/7ec851ddeceb4133d7d7132dc645714e","name":"OndaUno","image":{"@type":"ImageObject","inLanguage":"es-AR","@id":"https:\/\/ondauno.com.ar\/#\/schema\/person\/image\/","url":"https:\/\/secure.gravatar.com\/avatar\/93b8009f0de7021f1feb2bd5b32fb9e8?s=96&d=mm&r=g","contentUrl":"https:\/\/secure.gravatar.com\/avatar\/93b8009f0de7021f1feb2bd5b32fb9e8?s=96&d=mm&r=g","caption":"OndaUno"},"url":"https:\/\/ondauno.com.ar\/index.php\/author\/ondauno\/"}]}},"jetpack_publicize_connections":[],"jetpack_featured_media_url":"https:\/\/ondauno.com.ar\/wp-content\/uploads\/2025\/10\/WhatsApp-Image-2025-10-27-at-19.16.27.jpeg","jetpack_sharing_enabled":true,"_links":{"self":[{"href":"https:\/\/ondauno.com.ar\/index.php\/wp-json\/wp\/v2\/posts\/61376","targetHints":{"allow":["GET"]}}],"collection":[{"href":"https:\/\/ondauno.com.ar\/index.php\/wp-json\/wp\/v2\/posts"}],"about":[{"href":"https:\/\/ondauno.com.ar\/index.php\/wp-json\/wp\/v2\/types\/post"}],"author":[{"embeddable":true,"href":"https:\/\/ondauno.com.ar\/index.php\/wp-json\/wp\/v2\/users\/1"}],"replies":[{"embeddable":true,"href":"https:\/\/ondauno.com.ar\/index.php\/wp-json\/wp\/v2\/comments?post=61376"}],"version-history":[{"count":1,"href":"https:\/\/ondauno.com.ar\/index.php\/wp-json\/wp\/v2\/posts\/61376\/revisions"}],"predecessor-version":[{"id":61378,"href":"https:\/\/ondauno.com.ar\/index.php\/wp-json\/wp\/v2\/posts\/61376\/revisions\/61378"}],"wp:featuredmedia":[{"embeddable":true,"href":"https:\/\/ondauno.com.ar\/index.php\/wp-json\/wp\/v2\/media\/61377"}],"wp:attachment":[{"href":"https:\/\/ondauno.com.ar\/index.php\/wp-json\/wp\/v2\/media?parent=61376"}],"wp:term":[{"taxonomy":"category","embeddable":true,"href":"https:\/\/ondauno.com.ar\/index.php\/wp-json\/wp\/v2\/categories?post=61376"},{"taxonomy":"post_tag","embeddable":true,"href":"https:\/\/ondauno.com.ar\/index.php\/wp-json\/wp\/v2\/tags?post=61376"}],"curies":[{"name":"wp","href":"https:\/\/api.w.org\/{rel}","templated":true}]}}