{"id":61305,"date":"2025-10-23T11:36:15","date_gmt":"2025-10-23T14:36:15","guid":{"rendered":"https:\/\/ondauno.com.ar\/?p=61305"},"modified":"2025-10-23T11:36:19","modified_gmt":"2025-10-23T14:36:19","slug":"desde-la-legislatura-le-pidieron-al-gobernador-kicillof-que-incluya-la-pavimentacion-de-la-ruta-60-en-el-presupuesto-2026","status":"publish","type":"post","link":"https:\/\/ondauno.com.ar\/index.php\/2025\/10\/23\/desde-la-legislatura-le-pidieron-al-gobernador-kicillof-que-incluya-la-pavimentacion-de-la-ruta-60-en-el-presupuesto-2026\/","title":{"rendered":"Desde la Legislatura le pidieron al gobernador Kicillof que incluya la pavimentaci\u00f3n de la Ruta 60 en el Presupuesto 2026"},"content":{"rendered":"<div class=\"ondau-before-content_3\" style=\"margin-top: -30px;\" id=\"ondau-1703914852\"><a href=\"https:\/\/www.lps.com.ar\/\" aria-label=\"la-perse2\"><img loading=\"lazy\" decoding=\"async\" src=\"https:\/\/ondauno.com.ar\/wp-content\/uploads\/2021\/10\/la-perse2.jpg\" alt=\"\"  srcset=\"https:\/\/ondauno.com.ar\/wp-content\/uploads\/2021\/10\/la-perse2.jpg 1353w, https:\/\/ondauno.com.ar\/wp-content\/uploads\/2021\/10\/la-perse2-300x43.jpg 300w, https:\/\/ondauno.com.ar\/wp-content\/uploads\/2021\/10\/la-perse2-1024x148.jpg 1024w, https:\/\/ondauno.com.ar\/wp-content\/uploads\/2021\/10\/la-perse2-768x111.jpg 768w, https:\/\/ondauno.com.ar\/wp-content\/uploads\/2021\/10\/la-perse2-696x100.jpg 696w, https:\/\/ondauno.com.ar\/wp-content\/uploads\/2021\/10\/la-perse2-1068x154.jpg 1068w\" sizes=\"(max-width: 1353px) 100vw, 1353px\" class=\"no-lazyload\" width=\"1353\" height=\"195\"  style=\"display: inline-block;\" \/><\/a><\/div>\n<p>Lo hizo la senadora provincial Nerina Neumann Losada, a trav\u00e9s de un proyecto de declaraci\u00f3n, donde reclam\u00f3 que el Presupuesto 2026 de la provincia de Buenos Aires incluya los recursos necesarios para la pavimentaci\u00f3n de la Ruta Provincial N\u00b0 60 entre las rutas 85 y 86. \u201cUn tramo clave para la conectividad de Huanguel\u00e9n y toda la regi\u00f3n del sudoeste bonaerense\u201d, se\u00f1al\u00f3 la legisladora radical.<\/p>\n\n\n\n<p>\u201cHuanguel\u00e9n no puede seguir esperando una obra que se prometi\u00f3 una y otra vez y nunca se concret\u00f3. La Ruta 60 no es solo una necesidad vial, sino una deuda hist\u00f3rica con una comunidad trabajadora que vive, produce y sostiene al interior bonaerense\u201d, expres\u00f3 al respecto Neumann.<\/p>\n\n\n\n<p>El pedido retoma un reclamo hist\u00f3rico de los vecinos y productores de Huanguel\u00e9n, que durante d\u00e9cadas llevaron adelante gestiones y reclamos ante distintos gobiernos provinciales. El proyecto recuerda que la obra fue incorporada en el Plan Quinquenal 6&#215;6 (2022-2027), pero a\u00fan no fue ejecutada, pese a que incluso se licit\u00f3 en 2021 y se anunci\u00f3 p\u00fablicamente su inicio en 2022. Hoy, el obrador permanece abandonado y el cartel de obra es el \u00fanico testimonio de una promesa incumplida.<\/p>\n\n\n\n<p>Este mismo reclamo ya fue planteado reiteradamente por parte de la senadora Neumann Losada en la Legislatura bonaerense mediante los expedientes F-525\/2023-2024 y F-833\/2024-2025. \u201cEl gobierno provincial debe escuchar el pedido de los pueblos del interior\u201d, manifest\u00f3.<\/p>\n\n\n\n<p>Seg\u00fan la propia senadora, la pavimentaci\u00f3n de la Ruta 60 es \u201cesencial para la seguridad, la producci\u00f3n y el arraigo\u201d, ya que \u201cel tramo entre las rutas 85 y 86 permite conectar a los vecinos de Huanguel\u00e9n con las cabeceras de Guamin\u00ed y Coronel Su\u00e1rez, acceder a hospitales y realizar tr\u00e1mites, adem\u00e1s de garantizar la salida de la producci\u00f3n agropecuaria hacia los principales puertos y mercados del pa\u00eds\u201d.<\/p>\n\n\n\n<p>\u201cCada d\u00eda que pasa sin avanzar en esta obra se profundiza el aislamiento. Las condiciones del camino son deplorables, con tramos que alguna vez estuvieron asfaltados y hoy son verdaderas trampas para los vecinos y para quienes circulan guiados por el GPS, que los deriva por all\u00ed hacia destinos tur\u00edsticos como Carhu\u00e9 o Epecu\u00e9n\u201d, agreg\u00f3 la autora del proyecto.<\/p>\n\n\n\n<p>\u201cLa obra de la Ruta 60 debe estar en el Presupuesto 2026. No se trata de un capricho ni de una bandera partidaria. Es una necesidad urgente de una comunidad que hace d\u00e9cadas espera respuestas\u201d, concluy\u00f3 Neumann Losada.<\/p>\n","protected":false},"excerpt":{"rendered":"<p>Lo hizo la senadora provincial Nerina Neumann Losada, a trav\u00e9s de un proyecto de declaraci\u00f3n, donde reclam\u00f3 que el Presupuesto 2026 de la provincia de Buenos Aires incluya los recursos necesarios para la pavimentaci\u00f3n de la Ruta Provincial N\u00b0 60 entre las rutas 85 y 86. \u201cUn tramo clave para la conectividad de Huanguel\u00e9n y [&hellip;]<\/p>\n","protected":false},"author":1,"featured_media":61306,"comment_status":"open","ping_status":"open","sticky":false,"template":"","format":"standard","meta":{"tdm_status":"","tdm_grid_status":"","_jetpack_memberships_contains_paid_content":false,"footnotes":"","jetpack_publicize_message":"","jetpack_publicize_feature_enabled":true,"jetpack_social_post_already_shared":true,"jetpack_social_options":{"image_generator_settings":{"template":"highway","default_image_id":0,"font":"","enabled":false},"version":2}},"categories":[30],"tags":[],"class_list":{"0":"post-61305","1":"post","2":"type-post","3":"status-publish","4":"format-standard","5":"has-post-thumbnail","7":"category-provinciales"},"yoast_head":"<!-- This site is optimized with the Yoast SEO plugin v22.7 - https:\/\/yoast.com\/wordpress\/plugins\/seo\/ -->\n<title>Desde la Legislatura le pidieron al gobernador Kicillof que incluya la pavimentaci\u00f3n de la Ruta 60 en el Presupuesto 2026 - 103.9 fm<\/title>\n<meta name=\"robots\" content=\"index, follow, max-snippet:-1, max-image-preview:large, max-video-preview:-1\" \/>\n<link rel=\"canonical\" href=\"https:\/\/ondauno.com.ar\/index.php\/2025\/10\/23\/desde-la-legislatura-le-pidieron-al-gobernador-kicillof-que-incluya-la-pavimentacion-de-la-ruta-60-en-el-presupuesto-2026\/\" \/>\n<meta property=\"og:locale\" content=\"es_ES\" \/>\n<meta property=\"og:type\" content=\"article\" \/>\n<meta property=\"og:title\" content=\"Desde la Legislatura le pidieron al gobernador Kicillof que incluya la pavimentaci\u00f3n de la Ruta 60 en el Presupuesto 2026 - 103.9 fm\" \/>\n<meta property=\"og:description\" content=\"Lo hizo la senadora provincial Nerina Neumann Losada, a trav\u00e9s de un proyecto de declaraci\u00f3n, donde reclam\u00f3 que el Presupuesto 2026 de la provincia de Buenos Aires incluya los recursos necesarios para la pavimentaci\u00f3n de la Ruta Provincial N\u00b0 60 entre las rutas 85 y 86. \u201cUn tramo clave para la conectividad de Huanguel\u00e9n y [&hellip;]\" \/>\n<meta property=\"og:url\" content=\"https:\/\/ondauno.com.ar\/index.php\/2025\/10\/23\/desde-la-legislatura-le-pidieron-al-gobernador-kicillof-que-incluya-la-pavimentacion-de-la-ruta-60-en-el-presupuesto-2026\/\" \/>\n<meta property=\"og:site_name\" content=\"103.9 fm\" \/>\n<meta property=\"article:publisher\" content=\"https:\/\/www.facebook.com\/ondauno103.9\" \/>\n<meta property=\"article:published_time\" content=\"2025-10-23T14:36:15+00:00\" \/>\n<meta property=\"article:modified_time\" content=\"2025-10-23T14:36:19+00:00\" \/>\n<meta property=\"og:image\" content=\"http:\/\/ondauno.com.ar\/wp-content\/uploads\/2025\/10\/ruta-60.jpeg\" \/>\n\t<meta property=\"og:image:width\" content=\"960\" \/>\n\t<meta property=\"og:image:height\" content=\"540\" \/>\n\t<meta property=\"og:image:type\" content=\"image\/jpeg\" \/>\n<meta name=\"author\" content=\"OndaUno\" \/>\n<meta name=\"twitter:card\" content=\"summary_large_image\" \/>\n<meta name=\"twitter:label1\" content=\"Escrito por\" \/>\n\t<meta name=\"twitter:data1\" content=\"OndaUno\" \/>\n\t<meta name=\"twitter:label2\" content=\"Tiempo de lectura\" \/>\n\t<meta name=\"twitter:data2\" content=\"2 minutos\" \/>\n<script type=\"application\/ld+json\" class=\"yoast-schema-graph\">{\"@context\":\"https:\/\/schema.org\",\"@graph\":[{\"@type\":\"WebPage\",\"@id\":\"https:\/\/ondauno.com.ar\/index.php\/2025\/10\/23\/desde-la-legislatura-le-pidieron-al-gobernador-kicillof-que-incluya-la-pavimentacion-de-la-ruta-60-en-el-presupuesto-2026\/\",\"url\":\"https:\/\/ondauno.com.ar\/index.php\/2025\/10\/23\/desde-la-legislatura-le-pidieron-al-gobernador-kicillof-que-incluya-la-pavimentacion-de-la-ruta-60-en-el-presupuesto-2026\/\",\"name\":\"Desde la Legislatura le pidieron al gobernador Kicillof que incluya la pavimentaci\u00f3n de la Ruta 60 en el Presupuesto 2026 - 103.9 fm\",\"isPartOf\":{\"@id\":\"https:\/\/ondauno.com.ar\/#website\"},\"primaryImageOfPage\":{\"@id\":\"https:\/\/ondauno.com.ar\/index.php\/2025\/10\/23\/desde-la-legislatura-le-pidieron-al-gobernador-kicillof-que-incluya-la-pavimentacion-de-la-ruta-60-en-el-presupuesto-2026\/#primaryimage\"},\"image\":{\"@id\":\"https:\/\/ondauno.com.ar\/index.php\/2025\/10\/23\/desde-la-legislatura-le-pidieron-al-gobernador-kicillof-que-incluya-la-pavimentacion-de-la-ruta-60-en-el-presupuesto-2026\/#primaryimage\"},\"thumbnailUrl\":\"https:\/\/ondauno.com.ar\/wp-content\/uploads\/2025\/10\/ruta-60.jpeg\",\"datePublished\":\"2025-10-23T14:36:15+00:00\",\"dateModified\":\"2025-10-23T14:36:19+00:00\",\"author\":{\"@id\":\"https:\/\/ondauno.com.ar\/#\/schema\/person\/7ec851ddeceb4133d7d7132dc645714e\"},\"breadcrumb\":{\"@id\":\"https:\/\/ondauno.com.ar\/index.php\/2025\/10\/23\/desde-la-legislatura-le-pidieron-al-gobernador-kicillof-que-incluya-la-pavimentacion-de-la-ruta-60-en-el-presupuesto-2026\/#breadcrumb\"},\"inLanguage\":\"es-AR\",\"potentialAction\":[{\"@type\":\"ReadAction\",\"target\":[\"https:\/\/ondauno.com.ar\/index.php\/2025\/10\/23\/desde-la-legislatura-le-pidieron-al-gobernador-kicillof-que-incluya-la-pavimentacion-de-la-ruta-60-en-el-presupuesto-2026\/\"]}]},{\"@type\":\"ImageObject\",\"inLanguage\":\"es-AR\",\"@id\":\"https:\/\/ondauno.com.ar\/index.php\/2025\/10\/23\/desde-la-legislatura-le-pidieron-al-gobernador-kicillof-que-incluya-la-pavimentacion-de-la-ruta-60-en-el-presupuesto-2026\/#primaryimage\",\"url\":\"https:\/\/ondauno.com.ar\/wp-content\/uploads\/2025\/10\/ruta-60.jpeg\",\"contentUrl\":\"https:\/\/ondauno.com.ar\/wp-content\/uploads\/2025\/10\/ruta-60.jpeg\",\"width\":960,\"height\":540},{\"@type\":\"BreadcrumbList\",\"@id\":\"https:\/\/ondauno.com.ar\/index.php\/2025\/10\/23\/desde-la-legislatura-le-pidieron-al-gobernador-kicillof-que-incluya-la-pavimentacion-de-la-ruta-60-en-el-presupuesto-2026\/#breadcrumb\",\"itemListElement\":[{\"@type\":\"ListItem\",\"position\":1,\"name\":\"Inicio\",\"item\":\"https:\/\/ondauno.com.ar\/\"},{\"@type\":\"ListItem\",\"position\":2,\"name\":\"Desde la Legislatura le pidieron al gobernador Kicillof que incluya la pavimentaci\u00f3n de la Ruta 60 en el Presupuesto 2026\"}]},{\"@type\":\"WebSite\",\"@id\":\"https:\/\/ondauno.com.ar\/#website\",\"url\":\"https:\/\/ondauno.com.ar\/\",\"name\":\"103.9 fm\",\"description\":\"LA PRIMERA RADIO MULTIMEDIA DE TRES ARROYOS\",\"potentialAction\":[{\"@type\":\"SearchAction\",\"target\":{\"@type\":\"EntryPoint\",\"urlTemplate\":\"https:\/\/ondauno.com.ar\/?s={search_term_string}\"},\"query-input\":\"required name=search_term_string\"}],\"inLanguage\":\"es-AR\"},{\"@type\":\"Person\",\"@id\":\"https:\/\/ondauno.com.ar\/#\/schema\/person\/7ec851ddeceb4133d7d7132dc645714e\",\"name\":\"OndaUno\",\"image\":{\"@type\":\"ImageObject\",\"inLanguage\":\"es-AR\",\"@id\":\"https:\/\/ondauno.com.ar\/#\/schema\/person\/image\/\",\"url\":\"https:\/\/secure.gravatar.com\/avatar\/93b8009f0de7021f1feb2bd5b32fb9e8?s=96&d=mm&r=g\",\"contentUrl\":\"https:\/\/secure.gravatar.com\/avatar\/93b8009f0de7021f1feb2bd5b32fb9e8?s=96&d=mm&r=g\",\"caption\":\"OndaUno\"},\"url\":\"https:\/\/ondauno.com.ar\/index.php\/author\/ondauno\/\"}]}<\/script>\n<!-- \/ Yoast SEO plugin. -->","yoast_head_json":{"title":"Desde la Legislatura le pidieron al gobernador Kicillof que incluya la pavimentaci\u00f3n de la Ruta 60 en el Presupuesto 2026 - 103.9 fm","robots":{"index":"index","follow":"follow","max-snippet":"max-snippet:-1","max-image-preview":"max-image-preview:large","max-video-preview":"max-video-preview:-1"},"canonical":"https:\/\/ondauno.com.ar\/index.php\/2025\/10\/23\/desde-la-legislatura-le-pidieron-al-gobernador-kicillof-que-incluya-la-pavimentacion-de-la-ruta-60-en-el-presupuesto-2026\/","og_locale":"es_ES","og_type":"article","og_title":"Desde la Legislatura le pidieron al gobernador Kicillof que incluya la pavimentaci\u00f3n de la Ruta 60 en el Presupuesto 2026 - 103.9 fm","og_description":"Lo hizo la senadora provincial Nerina Neumann Losada, a trav\u00e9s de un proyecto de declaraci\u00f3n, donde reclam\u00f3 que el Presupuesto 2026 de la provincia de Buenos Aires incluya los recursos necesarios para la pavimentaci\u00f3n de la Ruta Provincial N\u00b0 60 entre las rutas 85 y 86. \u201cUn tramo clave para la conectividad de Huanguel\u00e9n y [&hellip;]","og_url":"https:\/\/ondauno.com.ar\/index.php\/2025\/10\/23\/desde-la-legislatura-le-pidieron-al-gobernador-kicillof-que-incluya-la-pavimentacion-de-la-ruta-60-en-el-presupuesto-2026\/","og_site_name":"103.9 fm","article_publisher":"https:\/\/www.facebook.com\/ondauno103.9","article_published_time":"2025-10-23T14:36:15+00:00","article_modified_time":"2025-10-23T14:36:19+00:00","og_image":[{"width":960,"height":540,"url":"http:\/\/ondauno.com.ar\/wp-content\/uploads\/2025\/10\/ruta-60.jpeg","type":"image\/jpeg"}],"author":"OndaUno","twitter_card":"summary_large_image","twitter_misc":{"Escrito por":"OndaUno","Tiempo de lectura":"2 minutos"},"schema":{"@context":"https:\/\/schema.org","@graph":[{"@type":"WebPage","@id":"https:\/\/ondauno.com.ar\/index.php\/2025\/10\/23\/desde-la-legislatura-le-pidieron-al-gobernador-kicillof-que-incluya-la-pavimentacion-de-la-ruta-60-en-el-presupuesto-2026\/","url":"https:\/\/ondauno.com.ar\/index.php\/2025\/10\/23\/desde-la-legislatura-le-pidieron-al-gobernador-kicillof-que-incluya-la-pavimentacion-de-la-ruta-60-en-el-presupuesto-2026\/","name":"Desde la Legislatura le pidieron al gobernador Kicillof que incluya la pavimentaci\u00f3n de la Ruta 60 en el Presupuesto 2026 - 103.9 fm","isPartOf":{"@id":"https:\/\/ondauno.com.ar\/#website"},"primaryImageOfPage":{"@id":"https:\/\/ondauno.com.ar\/index.php\/2025\/10\/23\/desde-la-legislatura-le-pidieron-al-gobernador-kicillof-que-incluya-la-pavimentacion-de-la-ruta-60-en-el-presupuesto-2026\/#primaryimage"},"image":{"@id":"https:\/\/ondauno.com.ar\/index.php\/2025\/10\/23\/desde-la-legislatura-le-pidieron-al-gobernador-kicillof-que-incluya-la-pavimentacion-de-la-ruta-60-en-el-presupuesto-2026\/#primaryimage"},"thumbnailUrl":"https:\/\/ondauno.com.ar\/wp-content\/uploads\/2025\/10\/ruta-60.jpeg","datePublished":"2025-10-23T14:36:15+00:00","dateModified":"2025-10-23T14:36:19+00:00","author":{"@id":"https:\/\/ondauno.com.ar\/#\/schema\/person\/7ec851ddeceb4133d7d7132dc645714e"},"breadcrumb":{"@id":"https:\/\/ondauno.com.ar\/index.php\/2025\/10\/23\/desde-la-legislatura-le-pidieron-al-gobernador-kicillof-que-incluya-la-pavimentacion-de-la-ruta-60-en-el-presupuesto-2026\/#breadcrumb"},"inLanguage":"es-AR","potentialAction":[{"@type":"ReadAction","target":["https:\/\/ondauno.com.ar\/index.php\/2025\/10\/23\/desde-la-legislatura-le-pidieron-al-gobernador-kicillof-que-incluya-la-pavimentacion-de-la-ruta-60-en-el-presupuesto-2026\/"]}]},{"@type":"ImageObject","inLanguage":"es-AR","@id":"https:\/\/ondauno.com.ar\/index.php\/2025\/10\/23\/desde-la-legislatura-le-pidieron-al-gobernador-kicillof-que-incluya-la-pavimentacion-de-la-ruta-60-en-el-presupuesto-2026\/#primaryimage","url":"https:\/\/ondauno.com.ar\/wp-content\/uploads\/2025\/10\/ruta-60.jpeg","contentUrl":"https:\/\/ondauno.com.ar\/wp-content\/uploads\/2025\/10\/ruta-60.jpeg","width":960,"height":540},{"@type":"BreadcrumbList","@id":"https:\/\/ondauno.com.ar\/index.php\/2025\/10\/23\/desde-la-legislatura-le-pidieron-al-gobernador-kicillof-que-incluya-la-pavimentacion-de-la-ruta-60-en-el-presupuesto-2026\/#breadcrumb","itemListElement":[{"@type":"ListItem","position":1,"name":"Inicio","item":"https:\/\/ondauno.com.ar\/"},{"@type":"ListItem","position":2,"name":"Desde la Legislatura le pidieron al gobernador Kicillof que incluya la pavimentaci\u00f3n de la Ruta 60 en el Presupuesto 2026"}]},{"@type":"WebSite","@id":"https:\/\/ondauno.com.ar\/#website","url":"https:\/\/ondauno.com.ar\/","name":"103.9 fm","description":"LA PRIMERA RADIO MULTIMEDIA DE TRES ARROYOS","potentialAction":[{"@type":"SearchAction","target":{"@type":"EntryPoint","urlTemplate":"https:\/\/ondauno.com.ar\/?s={search_term_string}"},"query-input":"required name=search_term_string"}],"inLanguage":"es-AR"},{"@type":"Person","@id":"https:\/\/ondauno.com.ar\/#\/schema\/person\/7ec851ddeceb4133d7d7132dc645714e","name":"OndaUno","image":{"@type":"ImageObject","inLanguage":"es-AR","@id":"https:\/\/ondauno.com.ar\/#\/schema\/person\/image\/","url":"https:\/\/secure.gravatar.com\/avatar\/93b8009f0de7021f1feb2bd5b32fb9e8?s=96&d=mm&r=g","contentUrl":"https:\/\/secure.gravatar.com\/avatar\/93b8009f0de7021f1feb2bd5b32fb9e8?s=96&d=mm&r=g","caption":"OndaUno"},"url":"https:\/\/ondauno.com.ar\/index.php\/author\/ondauno\/"}]}},"jetpack_publicize_connections":[],"jetpack_featured_media_url":"https:\/\/ondauno.com.ar\/wp-content\/uploads\/2025\/10\/ruta-60.jpeg","jetpack_sharing_enabled":true,"_links":{"self":[{"href":"https:\/\/ondauno.com.ar\/index.php\/wp-json\/wp\/v2\/posts\/61305","targetHints":{"allow":["GET"]}}],"collection":[{"href":"https:\/\/ondauno.com.ar\/index.php\/wp-json\/wp\/v2\/posts"}],"about":[{"href":"https:\/\/ondauno.com.ar\/index.php\/wp-json\/wp\/v2\/types\/post"}],"author":[{"embeddable":true,"href":"https:\/\/ondauno.com.ar\/index.php\/wp-json\/wp\/v2\/users\/1"}],"replies":[{"embeddable":true,"href":"https:\/\/ondauno.com.ar\/index.php\/wp-json\/wp\/v2\/comments?post=61305"}],"version-history":[{"count":1,"href":"https:\/\/ondauno.com.ar\/index.php\/wp-json\/wp\/v2\/posts\/61305\/revisions"}],"predecessor-version":[{"id":61307,"href":"https:\/\/ondauno.com.ar\/index.php\/wp-json\/wp\/v2\/posts\/61305\/revisions\/61307"}],"wp:featuredmedia":[{"embeddable":true,"href":"https:\/\/ondauno.com.ar\/index.php\/wp-json\/wp\/v2\/media\/61306"}],"wp:attachment":[{"href":"https:\/\/ondauno.com.ar\/index.php\/wp-json\/wp\/v2\/media?parent=61305"}],"wp:term":[{"taxonomy":"category","embeddable":true,"href":"https:\/\/ondauno.com.ar\/index.php\/wp-json\/wp\/v2\/categories?post=61305"},{"taxonomy":"post_tag","embeddable":true,"href":"https:\/\/ondauno.com.ar\/index.php\/wp-json\/wp\/v2\/tags?post=61305"}],"curies":[{"name":"wp","href":"https:\/\/api.w.org\/{rel}","templated":true}]}}