{"id":61290,"date":"2025-10-23T09:53:48","date_gmt":"2025-10-23T12:53:48","guid":{"rendered":"https:\/\/ondauno.com.ar\/?p=61290"},"modified":"2025-10-23T09:53:52","modified_gmt":"2025-10-23T12:53:52","slug":"encontraron-en-buen-estado-de-salud-a-la-adolescente-que-era-buscada-en-tres-arroyos","status":"publish","type":"post","link":"https:\/\/ondauno.com.ar\/index.php\/2025\/10\/23\/encontraron-en-buen-estado-de-salud-a-la-adolescente-que-era-buscada-en-tres-arroyos\/","title":{"rendered":"Encontraron en buen estado de salud a la adolescente que era buscada en Tres Arroyos"},"content":{"rendered":"<div class=\"ondau-before-content_3\" style=\"margin-top: -30px;\" id=\"ondau-4220748735\"><a href=\"https:\/\/www.lps.com.ar\/\" aria-label=\"la-perse2\"><img loading=\"lazy\" decoding=\"async\" src=\"https:\/\/ondauno.com.ar\/wp-content\/uploads\/2021\/10\/la-perse2.jpg\" alt=\"\"  srcset=\"https:\/\/ondauno.com.ar\/wp-content\/uploads\/2021\/10\/la-perse2.jpg 1353w, https:\/\/ondauno.com.ar\/wp-content\/uploads\/2021\/10\/la-perse2-300x43.jpg 300w, https:\/\/ondauno.com.ar\/wp-content\/uploads\/2021\/10\/la-perse2-1024x148.jpg 1024w, https:\/\/ondauno.com.ar\/wp-content\/uploads\/2021\/10\/la-perse2-768x111.jpg 768w, https:\/\/ondauno.com.ar\/wp-content\/uploads\/2021\/10\/la-perse2-696x100.jpg 696w, https:\/\/ondauno.com.ar\/wp-content\/uploads\/2021\/10\/la-perse2-1068x154.jpg 1068w\" sizes=\"(max-width: 1353px) 100vw, 1353px\" class=\"no-lazyload\" width=\"1353\" height=\"195\"  style=\"display: inline-block;\" \/><\/a><\/div>\n<p>La Polic\u00eda de Tres Arroyos inform\u00f3 que fue encontrada en buen estado de salud <strong>Nicole Lombardelli<\/strong>, la adolescente de 14 a\u00f1os cuya b\u00fasqueda se hab\u00eda iniciado en las \u00faltimas horas.<\/p>\n\n\n\n<p>La menor hab\u00eda sido vista por \u00faltima vez el <strong>mi\u00e9rcoles 22 de octubre<\/strong> alrededor de las <strong>17:00<\/strong>, cuando se ausent\u00f3 de la <strong>Escuela de Educaci\u00f3n Complementaria<\/strong>, ubicada en calle Cerrito al 500.<\/p>\n\n\n\n<p>Tras la difusi\u00f3n del pedido de paradero y la intervenci\u00f3n de la <strong>Estaci\u00f3n de Polic\u00eda Comunal Primera<\/strong>, con la colaboraci\u00f3n de distintas dependencias, se logr\u00f3 ubicar a la joven, quien ya se encuentra con su familia.<\/p>\n\n\n\n<p>Las autoridades agradecieron a la comunidad por la colaboraci\u00f3n y recordaron que ante cualquier situaci\u00f3n similar se puede comunicar informaci\u00f3n al <strong>911<\/strong>, al <strong>147<\/strong> o a la <strong>Comisar\u00eda Primera (423333)<\/strong>.<\/p>\n","protected":false},"excerpt":{"rendered":"<p>La Polic\u00eda de Tres Arroyos inform\u00f3 que fue encontrada en buen estado de salud Nicole Lombardelli, la adolescente de 14 a\u00f1os cuya b\u00fasqueda se hab\u00eda iniciado en las \u00faltimas horas. La menor hab\u00eda sido vista por \u00faltima vez el mi\u00e9rcoles 22 de octubre alrededor de las 17:00, cuando se ausent\u00f3 de la Escuela de Educaci\u00f3n [&hellip;]<\/p>\n","protected":false},"author":1,"featured_media":17512,"comment_status":"open","ping_status":"open","sticky":false,"template":"","format":"standard","meta":{"tdm_status":"","tdm_grid_status":"","_jetpack_memberships_contains_paid_content":false,"footnotes":"","jetpack_publicize_message":"","jetpack_publicize_feature_enabled":true,"jetpack_social_post_already_shared":true,"jetpack_social_options":{"image_generator_settings":{"template":"highway","default_image_id":0,"font":"","enabled":false},"version":2}},"categories":[29],"tags":[],"class_list":{"0":"post-61290","1":"post","2":"type-post","3":"status-publish","4":"format-standard","5":"has-post-thumbnail","7":"category-policiales"},"yoast_head":"<!-- This site is optimized with the Yoast SEO plugin v22.7 - https:\/\/yoast.com\/wordpress\/plugins\/seo\/ -->\n<title>Encontraron en buen estado de salud a la adolescente que era buscada en Tres Arroyos - 103.9 fm<\/title>\n<meta name=\"robots\" content=\"index, follow, max-snippet:-1, max-image-preview:large, max-video-preview:-1\" \/>\n<link rel=\"canonical\" href=\"https:\/\/ondauno.com.ar\/index.php\/2025\/10\/23\/encontraron-en-buen-estado-de-salud-a-la-adolescente-que-era-buscada-en-tres-arroyos\/\" \/>\n<meta property=\"og:locale\" content=\"es_ES\" \/>\n<meta property=\"og:type\" content=\"article\" \/>\n<meta property=\"og:title\" content=\"Encontraron en buen estado de salud a la adolescente que era buscada en Tres Arroyos - 103.9 fm\" \/>\n<meta property=\"og:description\" content=\"La Polic\u00eda de Tres Arroyos inform\u00f3 que fue encontrada en buen estado de salud Nicole Lombardelli, la adolescente de 14 a\u00f1os cuya b\u00fasqueda se hab\u00eda iniciado en las \u00faltimas horas. La menor hab\u00eda sido vista por \u00faltima vez el mi\u00e9rcoles 22 de octubre alrededor de las 17:00, cuando se ausent\u00f3 de la Escuela de Educaci\u00f3n [&hellip;]\" \/>\n<meta property=\"og:url\" content=\"https:\/\/ondauno.com.ar\/index.php\/2025\/10\/23\/encontraron-en-buen-estado-de-salud-a-la-adolescente-que-era-buscada-en-tres-arroyos\/\" \/>\n<meta property=\"og:site_name\" content=\"103.9 fm\" \/>\n<meta property=\"article:publisher\" content=\"https:\/\/www.facebook.com\/ondauno103.9\" \/>\n<meta property=\"article:published_time\" content=\"2025-10-23T12:53:48+00:00\" \/>\n<meta property=\"article:modified_time\" content=\"2025-10-23T12:53:52+00:00\" \/>\n<meta property=\"og:image\" content=\"http:\/\/ondauno.com.ar\/wp-content\/uploads\/2020\/10\/nota-826570-suman-ocho-nuevos-policias-comisaria-primera-130410055738-640x370-2.jpg\" \/>\n\t<meta property=\"og:image:width\" content=\"640\" \/>\n\t<meta property=\"og:image:height\" content=\"370\" \/>\n\t<meta property=\"og:image:type\" content=\"image\/jpeg\" \/>\n<meta name=\"author\" content=\"OndaUno\" \/>\n<meta name=\"twitter:card\" content=\"summary_large_image\" \/>\n<meta name=\"twitter:label1\" content=\"Escrito por\" \/>\n\t<meta name=\"twitter:data1\" content=\"OndaUno\" \/>\n\t<meta name=\"twitter:label2\" content=\"Tiempo de lectura\" \/>\n\t<meta name=\"twitter:data2\" content=\"1 minuto\" \/>\n<script type=\"application\/ld+json\" class=\"yoast-schema-graph\">{\"@context\":\"https:\/\/schema.org\",\"@graph\":[{\"@type\":\"WebPage\",\"@id\":\"https:\/\/ondauno.com.ar\/index.php\/2025\/10\/23\/encontraron-en-buen-estado-de-salud-a-la-adolescente-que-era-buscada-en-tres-arroyos\/\",\"url\":\"https:\/\/ondauno.com.ar\/index.php\/2025\/10\/23\/encontraron-en-buen-estado-de-salud-a-la-adolescente-que-era-buscada-en-tres-arroyos\/\",\"name\":\"Encontraron en buen estado de salud a la adolescente que era buscada en Tres Arroyos - 103.9 fm\",\"isPartOf\":{\"@id\":\"https:\/\/ondauno.com.ar\/#website\"},\"primaryImageOfPage\":{\"@id\":\"https:\/\/ondauno.com.ar\/index.php\/2025\/10\/23\/encontraron-en-buen-estado-de-salud-a-la-adolescente-que-era-buscada-en-tres-arroyos\/#primaryimage\"},\"image\":{\"@id\":\"https:\/\/ondauno.com.ar\/index.php\/2025\/10\/23\/encontraron-en-buen-estado-de-salud-a-la-adolescente-que-era-buscada-en-tres-arroyos\/#primaryimage\"},\"thumbnailUrl\":\"https:\/\/ondauno.com.ar\/wp-content\/uploads\/2020\/10\/nota-826570-suman-ocho-nuevos-policias-comisaria-primera-130410055738-640x370-2.jpg\",\"datePublished\":\"2025-10-23T12:53:48+00:00\",\"dateModified\":\"2025-10-23T12:53:52+00:00\",\"author\":{\"@id\":\"https:\/\/ondauno.com.ar\/#\/schema\/person\/7ec851ddeceb4133d7d7132dc645714e\"},\"breadcrumb\":{\"@id\":\"https:\/\/ondauno.com.ar\/index.php\/2025\/10\/23\/encontraron-en-buen-estado-de-salud-a-la-adolescente-que-era-buscada-en-tres-arroyos\/#breadcrumb\"},\"inLanguage\":\"es-AR\",\"potentialAction\":[{\"@type\":\"ReadAction\",\"target\":[\"https:\/\/ondauno.com.ar\/index.php\/2025\/10\/23\/encontraron-en-buen-estado-de-salud-a-la-adolescente-que-era-buscada-en-tres-arroyos\/\"]}]},{\"@type\":\"ImageObject\",\"inLanguage\":\"es-AR\",\"@id\":\"https:\/\/ondauno.com.ar\/index.php\/2025\/10\/23\/encontraron-en-buen-estado-de-salud-a-la-adolescente-que-era-buscada-en-tres-arroyos\/#primaryimage\",\"url\":\"https:\/\/ondauno.com.ar\/wp-content\/uploads\/2020\/10\/nota-826570-suman-ocho-nuevos-policias-comisaria-primera-130410055738-640x370-2.jpg\",\"contentUrl\":\"https:\/\/ondauno.com.ar\/wp-content\/uploads\/2020\/10\/nota-826570-suman-ocho-nuevos-policias-comisaria-primera-130410055738-640x370-2.jpg\",\"width\":640,\"height\":370},{\"@type\":\"BreadcrumbList\",\"@id\":\"https:\/\/ondauno.com.ar\/index.php\/2025\/10\/23\/encontraron-en-buen-estado-de-salud-a-la-adolescente-que-era-buscada-en-tres-arroyos\/#breadcrumb\",\"itemListElement\":[{\"@type\":\"ListItem\",\"position\":1,\"name\":\"Inicio\",\"item\":\"https:\/\/ondauno.com.ar\/\"},{\"@type\":\"ListItem\",\"position\":2,\"name\":\"Encontraron en buen estado de salud a la adolescente que era buscada en Tres Arroyos\"}]},{\"@type\":\"WebSite\",\"@id\":\"https:\/\/ondauno.com.ar\/#website\",\"url\":\"https:\/\/ondauno.com.ar\/\",\"name\":\"103.9 fm\",\"description\":\"LA PRIMERA RADIO MULTIMEDIA DE TRES ARROYOS\",\"potentialAction\":[{\"@type\":\"SearchAction\",\"target\":{\"@type\":\"EntryPoint\",\"urlTemplate\":\"https:\/\/ondauno.com.ar\/?s={search_term_string}\"},\"query-input\":\"required name=search_term_string\"}],\"inLanguage\":\"es-AR\"},{\"@type\":\"Person\",\"@id\":\"https:\/\/ondauno.com.ar\/#\/schema\/person\/7ec851ddeceb4133d7d7132dc645714e\",\"name\":\"OndaUno\",\"image\":{\"@type\":\"ImageObject\",\"inLanguage\":\"es-AR\",\"@id\":\"https:\/\/ondauno.com.ar\/#\/schema\/person\/image\/\",\"url\":\"https:\/\/secure.gravatar.com\/avatar\/93b8009f0de7021f1feb2bd5b32fb9e8?s=96&d=mm&r=g\",\"contentUrl\":\"https:\/\/secure.gravatar.com\/avatar\/93b8009f0de7021f1feb2bd5b32fb9e8?s=96&d=mm&r=g\",\"caption\":\"OndaUno\"},\"url\":\"https:\/\/ondauno.com.ar\/index.php\/author\/ondauno\/\"}]}<\/script>\n<!-- \/ Yoast SEO plugin. -->","yoast_head_json":{"title":"Encontraron en buen estado de salud a la adolescente que era buscada en Tres Arroyos - 103.9 fm","robots":{"index":"index","follow":"follow","max-snippet":"max-snippet:-1","max-image-preview":"max-image-preview:large","max-video-preview":"max-video-preview:-1"},"canonical":"https:\/\/ondauno.com.ar\/index.php\/2025\/10\/23\/encontraron-en-buen-estado-de-salud-a-la-adolescente-que-era-buscada-en-tres-arroyos\/","og_locale":"es_ES","og_type":"article","og_title":"Encontraron en buen estado de salud a la adolescente que era buscada en Tres Arroyos - 103.9 fm","og_description":"La Polic\u00eda de Tres Arroyos inform\u00f3 que fue encontrada en buen estado de salud Nicole Lombardelli, la adolescente de 14 a\u00f1os cuya b\u00fasqueda se hab\u00eda iniciado en las \u00faltimas horas. La menor hab\u00eda sido vista por \u00faltima vez el mi\u00e9rcoles 22 de octubre alrededor de las 17:00, cuando se ausent\u00f3 de la Escuela de Educaci\u00f3n [&hellip;]","og_url":"https:\/\/ondauno.com.ar\/index.php\/2025\/10\/23\/encontraron-en-buen-estado-de-salud-a-la-adolescente-que-era-buscada-en-tres-arroyos\/","og_site_name":"103.9 fm","article_publisher":"https:\/\/www.facebook.com\/ondauno103.9","article_published_time":"2025-10-23T12:53:48+00:00","article_modified_time":"2025-10-23T12:53:52+00:00","og_image":[{"width":640,"height":370,"url":"http:\/\/ondauno.com.ar\/wp-content\/uploads\/2020\/10\/nota-826570-suman-ocho-nuevos-policias-comisaria-primera-130410055738-640x370-2.jpg","type":"image\/jpeg"}],"author":"OndaUno","twitter_card":"summary_large_image","twitter_misc":{"Escrito por":"OndaUno","Tiempo de lectura":"1 minuto"},"schema":{"@context":"https:\/\/schema.org","@graph":[{"@type":"WebPage","@id":"https:\/\/ondauno.com.ar\/index.php\/2025\/10\/23\/encontraron-en-buen-estado-de-salud-a-la-adolescente-que-era-buscada-en-tres-arroyos\/","url":"https:\/\/ondauno.com.ar\/index.php\/2025\/10\/23\/encontraron-en-buen-estado-de-salud-a-la-adolescente-que-era-buscada-en-tres-arroyos\/","name":"Encontraron en buen estado de salud a la adolescente que era buscada en Tres Arroyos - 103.9 fm","isPartOf":{"@id":"https:\/\/ondauno.com.ar\/#website"},"primaryImageOfPage":{"@id":"https:\/\/ondauno.com.ar\/index.php\/2025\/10\/23\/encontraron-en-buen-estado-de-salud-a-la-adolescente-que-era-buscada-en-tres-arroyos\/#primaryimage"},"image":{"@id":"https:\/\/ondauno.com.ar\/index.php\/2025\/10\/23\/encontraron-en-buen-estado-de-salud-a-la-adolescente-que-era-buscada-en-tres-arroyos\/#primaryimage"},"thumbnailUrl":"https:\/\/ondauno.com.ar\/wp-content\/uploads\/2020\/10\/nota-826570-suman-ocho-nuevos-policias-comisaria-primera-130410055738-640x370-2.jpg","datePublished":"2025-10-23T12:53:48+00:00","dateModified":"2025-10-23T12:53:52+00:00","author":{"@id":"https:\/\/ondauno.com.ar\/#\/schema\/person\/7ec851ddeceb4133d7d7132dc645714e"},"breadcrumb":{"@id":"https:\/\/ondauno.com.ar\/index.php\/2025\/10\/23\/encontraron-en-buen-estado-de-salud-a-la-adolescente-que-era-buscada-en-tres-arroyos\/#breadcrumb"},"inLanguage":"es-AR","potentialAction":[{"@type":"ReadAction","target":["https:\/\/ondauno.com.ar\/index.php\/2025\/10\/23\/encontraron-en-buen-estado-de-salud-a-la-adolescente-que-era-buscada-en-tres-arroyos\/"]}]},{"@type":"ImageObject","inLanguage":"es-AR","@id":"https:\/\/ondauno.com.ar\/index.php\/2025\/10\/23\/encontraron-en-buen-estado-de-salud-a-la-adolescente-que-era-buscada-en-tres-arroyos\/#primaryimage","url":"https:\/\/ondauno.com.ar\/wp-content\/uploads\/2020\/10\/nota-826570-suman-ocho-nuevos-policias-comisaria-primera-130410055738-640x370-2.jpg","contentUrl":"https:\/\/ondauno.com.ar\/wp-content\/uploads\/2020\/10\/nota-826570-suman-ocho-nuevos-policias-comisaria-primera-130410055738-640x370-2.jpg","width":640,"height":370},{"@type":"BreadcrumbList","@id":"https:\/\/ondauno.com.ar\/index.php\/2025\/10\/23\/encontraron-en-buen-estado-de-salud-a-la-adolescente-que-era-buscada-en-tres-arroyos\/#breadcrumb","itemListElement":[{"@type":"ListItem","position":1,"name":"Inicio","item":"https:\/\/ondauno.com.ar\/"},{"@type":"ListItem","position":2,"name":"Encontraron en buen estado de salud a la adolescente que era buscada en Tres Arroyos"}]},{"@type":"WebSite","@id":"https:\/\/ondauno.com.ar\/#website","url":"https:\/\/ondauno.com.ar\/","name":"103.9 fm","description":"LA PRIMERA RADIO MULTIMEDIA DE TRES ARROYOS","potentialAction":[{"@type":"SearchAction","target":{"@type":"EntryPoint","urlTemplate":"https:\/\/ondauno.com.ar\/?s={search_term_string}"},"query-input":"required name=search_term_string"}],"inLanguage":"es-AR"},{"@type":"Person","@id":"https:\/\/ondauno.com.ar\/#\/schema\/person\/7ec851ddeceb4133d7d7132dc645714e","name":"OndaUno","image":{"@type":"ImageObject","inLanguage":"es-AR","@id":"https:\/\/ondauno.com.ar\/#\/schema\/person\/image\/","url":"https:\/\/secure.gravatar.com\/avatar\/93b8009f0de7021f1feb2bd5b32fb9e8?s=96&d=mm&r=g","contentUrl":"https:\/\/secure.gravatar.com\/avatar\/93b8009f0de7021f1feb2bd5b32fb9e8?s=96&d=mm&r=g","caption":"OndaUno"},"url":"https:\/\/ondauno.com.ar\/index.php\/author\/ondauno\/"}]}},"jetpack_publicize_connections":[],"jetpack_featured_media_url":"https:\/\/ondauno.com.ar\/wp-content\/uploads\/2020\/10\/nota-826570-suman-ocho-nuevos-policias-comisaria-primera-130410055738-640x370-2.jpg","jetpack_sharing_enabled":true,"_links":{"self":[{"href":"https:\/\/ondauno.com.ar\/index.php\/wp-json\/wp\/v2\/posts\/61290","targetHints":{"allow":["GET"]}}],"collection":[{"href":"https:\/\/ondauno.com.ar\/index.php\/wp-json\/wp\/v2\/posts"}],"about":[{"href":"https:\/\/ondauno.com.ar\/index.php\/wp-json\/wp\/v2\/types\/post"}],"author":[{"embeddable":true,"href":"https:\/\/ondauno.com.ar\/index.php\/wp-json\/wp\/v2\/users\/1"}],"replies":[{"embeddable":true,"href":"https:\/\/ondauno.com.ar\/index.php\/wp-json\/wp\/v2\/comments?post=61290"}],"version-history":[{"count":1,"href":"https:\/\/ondauno.com.ar\/index.php\/wp-json\/wp\/v2\/posts\/61290\/revisions"}],"predecessor-version":[{"id":61291,"href":"https:\/\/ondauno.com.ar\/index.php\/wp-json\/wp\/v2\/posts\/61290\/revisions\/61291"}],"wp:featuredmedia":[{"embeddable":true,"href":"https:\/\/ondauno.com.ar\/index.php\/wp-json\/wp\/v2\/media\/17512"}],"wp:attachment":[{"href":"https:\/\/ondauno.com.ar\/index.php\/wp-json\/wp\/v2\/media?parent=61290"}],"wp:term":[{"taxonomy":"category","embeddable":true,"href":"https:\/\/ondauno.com.ar\/index.php\/wp-json\/wp\/v2\/categories?post=61290"},{"taxonomy":"post_tag","embeddable":true,"href":"https:\/\/ondauno.com.ar\/index.php\/wp-json\/wp\/v2\/tags?post=61290"}],"curies":[{"name":"wp","href":"https:\/\/api.w.org\/{rel}","templated":true}]}}