{"id":61276,"date":"2025-10-21T21:25:12","date_gmt":"2025-10-22T00:25:12","guid":{"rendered":"https:\/\/ondauno.com.ar\/?p=61276"},"modified":"2025-10-21T21:25:16","modified_gmt":"2025-10-22T00:25:16","slug":"el-faro-cumplio-103-anos-esta-en-un-momento-muy-bueno-con-mantenimiento-activo-y-en-optimas-condiciones","status":"publish","type":"post","link":"https:\/\/ondauno.com.ar\/index.php\/2025\/10\/21\/el-faro-cumplio-103-anos-esta-en-un-momento-muy-bueno-con-mantenimiento-activo-y-en-optimas-condiciones\/","title":{"rendered":"El Faro cumpli\u00f3 103 a\u00f1os: \u201cEst\u00e1 en un momento muy bueno, con mantenimiento activo y en \u00f3ptimas condiciones\u201d"},"content":{"rendered":"<div class=\"ondau-before-content_3\" style=\"margin-top: -30px;\" id=\"ondau-2433693420\"><a href=\"https:\/\/www.lps.com.ar\/\" aria-label=\"la-perse2\"><img loading=\"lazy\" decoding=\"async\" src=\"https:\/\/ondauno.com.ar\/wp-content\/uploads\/2021\/10\/la-perse2.jpg\" alt=\"\"  srcset=\"https:\/\/ondauno.com.ar\/wp-content\/uploads\/2021\/10\/la-perse2.jpg 1353w, https:\/\/ondauno.com.ar\/wp-content\/uploads\/2021\/10\/la-perse2-300x43.jpg 300w, https:\/\/ondauno.com.ar\/wp-content\/uploads\/2021\/10\/la-perse2-1024x148.jpg 1024w, https:\/\/ondauno.com.ar\/wp-content\/uploads\/2021\/10\/la-perse2-768x111.jpg 768w, https:\/\/ondauno.com.ar\/wp-content\/uploads\/2021\/10\/la-perse2-696x100.jpg 696w, https:\/\/ondauno.com.ar\/wp-content\/uploads\/2021\/10\/la-perse2-1068x154.jpg 1068w\" sizes=\"(max-width: 1353px) 100vw, 1353px\" class=\"no-lazyload\" width=\"1353\" height=\"195\"  style=\"display: inline-block;\" \/><\/a><\/div>\n<p><strong>El encargado del Faro, suboficial Walter Gorosito (primero a la izquierda) junto a su dotaci\u00f3n<\/strong><\/p>\n\n\n\n<p>En Cosas que Pasan, el suboficial principal Walter Gorosito, encargado del Faro de Claromec\u00f3, cont\u00f3 c\u00f3mo se encuentra actualmente la hist\u00f3rica torre que cumpli\u00f3 103 a\u00f1os de funcionamiento, bajo la \u00f3rbita del Departamento de Hidrograf\u00eda Naval, dependiente del Ministerio de Defensa.<\/p>\n\n\n\n<p>\u201cEl faro est\u00e1 en un momento muy bueno, porque tiene un cuidado y un mantenimiento constantes, y est\u00e1 en servicio activo, as\u00ed que no tiene ning\u00fan problema\u201d, explic\u00f3 Gorosito.<br>La estructura, construida en 1922, cumple la funci\u00f3n de gu\u00eda para evitar que las embarcaciones se aproximen a los bancos arenosos caracter\u00edsticos de la costa claromequense.<\/p>\n\n\n\n<p>El encargado detall\u00f3 que el faro funciona con energ\u00eda el\u00e9ctrica urbana y actualmente utiliza una l\u00e1mpara hal\u00f3gena de 400 W, con un alcance de 25 a 26 millas n\u00e1uticas, equivalente a unos 50 kil\u00f3metros.<\/p>\n\n\n\n<p>Respecto a las visitas, Gorosito aclar\u00f3 que el acceso para conocer el pueden programarse \u201clos d\u00edas viernes o fines de semana, coordinando previamente\u201d.<\/p>\n\n\n\n<p>Con 30 a\u00f1os de carrera en la Armada el suboficial expres\u00f3 el sentimiento que lo une a su labor al sostener que &#8220;somos pasionales de los faros. Llevamos muy impresa nuestra especialidad y todo lo que hacemos lo hacemos desde la pasi\u00f3n. Es un aprendizaje continuo y una relaci\u00f3n muy profunda con la naturaleza\u201d.<\/p>\n\n\n\n<p>El Faro de Claromec\u00f3 comparte su dise\u00f1o con el Faro Querand\u00ed, en Villa Gesell, ambos construidos por una empresa pionera en el uso del cemento en Sudam\u00e9rica.<\/p>\n\n\n\n<p>\u201cCuidar un faro es mantener una se\u00f1al que brinda ayuda al navegante. Saber que hay personas que dependen de que est\u00e9 en funcionamiento nos llena de responsabilidad y orgullo\u201d, concluy\u00f3 Gorosito.<\/p>\n\n\n\n<p>Pod\u00e9s escuchar la nota completa en el siguiente link:<\/p>\n\n\n\n<figure class=\"wp-block-embed is-type-video is-provider-youtube wp-block-embed-youtube wp-embed-aspect-16-9 wp-has-aspect-ratio\"><div class=\"wp-block-embed__wrapper\">\n<div class=\"youtube-embed\" data-video_id=\"ctWq45ihwUg\"><iframe loading=\"lazy\" title=\"Onda Uno 103.9 en vivo\" width=\"696\" height=\"392\" data-src=\"https:\/\/www.youtube.com\/embed\/ctWq45ihwUg?start=12&#038;feature=oembed\" frameborder=\"0\" allow=\"accelerometer; autoplay; clipboard-write; encrypted-media; gyroscope; picture-in-picture; web-share\" referrerpolicy=\"strict-origin-when-cross-origin\" allowfullscreen src=\"data:image\/gif;base64,R0lGODlhAQABAAAAACH5BAEKAAEALAAAAAABAAEAAAICTAEAOw==\" class=\"lazyload\" data-load-mode=\"1\"><\/iframe><\/div>\n<\/div><\/figure>\n","protected":false},"excerpt":{"rendered":"<p>El encargado del Faro, suboficial Walter Gorosito (primero a la izquierda) junto a su dotaci\u00f3n En Cosas que Pasan, el suboficial principal Walter Gorosito, encargado del Faro de Claromec\u00f3, cont\u00f3 c\u00f3mo se encuentra actualmente la hist\u00f3rica torre que cumpli\u00f3 103 a\u00f1os de funcionamiento, bajo la \u00f3rbita del Departamento de Hidrograf\u00eda Naval, dependiente del Ministerio de [&hellip;]<\/p>\n","protected":false},"author":1,"featured_media":61277,"comment_status":"open","ping_status":"open","sticky":false,"template":"","format":"standard","meta":{"tdm_status":"","tdm_grid_status":"","_jetpack_memberships_contains_paid_content":false,"footnotes":"","jetpack_publicize_message":"","jetpack_publicize_feature_enabled":true,"jetpack_social_post_already_shared":true,"jetpack_social_options":{"image_generator_settings":{"template":"highway","default_image_id":0,"font":"","enabled":false},"version":2}},"categories":[2],"tags":[],"class_list":{"0":"post-61276","1":"post","2":"type-post","3":"status-publish","4":"format-standard","5":"has-post-thumbnail","7":"category-locales"},"yoast_head":"<!-- This site is optimized with the Yoast SEO plugin v22.7 - https:\/\/yoast.com\/wordpress\/plugins\/seo\/ -->\n<title>El Faro cumpli\u00f3 103 a\u00f1os: \u201cEst\u00e1 en un momento muy bueno, con mantenimiento activo y en \u00f3ptimas condiciones\u201d - 103.9 fm<\/title>\n<meta name=\"robots\" content=\"index, follow, max-snippet:-1, max-image-preview:large, max-video-preview:-1\" \/>\n<link rel=\"canonical\" href=\"https:\/\/ondauno.com.ar\/index.php\/2025\/10\/21\/el-faro-cumplio-103-anos-esta-en-un-momento-muy-bueno-con-mantenimiento-activo-y-en-optimas-condiciones\/\" \/>\n<meta property=\"og:locale\" content=\"es_ES\" \/>\n<meta property=\"og:type\" content=\"article\" \/>\n<meta property=\"og:title\" content=\"El Faro cumpli\u00f3 103 a\u00f1os: \u201cEst\u00e1 en un momento muy bueno, con mantenimiento activo y en \u00f3ptimas condiciones\u201d - 103.9 fm\" \/>\n<meta property=\"og:description\" content=\"El encargado del Faro, suboficial Walter Gorosito (primero a la izquierda) junto a su dotaci\u00f3n En Cosas que Pasan, el suboficial principal Walter Gorosito, encargado del Faro de Claromec\u00f3, cont\u00f3 c\u00f3mo se encuentra actualmente la hist\u00f3rica torre que cumpli\u00f3 103 a\u00f1os de funcionamiento, bajo la \u00f3rbita del Departamento de Hidrograf\u00eda Naval, dependiente del Ministerio de [&hellip;]\" \/>\n<meta property=\"og:url\" content=\"https:\/\/ondauno.com.ar\/index.php\/2025\/10\/21\/el-faro-cumplio-103-anos-esta-en-un-momento-muy-bueno-con-mantenimiento-activo-y-en-optimas-condiciones\/\" \/>\n<meta property=\"og:site_name\" content=\"103.9 fm\" \/>\n<meta property=\"article:publisher\" content=\"https:\/\/www.facebook.com\/ondauno103.9\" \/>\n<meta property=\"article:published_time\" content=\"2025-10-22T00:25:12+00:00\" \/>\n<meta property=\"article:modified_time\" content=\"2025-10-22T00:25:16+00:00\" \/>\n<meta property=\"og:image\" content=\"http:\/\/ondauno.com.ar\/wp-content\/uploads\/2025\/10\/WhatsApp-Image-2025-10-21-at-14.12.59.jpeg\" \/>\n\t<meta property=\"og:image:width\" content=\"1204\" \/>\n\t<meta property=\"og:image:height\" content=\"1600\" \/>\n\t<meta property=\"og:image:type\" content=\"image\/jpeg\" \/>\n<meta name=\"author\" content=\"OndaUno\" \/>\n<meta name=\"twitter:card\" content=\"summary_large_image\" \/>\n<meta name=\"twitter:label1\" content=\"Escrito por\" \/>\n\t<meta name=\"twitter:data1\" content=\"OndaUno\" \/>\n\t<meta name=\"twitter:label2\" content=\"Tiempo de lectura\" \/>\n\t<meta name=\"twitter:data2\" content=\"2 minutos\" \/>\n<script type=\"application\/ld+json\" class=\"yoast-schema-graph\">{\"@context\":\"https:\/\/schema.org\",\"@graph\":[{\"@type\":\"WebPage\",\"@id\":\"https:\/\/ondauno.com.ar\/index.php\/2025\/10\/21\/el-faro-cumplio-103-anos-esta-en-un-momento-muy-bueno-con-mantenimiento-activo-y-en-optimas-condiciones\/\",\"url\":\"https:\/\/ondauno.com.ar\/index.php\/2025\/10\/21\/el-faro-cumplio-103-anos-esta-en-un-momento-muy-bueno-con-mantenimiento-activo-y-en-optimas-condiciones\/\",\"name\":\"El Faro cumpli\u00f3 103 a\u00f1os: \u201cEst\u00e1 en un momento muy bueno, con mantenimiento activo y en \u00f3ptimas condiciones\u201d - 103.9 fm\",\"isPartOf\":{\"@id\":\"https:\/\/ondauno.com.ar\/#website\"},\"primaryImageOfPage\":{\"@id\":\"https:\/\/ondauno.com.ar\/index.php\/2025\/10\/21\/el-faro-cumplio-103-anos-esta-en-un-momento-muy-bueno-con-mantenimiento-activo-y-en-optimas-condiciones\/#primaryimage\"},\"image\":{\"@id\":\"https:\/\/ondauno.com.ar\/index.php\/2025\/10\/21\/el-faro-cumplio-103-anos-esta-en-un-momento-muy-bueno-con-mantenimiento-activo-y-en-optimas-condiciones\/#primaryimage\"},\"thumbnailUrl\":\"https:\/\/ondauno.com.ar\/wp-content\/uploads\/2025\/10\/WhatsApp-Image-2025-10-21-at-14.12.59.jpeg\",\"datePublished\":\"2025-10-22T00:25:12+00:00\",\"dateModified\":\"2025-10-22T00:25:16+00:00\",\"author\":{\"@id\":\"https:\/\/ondauno.com.ar\/#\/schema\/person\/7ec851ddeceb4133d7d7132dc645714e\"},\"breadcrumb\":{\"@id\":\"https:\/\/ondauno.com.ar\/index.php\/2025\/10\/21\/el-faro-cumplio-103-anos-esta-en-un-momento-muy-bueno-con-mantenimiento-activo-y-en-optimas-condiciones\/#breadcrumb\"},\"inLanguage\":\"es-AR\",\"potentialAction\":[{\"@type\":\"ReadAction\",\"target\":[\"https:\/\/ondauno.com.ar\/index.php\/2025\/10\/21\/el-faro-cumplio-103-anos-esta-en-un-momento-muy-bueno-con-mantenimiento-activo-y-en-optimas-condiciones\/\"]}]},{\"@type\":\"ImageObject\",\"inLanguage\":\"es-AR\",\"@id\":\"https:\/\/ondauno.com.ar\/index.php\/2025\/10\/21\/el-faro-cumplio-103-anos-esta-en-un-momento-muy-bueno-con-mantenimiento-activo-y-en-optimas-condiciones\/#primaryimage\",\"url\":\"https:\/\/ondauno.com.ar\/wp-content\/uploads\/2025\/10\/WhatsApp-Image-2025-10-21-at-14.12.59.jpeg\",\"contentUrl\":\"https:\/\/ondauno.com.ar\/wp-content\/uploads\/2025\/10\/WhatsApp-Image-2025-10-21-at-14.12.59.jpeg\",\"width\":1204,\"height\":1600},{\"@type\":\"BreadcrumbList\",\"@id\":\"https:\/\/ondauno.com.ar\/index.php\/2025\/10\/21\/el-faro-cumplio-103-anos-esta-en-un-momento-muy-bueno-con-mantenimiento-activo-y-en-optimas-condiciones\/#breadcrumb\",\"itemListElement\":[{\"@type\":\"ListItem\",\"position\":1,\"name\":\"Inicio\",\"item\":\"https:\/\/ondauno.com.ar\/\"},{\"@type\":\"ListItem\",\"position\":2,\"name\":\"El Faro cumpli\u00f3 103 a\u00f1os: \u201cEst\u00e1 en un momento muy bueno, con mantenimiento activo y en \u00f3ptimas condiciones\u201d\"}]},{\"@type\":\"WebSite\",\"@id\":\"https:\/\/ondauno.com.ar\/#website\",\"url\":\"https:\/\/ondauno.com.ar\/\",\"name\":\"103.9 fm\",\"description\":\"LA PRIMERA RADIO MULTIMEDIA DE TRES ARROYOS\",\"potentialAction\":[{\"@type\":\"SearchAction\",\"target\":{\"@type\":\"EntryPoint\",\"urlTemplate\":\"https:\/\/ondauno.com.ar\/?s={search_term_string}\"},\"query-input\":\"required name=search_term_string\"}],\"inLanguage\":\"es-AR\"},{\"@type\":\"Person\",\"@id\":\"https:\/\/ondauno.com.ar\/#\/schema\/person\/7ec851ddeceb4133d7d7132dc645714e\",\"name\":\"OndaUno\",\"image\":{\"@type\":\"ImageObject\",\"inLanguage\":\"es-AR\",\"@id\":\"https:\/\/ondauno.com.ar\/#\/schema\/person\/image\/\",\"url\":\"https:\/\/secure.gravatar.com\/avatar\/93b8009f0de7021f1feb2bd5b32fb9e8?s=96&d=mm&r=g\",\"contentUrl\":\"https:\/\/secure.gravatar.com\/avatar\/93b8009f0de7021f1feb2bd5b32fb9e8?s=96&d=mm&r=g\",\"caption\":\"OndaUno\"},\"url\":\"https:\/\/ondauno.com.ar\/index.php\/author\/ondauno\/\"}]}<\/script>\n<!-- \/ Yoast SEO plugin. -->","yoast_head_json":{"title":"El Faro cumpli\u00f3 103 a\u00f1os: \u201cEst\u00e1 en un momento muy bueno, con mantenimiento activo y en \u00f3ptimas condiciones\u201d - 103.9 fm","robots":{"index":"index","follow":"follow","max-snippet":"max-snippet:-1","max-image-preview":"max-image-preview:large","max-video-preview":"max-video-preview:-1"},"canonical":"https:\/\/ondauno.com.ar\/index.php\/2025\/10\/21\/el-faro-cumplio-103-anos-esta-en-un-momento-muy-bueno-con-mantenimiento-activo-y-en-optimas-condiciones\/","og_locale":"es_ES","og_type":"article","og_title":"El Faro cumpli\u00f3 103 a\u00f1os: \u201cEst\u00e1 en un momento muy bueno, con mantenimiento activo y en \u00f3ptimas condiciones\u201d - 103.9 fm","og_description":"El encargado del Faro, suboficial Walter Gorosito (primero a la izquierda) junto a su dotaci\u00f3n En Cosas que Pasan, el suboficial principal Walter Gorosito, encargado del Faro de Claromec\u00f3, cont\u00f3 c\u00f3mo se encuentra actualmente la hist\u00f3rica torre que cumpli\u00f3 103 a\u00f1os de funcionamiento, bajo la \u00f3rbita del Departamento de Hidrograf\u00eda Naval, dependiente del Ministerio de [&hellip;]","og_url":"https:\/\/ondauno.com.ar\/index.php\/2025\/10\/21\/el-faro-cumplio-103-anos-esta-en-un-momento-muy-bueno-con-mantenimiento-activo-y-en-optimas-condiciones\/","og_site_name":"103.9 fm","article_publisher":"https:\/\/www.facebook.com\/ondauno103.9","article_published_time":"2025-10-22T00:25:12+00:00","article_modified_time":"2025-10-22T00:25:16+00:00","og_image":[{"width":1204,"height":1600,"url":"http:\/\/ondauno.com.ar\/wp-content\/uploads\/2025\/10\/WhatsApp-Image-2025-10-21-at-14.12.59.jpeg","type":"image\/jpeg"}],"author":"OndaUno","twitter_card":"summary_large_image","twitter_misc":{"Escrito por":"OndaUno","Tiempo de lectura":"2 minutos"},"schema":{"@context":"https:\/\/schema.org","@graph":[{"@type":"WebPage","@id":"https:\/\/ondauno.com.ar\/index.php\/2025\/10\/21\/el-faro-cumplio-103-anos-esta-en-un-momento-muy-bueno-con-mantenimiento-activo-y-en-optimas-condiciones\/","url":"https:\/\/ondauno.com.ar\/index.php\/2025\/10\/21\/el-faro-cumplio-103-anos-esta-en-un-momento-muy-bueno-con-mantenimiento-activo-y-en-optimas-condiciones\/","name":"El Faro cumpli\u00f3 103 a\u00f1os: \u201cEst\u00e1 en un momento muy bueno, con mantenimiento activo y en \u00f3ptimas condiciones\u201d - 103.9 fm","isPartOf":{"@id":"https:\/\/ondauno.com.ar\/#website"},"primaryImageOfPage":{"@id":"https:\/\/ondauno.com.ar\/index.php\/2025\/10\/21\/el-faro-cumplio-103-anos-esta-en-un-momento-muy-bueno-con-mantenimiento-activo-y-en-optimas-condiciones\/#primaryimage"},"image":{"@id":"https:\/\/ondauno.com.ar\/index.php\/2025\/10\/21\/el-faro-cumplio-103-anos-esta-en-un-momento-muy-bueno-con-mantenimiento-activo-y-en-optimas-condiciones\/#primaryimage"},"thumbnailUrl":"https:\/\/ondauno.com.ar\/wp-content\/uploads\/2025\/10\/WhatsApp-Image-2025-10-21-at-14.12.59.jpeg","datePublished":"2025-10-22T00:25:12+00:00","dateModified":"2025-10-22T00:25:16+00:00","author":{"@id":"https:\/\/ondauno.com.ar\/#\/schema\/person\/7ec851ddeceb4133d7d7132dc645714e"},"breadcrumb":{"@id":"https:\/\/ondauno.com.ar\/index.php\/2025\/10\/21\/el-faro-cumplio-103-anos-esta-en-un-momento-muy-bueno-con-mantenimiento-activo-y-en-optimas-condiciones\/#breadcrumb"},"inLanguage":"es-AR","potentialAction":[{"@type":"ReadAction","target":["https:\/\/ondauno.com.ar\/index.php\/2025\/10\/21\/el-faro-cumplio-103-anos-esta-en-un-momento-muy-bueno-con-mantenimiento-activo-y-en-optimas-condiciones\/"]}]},{"@type":"ImageObject","inLanguage":"es-AR","@id":"https:\/\/ondauno.com.ar\/index.php\/2025\/10\/21\/el-faro-cumplio-103-anos-esta-en-un-momento-muy-bueno-con-mantenimiento-activo-y-en-optimas-condiciones\/#primaryimage","url":"https:\/\/ondauno.com.ar\/wp-content\/uploads\/2025\/10\/WhatsApp-Image-2025-10-21-at-14.12.59.jpeg","contentUrl":"https:\/\/ondauno.com.ar\/wp-content\/uploads\/2025\/10\/WhatsApp-Image-2025-10-21-at-14.12.59.jpeg","width":1204,"height":1600},{"@type":"BreadcrumbList","@id":"https:\/\/ondauno.com.ar\/index.php\/2025\/10\/21\/el-faro-cumplio-103-anos-esta-en-un-momento-muy-bueno-con-mantenimiento-activo-y-en-optimas-condiciones\/#breadcrumb","itemListElement":[{"@type":"ListItem","position":1,"name":"Inicio","item":"https:\/\/ondauno.com.ar\/"},{"@type":"ListItem","position":2,"name":"El Faro cumpli\u00f3 103 a\u00f1os: \u201cEst\u00e1 en un momento muy bueno, con mantenimiento activo y en \u00f3ptimas condiciones\u201d"}]},{"@type":"WebSite","@id":"https:\/\/ondauno.com.ar\/#website","url":"https:\/\/ondauno.com.ar\/","name":"103.9 fm","description":"LA PRIMERA RADIO MULTIMEDIA DE TRES ARROYOS","potentialAction":[{"@type":"SearchAction","target":{"@type":"EntryPoint","urlTemplate":"https:\/\/ondauno.com.ar\/?s={search_term_string}"},"query-input":"required name=search_term_string"}],"inLanguage":"es-AR"},{"@type":"Person","@id":"https:\/\/ondauno.com.ar\/#\/schema\/person\/7ec851ddeceb4133d7d7132dc645714e","name":"OndaUno","image":{"@type":"ImageObject","inLanguage":"es-AR","@id":"https:\/\/ondauno.com.ar\/#\/schema\/person\/image\/","url":"https:\/\/secure.gravatar.com\/avatar\/93b8009f0de7021f1feb2bd5b32fb9e8?s=96&d=mm&r=g","contentUrl":"https:\/\/secure.gravatar.com\/avatar\/93b8009f0de7021f1feb2bd5b32fb9e8?s=96&d=mm&r=g","caption":"OndaUno"},"url":"https:\/\/ondauno.com.ar\/index.php\/author\/ondauno\/"}]}},"jetpack_publicize_connections":[],"jetpack_featured_media_url":"https:\/\/ondauno.com.ar\/wp-content\/uploads\/2025\/10\/WhatsApp-Image-2025-10-21-at-14.12.59.jpeg","jetpack_sharing_enabled":true,"_links":{"self":[{"href":"https:\/\/ondauno.com.ar\/index.php\/wp-json\/wp\/v2\/posts\/61276","targetHints":{"allow":["GET"]}}],"collection":[{"href":"https:\/\/ondauno.com.ar\/index.php\/wp-json\/wp\/v2\/posts"}],"about":[{"href":"https:\/\/ondauno.com.ar\/index.php\/wp-json\/wp\/v2\/types\/post"}],"author":[{"embeddable":true,"href":"https:\/\/ondauno.com.ar\/index.php\/wp-json\/wp\/v2\/users\/1"}],"replies":[{"embeddable":true,"href":"https:\/\/ondauno.com.ar\/index.php\/wp-json\/wp\/v2\/comments?post=61276"}],"version-history":[{"count":1,"href":"https:\/\/ondauno.com.ar\/index.php\/wp-json\/wp\/v2\/posts\/61276\/revisions"}],"predecessor-version":[{"id":61278,"href":"https:\/\/ondauno.com.ar\/index.php\/wp-json\/wp\/v2\/posts\/61276\/revisions\/61278"}],"wp:featuredmedia":[{"embeddable":true,"href":"https:\/\/ondauno.com.ar\/index.php\/wp-json\/wp\/v2\/media\/61277"}],"wp:attachment":[{"href":"https:\/\/ondauno.com.ar\/index.php\/wp-json\/wp\/v2\/media?parent=61276"}],"wp:term":[{"taxonomy":"category","embeddable":true,"href":"https:\/\/ondauno.com.ar\/index.php\/wp-json\/wp\/v2\/categories?post=61276"},{"taxonomy":"post_tag","embeddable":true,"href":"https:\/\/ondauno.com.ar\/index.php\/wp-json\/wp\/v2\/tags?post=61276"}],"curies":[{"name":"wp","href":"https:\/\/api.w.org\/{rel}","templated":true}]}}