{"id":61272,"date":"2025-10-21T21:23:04","date_gmt":"2025-10-22T00:23:04","guid":{"rendered":"https:\/\/ondauno.com.ar\/?p=61272"},"modified":"2025-10-21T21:23:08","modified_gmt":"2025-10-22T00:23:08","slug":"abel-pintos-se-presentara-en-el-80-aniversario-de-olimpo-de-tres-arroyos","status":"publish","type":"post","link":"https:\/\/ondauno.com.ar\/index.php\/2025\/10\/21\/abel-pintos-se-presentara-en-el-80-aniversario-de-olimpo-de-tres-arroyos\/","title":{"rendered":"Abel Pintos se presentar\u00e1 en el 80\u00b0 aniversario de Olimpo de Tres Arroyos"},"content":{"rendered":"<div class=\"ondau-before-content_3\" style=\"margin-top: -30px;\" id=\"ondau-1721844099\"><a href=\"https:\/\/www.lps.com.ar\/\" aria-label=\"la-perse2\"><img loading=\"lazy\" decoding=\"async\" src=\"https:\/\/ondauno.com.ar\/wp-content\/uploads\/2021\/10\/la-perse2.jpg\" alt=\"\"  srcset=\"https:\/\/ondauno.com.ar\/wp-content\/uploads\/2021\/10\/la-perse2.jpg 1353w, https:\/\/ondauno.com.ar\/wp-content\/uploads\/2021\/10\/la-perse2-300x43.jpg 300w, https:\/\/ondauno.com.ar\/wp-content\/uploads\/2021\/10\/la-perse2-1024x148.jpg 1024w, https:\/\/ondauno.com.ar\/wp-content\/uploads\/2021\/10\/la-perse2-768x111.jpg 768w, https:\/\/ondauno.com.ar\/wp-content\/uploads\/2021\/10\/la-perse2-696x100.jpg 696w, https:\/\/ondauno.com.ar\/wp-content\/uploads\/2021\/10\/la-perse2-1068x154.jpg 1068w\" sizes=\"(max-width: 1353px) 100vw, 1353px\" class=\"no-lazyload\" width=\"1353\" height=\"195\"  style=\"display: inline-block;\" \/><\/a><\/div>\n<p>El Club Olimpo de Tres Arroyos celebrar\u00e1 su 80\u00b0 aniversario con un evento muy especial: la presentaci\u00f3n de Abel Pintos el pr\u00f3ximo 24 de enero, en la cancha principal del complejo deportivo de la instituci\u00f3n.<\/p>\n\n\n\n<p>En Cosas que Pasan, el tesorero del club, Carlos Balcarce, cont\u00f3 c\u00f3mo se gest\u00f3 esta propuesta que promete ser una gran fiesta para toda la comunidad.<\/p>\n\n\n\n<p>\u201cHace m\u00e1s de un a\u00f1o que venimos trabajando en este proyecto. En su momento hab\u00edamos avanzado con Los Palmeras, pero despu\u00e9s tuvimos que suspenderlo. Y como se acercaban los 80 a\u00f1os del club, quer\u00edamos algo grande, algo convocante, y pensamos en Abel Pintos\u201d, relat\u00f3 Balcarce.<\/p>\n\n\n\n<p>El dirigente explic\u00f3 que el contrato con la productora del artista se cerr\u00f3 hace pocas semanas y que el evento comenzar\u00e1 a organizarse en detalle en los pr\u00f3ximos d\u00edas.<\/p>\n\n\n\n<p>\u201cEstuvimos en Buenos Aires, cerramos el contrato y ya nos dieron el ok para empezar a contarle a la gente. Ser\u00e1 un show importante, en la cancha principal, con artistas locales como teloneros y toda la log\u00edstica que un espect\u00e1culo de este nivel requiere\u201d, detall\u00f3.<\/p>\n\n\n\n<p>Las entradas estar\u00e1n a la venta a partir del 1\u00b0 de noviembre, con la posibilidad de abonarlas en cuotas sin inter\u00e9s.<\/p>\n\n\n\n<p>\u201cVamos a tener un punto de venta f\u00edsico en la Secretar\u00eda del Club y tambi\u00e9n se podr\u00e1n adquirir por plataformas. Habr\u00e1 facilidades de pago con tarjeta del Banco Provincia, incluso hasta en cuatro cuotas sin inter\u00e9s\u201d, adelant\u00f3 el tesorero.<\/p>\n\n\n\n<p>Consultado sobre el presente de Olimpo, Balcarce destac\u00f3 el crecimiento de la instituci\u00f3n en los \u00faltimos a\u00f1os.<\/p>\n\n\n\n<p>\u201cEl club ha crecido mucho en infraestructura, en actividades y en gente. Queremos mostrar lo que somos y lo que tenemos. Es un orgullo ver c\u00f3mo se ha transformado el complejo, el grupo de pat\u00edn, el gimnasio y el f\u00fatbol, que hoy est\u00e1 participando en el Torneo Federal\u201d, describi\u00f3.<\/p>\n\n\n\n<p>Sobre el uso de la cancha para el recital, reconoci\u00f3 que ser\u00e1 un desaf\u00edo log\u00edstico.<\/p>\n\n\n\n<p>\u201cSabemos lo que representa la cancha, es algo sagrado, pero creemos que nos merecemos vivir esta fiesta. Despu\u00e9s haremos los trabajos necesarios para dejar todo en condiciones\u201d, sostuvo.<\/p>\n\n\n\n<p>Finalmente,<br>Balcarce resalt\u00f3 el acompa\u00f1amiento de la comunidad al sostener que los<br>\u201cllena de alegr\u00eda ver c\u00f3mo la gente responde. Tener a un artista como Abel Pintos, a la vuelta de casa, no tiene precio. Va a ser una noche inolvidable\u201d.<\/p>\n\n\n\n<p>Pod\u00e9s escuchar la nota completa en el siguiente link:<\/p>\n\n\n\n<figure class=\"wp-block-embed is-type-video is-provider-youtube wp-block-embed-youtube wp-embed-aspect-16-9 wp-has-aspect-ratio\"><div class=\"wp-block-embed__wrapper\">\n<div class=\"youtube-embed\" data-video_id=\"gPrgGkX4M2M\"><iframe loading=\"lazy\" title=\"Onda Uno 103.9 en vivo\" width=\"696\" height=\"392\" data-src=\"https:\/\/www.youtube.com\/embed\/gPrgGkX4M2M?start=55&#038;feature=oembed\" frameborder=\"0\" allow=\"accelerometer; autoplay; clipboard-write; encrypted-media; gyroscope; picture-in-picture; web-share\" referrerpolicy=\"strict-origin-when-cross-origin\" allowfullscreen src=\"data:image\/gif;base64,R0lGODlhAQABAAAAACH5BAEKAAEALAAAAAABAAEAAAICTAEAOw==\" class=\"lazyload\" data-load-mode=\"1\"><\/iframe><\/div>\n<\/div><\/figure>\n","protected":false},"excerpt":{"rendered":"<p>El Club Olimpo de Tres Arroyos celebrar\u00e1 su 80\u00b0 aniversario con un evento muy especial: la presentaci\u00f3n de Abel Pintos el pr\u00f3ximo 24 de enero, en la cancha principal del complejo deportivo de la instituci\u00f3n. En Cosas que Pasan, el tesorero del club, Carlos Balcarce, cont\u00f3 c\u00f3mo se gest\u00f3 esta propuesta que promete ser una [&hellip;]<\/p>\n","protected":false},"author":1,"featured_media":61273,"comment_status":"open","ping_status":"open","sticky":false,"template":"","format":"standard","meta":{"tdm_status":"","tdm_grid_status":"","_jetpack_memberships_contains_paid_content":false,"footnotes":"","jetpack_publicize_message":"","jetpack_publicize_feature_enabled":true,"jetpack_social_post_already_shared":true,"jetpack_social_options":{"image_generator_settings":{"template":"highway","default_image_id":0,"font":"","enabled":false},"version":2}},"categories":[2],"tags":[],"class_list":{"0":"post-61272","1":"post","2":"type-post","3":"status-publish","4":"format-standard","5":"has-post-thumbnail","7":"category-locales"},"yoast_head":"<!-- This site is optimized with the Yoast SEO plugin v22.7 - https:\/\/yoast.com\/wordpress\/plugins\/seo\/ -->\n<title>Abel Pintos se presentar\u00e1 en el 80\u00b0 aniversario de Olimpo de Tres Arroyos - 103.9 fm<\/title>\n<meta name=\"robots\" content=\"index, follow, max-snippet:-1, max-image-preview:large, max-video-preview:-1\" \/>\n<link rel=\"canonical\" href=\"https:\/\/ondauno.com.ar\/index.php\/2025\/10\/21\/abel-pintos-se-presentara-en-el-80-aniversario-de-olimpo-de-tres-arroyos\/\" \/>\n<meta property=\"og:locale\" content=\"es_ES\" \/>\n<meta property=\"og:type\" content=\"article\" \/>\n<meta property=\"og:title\" content=\"Abel Pintos se presentar\u00e1 en el 80\u00b0 aniversario de Olimpo de Tres Arroyos - 103.9 fm\" \/>\n<meta property=\"og:description\" content=\"El Club Olimpo de Tres Arroyos celebrar\u00e1 su 80\u00b0 aniversario con un evento muy especial: la presentaci\u00f3n de Abel Pintos el pr\u00f3ximo 24 de enero, en la cancha principal del complejo deportivo de la instituci\u00f3n. En Cosas que Pasan, el tesorero del club, Carlos Balcarce, cont\u00f3 c\u00f3mo se gest\u00f3 esta propuesta que promete ser una [&hellip;]\" \/>\n<meta property=\"og:url\" content=\"https:\/\/ondauno.com.ar\/index.php\/2025\/10\/21\/abel-pintos-se-presentara-en-el-80-aniversario-de-olimpo-de-tres-arroyos\/\" \/>\n<meta property=\"og:site_name\" content=\"103.9 fm\" \/>\n<meta property=\"article:publisher\" content=\"https:\/\/www.facebook.com\/ondauno103.9\" \/>\n<meta property=\"article:published_time\" content=\"2025-10-22T00:23:04+00:00\" \/>\n<meta property=\"article:modified_time\" content=\"2025-10-22T00:23:08+00:00\" \/>\n<meta property=\"og:image\" content=\"http:\/\/ondauno.com.ar\/wp-content\/uploads\/2025\/10\/abel-pintos-en-posadas.jpg-4.jpg\" \/>\n\t<meta property=\"og:image:width\" content=\"1920\" \/>\n\t<meta property=\"og:image:height\" content=\"1079\" \/>\n\t<meta property=\"og:image:type\" content=\"image\/jpeg\" \/>\n<meta name=\"author\" content=\"OndaUno\" \/>\n<meta name=\"twitter:card\" content=\"summary_large_image\" \/>\n<meta name=\"twitter:label1\" content=\"Escrito por\" \/>\n\t<meta name=\"twitter:data1\" content=\"OndaUno\" \/>\n\t<meta name=\"twitter:label2\" content=\"Tiempo de lectura\" \/>\n\t<meta name=\"twitter:data2\" content=\"3 minutos\" \/>\n<script type=\"application\/ld+json\" class=\"yoast-schema-graph\">{\"@context\":\"https:\/\/schema.org\",\"@graph\":[{\"@type\":\"WebPage\",\"@id\":\"https:\/\/ondauno.com.ar\/index.php\/2025\/10\/21\/abel-pintos-se-presentara-en-el-80-aniversario-de-olimpo-de-tres-arroyos\/\",\"url\":\"https:\/\/ondauno.com.ar\/index.php\/2025\/10\/21\/abel-pintos-se-presentara-en-el-80-aniversario-de-olimpo-de-tres-arroyos\/\",\"name\":\"Abel Pintos se presentar\u00e1 en el 80\u00b0 aniversario de Olimpo de Tres Arroyos - 103.9 fm\",\"isPartOf\":{\"@id\":\"https:\/\/ondauno.com.ar\/#website\"},\"primaryImageOfPage\":{\"@id\":\"https:\/\/ondauno.com.ar\/index.php\/2025\/10\/21\/abel-pintos-se-presentara-en-el-80-aniversario-de-olimpo-de-tres-arroyos\/#primaryimage\"},\"image\":{\"@id\":\"https:\/\/ondauno.com.ar\/index.php\/2025\/10\/21\/abel-pintos-se-presentara-en-el-80-aniversario-de-olimpo-de-tres-arroyos\/#primaryimage\"},\"thumbnailUrl\":\"https:\/\/ondauno.com.ar\/wp-content\/uploads\/2025\/10\/abel-pintos-en-posadas.jpg-4.jpg\",\"datePublished\":\"2025-10-22T00:23:04+00:00\",\"dateModified\":\"2025-10-22T00:23:08+00:00\",\"author\":{\"@id\":\"https:\/\/ondauno.com.ar\/#\/schema\/person\/7ec851ddeceb4133d7d7132dc645714e\"},\"breadcrumb\":{\"@id\":\"https:\/\/ondauno.com.ar\/index.php\/2025\/10\/21\/abel-pintos-se-presentara-en-el-80-aniversario-de-olimpo-de-tres-arroyos\/#breadcrumb\"},\"inLanguage\":\"es-AR\",\"potentialAction\":[{\"@type\":\"ReadAction\",\"target\":[\"https:\/\/ondauno.com.ar\/index.php\/2025\/10\/21\/abel-pintos-se-presentara-en-el-80-aniversario-de-olimpo-de-tres-arroyos\/\"]}]},{\"@type\":\"ImageObject\",\"inLanguage\":\"es-AR\",\"@id\":\"https:\/\/ondauno.com.ar\/index.php\/2025\/10\/21\/abel-pintos-se-presentara-en-el-80-aniversario-de-olimpo-de-tres-arroyos\/#primaryimage\",\"url\":\"https:\/\/ondauno.com.ar\/wp-content\/uploads\/2025\/10\/abel-pintos-en-posadas.jpg-4.jpg\",\"contentUrl\":\"https:\/\/ondauno.com.ar\/wp-content\/uploads\/2025\/10\/abel-pintos-en-posadas.jpg-4.jpg\",\"width\":1920,\"height\":1079},{\"@type\":\"BreadcrumbList\",\"@id\":\"https:\/\/ondauno.com.ar\/index.php\/2025\/10\/21\/abel-pintos-se-presentara-en-el-80-aniversario-de-olimpo-de-tres-arroyos\/#breadcrumb\",\"itemListElement\":[{\"@type\":\"ListItem\",\"position\":1,\"name\":\"Inicio\",\"item\":\"https:\/\/ondauno.com.ar\/\"},{\"@type\":\"ListItem\",\"position\":2,\"name\":\"Abel Pintos se presentar\u00e1 en el 80\u00b0 aniversario de Olimpo de Tres Arroyos\"}]},{\"@type\":\"WebSite\",\"@id\":\"https:\/\/ondauno.com.ar\/#website\",\"url\":\"https:\/\/ondauno.com.ar\/\",\"name\":\"103.9 fm\",\"description\":\"LA PRIMERA RADIO MULTIMEDIA DE TRES ARROYOS\",\"potentialAction\":[{\"@type\":\"SearchAction\",\"target\":{\"@type\":\"EntryPoint\",\"urlTemplate\":\"https:\/\/ondauno.com.ar\/?s={search_term_string}\"},\"query-input\":\"required name=search_term_string\"}],\"inLanguage\":\"es-AR\"},{\"@type\":\"Person\",\"@id\":\"https:\/\/ondauno.com.ar\/#\/schema\/person\/7ec851ddeceb4133d7d7132dc645714e\",\"name\":\"OndaUno\",\"image\":{\"@type\":\"ImageObject\",\"inLanguage\":\"es-AR\",\"@id\":\"https:\/\/ondauno.com.ar\/#\/schema\/person\/image\/\",\"url\":\"https:\/\/secure.gravatar.com\/avatar\/93b8009f0de7021f1feb2bd5b32fb9e8?s=96&d=mm&r=g\",\"contentUrl\":\"https:\/\/secure.gravatar.com\/avatar\/93b8009f0de7021f1feb2bd5b32fb9e8?s=96&d=mm&r=g\",\"caption\":\"OndaUno\"},\"url\":\"https:\/\/ondauno.com.ar\/index.php\/author\/ondauno\/\"}]}<\/script>\n<!-- \/ Yoast SEO plugin. -->","yoast_head_json":{"title":"Abel Pintos se presentar\u00e1 en el 80\u00b0 aniversario de Olimpo de Tres Arroyos - 103.9 fm","robots":{"index":"index","follow":"follow","max-snippet":"max-snippet:-1","max-image-preview":"max-image-preview:large","max-video-preview":"max-video-preview:-1"},"canonical":"https:\/\/ondauno.com.ar\/index.php\/2025\/10\/21\/abel-pintos-se-presentara-en-el-80-aniversario-de-olimpo-de-tres-arroyos\/","og_locale":"es_ES","og_type":"article","og_title":"Abel Pintos se presentar\u00e1 en el 80\u00b0 aniversario de Olimpo de Tres Arroyos - 103.9 fm","og_description":"El Club Olimpo de Tres Arroyos celebrar\u00e1 su 80\u00b0 aniversario con un evento muy especial: la presentaci\u00f3n de Abel Pintos el pr\u00f3ximo 24 de enero, en la cancha principal del complejo deportivo de la instituci\u00f3n. En Cosas que Pasan, el tesorero del club, Carlos Balcarce, cont\u00f3 c\u00f3mo se gest\u00f3 esta propuesta que promete ser una [&hellip;]","og_url":"https:\/\/ondauno.com.ar\/index.php\/2025\/10\/21\/abel-pintos-se-presentara-en-el-80-aniversario-de-olimpo-de-tres-arroyos\/","og_site_name":"103.9 fm","article_publisher":"https:\/\/www.facebook.com\/ondauno103.9","article_published_time":"2025-10-22T00:23:04+00:00","article_modified_time":"2025-10-22T00:23:08+00:00","og_image":[{"width":1920,"height":1079,"url":"http:\/\/ondauno.com.ar\/wp-content\/uploads\/2025\/10\/abel-pintos-en-posadas.jpg-4.jpg","type":"image\/jpeg"}],"author":"OndaUno","twitter_card":"summary_large_image","twitter_misc":{"Escrito por":"OndaUno","Tiempo de lectura":"3 minutos"},"schema":{"@context":"https:\/\/schema.org","@graph":[{"@type":"WebPage","@id":"https:\/\/ondauno.com.ar\/index.php\/2025\/10\/21\/abel-pintos-se-presentara-en-el-80-aniversario-de-olimpo-de-tres-arroyos\/","url":"https:\/\/ondauno.com.ar\/index.php\/2025\/10\/21\/abel-pintos-se-presentara-en-el-80-aniversario-de-olimpo-de-tres-arroyos\/","name":"Abel Pintos se presentar\u00e1 en el 80\u00b0 aniversario de Olimpo de Tres Arroyos - 103.9 fm","isPartOf":{"@id":"https:\/\/ondauno.com.ar\/#website"},"primaryImageOfPage":{"@id":"https:\/\/ondauno.com.ar\/index.php\/2025\/10\/21\/abel-pintos-se-presentara-en-el-80-aniversario-de-olimpo-de-tres-arroyos\/#primaryimage"},"image":{"@id":"https:\/\/ondauno.com.ar\/index.php\/2025\/10\/21\/abel-pintos-se-presentara-en-el-80-aniversario-de-olimpo-de-tres-arroyos\/#primaryimage"},"thumbnailUrl":"https:\/\/ondauno.com.ar\/wp-content\/uploads\/2025\/10\/abel-pintos-en-posadas.jpg-4.jpg","datePublished":"2025-10-22T00:23:04+00:00","dateModified":"2025-10-22T00:23:08+00:00","author":{"@id":"https:\/\/ondauno.com.ar\/#\/schema\/person\/7ec851ddeceb4133d7d7132dc645714e"},"breadcrumb":{"@id":"https:\/\/ondauno.com.ar\/index.php\/2025\/10\/21\/abel-pintos-se-presentara-en-el-80-aniversario-de-olimpo-de-tres-arroyos\/#breadcrumb"},"inLanguage":"es-AR","potentialAction":[{"@type":"ReadAction","target":["https:\/\/ondauno.com.ar\/index.php\/2025\/10\/21\/abel-pintos-se-presentara-en-el-80-aniversario-de-olimpo-de-tres-arroyos\/"]}]},{"@type":"ImageObject","inLanguage":"es-AR","@id":"https:\/\/ondauno.com.ar\/index.php\/2025\/10\/21\/abel-pintos-se-presentara-en-el-80-aniversario-de-olimpo-de-tres-arroyos\/#primaryimage","url":"https:\/\/ondauno.com.ar\/wp-content\/uploads\/2025\/10\/abel-pintos-en-posadas.jpg-4.jpg","contentUrl":"https:\/\/ondauno.com.ar\/wp-content\/uploads\/2025\/10\/abel-pintos-en-posadas.jpg-4.jpg","width":1920,"height":1079},{"@type":"BreadcrumbList","@id":"https:\/\/ondauno.com.ar\/index.php\/2025\/10\/21\/abel-pintos-se-presentara-en-el-80-aniversario-de-olimpo-de-tres-arroyos\/#breadcrumb","itemListElement":[{"@type":"ListItem","position":1,"name":"Inicio","item":"https:\/\/ondauno.com.ar\/"},{"@type":"ListItem","position":2,"name":"Abel Pintos se presentar\u00e1 en el 80\u00b0 aniversario de Olimpo de Tres Arroyos"}]},{"@type":"WebSite","@id":"https:\/\/ondauno.com.ar\/#website","url":"https:\/\/ondauno.com.ar\/","name":"103.9 fm","description":"LA PRIMERA RADIO MULTIMEDIA DE TRES ARROYOS","potentialAction":[{"@type":"SearchAction","target":{"@type":"EntryPoint","urlTemplate":"https:\/\/ondauno.com.ar\/?s={search_term_string}"},"query-input":"required name=search_term_string"}],"inLanguage":"es-AR"},{"@type":"Person","@id":"https:\/\/ondauno.com.ar\/#\/schema\/person\/7ec851ddeceb4133d7d7132dc645714e","name":"OndaUno","image":{"@type":"ImageObject","inLanguage":"es-AR","@id":"https:\/\/ondauno.com.ar\/#\/schema\/person\/image\/","url":"https:\/\/secure.gravatar.com\/avatar\/93b8009f0de7021f1feb2bd5b32fb9e8?s=96&d=mm&r=g","contentUrl":"https:\/\/secure.gravatar.com\/avatar\/93b8009f0de7021f1feb2bd5b32fb9e8?s=96&d=mm&r=g","caption":"OndaUno"},"url":"https:\/\/ondauno.com.ar\/index.php\/author\/ondauno\/"}]}},"jetpack_publicize_connections":[],"jetpack_featured_media_url":"https:\/\/ondauno.com.ar\/wp-content\/uploads\/2025\/10\/abel-pintos-en-posadas.jpg-4.jpg","jetpack_sharing_enabled":true,"_links":{"self":[{"href":"https:\/\/ondauno.com.ar\/index.php\/wp-json\/wp\/v2\/posts\/61272","targetHints":{"allow":["GET"]}}],"collection":[{"href":"https:\/\/ondauno.com.ar\/index.php\/wp-json\/wp\/v2\/posts"}],"about":[{"href":"https:\/\/ondauno.com.ar\/index.php\/wp-json\/wp\/v2\/types\/post"}],"author":[{"embeddable":true,"href":"https:\/\/ondauno.com.ar\/index.php\/wp-json\/wp\/v2\/users\/1"}],"replies":[{"embeddable":true,"href":"https:\/\/ondauno.com.ar\/index.php\/wp-json\/wp\/v2\/comments?post=61272"}],"version-history":[{"count":1,"href":"https:\/\/ondauno.com.ar\/index.php\/wp-json\/wp\/v2\/posts\/61272\/revisions"}],"predecessor-version":[{"id":61274,"href":"https:\/\/ondauno.com.ar\/index.php\/wp-json\/wp\/v2\/posts\/61272\/revisions\/61274"}],"wp:featuredmedia":[{"embeddable":true,"href":"https:\/\/ondauno.com.ar\/index.php\/wp-json\/wp\/v2\/media\/61273"}],"wp:attachment":[{"href":"https:\/\/ondauno.com.ar\/index.php\/wp-json\/wp\/v2\/media?parent=61272"}],"wp:term":[{"taxonomy":"category","embeddable":true,"href":"https:\/\/ondauno.com.ar\/index.php\/wp-json\/wp\/v2\/categories?post=61272"},{"taxonomy":"post_tag","embeddable":true,"href":"https:\/\/ondauno.com.ar\/index.php\/wp-json\/wp\/v2\/tags?post=61272"}],"curies":[{"name":"wp","href":"https:\/\/api.w.org\/{rel}","templated":true}]}}