{"id":61270,"date":"2025-10-21T20:58:57","date_gmt":"2025-10-21T23:58:57","guid":{"rendered":"https:\/\/ondauno.com.ar\/?p=61270"},"modified":"2025-10-21T20:59:00","modified_gmt":"2025-10-21T23:59:00","slug":"turismo-rural-queremos-que-la-comunidad-se-sume-y-conozca-lo-que-hacemos","status":"publish","type":"post","link":"https:\/\/ondauno.com.ar\/index.php\/2025\/10\/21\/turismo-rural-queremos-que-la-comunidad-se-sume-y-conozca-lo-que-hacemos\/","title":{"rendered":"Turismo rural: \u201cQueremos que la comunidad se sume y conozca lo que hacemos\u201d"},"content":{"rendered":"<div class=\"ondau-before-content_3\" style=\"margin-top: -30px;\" id=\"ondau-1328439188\"><a href=\"https:\/\/www.lps.com.ar\/\" aria-label=\"la-perse2\"><img loading=\"lazy\" decoding=\"async\" src=\"https:\/\/ondauno.com.ar\/wp-content\/uploads\/2021\/10\/la-perse2.jpg\" alt=\"\"  srcset=\"https:\/\/ondauno.com.ar\/wp-content\/uploads\/2021\/10\/la-perse2.jpg 1353w, https:\/\/ondauno.com.ar\/wp-content\/uploads\/2021\/10\/la-perse2-300x43.jpg 300w, https:\/\/ondauno.com.ar\/wp-content\/uploads\/2021\/10\/la-perse2-1024x148.jpg 1024w, https:\/\/ondauno.com.ar\/wp-content\/uploads\/2021\/10\/la-perse2-768x111.jpg 768w, https:\/\/ondauno.com.ar\/wp-content\/uploads\/2021\/10\/la-perse2-696x100.jpg 696w, https:\/\/ondauno.com.ar\/wp-content\/uploads\/2021\/10\/la-perse2-1068x154.jpg 1068w\" sizes=\"(max-width: 1353px) 100vw, 1353px\" class=\"no-lazyload\" width=\"1353\" height=\"195\"  style=\"display: inline-block;\" \/><\/a><\/div>\n<p>El 24 de octubre se realizar\u00e1 una jornada sobre turismo rural en El Perdido, partido de Coronel Dorrego, organizada por el grupo La Flor de El Perdido, integrado por siete prestadores locales.<\/p>\n\n\n\n<p>En Cosas que Pasan, Carlos \u201cCali\u201d Peci\u00f1a, integrante del grupo y referente del turismo rural en la zona, destac\u00f3 la importancia de estas propuestas que promueven el trabajo asociativo entre los distintos distritos.<\/p>\n\n\n\n<p>\u201cQueremos compartir nuestra experiencia, pero tambi\u00e9n que los vecinos del Perdido conozcan los proyectos tur\u00edsticos que tenemos y qu\u00e9 podemos hacer juntos\u201d, explic\u00f3 Peci\u00f1a.<\/p>\n\n\n\n<p>El encuentro, que se desarrollar\u00e1 en el Centro Cultural La Casona de El Perdido, busca fortalecer el v\u00ednculo entre los prestadores y la comunidad.<\/p>\n\n\n\n<p>\u201cMuchas veces la gente ve autos en nuestras casas y se pregunta qu\u00e9 pasa. Por eso queremos abrirnos, mostrar lo que hacemos y sumar a quienes quieran involucrarse\u201d, se\u00f1al\u00f3.<\/p>\n\n\n\n<p>Peci\u00f1a record\u00f3 que el turismo rural no es masivo y requiere reserva previa y organizaci\u00f3n, ya que las actividades dependen de factores como el clima y la disponibilidad de los establecimientos.<\/p>\n\n\n\n<p>\u201cNo es que est\u00e9 abierto todo el tiempo. Son experiencias con anticipaci\u00f3n, con reserva, para que el visitante pueda disfrutar de un d\u00eda de campo, una comida o una recorrida, todo preparado especialmente\u201d, indic\u00f3.<\/p>\n\n\n\n<p>El grupo La Flor de El Perdido cuenta con presencia en redes sociales y trabaja junto al municipio para actualizar la ordenanza local de turismo rural, adapt\u00e1ndola a las nuevas modalidades de prestaci\u00f3n.<\/p>\n\n\n\n<p>\u201cQueremos que las bases sean s\u00f3lidas y que queden para el futuro. Es un turismo incipiente, pero lo estamos haciendo con responsabilidad\u201d, subray\u00f3.<\/p>\n\n\n\n<p>Adem\u00e1s Peci\u00f1a remarc\u00f3 la importancia del trabajo conjunto entre los distritos de Tres Arroyos, Dorrego y Bah\u00eda Blanca.<\/p>\n\n\n\n<p>\u201cA veces un d\u00eda de playa est\u00e1 feo y el visitante busca otra alternativa. Podemos complementarnos: comer un asado al mediod\u00eda en El Perdido y recorrer las cascadas por la tarde. La idea es generar una red de turismo rural regional\u201d, coment\u00f3.<\/p>\n\n\n\n<p>Por \u00faltimo el referente valor\u00f3 la participaci\u00f3n ciudadana y la formaci\u00f3n local para promover los atractivos del lugar.<\/p>\n\n\n\n<p>\u201cUn vecino, un empleado de estaci\u00f3n de servicio, cualquiera puede ser un buen informante tur\u00edstico. Necesitamos que la comunidad se comprometa, que conozca lo que tenemos para ofrecer\u201d, concluy\u00f3.<\/p>\n\n\n\n<p>Pod\u00e9s escuchar la nota completa en el siguiente link:<\/p>\n\n\n\n<figure class=\"wp-block-embed is-type-video is-provider-youtube wp-block-embed-youtube wp-embed-aspect-16-9 wp-has-aspect-ratio\"><div class=\"wp-block-embed__wrapper\">\n<div class=\"youtube-embed\" data-video_id=\"JkDSUJXSXUc\"><iframe loading=\"lazy\" title=\"Onda Uno 103.9 en vivo\" width=\"696\" height=\"392\" data-src=\"https:\/\/www.youtube.com\/embed\/JkDSUJXSXUc?start=53&#038;feature=oembed\" frameborder=\"0\" allow=\"accelerometer; autoplay; clipboard-write; encrypted-media; gyroscope; picture-in-picture; web-share\" referrerpolicy=\"strict-origin-when-cross-origin\" allowfullscreen src=\"data:image\/gif;base64,R0lGODlhAQABAAAAACH5BAEKAAEALAAAAAABAAEAAAICTAEAOw==\" class=\"lazyload\" data-load-mode=\"1\"><\/iframe><\/div>\n<\/div><\/figure>\n","protected":false},"excerpt":{"rendered":"<p>El 24 de octubre se realizar\u00e1 una jornada sobre turismo rural en El Perdido, partido de Coronel Dorrego, organizada por el grupo La Flor de El Perdido, integrado por siete prestadores locales. En Cosas que Pasan, Carlos \u201cCali\u201d Peci\u00f1a, integrante del grupo y referente del turismo rural en la zona, destac\u00f3 la importancia de estas [&hellip;]<\/p>\n","protected":false},"author":1,"featured_media":55336,"comment_status":"open","ping_status":"open","sticky":false,"template":"","format":"standard","meta":{"tdm_status":"","tdm_grid_status":"","_jetpack_memberships_contains_paid_content":false,"footnotes":"","jetpack_publicize_message":"","jetpack_publicize_feature_enabled":true,"jetpack_social_post_already_shared":true,"jetpack_social_options":{"image_generator_settings":{"template":"highway","default_image_id":0,"font":"","enabled":false},"version":2}},"categories":[35],"tags":[],"class_list":{"0":"post-61270","1":"post","2":"type-post","3":"status-publish","4":"format-standard","5":"has-post-thumbnail","7":"category-regionales"},"yoast_head":"<!-- This site is optimized with the Yoast SEO plugin v22.7 - https:\/\/yoast.com\/wordpress\/plugins\/seo\/ -->\n<title>Turismo rural: \u201cQueremos que la comunidad se sume y conozca lo que hacemos\u201d - 103.9 fm<\/title>\n<meta name=\"robots\" content=\"index, follow, max-snippet:-1, max-image-preview:large, max-video-preview:-1\" \/>\n<link rel=\"canonical\" href=\"https:\/\/ondauno.com.ar\/index.php\/2025\/10\/21\/turismo-rural-queremos-que-la-comunidad-se-sume-y-conozca-lo-que-hacemos\/\" \/>\n<meta property=\"og:locale\" content=\"es_ES\" \/>\n<meta property=\"og:type\" content=\"article\" \/>\n<meta property=\"og:title\" content=\"Turismo rural: \u201cQueremos que la comunidad se sume y conozca lo que hacemos\u201d - 103.9 fm\" \/>\n<meta property=\"og:description\" content=\"El 24 de octubre se realizar\u00e1 una jornada sobre turismo rural en El Perdido, partido de Coronel Dorrego, organizada por el grupo La Flor de El Perdido, integrado por siete prestadores locales. En Cosas que Pasan, Carlos \u201cCali\u201d Peci\u00f1a, integrante del grupo y referente del turismo rural en la zona, destac\u00f3 la importancia de estas [&hellip;]\" \/>\n<meta property=\"og:url\" content=\"https:\/\/ondauno.com.ar\/index.php\/2025\/10\/21\/turismo-rural-queremos-que-la-comunidad-se-sume-y-conozca-lo-que-hacemos\/\" \/>\n<meta property=\"og:site_name\" content=\"103.9 fm\" \/>\n<meta property=\"article:publisher\" content=\"https:\/\/www.facebook.com\/ondauno103.9\" \/>\n<meta property=\"article:published_time\" content=\"2025-10-21T23:58:57+00:00\" \/>\n<meta property=\"article:modified_time\" content=\"2025-10-21T23:59:00+00:00\" \/>\n<meta property=\"og:image\" content=\"http:\/\/ondauno.com.ar\/wp-content\/uploads\/2025\/04\/el-perdido.png\" \/>\n\t<meta property=\"og:image:width\" content=\"1024\" \/>\n\t<meta property=\"og:image:height\" content=\"1024\" \/>\n\t<meta property=\"og:image:type\" content=\"image\/png\" \/>\n<meta name=\"author\" content=\"OndaUno\" \/>\n<meta name=\"twitter:card\" content=\"summary_large_image\" \/>\n<meta name=\"twitter:label1\" content=\"Escrito por\" \/>\n\t<meta name=\"twitter:data1\" content=\"OndaUno\" \/>\n\t<meta name=\"twitter:label2\" content=\"Tiempo de lectura\" \/>\n\t<meta name=\"twitter:data2\" content=\"2 minutos\" \/>\n<script type=\"application\/ld+json\" class=\"yoast-schema-graph\">{\"@context\":\"https:\/\/schema.org\",\"@graph\":[{\"@type\":\"WebPage\",\"@id\":\"https:\/\/ondauno.com.ar\/index.php\/2025\/10\/21\/turismo-rural-queremos-que-la-comunidad-se-sume-y-conozca-lo-que-hacemos\/\",\"url\":\"https:\/\/ondauno.com.ar\/index.php\/2025\/10\/21\/turismo-rural-queremos-que-la-comunidad-se-sume-y-conozca-lo-que-hacemos\/\",\"name\":\"Turismo rural: \u201cQueremos que la comunidad se sume y conozca lo que hacemos\u201d - 103.9 fm\",\"isPartOf\":{\"@id\":\"https:\/\/ondauno.com.ar\/#website\"},\"primaryImageOfPage\":{\"@id\":\"https:\/\/ondauno.com.ar\/index.php\/2025\/10\/21\/turismo-rural-queremos-que-la-comunidad-se-sume-y-conozca-lo-que-hacemos\/#primaryimage\"},\"image\":{\"@id\":\"https:\/\/ondauno.com.ar\/index.php\/2025\/10\/21\/turismo-rural-queremos-que-la-comunidad-se-sume-y-conozca-lo-que-hacemos\/#primaryimage\"},\"thumbnailUrl\":\"https:\/\/ondauno.com.ar\/wp-content\/uploads\/2025\/04\/el-perdido.png\",\"datePublished\":\"2025-10-21T23:58:57+00:00\",\"dateModified\":\"2025-10-21T23:59:00+00:00\",\"author\":{\"@id\":\"https:\/\/ondauno.com.ar\/#\/schema\/person\/7ec851ddeceb4133d7d7132dc645714e\"},\"breadcrumb\":{\"@id\":\"https:\/\/ondauno.com.ar\/index.php\/2025\/10\/21\/turismo-rural-queremos-que-la-comunidad-se-sume-y-conozca-lo-que-hacemos\/#breadcrumb\"},\"inLanguage\":\"es-AR\",\"potentialAction\":[{\"@type\":\"ReadAction\",\"target\":[\"https:\/\/ondauno.com.ar\/index.php\/2025\/10\/21\/turismo-rural-queremos-que-la-comunidad-se-sume-y-conozca-lo-que-hacemos\/\"]}]},{\"@type\":\"ImageObject\",\"inLanguage\":\"es-AR\",\"@id\":\"https:\/\/ondauno.com.ar\/index.php\/2025\/10\/21\/turismo-rural-queremos-que-la-comunidad-se-sume-y-conozca-lo-que-hacemos\/#primaryimage\",\"url\":\"https:\/\/ondauno.com.ar\/wp-content\/uploads\/2025\/04\/el-perdido.png\",\"contentUrl\":\"https:\/\/ondauno.com.ar\/wp-content\/uploads\/2025\/04\/el-perdido.png\",\"width\":1024,\"height\":1024},{\"@type\":\"BreadcrumbList\",\"@id\":\"https:\/\/ondauno.com.ar\/index.php\/2025\/10\/21\/turismo-rural-queremos-que-la-comunidad-se-sume-y-conozca-lo-que-hacemos\/#breadcrumb\",\"itemListElement\":[{\"@type\":\"ListItem\",\"position\":1,\"name\":\"Inicio\",\"item\":\"https:\/\/ondauno.com.ar\/\"},{\"@type\":\"ListItem\",\"position\":2,\"name\":\"Turismo rural: \u201cQueremos que la comunidad se sume y conozca lo que hacemos\u201d\"}]},{\"@type\":\"WebSite\",\"@id\":\"https:\/\/ondauno.com.ar\/#website\",\"url\":\"https:\/\/ondauno.com.ar\/\",\"name\":\"103.9 fm\",\"description\":\"LA PRIMERA RADIO MULTIMEDIA DE TRES ARROYOS\",\"potentialAction\":[{\"@type\":\"SearchAction\",\"target\":{\"@type\":\"EntryPoint\",\"urlTemplate\":\"https:\/\/ondauno.com.ar\/?s={search_term_string}\"},\"query-input\":\"required name=search_term_string\"}],\"inLanguage\":\"es-AR\"},{\"@type\":\"Person\",\"@id\":\"https:\/\/ondauno.com.ar\/#\/schema\/person\/7ec851ddeceb4133d7d7132dc645714e\",\"name\":\"OndaUno\",\"image\":{\"@type\":\"ImageObject\",\"inLanguage\":\"es-AR\",\"@id\":\"https:\/\/ondauno.com.ar\/#\/schema\/person\/image\/\",\"url\":\"https:\/\/secure.gravatar.com\/avatar\/93b8009f0de7021f1feb2bd5b32fb9e8?s=96&d=mm&r=g\",\"contentUrl\":\"https:\/\/secure.gravatar.com\/avatar\/93b8009f0de7021f1feb2bd5b32fb9e8?s=96&d=mm&r=g\",\"caption\":\"OndaUno\"},\"url\":\"https:\/\/ondauno.com.ar\/index.php\/author\/ondauno\/\"}]}<\/script>\n<!-- \/ Yoast SEO plugin. -->","yoast_head_json":{"title":"Turismo rural: \u201cQueremos que la comunidad se sume y conozca lo que hacemos\u201d - 103.9 fm","robots":{"index":"index","follow":"follow","max-snippet":"max-snippet:-1","max-image-preview":"max-image-preview:large","max-video-preview":"max-video-preview:-1"},"canonical":"https:\/\/ondauno.com.ar\/index.php\/2025\/10\/21\/turismo-rural-queremos-que-la-comunidad-se-sume-y-conozca-lo-que-hacemos\/","og_locale":"es_ES","og_type":"article","og_title":"Turismo rural: \u201cQueremos que la comunidad se sume y conozca lo que hacemos\u201d - 103.9 fm","og_description":"El 24 de octubre se realizar\u00e1 una jornada sobre turismo rural en El Perdido, partido de Coronel Dorrego, organizada por el grupo La Flor de El Perdido, integrado por siete prestadores locales. En Cosas que Pasan, Carlos \u201cCali\u201d Peci\u00f1a, integrante del grupo y referente del turismo rural en la zona, destac\u00f3 la importancia de estas [&hellip;]","og_url":"https:\/\/ondauno.com.ar\/index.php\/2025\/10\/21\/turismo-rural-queremos-que-la-comunidad-se-sume-y-conozca-lo-que-hacemos\/","og_site_name":"103.9 fm","article_publisher":"https:\/\/www.facebook.com\/ondauno103.9","article_published_time":"2025-10-21T23:58:57+00:00","article_modified_time":"2025-10-21T23:59:00+00:00","og_image":[{"width":1024,"height":1024,"url":"http:\/\/ondauno.com.ar\/wp-content\/uploads\/2025\/04\/el-perdido.png","type":"image\/png"}],"author":"OndaUno","twitter_card":"summary_large_image","twitter_misc":{"Escrito por":"OndaUno","Tiempo de lectura":"2 minutos"},"schema":{"@context":"https:\/\/schema.org","@graph":[{"@type":"WebPage","@id":"https:\/\/ondauno.com.ar\/index.php\/2025\/10\/21\/turismo-rural-queremos-que-la-comunidad-se-sume-y-conozca-lo-que-hacemos\/","url":"https:\/\/ondauno.com.ar\/index.php\/2025\/10\/21\/turismo-rural-queremos-que-la-comunidad-se-sume-y-conozca-lo-que-hacemos\/","name":"Turismo rural: \u201cQueremos que la comunidad se sume y conozca lo que hacemos\u201d - 103.9 fm","isPartOf":{"@id":"https:\/\/ondauno.com.ar\/#website"},"primaryImageOfPage":{"@id":"https:\/\/ondauno.com.ar\/index.php\/2025\/10\/21\/turismo-rural-queremos-que-la-comunidad-se-sume-y-conozca-lo-que-hacemos\/#primaryimage"},"image":{"@id":"https:\/\/ondauno.com.ar\/index.php\/2025\/10\/21\/turismo-rural-queremos-que-la-comunidad-se-sume-y-conozca-lo-que-hacemos\/#primaryimage"},"thumbnailUrl":"https:\/\/ondauno.com.ar\/wp-content\/uploads\/2025\/04\/el-perdido.png","datePublished":"2025-10-21T23:58:57+00:00","dateModified":"2025-10-21T23:59:00+00:00","author":{"@id":"https:\/\/ondauno.com.ar\/#\/schema\/person\/7ec851ddeceb4133d7d7132dc645714e"},"breadcrumb":{"@id":"https:\/\/ondauno.com.ar\/index.php\/2025\/10\/21\/turismo-rural-queremos-que-la-comunidad-se-sume-y-conozca-lo-que-hacemos\/#breadcrumb"},"inLanguage":"es-AR","potentialAction":[{"@type":"ReadAction","target":["https:\/\/ondauno.com.ar\/index.php\/2025\/10\/21\/turismo-rural-queremos-que-la-comunidad-se-sume-y-conozca-lo-que-hacemos\/"]}]},{"@type":"ImageObject","inLanguage":"es-AR","@id":"https:\/\/ondauno.com.ar\/index.php\/2025\/10\/21\/turismo-rural-queremos-que-la-comunidad-se-sume-y-conozca-lo-que-hacemos\/#primaryimage","url":"https:\/\/ondauno.com.ar\/wp-content\/uploads\/2025\/04\/el-perdido.png","contentUrl":"https:\/\/ondauno.com.ar\/wp-content\/uploads\/2025\/04\/el-perdido.png","width":1024,"height":1024},{"@type":"BreadcrumbList","@id":"https:\/\/ondauno.com.ar\/index.php\/2025\/10\/21\/turismo-rural-queremos-que-la-comunidad-se-sume-y-conozca-lo-que-hacemos\/#breadcrumb","itemListElement":[{"@type":"ListItem","position":1,"name":"Inicio","item":"https:\/\/ondauno.com.ar\/"},{"@type":"ListItem","position":2,"name":"Turismo rural: \u201cQueremos que la comunidad se sume y conozca lo que hacemos\u201d"}]},{"@type":"WebSite","@id":"https:\/\/ondauno.com.ar\/#website","url":"https:\/\/ondauno.com.ar\/","name":"103.9 fm","description":"LA PRIMERA RADIO MULTIMEDIA DE TRES ARROYOS","potentialAction":[{"@type":"SearchAction","target":{"@type":"EntryPoint","urlTemplate":"https:\/\/ondauno.com.ar\/?s={search_term_string}"},"query-input":"required name=search_term_string"}],"inLanguage":"es-AR"},{"@type":"Person","@id":"https:\/\/ondauno.com.ar\/#\/schema\/person\/7ec851ddeceb4133d7d7132dc645714e","name":"OndaUno","image":{"@type":"ImageObject","inLanguage":"es-AR","@id":"https:\/\/ondauno.com.ar\/#\/schema\/person\/image\/","url":"https:\/\/secure.gravatar.com\/avatar\/93b8009f0de7021f1feb2bd5b32fb9e8?s=96&d=mm&r=g","contentUrl":"https:\/\/secure.gravatar.com\/avatar\/93b8009f0de7021f1feb2bd5b32fb9e8?s=96&d=mm&r=g","caption":"OndaUno"},"url":"https:\/\/ondauno.com.ar\/index.php\/author\/ondauno\/"}]}},"jetpack_publicize_connections":[],"jetpack_featured_media_url":"https:\/\/ondauno.com.ar\/wp-content\/uploads\/2025\/04\/el-perdido.png","jetpack_sharing_enabled":true,"_links":{"self":[{"href":"https:\/\/ondauno.com.ar\/index.php\/wp-json\/wp\/v2\/posts\/61270","targetHints":{"allow":["GET"]}}],"collection":[{"href":"https:\/\/ondauno.com.ar\/index.php\/wp-json\/wp\/v2\/posts"}],"about":[{"href":"https:\/\/ondauno.com.ar\/index.php\/wp-json\/wp\/v2\/types\/post"}],"author":[{"embeddable":true,"href":"https:\/\/ondauno.com.ar\/index.php\/wp-json\/wp\/v2\/users\/1"}],"replies":[{"embeddable":true,"href":"https:\/\/ondauno.com.ar\/index.php\/wp-json\/wp\/v2\/comments?post=61270"}],"version-history":[{"count":1,"href":"https:\/\/ondauno.com.ar\/index.php\/wp-json\/wp\/v2\/posts\/61270\/revisions"}],"predecessor-version":[{"id":61271,"href":"https:\/\/ondauno.com.ar\/index.php\/wp-json\/wp\/v2\/posts\/61270\/revisions\/61271"}],"wp:featuredmedia":[{"embeddable":true,"href":"https:\/\/ondauno.com.ar\/index.php\/wp-json\/wp\/v2\/media\/55336"}],"wp:attachment":[{"href":"https:\/\/ondauno.com.ar\/index.php\/wp-json\/wp\/v2\/media?parent=61270"}],"wp:term":[{"taxonomy":"category","embeddable":true,"href":"https:\/\/ondauno.com.ar\/index.php\/wp-json\/wp\/v2\/categories?post=61270"},{"taxonomy":"post_tag","embeddable":true,"href":"https:\/\/ondauno.com.ar\/index.php\/wp-json\/wp\/v2\/tags?post=61270"}],"curies":[{"name":"wp","href":"https:\/\/api.w.org\/{rel}","templated":true}]}}