{"id":61235,"date":"2025-10-20T18:35:11","date_gmt":"2025-10-20T21:35:11","guid":{"rendered":"https:\/\/ondauno.com.ar\/?p=61235"},"modified":"2025-10-20T18:35:17","modified_gmt":"2025-10-20T21:35:17","slug":"gran-participacion-cultural-tresarroyense-en-la-final-provincial-de-los-juegos-bonaerenses-2025","status":"publish","type":"post","link":"https:\/\/ondauno.com.ar\/index.php\/2025\/10\/20\/gran-participacion-cultural-tresarroyense-en-la-final-provincial-de-los-juegos-bonaerenses-2025\/","title":{"rendered":"Gran participaci\u00f3n cultural tresarroyense en la Final Provincial de los Juegos Bonaerenses 2025"},"content":{"rendered":"<div class=\"ondau-before-content_3\" style=\"margin-top: -30px;\" id=\"ondau-104637282\"><a href=\"https:\/\/www.lps.com.ar\/\" aria-label=\"la-perse2\"><img loading=\"lazy\" decoding=\"async\" src=\"https:\/\/ondauno.com.ar\/wp-content\/uploads\/2021\/10\/la-perse2.jpg\" alt=\"\"  srcset=\"https:\/\/ondauno.com.ar\/wp-content\/uploads\/2021\/10\/la-perse2.jpg 1353w, https:\/\/ondauno.com.ar\/wp-content\/uploads\/2021\/10\/la-perse2-300x43.jpg 300w, https:\/\/ondauno.com.ar\/wp-content\/uploads\/2021\/10\/la-perse2-1024x148.jpg 1024w, https:\/\/ondauno.com.ar\/wp-content\/uploads\/2021\/10\/la-perse2-768x111.jpg 768w, https:\/\/ondauno.com.ar\/wp-content\/uploads\/2021\/10\/la-perse2-696x100.jpg 696w, https:\/\/ondauno.com.ar\/wp-content\/uploads\/2021\/10\/la-perse2-1068x154.jpg 1068w\" sizes=\"(max-width: 1353px) 100vw, 1353px\" class=\"no-lazyload\" width=\"1353\" height=\"195\"  style=\"display: inline-block;\" \/><\/a><\/div>\n<p>La Direcci\u00f3n de Cultura, Educaci\u00f3n y Derechos Humanos de la Municipalidad de Tres Arroyos tuvo una destacada participaci\u00f3n en la Final Provincial de los Juegos Bonaerenses 2025, que reuni\u00f3 en Mar del Plata a miles de j\u00f3venes, adultos mayores y personas con discapacidad de toda la provincia, en una verdadera fiesta del deporte y la cultura.<\/p>\n\n\n\n<p>Nuestra delegaci\u00f3n cultural estuvo representada en una amplia variedad de disciplinas art\u00edsticas, mostrando el talento, la creatividad y el compromiso de los y las tresarroyenses:<\/p>\n\n\n\n<figure class=\"wp-block-image size-large\"><img loading=\"lazy\" decoding=\"async\" width=\"1024\" height=\"768\" data-src=\"https:\/\/ondauno.com.ar\/wp-content\/uploads\/2025\/10\/WhatsApp-Image-2025-10-20-at-12.44.20-1024x768.jpeg\" alt=\"\" class=\"wp-image-61237 lazyload\" data-srcset=\"https:\/\/ondauno.com.ar\/wp-content\/uploads\/2025\/10\/WhatsApp-Image-2025-10-20-at-12.44.20-1024x768.jpeg 1024w, https:\/\/ondauno.com.ar\/wp-content\/uploads\/2025\/10\/WhatsApp-Image-2025-10-20-at-12.44.20-300x225.jpeg 300w, https:\/\/ondauno.com.ar\/wp-content\/uploads\/2025\/10\/WhatsApp-Image-2025-10-20-at-12.44.20-768x576.jpeg 768w, https:\/\/ondauno.com.ar\/wp-content\/uploads\/2025\/10\/WhatsApp-Image-2025-10-20-at-12.44.20-560x420.jpeg 560w, https:\/\/ondauno.com.ar\/wp-content\/uploads\/2025\/10\/WhatsApp-Image-2025-10-20-at-12.44.20-80x60.jpeg 80w, https:\/\/ondauno.com.ar\/wp-content\/uploads\/2025\/10\/WhatsApp-Image-2025-10-20-at-12.44.20-696x522.jpeg 696w, https:\/\/ondauno.com.ar\/wp-content\/uploads\/2025\/10\/WhatsApp-Image-2025-10-20-at-12.44.20-1068x801.jpeg 1068w, https:\/\/ondauno.com.ar\/wp-content\/uploads\/2025\/10\/WhatsApp-Image-2025-10-20-at-12.44.20-265x198.jpeg 265w, https:\/\/ondauno.com.ar\/wp-content\/uploads\/2025\/10\/WhatsApp-Image-2025-10-20-at-12.44.20.jpeg 1280w\" data-sizes=\"auto, (max-width: 1024px) 100vw, 1024px\" src=\"data:image\/gif;base64,R0lGODlhAQABAAAAACH5BAEKAAEALAAAAAABAAEAAAICTAEAOw==\" style=\"--smush-placeholder-width: 1024px; --smush-placeholder-aspect-ratio: 1024\/768;\" \/><noscript><img loading=\"lazy\" decoding=\"async\" width=\"1024\" height=\"768\" src=\"https:\/\/ondauno.com.ar\/wp-content\/uploads\/2025\/10\/WhatsApp-Image-2025-10-20-at-12.44.20-1024x768.jpeg\" alt=\"\" class=\"wp-image-61237\" srcset=\"https:\/\/ondauno.com.ar\/wp-content\/uploads\/2025\/10\/WhatsApp-Image-2025-10-20-at-12.44.20-1024x768.jpeg 1024w, https:\/\/ondauno.com.ar\/wp-content\/uploads\/2025\/10\/WhatsApp-Image-2025-10-20-at-12.44.20-300x225.jpeg 300w, https:\/\/ondauno.com.ar\/wp-content\/uploads\/2025\/10\/WhatsApp-Image-2025-10-20-at-12.44.20-768x576.jpeg 768w, https:\/\/ondauno.com.ar\/wp-content\/uploads\/2025\/10\/WhatsApp-Image-2025-10-20-at-12.44.20-560x420.jpeg 560w, https:\/\/ondauno.com.ar\/wp-content\/uploads\/2025\/10\/WhatsApp-Image-2025-10-20-at-12.44.20-80x60.jpeg 80w, https:\/\/ondauno.com.ar\/wp-content\/uploads\/2025\/10\/WhatsApp-Image-2025-10-20-at-12.44.20-696x522.jpeg 696w, https:\/\/ondauno.com.ar\/wp-content\/uploads\/2025\/10\/WhatsApp-Image-2025-10-20-at-12.44.20-1068x801.jpeg 1068w, https:\/\/ondauno.com.ar\/wp-content\/uploads\/2025\/10\/WhatsApp-Image-2025-10-20-at-12.44.20-265x198.jpeg 265w, https:\/\/ondauno.com.ar\/wp-content\/uploads\/2025\/10\/WhatsApp-Image-2025-10-20-at-12.44.20.jpeg 1280w\" sizes=\"auto, (max-width: 1024px) 100vw, 1024px\" \/><\/noscript><\/figure>\n\n\n\n<p>Mariela Scroh \u2013 Solista Vocal Adultos Mayores<\/p>\n\n\n\n<p>Bautista Menna \u2013 Solista Vocal Sub 18<\/p>\n\n\n\n<p>Nazareno Garc\u00eda \u2013 Dibujo Sub 18<\/p>\n\n\n\n<p>Brisa Rodr\u00edguez \u2013 Pintura Sub 18<\/p>\n\n\n\n<p>Alma Miribuk \u2013 Pintura Sub 15<\/p>\n\n\n\n<p>Sof\u00eda Paniga \u2013 Pintura PCD<\/p>\n\n\n\n<p>Lucas Banegas \u2013 Objeto Art\u00edstico<\/p>\n\n\n\n<p>Julieta Vel\u00e1zquez \u2013 Plato Principal Sub 18<\/p>\n\n\n\n<p>Sebasti\u00e1n Goicochea \u2013 Plato Principal Sub 15<\/p>\n\n\n\n<p>Santino Tolosa \u2013 Freestyle Rap Sub 15<\/p>\n\n\n\n<p>Axel Sorgue \u2013 Freestyle Sub 18<\/p>\n\n\n\n<p>Juan Jos\u00e9 Calcagno \u2013 Fotograf\u00eda<\/p>\n\n\n\n<p>Guadalupe Hern\u00e1ndez \u2013 Cuento Sub 15<\/p>\n\n\n\n<p>Durante la semana, los y las participantes disfrutaron adem\u00e1s de talleres gratuitos organizados por el Gobierno de la Provincia de Buenos Aires, especialmente dise\u00f1ados para cada disciplina, fomentando el intercambio y la formaci\u00f3n art\u00edstica.<\/p>\n\n\n\n<p>Cabe destacar los importantes reconocimientos obtenidos por la delegaci\u00f3n local:<br>\ud83e\udd49 Medalla de Bronce en Freestyle Rap Sub 15, alcanzada por Santino Tolosa, y<br>\ud83c\udfa8 Menci\u00f3n Especial en Dibujo Sub 18, para Nazareno Garc\u00eda.<\/p>\n\n\n\n<p>La Direcci\u00f3n de Cultura, Educaci\u00f3n y Derechos Humanos felicita a todos los participantes por su esfuerzo, compromiso y la excelente representaci\u00f3n de nuestra ciudad en este importante encuentro provincial.<\/p>\n","protected":false},"excerpt":{"rendered":"<p>La Direcci\u00f3n de Cultura, Educaci\u00f3n y Derechos Humanos de la Municipalidad de Tres Arroyos tuvo una destacada participaci\u00f3n en la Final Provincial de los Juegos Bonaerenses 2025, que reuni\u00f3 en Mar del Plata a miles de j\u00f3venes, adultos mayores y personas con discapacidad de toda la provincia, en una verdadera fiesta del deporte y la [&hellip;]<\/p>\n","protected":false},"author":1,"featured_media":61236,"comment_status":"open","ping_status":"open","sticky":false,"template":"","format":"standard","meta":{"tdm_status":"","tdm_grid_status":"","_jetpack_memberships_contains_paid_content":false,"footnotes":"","jetpack_publicize_message":"","jetpack_publicize_feature_enabled":true,"jetpack_social_post_already_shared":true,"jetpack_social_options":{"image_generator_settings":{"template":"highway","default_image_id":0,"font":"","enabled":false},"version":2}},"categories":[2],"tags":[],"class_list":{"0":"post-61235","1":"post","2":"type-post","3":"status-publish","4":"format-standard","5":"has-post-thumbnail","7":"category-locales"},"yoast_head":"<!-- This site is optimized with the Yoast SEO plugin v22.7 - https:\/\/yoast.com\/wordpress\/plugins\/seo\/ -->\n<title>Gran participaci\u00f3n cultural tresarroyense en la Final Provincial de los Juegos Bonaerenses 2025 - 103.9 fm<\/title>\n<meta name=\"robots\" content=\"index, follow, max-snippet:-1, max-image-preview:large, max-video-preview:-1\" \/>\n<link rel=\"canonical\" href=\"https:\/\/ondauno.com.ar\/index.php\/2025\/10\/20\/gran-participacion-cultural-tresarroyense-en-la-final-provincial-de-los-juegos-bonaerenses-2025\/\" \/>\n<meta property=\"og:locale\" content=\"es_ES\" \/>\n<meta property=\"og:type\" content=\"article\" \/>\n<meta property=\"og:title\" content=\"Gran participaci\u00f3n cultural tresarroyense en la Final Provincial de los Juegos Bonaerenses 2025 - 103.9 fm\" \/>\n<meta property=\"og:description\" content=\"La Direcci\u00f3n de Cultura, Educaci\u00f3n y Derechos Humanos de la Municipalidad de Tres Arroyos tuvo una destacada participaci\u00f3n en la Final Provincial de los Juegos Bonaerenses 2025, que reuni\u00f3 en Mar del Plata a miles de j\u00f3venes, adultos mayores y personas con discapacidad de toda la provincia, en una verdadera fiesta del deporte y la [&hellip;]\" \/>\n<meta property=\"og:url\" content=\"https:\/\/ondauno.com.ar\/index.php\/2025\/10\/20\/gran-participacion-cultural-tresarroyense-en-la-final-provincial-de-los-juegos-bonaerenses-2025\/\" \/>\n<meta property=\"og:site_name\" content=\"103.9 fm\" \/>\n<meta property=\"article:publisher\" content=\"https:\/\/www.facebook.com\/ondauno103.9\" \/>\n<meta property=\"article:published_time\" content=\"2025-10-20T21:35:11+00:00\" \/>\n<meta property=\"article:modified_time\" content=\"2025-10-20T21:35:17+00:00\" \/>\n<meta property=\"og:image\" content=\"http:\/\/ondauno.com.ar\/wp-content\/uploads\/2025\/10\/WhatsApp-Image-2025-10-20-at-12.44.26.jpeg\" \/>\n\t<meta property=\"og:image:width\" content=\"1280\" \/>\n\t<meta property=\"og:image:height\" content=\"960\" \/>\n\t<meta property=\"og:image:type\" content=\"image\/jpeg\" \/>\n<meta name=\"author\" content=\"OndaUno\" \/>\n<meta name=\"twitter:card\" content=\"summary_large_image\" \/>\n<meta name=\"twitter:label1\" content=\"Escrito por\" \/>\n\t<meta name=\"twitter:data1\" content=\"OndaUno\" \/>\n\t<meta name=\"twitter:label2\" content=\"Tiempo de lectura\" \/>\n\t<meta name=\"twitter:data2\" content=\"2 minutos\" \/>\n<script type=\"application\/ld+json\" class=\"yoast-schema-graph\">{\"@context\":\"https:\/\/schema.org\",\"@graph\":[{\"@type\":\"WebPage\",\"@id\":\"https:\/\/ondauno.com.ar\/index.php\/2025\/10\/20\/gran-participacion-cultural-tresarroyense-en-la-final-provincial-de-los-juegos-bonaerenses-2025\/\",\"url\":\"https:\/\/ondauno.com.ar\/index.php\/2025\/10\/20\/gran-participacion-cultural-tresarroyense-en-la-final-provincial-de-los-juegos-bonaerenses-2025\/\",\"name\":\"Gran participaci\u00f3n cultural tresarroyense en la Final Provincial de los Juegos Bonaerenses 2025 - 103.9 fm\",\"isPartOf\":{\"@id\":\"https:\/\/ondauno.com.ar\/#website\"},\"primaryImageOfPage\":{\"@id\":\"https:\/\/ondauno.com.ar\/index.php\/2025\/10\/20\/gran-participacion-cultural-tresarroyense-en-la-final-provincial-de-los-juegos-bonaerenses-2025\/#primaryimage\"},\"image\":{\"@id\":\"https:\/\/ondauno.com.ar\/index.php\/2025\/10\/20\/gran-participacion-cultural-tresarroyense-en-la-final-provincial-de-los-juegos-bonaerenses-2025\/#primaryimage\"},\"thumbnailUrl\":\"https:\/\/ondauno.com.ar\/wp-content\/uploads\/2025\/10\/WhatsApp-Image-2025-10-20-at-12.44.26.jpeg\",\"datePublished\":\"2025-10-20T21:35:11+00:00\",\"dateModified\":\"2025-10-20T21:35:17+00:00\",\"author\":{\"@id\":\"https:\/\/ondauno.com.ar\/#\/schema\/person\/7ec851ddeceb4133d7d7132dc645714e\"},\"breadcrumb\":{\"@id\":\"https:\/\/ondauno.com.ar\/index.php\/2025\/10\/20\/gran-participacion-cultural-tresarroyense-en-la-final-provincial-de-los-juegos-bonaerenses-2025\/#breadcrumb\"},\"inLanguage\":\"es-AR\",\"potentialAction\":[{\"@type\":\"ReadAction\",\"target\":[\"https:\/\/ondauno.com.ar\/index.php\/2025\/10\/20\/gran-participacion-cultural-tresarroyense-en-la-final-provincial-de-los-juegos-bonaerenses-2025\/\"]}]},{\"@type\":\"ImageObject\",\"inLanguage\":\"es-AR\",\"@id\":\"https:\/\/ondauno.com.ar\/index.php\/2025\/10\/20\/gran-participacion-cultural-tresarroyense-en-la-final-provincial-de-los-juegos-bonaerenses-2025\/#primaryimage\",\"url\":\"https:\/\/ondauno.com.ar\/wp-content\/uploads\/2025\/10\/WhatsApp-Image-2025-10-20-at-12.44.26.jpeg\",\"contentUrl\":\"https:\/\/ondauno.com.ar\/wp-content\/uploads\/2025\/10\/WhatsApp-Image-2025-10-20-at-12.44.26.jpeg\",\"width\":1280,\"height\":960},{\"@type\":\"BreadcrumbList\",\"@id\":\"https:\/\/ondauno.com.ar\/index.php\/2025\/10\/20\/gran-participacion-cultural-tresarroyense-en-la-final-provincial-de-los-juegos-bonaerenses-2025\/#breadcrumb\",\"itemListElement\":[{\"@type\":\"ListItem\",\"position\":1,\"name\":\"Inicio\",\"item\":\"https:\/\/ondauno.com.ar\/\"},{\"@type\":\"ListItem\",\"position\":2,\"name\":\"Gran participaci\u00f3n cultural tresarroyense en la Final Provincial de los Juegos Bonaerenses 2025\"}]},{\"@type\":\"WebSite\",\"@id\":\"https:\/\/ondauno.com.ar\/#website\",\"url\":\"https:\/\/ondauno.com.ar\/\",\"name\":\"103.9 fm\",\"description\":\"LA PRIMERA RADIO MULTIMEDIA DE TRES ARROYOS\",\"potentialAction\":[{\"@type\":\"SearchAction\",\"target\":{\"@type\":\"EntryPoint\",\"urlTemplate\":\"https:\/\/ondauno.com.ar\/?s={search_term_string}\"},\"query-input\":\"required name=search_term_string\"}],\"inLanguage\":\"es-AR\"},{\"@type\":\"Person\",\"@id\":\"https:\/\/ondauno.com.ar\/#\/schema\/person\/7ec851ddeceb4133d7d7132dc645714e\",\"name\":\"OndaUno\",\"image\":{\"@type\":\"ImageObject\",\"inLanguage\":\"es-AR\",\"@id\":\"https:\/\/ondauno.com.ar\/#\/schema\/person\/image\/\",\"url\":\"https:\/\/secure.gravatar.com\/avatar\/93b8009f0de7021f1feb2bd5b32fb9e8?s=96&d=mm&r=g\",\"contentUrl\":\"https:\/\/secure.gravatar.com\/avatar\/93b8009f0de7021f1feb2bd5b32fb9e8?s=96&d=mm&r=g\",\"caption\":\"OndaUno\"},\"url\":\"https:\/\/ondauno.com.ar\/index.php\/author\/ondauno\/\"}]}<\/script>\n<!-- \/ Yoast SEO plugin. -->","yoast_head_json":{"title":"Gran participaci\u00f3n cultural tresarroyense en la Final Provincial de los Juegos Bonaerenses 2025 - 103.9 fm","robots":{"index":"index","follow":"follow","max-snippet":"max-snippet:-1","max-image-preview":"max-image-preview:large","max-video-preview":"max-video-preview:-1"},"canonical":"https:\/\/ondauno.com.ar\/index.php\/2025\/10\/20\/gran-participacion-cultural-tresarroyense-en-la-final-provincial-de-los-juegos-bonaerenses-2025\/","og_locale":"es_ES","og_type":"article","og_title":"Gran participaci\u00f3n cultural tresarroyense en la Final Provincial de los Juegos Bonaerenses 2025 - 103.9 fm","og_description":"La Direcci\u00f3n de Cultura, Educaci\u00f3n y Derechos Humanos de la Municipalidad de Tres Arroyos tuvo una destacada participaci\u00f3n en la Final Provincial de los Juegos Bonaerenses 2025, que reuni\u00f3 en Mar del Plata a miles de j\u00f3venes, adultos mayores y personas con discapacidad de toda la provincia, en una verdadera fiesta del deporte y la [&hellip;]","og_url":"https:\/\/ondauno.com.ar\/index.php\/2025\/10\/20\/gran-participacion-cultural-tresarroyense-en-la-final-provincial-de-los-juegos-bonaerenses-2025\/","og_site_name":"103.9 fm","article_publisher":"https:\/\/www.facebook.com\/ondauno103.9","article_published_time":"2025-10-20T21:35:11+00:00","article_modified_time":"2025-10-20T21:35:17+00:00","og_image":[{"width":1280,"height":960,"url":"http:\/\/ondauno.com.ar\/wp-content\/uploads\/2025\/10\/WhatsApp-Image-2025-10-20-at-12.44.26.jpeg","type":"image\/jpeg"}],"author":"OndaUno","twitter_card":"summary_large_image","twitter_misc":{"Escrito por":"OndaUno","Tiempo de lectura":"2 minutos"},"schema":{"@context":"https:\/\/schema.org","@graph":[{"@type":"WebPage","@id":"https:\/\/ondauno.com.ar\/index.php\/2025\/10\/20\/gran-participacion-cultural-tresarroyense-en-la-final-provincial-de-los-juegos-bonaerenses-2025\/","url":"https:\/\/ondauno.com.ar\/index.php\/2025\/10\/20\/gran-participacion-cultural-tresarroyense-en-la-final-provincial-de-los-juegos-bonaerenses-2025\/","name":"Gran participaci\u00f3n cultural tresarroyense en la Final Provincial de los Juegos Bonaerenses 2025 - 103.9 fm","isPartOf":{"@id":"https:\/\/ondauno.com.ar\/#website"},"primaryImageOfPage":{"@id":"https:\/\/ondauno.com.ar\/index.php\/2025\/10\/20\/gran-participacion-cultural-tresarroyense-en-la-final-provincial-de-los-juegos-bonaerenses-2025\/#primaryimage"},"image":{"@id":"https:\/\/ondauno.com.ar\/index.php\/2025\/10\/20\/gran-participacion-cultural-tresarroyense-en-la-final-provincial-de-los-juegos-bonaerenses-2025\/#primaryimage"},"thumbnailUrl":"https:\/\/ondauno.com.ar\/wp-content\/uploads\/2025\/10\/WhatsApp-Image-2025-10-20-at-12.44.26.jpeg","datePublished":"2025-10-20T21:35:11+00:00","dateModified":"2025-10-20T21:35:17+00:00","author":{"@id":"https:\/\/ondauno.com.ar\/#\/schema\/person\/7ec851ddeceb4133d7d7132dc645714e"},"breadcrumb":{"@id":"https:\/\/ondauno.com.ar\/index.php\/2025\/10\/20\/gran-participacion-cultural-tresarroyense-en-la-final-provincial-de-los-juegos-bonaerenses-2025\/#breadcrumb"},"inLanguage":"es-AR","potentialAction":[{"@type":"ReadAction","target":["https:\/\/ondauno.com.ar\/index.php\/2025\/10\/20\/gran-participacion-cultural-tresarroyense-en-la-final-provincial-de-los-juegos-bonaerenses-2025\/"]}]},{"@type":"ImageObject","inLanguage":"es-AR","@id":"https:\/\/ondauno.com.ar\/index.php\/2025\/10\/20\/gran-participacion-cultural-tresarroyense-en-la-final-provincial-de-los-juegos-bonaerenses-2025\/#primaryimage","url":"https:\/\/ondauno.com.ar\/wp-content\/uploads\/2025\/10\/WhatsApp-Image-2025-10-20-at-12.44.26.jpeg","contentUrl":"https:\/\/ondauno.com.ar\/wp-content\/uploads\/2025\/10\/WhatsApp-Image-2025-10-20-at-12.44.26.jpeg","width":1280,"height":960},{"@type":"BreadcrumbList","@id":"https:\/\/ondauno.com.ar\/index.php\/2025\/10\/20\/gran-participacion-cultural-tresarroyense-en-la-final-provincial-de-los-juegos-bonaerenses-2025\/#breadcrumb","itemListElement":[{"@type":"ListItem","position":1,"name":"Inicio","item":"https:\/\/ondauno.com.ar\/"},{"@type":"ListItem","position":2,"name":"Gran participaci\u00f3n cultural tresarroyense en la Final Provincial de los Juegos Bonaerenses 2025"}]},{"@type":"WebSite","@id":"https:\/\/ondauno.com.ar\/#website","url":"https:\/\/ondauno.com.ar\/","name":"103.9 fm","description":"LA PRIMERA RADIO MULTIMEDIA DE TRES ARROYOS","potentialAction":[{"@type":"SearchAction","target":{"@type":"EntryPoint","urlTemplate":"https:\/\/ondauno.com.ar\/?s={search_term_string}"},"query-input":"required name=search_term_string"}],"inLanguage":"es-AR"},{"@type":"Person","@id":"https:\/\/ondauno.com.ar\/#\/schema\/person\/7ec851ddeceb4133d7d7132dc645714e","name":"OndaUno","image":{"@type":"ImageObject","inLanguage":"es-AR","@id":"https:\/\/ondauno.com.ar\/#\/schema\/person\/image\/","url":"https:\/\/secure.gravatar.com\/avatar\/93b8009f0de7021f1feb2bd5b32fb9e8?s=96&d=mm&r=g","contentUrl":"https:\/\/secure.gravatar.com\/avatar\/93b8009f0de7021f1feb2bd5b32fb9e8?s=96&d=mm&r=g","caption":"OndaUno"},"url":"https:\/\/ondauno.com.ar\/index.php\/author\/ondauno\/"}]}},"jetpack_publicize_connections":[],"jetpack_featured_media_url":"https:\/\/ondauno.com.ar\/wp-content\/uploads\/2025\/10\/WhatsApp-Image-2025-10-20-at-12.44.26.jpeg","jetpack_sharing_enabled":true,"_links":{"self":[{"href":"https:\/\/ondauno.com.ar\/index.php\/wp-json\/wp\/v2\/posts\/61235","targetHints":{"allow":["GET"]}}],"collection":[{"href":"https:\/\/ondauno.com.ar\/index.php\/wp-json\/wp\/v2\/posts"}],"about":[{"href":"https:\/\/ondauno.com.ar\/index.php\/wp-json\/wp\/v2\/types\/post"}],"author":[{"embeddable":true,"href":"https:\/\/ondauno.com.ar\/index.php\/wp-json\/wp\/v2\/users\/1"}],"replies":[{"embeddable":true,"href":"https:\/\/ondauno.com.ar\/index.php\/wp-json\/wp\/v2\/comments?post=61235"}],"version-history":[{"count":1,"href":"https:\/\/ondauno.com.ar\/index.php\/wp-json\/wp\/v2\/posts\/61235\/revisions"}],"predecessor-version":[{"id":61238,"href":"https:\/\/ondauno.com.ar\/index.php\/wp-json\/wp\/v2\/posts\/61235\/revisions\/61238"}],"wp:featuredmedia":[{"embeddable":true,"href":"https:\/\/ondauno.com.ar\/index.php\/wp-json\/wp\/v2\/media\/61236"}],"wp:attachment":[{"href":"https:\/\/ondauno.com.ar\/index.php\/wp-json\/wp\/v2\/media?parent=61235"}],"wp:term":[{"taxonomy":"category","embeddable":true,"href":"https:\/\/ondauno.com.ar\/index.php\/wp-json\/wp\/v2\/categories?post=61235"},{"taxonomy":"post_tag","embeddable":true,"href":"https:\/\/ondauno.com.ar\/index.php\/wp-json\/wp\/v2\/tags?post=61235"}],"curies":[{"name":"wp","href":"https:\/\/api.w.org\/{rel}","templated":true}]}}