{"id":61224,"date":"2025-10-20T10:29:28","date_gmt":"2025-10-20T13:29:28","guid":{"rendered":"https:\/\/ondauno.com.ar\/?p=61224"},"modified":"2025-10-20T10:29:31","modified_gmt":"2025-10-20T13:29:31","slug":"dos-hermanos-fueron-detenidos-tras-una-peligrosa-persecucion-en-moto","status":"publish","type":"post","link":"https:\/\/ondauno.com.ar\/index.php\/2025\/10\/20\/dos-hermanos-fueron-detenidos-tras-una-peligrosa-persecucion-en-moto\/","title":{"rendered":"Dos hermanos fueron detenidos tras una peligrosa persecuci\u00f3n en moto"},"content":{"rendered":"<div class=\"ondau-before-content_3\" style=\"margin-top: -30px;\" id=\"ondau-2451439497\"><a href=\"https:\/\/www.lps.com.ar\/\" aria-label=\"la-perse2\"><img loading=\"lazy\" decoding=\"async\" src=\"https:\/\/ondauno.com.ar\/wp-content\/uploads\/2021\/10\/la-perse2.jpg\" alt=\"\"  srcset=\"https:\/\/ondauno.com.ar\/wp-content\/uploads\/2021\/10\/la-perse2.jpg 1353w, https:\/\/ondauno.com.ar\/wp-content\/uploads\/2021\/10\/la-perse2-300x43.jpg 300w, https:\/\/ondauno.com.ar\/wp-content\/uploads\/2021\/10\/la-perse2-1024x148.jpg 1024w, https:\/\/ondauno.com.ar\/wp-content\/uploads\/2021\/10\/la-perse2-768x111.jpg 768w, https:\/\/ondauno.com.ar\/wp-content\/uploads\/2021\/10\/la-perse2-696x100.jpg 696w, https:\/\/ondauno.com.ar\/wp-content\/uploads\/2021\/10\/la-perse2-1068x154.jpg 1068w\" sizes=\"(max-width: 1353px) 100vw, 1353px\" class=\"no-lazyload\" width=\"1353\" height=\"195\"  style=\"display: inline-block;\" \/><\/a><\/div>\n<p>Durante la noche del s\u00e1bado, alrededor de las 21:10 horas, personal de la Comisar\u00eda Primera de Tres Arroyos, dependiente de la Estaci\u00f3n de Polic\u00eda Comunal, aprehendi\u00f3 a dos hombres que protagonizaron una peligrosa maniobra en moto por calles de la ciudad.<\/p>\n\n\n\n<p>El hecho ocurri\u00f3 cuando los efectivos que realizaban tareas preventivas observaron, en Avenida G\u00fcemes al 200, una motocicleta Honda Titan 150 cc sin dominio, con dos ocupantes que cruzaron un sem\u00e1foro en rojo a alta velocidad y efectuaron maniobras peligrosas.<\/p>\n\n\n\n<p>Pese a las se\u00f1ales de los uniformados para que se detuvieran, los motociclistas continuaron la marcha hasta ser interceptados en la intersecci\u00f3n de Magallanes y Rondeau. En ese momento, ambos \u2014hermanos de 29 y 26 a\u00f1os\u2014 reaccionaron de forma agresiva e intentaron enfrentarse con el personal policial, aunque finalmente fueron reducidos sin que se registraran heridos.<\/p>\n\n\n\n<p>Los dos fueron aprehendidos por los delitos de desobediencia, atentado y resistencia a la autoridad, y violaci\u00f3n del art\u00edculo 193 bis del C\u00f3digo Penal, mientras que el veh\u00edculo fue secuestrado.<\/p>\n\n\n\n<p>Interviene la UFIJ N\u00b016, a cargo del Dr. Facundo Lemble, del Departamento Judicial Tres Arroyos.<\/p>\n","protected":false},"excerpt":{"rendered":"<p>Durante la noche del s\u00e1bado, alrededor de las 21:10 horas, personal de la Comisar\u00eda Primera de Tres Arroyos, dependiente de la Estaci\u00f3n de Polic\u00eda Comunal, aprehendi\u00f3 a dos hombres que protagonizaron una peligrosa maniobra en moto por calles de la ciudad. El hecho ocurri\u00f3 cuando los efectivos que realizaban tareas preventivas observaron, en Avenida G\u00fcemes [&hellip;]<\/p>\n","protected":false},"author":1,"featured_media":61225,"comment_status":"open","ping_status":"open","sticky":false,"template":"","format":"standard","meta":{"tdm_status":"","tdm_grid_status":"","_jetpack_memberships_contains_paid_content":false,"footnotes":"","jetpack_publicize_message":"","jetpack_publicize_feature_enabled":true,"jetpack_social_post_already_shared":true,"jetpack_social_options":{"image_generator_settings":{"template":"highway","default_image_id":0,"font":"","enabled":false},"version":2}},"categories":[29],"tags":[],"class_list":{"0":"post-61224","1":"post","2":"type-post","3":"status-publish","4":"format-standard","5":"has-post-thumbnail","7":"category-policiales"},"yoast_head":"<!-- This site is optimized with the Yoast SEO plugin v22.7 - https:\/\/yoast.com\/wordpress\/plugins\/seo\/ -->\n<title>Dos hermanos fueron detenidos tras una peligrosa persecuci\u00f3n en moto - 103.9 fm<\/title>\n<meta name=\"robots\" content=\"index, follow, max-snippet:-1, max-image-preview:large, max-video-preview:-1\" \/>\n<link rel=\"canonical\" href=\"https:\/\/ondauno.com.ar\/index.php\/2025\/10\/20\/dos-hermanos-fueron-detenidos-tras-una-peligrosa-persecucion-en-moto\/\" \/>\n<meta property=\"og:locale\" content=\"es_ES\" \/>\n<meta property=\"og:type\" content=\"article\" \/>\n<meta property=\"og:title\" content=\"Dos hermanos fueron detenidos tras una peligrosa persecuci\u00f3n en moto - 103.9 fm\" \/>\n<meta property=\"og:description\" content=\"Durante la noche del s\u00e1bado, alrededor de las 21:10 horas, personal de la Comisar\u00eda Primera de Tres Arroyos, dependiente de la Estaci\u00f3n de Polic\u00eda Comunal, aprehendi\u00f3 a dos hombres que protagonizaron una peligrosa maniobra en moto por calles de la ciudad. El hecho ocurri\u00f3 cuando los efectivos que realizaban tareas preventivas observaron, en Avenida G\u00fcemes [&hellip;]\" \/>\n<meta property=\"og:url\" content=\"https:\/\/ondauno.com.ar\/index.php\/2025\/10\/20\/dos-hermanos-fueron-detenidos-tras-una-peligrosa-persecucion-en-moto\/\" \/>\n<meta property=\"og:site_name\" content=\"103.9 fm\" \/>\n<meta property=\"article:publisher\" content=\"https:\/\/www.facebook.com\/ondauno103.9\" \/>\n<meta property=\"article:published_time\" content=\"2025-10-20T13:29:28+00:00\" \/>\n<meta property=\"article:modified_time\" content=\"2025-10-20T13:29:31+00:00\" \/>\n<meta property=\"og:image\" content=\"http:\/\/ondauno.com.ar\/wp-content\/uploads\/2025\/10\/Blank-3-Grids-Collage-8.jpg\" \/>\n\t<meta property=\"og:image:width\" content=\"2000\" \/>\n\t<meta property=\"og:image:height\" content=\"2000\" \/>\n\t<meta property=\"og:image:type\" content=\"image\/jpeg\" \/>\n<meta name=\"author\" content=\"OndaUno\" \/>\n<meta name=\"twitter:card\" content=\"summary_large_image\" \/>\n<meta name=\"twitter:label1\" content=\"Escrito por\" \/>\n\t<meta name=\"twitter:data1\" content=\"OndaUno\" \/>\n\t<meta name=\"twitter:label2\" content=\"Tiempo de lectura\" \/>\n\t<meta name=\"twitter:data2\" content=\"2 minutos\" \/>\n<script type=\"application\/ld+json\" class=\"yoast-schema-graph\">{\"@context\":\"https:\/\/schema.org\",\"@graph\":[{\"@type\":\"WebPage\",\"@id\":\"https:\/\/ondauno.com.ar\/index.php\/2025\/10\/20\/dos-hermanos-fueron-detenidos-tras-una-peligrosa-persecucion-en-moto\/\",\"url\":\"https:\/\/ondauno.com.ar\/index.php\/2025\/10\/20\/dos-hermanos-fueron-detenidos-tras-una-peligrosa-persecucion-en-moto\/\",\"name\":\"Dos hermanos fueron detenidos tras una peligrosa persecuci\u00f3n en moto - 103.9 fm\",\"isPartOf\":{\"@id\":\"https:\/\/ondauno.com.ar\/#website\"},\"primaryImageOfPage\":{\"@id\":\"https:\/\/ondauno.com.ar\/index.php\/2025\/10\/20\/dos-hermanos-fueron-detenidos-tras-una-peligrosa-persecucion-en-moto\/#primaryimage\"},\"image\":{\"@id\":\"https:\/\/ondauno.com.ar\/index.php\/2025\/10\/20\/dos-hermanos-fueron-detenidos-tras-una-peligrosa-persecucion-en-moto\/#primaryimage\"},\"thumbnailUrl\":\"https:\/\/ondauno.com.ar\/wp-content\/uploads\/2025\/10\/Blank-3-Grids-Collage-8.jpg\",\"datePublished\":\"2025-10-20T13:29:28+00:00\",\"dateModified\":\"2025-10-20T13:29:31+00:00\",\"author\":{\"@id\":\"https:\/\/ondauno.com.ar\/#\/schema\/person\/7ec851ddeceb4133d7d7132dc645714e\"},\"breadcrumb\":{\"@id\":\"https:\/\/ondauno.com.ar\/index.php\/2025\/10\/20\/dos-hermanos-fueron-detenidos-tras-una-peligrosa-persecucion-en-moto\/#breadcrumb\"},\"inLanguage\":\"es-AR\",\"potentialAction\":[{\"@type\":\"ReadAction\",\"target\":[\"https:\/\/ondauno.com.ar\/index.php\/2025\/10\/20\/dos-hermanos-fueron-detenidos-tras-una-peligrosa-persecucion-en-moto\/\"]}]},{\"@type\":\"ImageObject\",\"inLanguage\":\"es-AR\",\"@id\":\"https:\/\/ondauno.com.ar\/index.php\/2025\/10\/20\/dos-hermanos-fueron-detenidos-tras-una-peligrosa-persecucion-en-moto\/#primaryimage\",\"url\":\"https:\/\/ondauno.com.ar\/wp-content\/uploads\/2025\/10\/Blank-3-Grids-Collage-8.jpg\",\"contentUrl\":\"https:\/\/ondauno.com.ar\/wp-content\/uploads\/2025\/10\/Blank-3-Grids-Collage-8.jpg\",\"width\":2000,\"height\":2000},{\"@type\":\"BreadcrumbList\",\"@id\":\"https:\/\/ondauno.com.ar\/index.php\/2025\/10\/20\/dos-hermanos-fueron-detenidos-tras-una-peligrosa-persecucion-en-moto\/#breadcrumb\",\"itemListElement\":[{\"@type\":\"ListItem\",\"position\":1,\"name\":\"Inicio\",\"item\":\"https:\/\/ondauno.com.ar\/\"},{\"@type\":\"ListItem\",\"position\":2,\"name\":\"Dos hermanos fueron detenidos tras una peligrosa persecuci\u00f3n en moto\"}]},{\"@type\":\"WebSite\",\"@id\":\"https:\/\/ondauno.com.ar\/#website\",\"url\":\"https:\/\/ondauno.com.ar\/\",\"name\":\"103.9 fm\",\"description\":\"LA PRIMERA RADIO MULTIMEDIA DE TRES ARROYOS\",\"potentialAction\":[{\"@type\":\"SearchAction\",\"target\":{\"@type\":\"EntryPoint\",\"urlTemplate\":\"https:\/\/ondauno.com.ar\/?s={search_term_string}\"},\"query-input\":\"required name=search_term_string\"}],\"inLanguage\":\"es-AR\"},{\"@type\":\"Person\",\"@id\":\"https:\/\/ondauno.com.ar\/#\/schema\/person\/7ec851ddeceb4133d7d7132dc645714e\",\"name\":\"OndaUno\",\"image\":{\"@type\":\"ImageObject\",\"inLanguage\":\"es-AR\",\"@id\":\"https:\/\/ondauno.com.ar\/#\/schema\/person\/image\/\",\"url\":\"https:\/\/secure.gravatar.com\/avatar\/93b8009f0de7021f1feb2bd5b32fb9e8?s=96&d=mm&r=g\",\"contentUrl\":\"https:\/\/secure.gravatar.com\/avatar\/93b8009f0de7021f1feb2bd5b32fb9e8?s=96&d=mm&r=g\",\"caption\":\"OndaUno\"},\"url\":\"https:\/\/ondauno.com.ar\/index.php\/author\/ondauno\/\"}]}<\/script>\n<!-- \/ Yoast SEO plugin. -->","yoast_head_json":{"title":"Dos hermanos fueron detenidos tras una peligrosa persecuci\u00f3n en moto - 103.9 fm","robots":{"index":"index","follow":"follow","max-snippet":"max-snippet:-1","max-image-preview":"max-image-preview:large","max-video-preview":"max-video-preview:-1"},"canonical":"https:\/\/ondauno.com.ar\/index.php\/2025\/10\/20\/dos-hermanos-fueron-detenidos-tras-una-peligrosa-persecucion-en-moto\/","og_locale":"es_ES","og_type":"article","og_title":"Dos hermanos fueron detenidos tras una peligrosa persecuci\u00f3n en moto - 103.9 fm","og_description":"Durante la noche del s\u00e1bado, alrededor de las 21:10 horas, personal de la Comisar\u00eda Primera de Tres Arroyos, dependiente de la Estaci\u00f3n de Polic\u00eda Comunal, aprehendi\u00f3 a dos hombres que protagonizaron una peligrosa maniobra en moto por calles de la ciudad. El hecho ocurri\u00f3 cuando los efectivos que realizaban tareas preventivas observaron, en Avenida G\u00fcemes [&hellip;]","og_url":"https:\/\/ondauno.com.ar\/index.php\/2025\/10\/20\/dos-hermanos-fueron-detenidos-tras-una-peligrosa-persecucion-en-moto\/","og_site_name":"103.9 fm","article_publisher":"https:\/\/www.facebook.com\/ondauno103.9","article_published_time":"2025-10-20T13:29:28+00:00","article_modified_time":"2025-10-20T13:29:31+00:00","og_image":[{"width":2000,"height":2000,"url":"http:\/\/ondauno.com.ar\/wp-content\/uploads\/2025\/10\/Blank-3-Grids-Collage-8.jpg","type":"image\/jpeg"}],"author":"OndaUno","twitter_card":"summary_large_image","twitter_misc":{"Escrito por":"OndaUno","Tiempo de lectura":"2 minutos"},"schema":{"@context":"https:\/\/schema.org","@graph":[{"@type":"WebPage","@id":"https:\/\/ondauno.com.ar\/index.php\/2025\/10\/20\/dos-hermanos-fueron-detenidos-tras-una-peligrosa-persecucion-en-moto\/","url":"https:\/\/ondauno.com.ar\/index.php\/2025\/10\/20\/dos-hermanos-fueron-detenidos-tras-una-peligrosa-persecucion-en-moto\/","name":"Dos hermanos fueron detenidos tras una peligrosa persecuci\u00f3n en moto - 103.9 fm","isPartOf":{"@id":"https:\/\/ondauno.com.ar\/#website"},"primaryImageOfPage":{"@id":"https:\/\/ondauno.com.ar\/index.php\/2025\/10\/20\/dos-hermanos-fueron-detenidos-tras-una-peligrosa-persecucion-en-moto\/#primaryimage"},"image":{"@id":"https:\/\/ondauno.com.ar\/index.php\/2025\/10\/20\/dos-hermanos-fueron-detenidos-tras-una-peligrosa-persecucion-en-moto\/#primaryimage"},"thumbnailUrl":"https:\/\/ondauno.com.ar\/wp-content\/uploads\/2025\/10\/Blank-3-Grids-Collage-8.jpg","datePublished":"2025-10-20T13:29:28+00:00","dateModified":"2025-10-20T13:29:31+00:00","author":{"@id":"https:\/\/ondauno.com.ar\/#\/schema\/person\/7ec851ddeceb4133d7d7132dc645714e"},"breadcrumb":{"@id":"https:\/\/ondauno.com.ar\/index.php\/2025\/10\/20\/dos-hermanos-fueron-detenidos-tras-una-peligrosa-persecucion-en-moto\/#breadcrumb"},"inLanguage":"es-AR","potentialAction":[{"@type":"ReadAction","target":["https:\/\/ondauno.com.ar\/index.php\/2025\/10\/20\/dos-hermanos-fueron-detenidos-tras-una-peligrosa-persecucion-en-moto\/"]}]},{"@type":"ImageObject","inLanguage":"es-AR","@id":"https:\/\/ondauno.com.ar\/index.php\/2025\/10\/20\/dos-hermanos-fueron-detenidos-tras-una-peligrosa-persecucion-en-moto\/#primaryimage","url":"https:\/\/ondauno.com.ar\/wp-content\/uploads\/2025\/10\/Blank-3-Grids-Collage-8.jpg","contentUrl":"https:\/\/ondauno.com.ar\/wp-content\/uploads\/2025\/10\/Blank-3-Grids-Collage-8.jpg","width":2000,"height":2000},{"@type":"BreadcrumbList","@id":"https:\/\/ondauno.com.ar\/index.php\/2025\/10\/20\/dos-hermanos-fueron-detenidos-tras-una-peligrosa-persecucion-en-moto\/#breadcrumb","itemListElement":[{"@type":"ListItem","position":1,"name":"Inicio","item":"https:\/\/ondauno.com.ar\/"},{"@type":"ListItem","position":2,"name":"Dos hermanos fueron detenidos tras una peligrosa persecuci\u00f3n en moto"}]},{"@type":"WebSite","@id":"https:\/\/ondauno.com.ar\/#website","url":"https:\/\/ondauno.com.ar\/","name":"103.9 fm","description":"LA PRIMERA RADIO MULTIMEDIA DE TRES ARROYOS","potentialAction":[{"@type":"SearchAction","target":{"@type":"EntryPoint","urlTemplate":"https:\/\/ondauno.com.ar\/?s={search_term_string}"},"query-input":"required name=search_term_string"}],"inLanguage":"es-AR"},{"@type":"Person","@id":"https:\/\/ondauno.com.ar\/#\/schema\/person\/7ec851ddeceb4133d7d7132dc645714e","name":"OndaUno","image":{"@type":"ImageObject","inLanguage":"es-AR","@id":"https:\/\/ondauno.com.ar\/#\/schema\/person\/image\/","url":"https:\/\/secure.gravatar.com\/avatar\/93b8009f0de7021f1feb2bd5b32fb9e8?s=96&d=mm&r=g","contentUrl":"https:\/\/secure.gravatar.com\/avatar\/93b8009f0de7021f1feb2bd5b32fb9e8?s=96&d=mm&r=g","caption":"OndaUno"},"url":"https:\/\/ondauno.com.ar\/index.php\/author\/ondauno\/"}]}},"jetpack_publicize_connections":[],"jetpack_featured_media_url":"https:\/\/ondauno.com.ar\/wp-content\/uploads\/2025\/10\/Blank-3-Grids-Collage-8.jpg","jetpack_sharing_enabled":true,"_links":{"self":[{"href":"https:\/\/ondauno.com.ar\/index.php\/wp-json\/wp\/v2\/posts\/61224","targetHints":{"allow":["GET"]}}],"collection":[{"href":"https:\/\/ondauno.com.ar\/index.php\/wp-json\/wp\/v2\/posts"}],"about":[{"href":"https:\/\/ondauno.com.ar\/index.php\/wp-json\/wp\/v2\/types\/post"}],"author":[{"embeddable":true,"href":"https:\/\/ondauno.com.ar\/index.php\/wp-json\/wp\/v2\/users\/1"}],"replies":[{"embeddable":true,"href":"https:\/\/ondauno.com.ar\/index.php\/wp-json\/wp\/v2\/comments?post=61224"}],"version-history":[{"count":1,"href":"https:\/\/ondauno.com.ar\/index.php\/wp-json\/wp\/v2\/posts\/61224\/revisions"}],"predecessor-version":[{"id":61226,"href":"https:\/\/ondauno.com.ar\/index.php\/wp-json\/wp\/v2\/posts\/61224\/revisions\/61226"}],"wp:featuredmedia":[{"embeddable":true,"href":"https:\/\/ondauno.com.ar\/index.php\/wp-json\/wp\/v2\/media\/61225"}],"wp:attachment":[{"href":"https:\/\/ondauno.com.ar\/index.php\/wp-json\/wp\/v2\/media?parent=61224"}],"wp:term":[{"taxonomy":"category","embeddable":true,"href":"https:\/\/ondauno.com.ar\/index.php\/wp-json\/wp\/v2\/categories?post=61224"},{"taxonomy":"post_tag","embeddable":true,"href":"https:\/\/ondauno.com.ar\/index.php\/wp-json\/wp\/v2\/tags?post=61224"}],"curies":[{"name":"wp","href":"https:\/\/api.w.org\/{rel}","templated":true}]}}