{"id":61218,"date":"2025-10-17T18:58:14","date_gmt":"2025-10-17T21:58:14","guid":{"rendered":"https:\/\/ondauno.com.ar\/?p=61218"},"modified":"2025-10-17T18:58:19","modified_gmt":"2025-10-17T21:58:19","slug":"garate-le-pidio-a-monzo-apoyo-para-el-proyecto-de-la-universidad-nacional","status":"publish","type":"post","link":"https:\/\/ondauno.com.ar\/index.php\/2025\/10\/17\/garate-le-pidio-a-monzo-apoyo-para-el-proyecto-de-la-universidad-nacional\/","title":{"rendered":"Garate le pidi\u00f3 a Monz\u00f3 apoyo para el proyecto de la Universidad Nacional"},"content":{"rendered":"<div class=\"ondau-before-content_3\" style=\"margin-top: -30px;\" id=\"ondau-157248867\"><a href=\"https:\/\/www.lps.com.ar\/\" aria-label=\"la-perse2\"><img loading=\"lazy\" decoding=\"async\" src=\"https:\/\/ondauno.com.ar\/wp-content\/uploads\/2021\/10\/la-perse2.jpg\" alt=\"\"  srcset=\"https:\/\/ondauno.com.ar\/wp-content\/uploads\/2021\/10\/la-perse2.jpg 1353w, https:\/\/ondauno.com.ar\/wp-content\/uploads\/2021\/10\/la-perse2-300x43.jpg 300w, https:\/\/ondauno.com.ar\/wp-content\/uploads\/2021\/10\/la-perse2-1024x148.jpg 1024w, https:\/\/ondauno.com.ar\/wp-content\/uploads\/2021\/10\/la-perse2-768x111.jpg 768w, https:\/\/ondauno.com.ar\/wp-content\/uploads\/2021\/10\/la-perse2-696x100.jpg 696w, https:\/\/ondauno.com.ar\/wp-content\/uploads\/2021\/10\/la-perse2-1068x154.jpg 1068w\" sizes=\"(max-width: 1353px) 100vw, 1353px\" class=\"no-lazyload\" width=\"1353\" height=\"195\"  style=\"display: inline-block;\" \/><\/a><\/div>\n<p>En Cosas que pasan el intendente de Tres Arroyos, Pablo Garate, se refiri\u00f3 al significado del D\u00eda de la Lealtad Peronista y repas\u00f3 distintos temas de gesti\u00f3n local.<\/p>\n\n\n\n<p>\u201cEl 17 de octubre tiene un valor muy fuerte para quienes militamos en el peronismo. Es parte de la identidad de nuestro partido, pero tambi\u00e9n es un d\u00eda de reflexi\u00f3n que nos invita a pensar en el futuro de la Argentina\u201d, expres\u00f3 el jefe comunal.<\/p>\n\n\n\n<p>Garate se\u00f1al\u00f3 adem\u00e1s que, en el marco del actual proceso electoral, la fecha adquiere un sentido especial. \u201cM\u00e1s all\u00e1 de la militancia, es un momento para pensar en el pa\u00eds que queremos construir, con di\u00e1logo y consensos\u201d, afirm\u00f3.<\/p>\n\n\n\n<p>Consultado sobre la visita del diputado de Juntos Emilio Monz\u00f3 \u2013actual candidato a diputado Nacional por Provincia Unidas, el intendente explic\u00f3 que se trata de una reuni\u00f3n institucional. \u201cLo recibimos como diputado nacional, porque quiero que acompa\u00f1e el proyecto de ley de la universidad que presentamos. Es importante sumar apoyos de distintos espacios pol\u00edticos\u201d, dijo.<\/p>\n\n\n\n<p>Respecto al aumento de tasas aprobado por el Concejo Deliberante, destac\u00f3 que \u201cfue un ejercicio de responsabilidad\u201d. \u201cSabemos que es un momento dif\u00edcil, pero tambi\u00e9n que el municipio devuelve los servicios. Estamos trabajando con austeridad, cuidando las cuentas y haciendo obras en toda la ciudad\u201d, agreg\u00f3.<\/p>\n\n\n\n<p>Finalmente Garate se refiri\u00f3 al avance del proyecto de transporte p\u00fablico urbano y semiurbano. \u201cYa presentamos al Ministerio de Transporte un proyecto concreto con el valor del pasaje. Ahora la provincia est\u00e1 evaluando la pol\u00edtica de subsidios para hacerlo viable. Es un paso muy importante para Tres Arroyos\u201d, concluy\u00f3.<\/p>\n\n\n\n<p>Pod\u00e9s escuchar la nota completa en el siguiente link:<\/p>\n\n\n\n<figure class=\"wp-block-embed is-type-video is-provider-youtube wp-block-embed-youtube wp-embed-aspect-16-9 wp-has-aspect-ratio\"><div class=\"wp-block-embed__wrapper\">\n<div class=\"youtube-embed\" data-video_id=\"8o40LJ6H6AQ\"><iframe loading=\"lazy\" title=\"Onda Uno 103.9 en vivo\" width=\"696\" height=\"392\" data-src=\"https:\/\/www.youtube.com\/embed\/8o40LJ6H6AQ?start=7&#038;feature=oembed\" frameborder=\"0\" allow=\"accelerometer; autoplay; clipboard-write; encrypted-media; gyroscope; picture-in-picture; web-share\" referrerpolicy=\"strict-origin-when-cross-origin\" allowfullscreen src=\"data:image\/gif;base64,R0lGODlhAQABAAAAACH5BAEKAAEALAAAAAABAAEAAAICTAEAOw==\" class=\"lazyload\" data-load-mode=\"1\"><\/iframe><\/div>\n<\/div><\/figure>\n","protected":false},"excerpt":{"rendered":"<p>En Cosas que pasan el intendente de Tres Arroyos, Pablo Garate, se refiri\u00f3 al significado del D\u00eda de la Lealtad Peronista y repas\u00f3 distintos temas de gesti\u00f3n local. \u201cEl 17 de octubre tiene un valor muy fuerte para quienes militamos en el peronismo. Es parte de la identidad de nuestro partido, pero tambi\u00e9n es un [&hellip;]<\/p>\n","protected":false},"author":1,"featured_media":40905,"comment_status":"open","ping_status":"open","sticky":false,"template":"","format":"standard","meta":{"tdm_status":"","tdm_grid_status":"","_jetpack_memberships_contains_paid_content":false,"footnotes":"","jetpack_publicize_message":"","jetpack_publicize_feature_enabled":true,"jetpack_social_post_already_shared":true,"jetpack_social_options":{"image_generator_settings":{"template":"highway","default_image_id":0,"font":"","enabled":false},"version":2}},"categories":[2],"tags":[],"class_list":{"0":"post-61218","1":"post","2":"type-post","3":"status-publish","4":"format-standard","5":"has-post-thumbnail","7":"category-locales"},"yoast_head":"<!-- This site is optimized with the Yoast SEO plugin v22.7 - https:\/\/yoast.com\/wordpress\/plugins\/seo\/ -->\n<title>Garate le pidi\u00f3 a Monz\u00f3 apoyo para el proyecto de la Universidad Nacional - 103.9 fm<\/title>\n<meta name=\"robots\" content=\"index, follow, max-snippet:-1, max-image-preview:large, max-video-preview:-1\" \/>\n<link rel=\"canonical\" href=\"https:\/\/ondauno.com.ar\/index.php\/2025\/10\/17\/garate-le-pidio-a-monzo-apoyo-para-el-proyecto-de-la-universidad-nacional\/\" \/>\n<meta property=\"og:locale\" content=\"es_ES\" \/>\n<meta property=\"og:type\" content=\"article\" \/>\n<meta property=\"og:title\" content=\"Garate le pidi\u00f3 a Monz\u00f3 apoyo para el proyecto de la Universidad Nacional - 103.9 fm\" \/>\n<meta property=\"og:description\" content=\"En Cosas que pasan el intendente de Tres Arroyos, Pablo Garate, se refiri\u00f3 al significado del D\u00eda de la Lealtad Peronista y repas\u00f3 distintos temas de gesti\u00f3n local. \u201cEl 17 de octubre tiene un valor muy fuerte para quienes militamos en el peronismo. Es parte de la identidad de nuestro partido, pero tambi\u00e9n es un [&hellip;]\" \/>\n<meta property=\"og:url\" content=\"https:\/\/ondauno.com.ar\/index.php\/2025\/10\/17\/garate-le-pidio-a-monzo-apoyo-para-el-proyecto-de-la-universidad-nacional\/\" \/>\n<meta property=\"og:site_name\" content=\"103.9 fm\" \/>\n<meta property=\"article:publisher\" content=\"https:\/\/www.facebook.com\/ondauno103.9\" \/>\n<meta property=\"article:published_time\" content=\"2025-10-17T21:58:14+00:00\" \/>\n<meta property=\"article:modified_time\" content=\"2025-10-17T21:58:19+00:00\" \/>\n<meta property=\"og:image\" content=\"http:\/\/ondauno.com.ar\/wp-content\/uploads\/2023\/05\/Pablo-garate.jpeg\" \/>\n\t<meta property=\"og:image:width\" content=\"1600\" \/>\n\t<meta property=\"og:image:height\" content=\"1200\" \/>\n\t<meta property=\"og:image:type\" content=\"image\/jpeg\" \/>\n<meta name=\"author\" content=\"OndaUno\" \/>\n<meta name=\"twitter:card\" content=\"summary_large_image\" \/>\n<meta name=\"twitter:label1\" content=\"Escrito por\" \/>\n\t<meta name=\"twitter:data1\" content=\"OndaUno\" \/>\n\t<meta name=\"twitter:label2\" content=\"Tiempo de lectura\" \/>\n\t<meta name=\"twitter:data2\" content=\"2 minutos\" \/>\n<script type=\"application\/ld+json\" class=\"yoast-schema-graph\">{\"@context\":\"https:\/\/schema.org\",\"@graph\":[{\"@type\":\"WebPage\",\"@id\":\"https:\/\/ondauno.com.ar\/index.php\/2025\/10\/17\/garate-le-pidio-a-monzo-apoyo-para-el-proyecto-de-la-universidad-nacional\/\",\"url\":\"https:\/\/ondauno.com.ar\/index.php\/2025\/10\/17\/garate-le-pidio-a-monzo-apoyo-para-el-proyecto-de-la-universidad-nacional\/\",\"name\":\"Garate le pidi\u00f3 a Monz\u00f3 apoyo para el proyecto de la Universidad Nacional - 103.9 fm\",\"isPartOf\":{\"@id\":\"https:\/\/ondauno.com.ar\/#website\"},\"primaryImageOfPage\":{\"@id\":\"https:\/\/ondauno.com.ar\/index.php\/2025\/10\/17\/garate-le-pidio-a-monzo-apoyo-para-el-proyecto-de-la-universidad-nacional\/#primaryimage\"},\"image\":{\"@id\":\"https:\/\/ondauno.com.ar\/index.php\/2025\/10\/17\/garate-le-pidio-a-monzo-apoyo-para-el-proyecto-de-la-universidad-nacional\/#primaryimage\"},\"thumbnailUrl\":\"https:\/\/ondauno.com.ar\/wp-content\/uploads\/2023\/05\/Pablo-garate.jpeg\",\"datePublished\":\"2025-10-17T21:58:14+00:00\",\"dateModified\":\"2025-10-17T21:58:19+00:00\",\"author\":{\"@id\":\"https:\/\/ondauno.com.ar\/#\/schema\/person\/7ec851ddeceb4133d7d7132dc645714e\"},\"breadcrumb\":{\"@id\":\"https:\/\/ondauno.com.ar\/index.php\/2025\/10\/17\/garate-le-pidio-a-monzo-apoyo-para-el-proyecto-de-la-universidad-nacional\/#breadcrumb\"},\"inLanguage\":\"es-AR\",\"potentialAction\":[{\"@type\":\"ReadAction\",\"target\":[\"https:\/\/ondauno.com.ar\/index.php\/2025\/10\/17\/garate-le-pidio-a-monzo-apoyo-para-el-proyecto-de-la-universidad-nacional\/\"]}]},{\"@type\":\"ImageObject\",\"inLanguage\":\"es-AR\",\"@id\":\"https:\/\/ondauno.com.ar\/index.php\/2025\/10\/17\/garate-le-pidio-a-monzo-apoyo-para-el-proyecto-de-la-universidad-nacional\/#primaryimage\",\"url\":\"https:\/\/ondauno.com.ar\/wp-content\/uploads\/2023\/05\/Pablo-garate.jpeg\",\"contentUrl\":\"https:\/\/ondauno.com.ar\/wp-content\/uploads\/2023\/05\/Pablo-garate.jpeg\",\"width\":1600,\"height\":1200},{\"@type\":\"BreadcrumbList\",\"@id\":\"https:\/\/ondauno.com.ar\/index.php\/2025\/10\/17\/garate-le-pidio-a-monzo-apoyo-para-el-proyecto-de-la-universidad-nacional\/#breadcrumb\",\"itemListElement\":[{\"@type\":\"ListItem\",\"position\":1,\"name\":\"Inicio\",\"item\":\"https:\/\/ondauno.com.ar\/\"},{\"@type\":\"ListItem\",\"position\":2,\"name\":\"Garate le pidi\u00f3 a Monz\u00f3 apoyo para el proyecto de la Universidad Nacional\"}]},{\"@type\":\"WebSite\",\"@id\":\"https:\/\/ondauno.com.ar\/#website\",\"url\":\"https:\/\/ondauno.com.ar\/\",\"name\":\"103.9 fm\",\"description\":\"LA PRIMERA RADIO MULTIMEDIA DE TRES ARROYOS\",\"potentialAction\":[{\"@type\":\"SearchAction\",\"target\":{\"@type\":\"EntryPoint\",\"urlTemplate\":\"https:\/\/ondauno.com.ar\/?s={search_term_string}\"},\"query-input\":\"required name=search_term_string\"}],\"inLanguage\":\"es-AR\"},{\"@type\":\"Person\",\"@id\":\"https:\/\/ondauno.com.ar\/#\/schema\/person\/7ec851ddeceb4133d7d7132dc645714e\",\"name\":\"OndaUno\",\"image\":{\"@type\":\"ImageObject\",\"inLanguage\":\"es-AR\",\"@id\":\"https:\/\/ondauno.com.ar\/#\/schema\/person\/image\/\",\"url\":\"https:\/\/secure.gravatar.com\/avatar\/93b8009f0de7021f1feb2bd5b32fb9e8?s=96&d=mm&r=g\",\"contentUrl\":\"https:\/\/secure.gravatar.com\/avatar\/93b8009f0de7021f1feb2bd5b32fb9e8?s=96&d=mm&r=g\",\"caption\":\"OndaUno\"},\"url\":\"https:\/\/ondauno.com.ar\/index.php\/author\/ondauno\/\"}]}<\/script>\n<!-- \/ Yoast SEO plugin. -->","yoast_head_json":{"title":"Garate le pidi\u00f3 a Monz\u00f3 apoyo para el proyecto de la Universidad Nacional - 103.9 fm","robots":{"index":"index","follow":"follow","max-snippet":"max-snippet:-1","max-image-preview":"max-image-preview:large","max-video-preview":"max-video-preview:-1"},"canonical":"https:\/\/ondauno.com.ar\/index.php\/2025\/10\/17\/garate-le-pidio-a-monzo-apoyo-para-el-proyecto-de-la-universidad-nacional\/","og_locale":"es_ES","og_type":"article","og_title":"Garate le pidi\u00f3 a Monz\u00f3 apoyo para el proyecto de la Universidad Nacional - 103.9 fm","og_description":"En Cosas que pasan el intendente de Tres Arroyos, Pablo Garate, se refiri\u00f3 al significado del D\u00eda de la Lealtad Peronista y repas\u00f3 distintos temas de gesti\u00f3n local. \u201cEl 17 de octubre tiene un valor muy fuerte para quienes militamos en el peronismo. Es parte de la identidad de nuestro partido, pero tambi\u00e9n es un [&hellip;]","og_url":"https:\/\/ondauno.com.ar\/index.php\/2025\/10\/17\/garate-le-pidio-a-monzo-apoyo-para-el-proyecto-de-la-universidad-nacional\/","og_site_name":"103.9 fm","article_publisher":"https:\/\/www.facebook.com\/ondauno103.9","article_published_time":"2025-10-17T21:58:14+00:00","article_modified_time":"2025-10-17T21:58:19+00:00","og_image":[{"width":1600,"height":1200,"url":"http:\/\/ondauno.com.ar\/wp-content\/uploads\/2023\/05\/Pablo-garate.jpeg","type":"image\/jpeg"}],"author":"OndaUno","twitter_card":"summary_large_image","twitter_misc":{"Escrito por":"OndaUno","Tiempo de lectura":"2 minutos"},"schema":{"@context":"https:\/\/schema.org","@graph":[{"@type":"WebPage","@id":"https:\/\/ondauno.com.ar\/index.php\/2025\/10\/17\/garate-le-pidio-a-monzo-apoyo-para-el-proyecto-de-la-universidad-nacional\/","url":"https:\/\/ondauno.com.ar\/index.php\/2025\/10\/17\/garate-le-pidio-a-monzo-apoyo-para-el-proyecto-de-la-universidad-nacional\/","name":"Garate le pidi\u00f3 a Monz\u00f3 apoyo para el proyecto de la Universidad Nacional - 103.9 fm","isPartOf":{"@id":"https:\/\/ondauno.com.ar\/#website"},"primaryImageOfPage":{"@id":"https:\/\/ondauno.com.ar\/index.php\/2025\/10\/17\/garate-le-pidio-a-monzo-apoyo-para-el-proyecto-de-la-universidad-nacional\/#primaryimage"},"image":{"@id":"https:\/\/ondauno.com.ar\/index.php\/2025\/10\/17\/garate-le-pidio-a-monzo-apoyo-para-el-proyecto-de-la-universidad-nacional\/#primaryimage"},"thumbnailUrl":"https:\/\/ondauno.com.ar\/wp-content\/uploads\/2023\/05\/Pablo-garate.jpeg","datePublished":"2025-10-17T21:58:14+00:00","dateModified":"2025-10-17T21:58:19+00:00","author":{"@id":"https:\/\/ondauno.com.ar\/#\/schema\/person\/7ec851ddeceb4133d7d7132dc645714e"},"breadcrumb":{"@id":"https:\/\/ondauno.com.ar\/index.php\/2025\/10\/17\/garate-le-pidio-a-monzo-apoyo-para-el-proyecto-de-la-universidad-nacional\/#breadcrumb"},"inLanguage":"es-AR","potentialAction":[{"@type":"ReadAction","target":["https:\/\/ondauno.com.ar\/index.php\/2025\/10\/17\/garate-le-pidio-a-monzo-apoyo-para-el-proyecto-de-la-universidad-nacional\/"]}]},{"@type":"ImageObject","inLanguage":"es-AR","@id":"https:\/\/ondauno.com.ar\/index.php\/2025\/10\/17\/garate-le-pidio-a-monzo-apoyo-para-el-proyecto-de-la-universidad-nacional\/#primaryimage","url":"https:\/\/ondauno.com.ar\/wp-content\/uploads\/2023\/05\/Pablo-garate.jpeg","contentUrl":"https:\/\/ondauno.com.ar\/wp-content\/uploads\/2023\/05\/Pablo-garate.jpeg","width":1600,"height":1200},{"@type":"BreadcrumbList","@id":"https:\/\/ondauno.com.ar\/index.php\/2025\/10\/17\/garate-le-pidio-a-monzo-apoyo-para-el-proyecto-de-la-universidad-nacional\/#breadcrumb","itemListElement":[{"@type":"ListItem","position":1,"name":"Inicio","item":"https:\/\/ondauno.com.ar\/"},{"@type":"ListItem","position":2,"name":"Garate le pidi\u00f3 a Monz\u00f3 apoyo para el proyecto de la Universidad Nacional"}]},{"@type":"WebSite","@id":"https:\/\/ondauno.com.ar\/#website","url":"https:\/\/ondauno.com.ar\/","name":"103.9 fm","description":"LA PRIMERA RADIO MULTIMEDIA DE TRES ARROYOS","potentialAction":[{"@type":"SearchAction","target":{"@type":"EntryPoint","urlTemplate":"https:\/\/ondauno.com.ar\/?s={search_term_string}"},"query-input":"required name=search_term_string"}],"inLanguage":"es-AR"},{"@type":"Person","@id":"https:\/\/ondauno.com.ar\/#\/schema\/person\/7ec851ddeceb4133d7d7132dc645714e","name":"OndaUno","image":{"@type":"ImageObject","inLanguage":"es-AR","@id":"https:\/\/ondauno.com.ar\/#\/schema\/person\/image\/","url":"https:\/\/secure.gravatar.com\/avatar\/93b8009f0de7021f1feb2bd5b32fb9e8?s=96&d=mm&r=g","contentUrl":"https:\/\/secure.gravatar.com\/avatar\/93b8009f0de7021f1feb2bd5b32fb9e8?s=96&d=mm&r=g","caption":"OndaUno"},"url":"https:\/\/ondauno.com.ar\/index.php\/author\/ondauno\/"}]}},"jetpack_publicize_connections":[],"jetpack_featured_media_url":"https:\/\/ondauno.com.ar\/wp-content\/uploads\/2023\/05\/Pablo-garate.jpeg","jetpack_sharing_enabled":true,"_links":{"self":[{"href":"https:\/\/ondauno.com.ar\/index.php\/wp-json\/wp\/v2\/posts\/61218","targetHints":{"allow":["GET"]}}],"collection":[{"href":"https:\/\/ondauno.com.ar\/index.php\/wp-json\/wp\/v2\/posts"}],"about":[{"href":"https:\/\/ondauno.com.ar\/index.php\/wp-json\/wp\/v2\/types\/post"}],"author":[{"embeddable":true,"href":"https:\/\/ondauno.com.ar\/index.php\/wp-json\/wp\/v2\/users\/1"}],"replies":[{"embeddable":true,"href":"https:\/\/ondauno.com.ar\/index.php\/wp-json\/wp\/v2\/comments?post=61218"}],"version-history":[{"count":1,"href":"https:\/\/ondauno.com.ar\/index.php\/wp-json\/wp\/v2\/posts\/61218\/revisions"}],"predecessor-version":[{"id":61219,"href":"https:\/\/ondauno.com.ar\/index.php\/wp-json\/wp\/v2\/posts\/61218\/revisions\/61219"}],"wp:featuredmedia":[{"embeddable":true,"href":"https:\/\/ondauno.com.ar\/index.php\/wp-json\/wp\/v2\/media\/40905"}],"wp:attachment":[{"href":"https:\/\/ondauno.com.ar\/index.php\/wp-json\/wp\/v2\/media?parent=61218"}],"wp:term":[{"taxonomy":"category","embeddable":true,"href":"https:\/\/ondauno.com.ar\/index.php\/wp-json\/wp\/v2\/categories?post=61218"},{"taxonomy":"post_tag","embeddable":true,"href":"https:\/\/ondauno.com.ar\/index.php\/wp-json\/wp\/v2\/tags?post=61218"}],"curies":[{"name":"wp","href":"https:\/\/api.w.org\/{rel}","templated":true}]}}