{"id":61209,"date":"2025-10-17T18:47:51","date_gmt":"2025-10-17T21:47:51","guid":{"rendered":"https:\/\/ondauno.com.ar\/?p=61209"},"modified":"2025-10-17T18:47:55","modified_gmt":"2025-10-17T21:47:55","slug":"otro-gran-fin-de-semana-para-disfrutar-de-reta-y-de-la-pausa-frente-al-mar","status":"publish","type":"post","link":"https:\/\/ondauno.com.ar\/index.php\/2025\/10\/17\/otro-gran-fin-de-semana-para-disfrutar-de-reta-y-de-la-pausa-frente-al-mar\/","title":{"rendered":"Otro gran fin de semana para disfrutar de Reta y de \u201cLa Pausa\u201d, frente al mar"},"content":{"rendered":"<div class=\"ondau-before-content_3\" style=\"margin-top: -30px;\" id=\"ondau-1644625387\"><a href=\"https:\/\/www.lps.com.ar\/\" aria-label=\"la-perse2\"><img loading=\"lazy\" decoding=\"async\" src=\"https:\/\/ondauno.com.ar\/wp-content\/uploads\/2021\/10\/la-perse2.jpg\" alt=\"\"  srcset=\"https:\/\/ondauno.com.ar\/wp-content\/uploads\/2021\/10\/la-perse2.jpg 1353w, https:\/\/ondauno.com.ar\/wp-content\/uploads\/2021\/10\/la-perse2-300x43.jpg 300w, https:\/\/ondauno.com.ar\/wp-content\/uploads\/2021\/10\/la-perse2-1024x148.jpg 1024w, https:\/\/ondauno.com.ar\/wp-content\/uploads\/2021\/10\/la-perse2-768x111.jpg 768w, https:\/\/ondauno.com.ar\/wp-content\/uploads\/2021\/10\/la-perse2-696x100.jpg 696w, https:\/\/ondauno.com.ar\/wp-content\/uploads\/2021\/10\/la-perse2-1068x154.jpg 1068w\" sizes=\"(max-width: 1353px) 100vw, 1353px\" class=\"no-lazyload\" width=\"1353\" height=\"195\"  style=\"display: inline-block;\" \/><\/a><\/div>\n<p>El buen clima vuelve a acompa\u00f1ar a la costa y desde el parador La Pausa, en Balneario Reta, su responsable Emmanuel Monforte destac\u00f3 que \u201cestamos disfrutando de d\u00edas espectaculares, bien soleados, con una brisa suave que hace m\u00e1s agradable el calor\u201d.<\/p>\n\n\n\n<p>Durante el fin de semana, el parador ofrecer\u00e1 servicio gastron\u00f3mico ampliado, desde las 10 de la ma\u00f1ana hasta las 20 horas. \u201cLa idea es que puedan venir a desayunar, almorzar, merendar o disfrutar de una picada marina frente al mar. De a poco se nota el clima primaveral y la gente tiene m\u00e1s ganas de disfrutar estas cosas\u201d, coment\u00f3 en Cosas que pasan.<\/p>\n\n\n\n<p>Adem\u00e1s se\u00f1al\u00f3 que la Fiesta del Mate y la Torta Frita en Copetonas atraer\u00e1 m\u00e1s visitantes a la zona. \u201cSumado al D\u00eda de la Madre, es una linda oportunidad para hacer algo distinto y agasajar a mam\u00e1 frente al mar\u201d, expres\u00f3.<\/p>\n\n\n\n<p>El referente de La Pausa tambi\u00e9n destac\u00f3 los atractivos naturales de Reta: \u201cLa alb\u00fafera est\u00e1 m\u00e1s llena, el arroyo del Gaucho ven\u00eda con m\u00e1s caudal, y siempre tratamos de mostrar lo lindo que tenemos. Nos gusta recibir gente y que disfruten lo que nosotros disfrutamos todos los d\u00edas\u201d.<\/p>\n\n\n\n<p>Pod\u00e9s escuchar la nota completa en el siguiente link:<\/p>\n\n\n\n<figure class=\"wp-block-embed is-type-video is-provider-youtube wp-block-embed-youtube wp-embed-aspect-16-9 wp-has-aspect-ratio\"><div class=\"wp-block-embed__wrapper\">\n<div class=\"youtube-embed\" data-video_id=\"qmujBBFzJ8w\"><iframe loading=\"lazy\" title=\"Onda Uno 103.9 en vivo\" width=\"696\" height=\"392\" data-src=\"https:\/\/www.youtube.com\/embed\/qmujBBFzJ8w?feature=oembed&#038;enablejsapi=1\" frameborder=\"0\" allow=\"accelerometer; autoplay; clipboard-write; encrypted-media; gyroscope; picture-in-picture; web-share\" referrerpolicy=\"strict-origin-when-cross-origin\" allowfullscreen src=\"data:image\/gif;base64,R0lGODlhAQABAAAAACH5BAEKAAEALAAAAAABAAEAAAICTAEAOw==\" class=\"lazyload\" data-load-mode=\"1\"><\/iframe><\/div>\n<\/div><\/figure>\n","protected":false},"excerpt":{"rendered":"<p>El buen clima vuelve a acompa\u00f1ar a la costa y desde el parador La Pausa, en Balneario Reta, su responsable Emmanuel Monforte destac\u00f3 que \u201cestamos disfrutando de d\u00edas espectaculares, bien soleados, con una brisa suave que hace m\u00e1s agradable el calor\u201d. Durante el fin de semana, el parador ofrecer\u00e1 servicio gastron\u00f3mico ampliado, desde las 10 [&hellip;]<\/p>\n","protected":false},"author":1,"featured_media":60168,"comment_status":"open","ping_status":"open","sticky":false,"template":"","format":"standard","meta":{"tdm_status":"","tdm_grid_status":"","_jetpack_memberships_contains_paid_content":false,"footnotes":"","jetpack_publicize_message":"","jetpack_publicize_feature_enabled":true,"jetpack_social_post_already_shared":true,"jetpack_social_options":{"image_generator_settings":{"template":"highway","default_image_id":0,"font":"","enabled":false},"version":2}},"categories":[28],"tags":[],"class_list":{"0":"post-61209","1":"post","2":"type-post","3":"status-publish","4":"format-standard","5":"has-post-thumbnail","7":"category-interes-general"},"yoast_head":"<!-- This site is optimized with the Yoast SEO plugin v22.7 - https:\/\/yoast.com\/wordpress\/plugins\/seo\/ -->\n<title>Otro gran fin de semana para disfrutar de Reta y de \u201cLa Pausa\u201d, frente al mar - 103.9 fm<\/title>\n<meta name=\"robots\" content=\"index, follow, max-snippet:-1, max-image-preview:large, max-video-preview:-1\" \/>\n<link rel=\"canonical\" href=\"https:\/\/ondauno.com.ar\/index.php\/2025\/10\/17\/otro-gran-fin-de-semana-para-disfrutar-de-reta-y-de-la-pausa-frente-al-mar\/\" \/>\n<meta property=\"og:locale\" content=\"es_ES\" \/>\n<meta property=\"og:type\" content=\"article\" \/>\n<meta property=\"og:title\" content=\"Otro gran fin de semana para disfrutar de Reta y de \u201cLa Pausa\u201d, frente al mar - 103.9 fm\" \/>\n<meta property=\"og:description\" content=\"El buen clima vuelve a acompa\u00f1ar a la costa y desde el parador La Pausa, en Balneario Reta, su responsable Emmanuel Monforte destac\u00f3 que \u201cestamos disfrutando de d\u00edas espectaculares, bien soleados, con una brisa suave que hace m\u00e1s agradable el calor\u201d. Durante el fin de semana, el parador ofrecer\u00e1 servicio gastron\u00f3mico ampliado, desde las 10 [&hellip;]\" \/>\n<meta property=\"og:url\" content=\"https:\/\/ondauno.com.ar\/index.php\/2025\/10\/17\/otro-gran-fin-de-semana-para-disfrutar-de-reta-y-de-la-pausa-frente-al-mar\/\" \/>\n<meta property=\"og:site_name\" content=\"103.9 fm\" \/>\n<meta property=\"article:publisher\" content=\"https:\/\/www.facebook.com\/ondauno103.9\" \/>\n<meta property=\"article:published_time\" content=\"2025-10-17T21:47:51+00:00\" \/>\n<meta property=\"article:modified_time\" content=\"2025-10-17T21:47:55+00:00\" \/>\n<meta property=\"og:image\" content=\"http:\/\/ondauno.com.ar\/wp-content\/uploads\/2025\/09\/pausa.jpeg\" \/>\n\t<meta property=\"og:image:width\" content=\"575\" \/>\n\t<meta property=\"og:image:height\" content=\"1280\" \/>\n\t<meta property=\"og:image:type\" content=\"image\/jpeg\" \/>\n<meta name=\"author\" content=\"OndaUno\" \/>\n<meta name=\"twitter:card\" content=\"summary_large_image\" \/>\n<meta name=\"twitter:label1\" content=\"Escrito por\" \/>\n\t<meta name=\"twitter:data1\" content=\"OndaUno\" \/>\n\t<meta name=\"twitter:label2\" content=\"Tiempo de lectura\" \/>\n\t<meta name=\"twitter:data2\" content=\"2 minutos\" \/>\n<script type=\"application\/ld+json\" class=\"yoast-schema-graph\">{\"@context\":\"https:\/\/schema.org\",\"@graph\":[{\"@type\":\"WebPage\",\"@id\":\"https:\/\/ondauno.com.ar\/index.php\/2025\/10\/17\/otro-gran-fin-de-semana-para-disfrutar-de-reta-y-de-la-pausa-frente-al-mar\/\",\"url\":\"https:\/\/ondauno.com.ar\/index.php\/2025\/10\/17\/otro-gran-fin-de-semana-para-disfrutar-de-reta-y-de-la-pausa-frente-al-mar\/\",\"name\":\"Otro gran fin de semana para disfrutar de Reta y de \u201cLa Pausa\u201d, frente al mar - 103.9 fm\",\"isPartOf\":{\"@id\":\"https:\/\/ondauno.com.ar\/#website\"},\"primaryImageOfPage\":{\"@id\":\"https:\/\/ondauno.com.ar\/index.php\/2025\/10\/17\/otro-gran-fin-de-semana-para-disfrutar-de-reta-y-de-la-pausa-frente-al-mar\/#primaryimage\"},\"image\":{\"@id\":\"https:\/\/ondauno.com.ar\/index.php\/2025\/10\/17\/otro-gran-fin-de-semana-para-disfrutar-de-reta-y-de-la-pausa-frente-al-mar\/#primaryimage\"},\"thumbnailUrl\":\"https:\/\/ondauno.com.ar\/wp-content\/uploads\/2025\/09\/pausa.jpeg\",\"datePublished\":\"2025-10-17T21:47:51+00:00\",\"dateModified\":\"2025-10-17T21:47:55+00:00\",\"author\":{\"@id\":\"https:\/\/ondauno.com.ar\/#\/schema\/person\/7ec851ddeceb4133d7d7132dc645714e\"},\"breadcrumb\":{\"@id\":\"https:\/\/ondauno.com.ar\/index.php\/2025\/10\/17\/otro-gran-fin-de-semana-para-disfrutar-de-reta-y-de-la-pausa-frente-al-mar\/#breadcrumb\"},\"inLanguage\":\"es-AR\",\"potentialAction\":[{\"@type\":\"ReadAction\",\"target\":[\"https:\/\/ondauno.com.ar\/index.php\/2025\/10\/17\/otro-gran-fin-de-semana-para-disfrutar-de-reta-y-de-la-pausa-frente-al-mar\/\"]}]},{\"@type\":\"ImageObject\",\"inLanguage\":\"es-AR\",\"@id\":\"https:\/\/ondauno.com.ar\/index.php\/2025\/10\/17\/otro-gran-fin-de-semana-para-disfrutar-de-reta-y-de-la-pausa-frente-al-mar\/#primaryimage\",\"url\":\"https:\/\/ondauno.com.ar\/wp-content\/uploads\/2025\/09\/pausa.jpeg\",\"contentUrl\":\"https:\/\/ondauno.com.ar\/wp-content\/uploads\/2025\/09\/pausa.jpeg\",\"width\":575,\"height\":1280},{\"@type\":\"BreadcrumbList\",\"@id\":\"https:\/\/ondauno.com.ar\/index.php\/2025\/10\/17\/otro-gran-fin-de-semana-para-disfrutar-de-reta-y-de-la-pausa-frente-al-mar\/#breadcrumb\",\"itemListElement\":[{\"@type\":\"ListItem\",\"position\":1,\"name\":\"Inicio\",\"item\":\"https:\/\/ondauno.com.ar\/\"},{\"@type\":\"ListItem\",\"position\":2,\"name\":\"Otro gran fin de semana para disfrutar de Reta y de \u201cLa Pausa\u201d, frente al mar\"}]},{\"@type\":\"WebSite\",\"@id\":\"https:\/\/ondauno.com.ar\/#website\",\"url\":\"https:\/\/ondauno.com.ar\/\",\"name\":\"103.9 fm\",\"description\":\"LA PRIMERA RADIO MULTIMEDIA DE TRES ARROYOS\",\"potentialAction\":[{\"@type\":\"SearchAction\",\"target\":{\"@type\":\"EntryPoint\",\"urlTemplate\":\"https:\/\/ondauno.com.ar\/?s={search_term_string}\"},\"query-input\":\"required name=search_term_string\"}],\"inLanguage\":\"es-AR\"},{\"@type\":\"Person\",\"@id\":\"https:\/\/ondauno.com.ar\/#\/schema\/person\/7ec851ddeceb4133d7d7132dc645714e\",\"name\":\"OndaUno\",\"image\":{\"@type\":\"ImageObject\",\"inLanguage\":\"es-AR\",\"@id\":\"https:\/\/ondauno.com.ar\/#\/schema\/person\/image\/\",\"url\":\"https:\/\/secure.gravatar.com\/avatar\/93b8009f0de7021f1feb2bd5b32fb9e8?s=96&d=mm&r=g\",\"contentUrl\":\"https:\/\/secure.gravatar.com\/avatar\/93b8009f0de7021f1feb2bd5b32fb9e8?s=96&d=mm&r=g\",\"caption\":\"OndaUno\"},\"url\":\"https:\/\/ondauno.com.ar\/index.php\/author\/ondauno\/\"}]}<\/script>\n<!-- \/ Yoast SEO plugin. -->","yoast_head_json":{"title":"Otro gran fin de semana para disfrutar de Reta y de \u201cLa Pausa\u201d, frente al mar - 103.9 fm","robots":{"index":"index","follow":"follow","max-snippet":"max-snippet:-1","max-image-preview":"max-image-preview:large","max-video-preview":"max-video-preview:-1"},"canonical":"https:\/\/ondauno.com.ar\/index.php\/2025\/10\/17\/otro-gran-fin-de-semana-para-disfrutar-de-reta-y-de-la-pausa-frente-al-mar\/","og_locale":"es_ES","og_type":"article","og_title":"Otro gran fin de semana para disfrutar de Reta y de \u201cLa Pausa\u201d, frente al mar - 103.9 fm","og_description":"El buen clima vuelve a acompa\u00f1ar a la costa y desde el parador La Pausa, en Balneario Reta, su responsable Emmanuel Monforte destac\u00f3 que \u201cestamos disfrutando de d\u00edas espectaculares, bien soleados, con una brisa suave que hace m\u00e1s agradable el calor\u201d. Durante el fin de semana, el parador ofrecer\u00e1 servicio gastron\u00f3mico ampliado, desde las 10 [&hellip;]","og_url":"https:\/\/ondauno.com.ar\/index.php\/2025\/10\/17\/otro-gran-fin-de-semana-para-disfrutar-de-reta-y-de-la-pausa-frente-al-mar\/","og_site_name":"103.9 fm","article_publisher":"https:\/\/www.facebook.com\/ondauno103.9","article_published_time":"2025-10-17T21:47:51+00:00","article_modified_time":"2025-10-17T21:47:55+00:00","og_image":[{"width":575,"height":1280,"url":"http:\/\/ondauno.com.ar\/wp-content\/uploads\/2025\/09\/pausa.jpeg","type":"image\/jpeg"}],"author":"OndaUno","twitter_card":"summary_large_image","twitter_misc":{"Escrito por":"OndaUno","Tiempo de lectura":"2 minutos"},"schema":{"@context":"https:\/\/schema.org","@graph":[{"@type":"WebPage","@id":"https:\/\/ondauno.com.ar\/index.php\/2025\/10\/17\/otro-gran-fin-de-semana-para-disfrutar-de-reta-y-de-la-pausa-frente-al-mar\/","url":"https:\/\/ondauno.com.ar\/index.php\/2025\/10\/17\/otro-gran-fin-de-semana-para-disfrutar-de-reta-y-de-la-pausa-frente-al-mar\/","name":"Otro gran fin de semana para disfrutar de Reta y de \u201cLa Pausa\u201d, frente al mar - 103.9 fm","isPartOf":{"@id":"https:\/\/ondauno.com.ar\/#website"},"primaryImageOfPage":{"@id":"https:\/\/ondauno.com.ar\/index.php\/2025\/10\/17\/otro-gran-fin-de-semana-para-disfrutar-de-reta-y-de-la-pausa-frente-al-mar\/#primaryimage"},"image":{"@id":"https:\/\/ondauno.com.ar\/index.php\/2025\/10\/17\/otro-gran-fin-de-semana-para-disfrutar-de-reta-y-de-la-pausa-frente-al-mar\/#primaryimage"},"thumbnailUrl":"https:\/\/ondauno.com.ar\/wp-content\/uploads\/2025\/09\/pausa.jpeg","datePublished":"2025-10-17T21:47:51+00:00","dateModified":"2025-10-17T21:47:55+00:00","author":{"@id":"https:\/\/ondauno.com.ar\/#\/schema\/person\/7ec851ddeceb4133d7d7132dc645714e"},"breadcrumb":{"@id":"https:\/\/ondauno.com.ar\/index.php\/2025\/10\/17\/otro-gran-fin-de-semana-para-disfrutar-de-reta-y-de-la-pausa-frente-al-mar\/#breadcrumb"},"inLanguage":"es-AR","potentialAction":[{"@type":"ReadAction","target":["https:\/\/ondauno.com.ar\/index.php\/2025\/10\/17\/otro-gran-fin-de-semana-para-disfrutar-de-reta-y-de-la-pausa-frente-al-mar\/"]}]},{"@type":"ImageObject","inLanguage":"es-AR","@id":"https:\/\/ondauno.com.ar\/index.php\/2025\/10\/17\/otro-gran-fin-de-semana-para-disfrutar-de-reta-y-de-la-pausa-frente-al-mar\/#primaryimage","url":"https:\/\/ondauno.com.ar\/wp-content\/uploads\/2025\/09\/pausa.jpeg","contentUrl":"https:\/\/ondauno.com.ar\/wp-content\/uploads\/2025\/09\/pausa.jpeg","width":575,"height":1280},{"@type":"BreadcrumbList","@id":"https:\/\/ondauno.com.ar\/index.php\/2025\/10\/17\/otro-gran-fin-de-semana-para-disfrutar-de-reta-y-de-la-pausa-frente-al-mar\/#breadcrumb","itemListElement":[{"@type":"ListItem","position":1,"name":"Inicio","item":"https:\/\/ondauno.com.ar\/"},{"@type":"ListItem","position":2,"name":"Otro gran fin de semana para disfrutar de Reta y de \u201cLa Pausa\u201d, frente al mar"}]},{"@type":"WebSite","@id":"https:\/\/ondauno.com.ar\/#website","url":"https:\/\/ondauno.com.ar\/","name":"103.9 fm","description":"LA PRIMERA RADIO MULTIMEDIA DE TRES ARROYOS","potentialAction":[{"@type":"SearchAction","target":{"@type":"EntryPoint","urlTemplate":"https:\/\/ondauno.com.ar\/?s={search_term_string}"},"query-input":"required name=search_term_string"}],"inLanguage":"es-AR"},{"@type":"Person","@id":"https:\/\/ondauno.com.ar\/#\/schema\/person\/7ec851ddeceb4133d7d7132dc645714e","name":"OndaUno","image":{"@type":"ImageObject","inLanguage":"es-AR","@id":"https:\/\/ondauno.com.ar\/#\/schema\/person\/image\/","url":"https:\/\/secure.gravatar.com\/avatar\/93b8009f0de7021f1feb2bd5b32fb9e8?s=96&d=mm&r=g","contentUrl":"https:\/\/secure.gravatar.com\/avatar\/93b8009f0de7021f1feb2bd5b32fb9e8?s=96&d=mm&r=g","caption":"OndaUno"},"url":"https:\/\/ondauno.com.ar\/index.php\/author\/ondauno\/"}]}},"jetpack_publicize_connections":[],"jetpack_featured_media_url":"https:\/\/ondauno.com.ar\/wp-content\/uploads\/2025\/09\/pausa.jpeg","jetpack_sharing_enabled":true,"_links":{"self":[{"href":"https:\/\/ondauno.com.ar\/index.php\/wp-json\/wp\/v2\/posts\/61209","targetHints":{"allow":["GET"]}}],"collection":[{"href":"https:\/\/ondauno.com.ar\/index.php\/wp-json\/wp\/v2\/posts"}],"about":[{"href":"https:\/\/ondauno.com.ar\/index.php\/wp-json\/wp\/v2\/types\/post"}],"author":[{"embeddable":true,"href":"https:\/\/ondauno.com.ar\/index.php\/wp-json\/wp\/v2\/users\/1"}],"replies":[{"embeddable":true,"href":"https:\/\/ondauno.com.ar\/index.php\/wp-json\/wp\/v2\/comments?post=61209"}],"version-history":[{"count":1,"href":"https:\/\/ondauno.com.ar\/index.php\/wp-json\/wp\/v2\/posts\/61209\/revisions"}],"predecessor-version":[{"id":61210,"href":"https:\/\/ondauno.com.ar\/index.php\/wp-json\/wp\/v2\/posts\/61209\/revisions\/61210"}],"wp:featuredmedia":[{"embeddable":true,"href":"https:\/\/ondauno.com.ar\/index.php\/wp-json\/wp\/v2\/media\/60168"}],"wp:attachment":[{"href":"https:\/\/ondauno.com.ar\/index.php\/wp-json\/wp\/v2\/media?parent=61209"}],"wp:term":[{"taxonomy":"category","embeddable":true,"href":"https:\/\/ondauno.com.ar\/index.php\/wp-json\/wp\/v2\/categories?post=61209"},{"taxonomy":"post_tag","embeddable":true,"href":"https:\/\/ondauno.com.ar\/index.php\/wp-json\/wp\/v2\/tags?post=61209"}],"curies":[{"name":"wp","href":"https:\/\/api.w.org\/{rel}","templated":true}]}}