{"id":61185,"date":"2025-10-17T16:04:19","date_gmt":"2025-10-17T19:04:19","guid":{"rendered":"https:\/\/ondauno.com.ar\/?p=61185"},"modified":"2025-10-17T16:04:23","modified_gmt":"2025-10-17T19:04:23","slug":"agredio-a-su-pareja-y-fue-trasladado-a-la-comisaria-primera","status":"publish","type":"post","link":"https:\/\/ondauno.com.ar\/index.php\/2025\/10\/17\/agredio-a-su-pareja-y-fue-trasladado-a-la-comisaria-primera\/","title":{"rendered":"Agredi\u00f3 a su pareja y fue trasladado a la Comisar\u00eda Primera"},"content":{"rendered":"<div class=\"ondau-before-content_3\" style=\"margin-top: -30px;\" id=\"ondau-4203500734\"><a href=\"https:\/\/www.lps.com.ar\/\" aria-label=\"la-perse2\"><img loading=\"lazy\" decoding=\"async\" src=\"https:\/\/ondauno.com.ar\/wp-content\/uploads\/2021\/10\/la-perse2.jpg\" alt=\"\"  srcset=\"https:\/\/ondauno.com.ar\/wp-content\/uploads\/2021\/10\/la-perse2.jpg 1353w, https:\/\/ondauno.com.ar\/wp-content\/uploads\/2021\/10\/la-perse2-300x43.jpg 300w, https:\/\/ondauno.com.ar\/wp-content\/uploads\/2021\/10\/la-perse2-1024x148.jpg 1024w, https:\/\/ondauno.com.ar\/wp-content\/uploads\/2021\/10\/la-perse2-768x111.jpg 768w, https:\/\/ondauno.com.ar\/wp-content\/uploads\/2021\/10\/la-perse2-696x100.jpg 696w, https:\/\/ondauno.com.ar\/wp-content\/uploads\/2021\/10\/la-perse2-1068x154.jpg 1068w\" sizes=\"(max-width: 1353px) 100vw, 1353px\" class=\"no-lazyload\" width=\"1353\" height=\"195\"  style=\"display: inline-block;\" \/><\/a><\/div>\n<p>Un joven de 21 a\u00f1os fue trasladado a la Comisar\u00eda Primera luego de agredir a su pareja, una mujer de 22 a\u00f1os, en una vivienda ubicada en calle Mar del Plata al 700 de Tres Arroyos.<\/p>\n\n\n\n<p>Seg\u00fan informaron fuentes policiales, el hecho ocurri\u00f3 hoy viernes al mediod\u00eda, cuando el agresor tom\u00f3 fuertemente del cabello y empuj\u00f3 a la v\u00edctima, provoc\u00e1ndole lesiones leves en el cuero cabelludo.<\/p>\n\n\n\n<p>Tras el episodio, la mujer fue asistida y trasladada a la Comisar\u00eda de la Mujer y la Familia, donde recibi\u00f3 contenci\u00f3n y brind\u00f3 declaraci\u00f3n testimonial.<\/p>\n\n\n\n<p>El joven permanece a disposici\u00f3n de la UFI N.\u00ba 6, a cargo de la Dra. Ramos, por el delito de lesiones leves agravadas por el v\u00ednculo e infracci\u00f3n a la Ley 12.569.<\/p>\n","protected":false},"excerpt":{"rendered":"<p>Un joven de 21 a\u00f1os fue trasladado a la Comisar\u00eda Primera luego de agredir a su pareja, una mujer de 22 a\u00f1os, en una vivienda ubicada en calle Mar del Plata al 700 de Tres Arroyos. Seg\u00fan informaron fuentes policiales, el hecho ocurri\u00f3 hoy viernes al mediod\u00eda, cuando el agresor tom\u00f3 fuertemente del cabello y [&hellip;]<\/p>\n","protected":false},"author":1,"featured_media":61186,"comment_status":"open","ping_status":"open","sticky":false,"template":"","format":"standard","meta":{"tdm_status":"","tdm_grid_status":"","_jetpack_memberships_contains_paid_content":false,"footnotes":"","jetpack_publicize_message":"","jetpack_publicize_feature_enabled":true,"jetpack_social_post_already_shared":true,"jetpack_social_options":{"image_generator_settings":{"template":"highway","default_image_id":0,"font":"","enabled":false},"version":2}},"categories":[29],"tags":[],"class_list":{"0":"post-61185","1":"post","2":"type-post","3":"status-publish","4":"format-standard","5":"has-post-thumbnail","7":"category-policiales"},"yoast_head":"<!-- This site is optimized with the Yoast SEO plugin v22.7 - https:\/\/yoast.com\/wordpress\/plugins\/seo\/ -->\n<title>Agredi\u00f3 a su pareja y fue trasladado a la Comisar\u00eda Primera - 103.9 fm<\/title>\n<meta name=\"robots\" content=\"index, follow, max-snippet:-1, max-image-preview:large, max-video-preview:-1\" \/>\n<link rel=\"canonical\" href=\"https:\/\/ondauno.com.ar\/index.php\/2025\/10\/17\/agredio-a-su-pareja-y-fue-trasladado-a-la-comisaria-primera\/\" \/>\n<meta property=\"og:locale\" content=\"es_ES\" \/>\n<meta property=\"og:type\" content=\"article\" \/>\n<meta property=\"og:title\" content=\"Agredi\u00f3 a su pareja y fue trasladado a la Comisar\u00eda Primera - 103.9 fm\" \/>\n<meta property=\"og:description\" content=\"Un joven de 21 a\u00f1os fue trasladado a la Comisar\u00eda Primera luego de agredir a su pareja, una mujer de 22 a\u00f1os, en una vivienda ubicada en calle Mar del Plata al 700 de Tres Arroyos. Seg\u00fan informaron fuentes policiales, el hecho ocurri\u00f3 hoy viernes al mediod\u00eda, cuando el agresor tom\u00f3 fuertemente del cabello y [&hellip;]\" \/>\n<meta property=\"og:url\" content=\"https:\/\/ondauno.com.ar\/index.php\/2025\/10\/17\/agredio-a-su-pareja-y-fue-trasladado-a-la-comisaria-primera\/\" \/>\n<meta property=\"og:site_name\" content=\"103.9 fm\" \/>\n<meta property=\"article:publisher\" content=\"https:\/\/www.facebook.com\/ondauno103.9\" \/>\n<meta property=\"article:published_time\" content=\"2025-10-17T19:04:19+00:00\" \/>\n<meta property=\"article:modified_time\" content=\"2025-10-17T19:04:23+00:00\" \/>\n<meta property=\"og:image\" content=\"http:\/\/ondauno.com.ar\/wp-content\/uploads\/2025\/10\/WhatsApp-Image-2025-10-17-at-15.51.31.jpeg\" \/>\n\t<meta property=\"og:image:width\" content=\"899\" \/>\n\t<meta property=\"og:image:height\" content=\"1599\" \/>\n\t<meta property=\"og:image:type\" content=\"image\/jpeg\" \/>\n<meta name=\"author\" content=\"OndaUno\" \/>\n<meta name=\"twitter:card\" content=\"summary_large_image\" \/>\n<meta name=\"twitter:label1\" content=\"Escrito por\" \/>\n\t<meta name=\"twitter:data1\" content=\"OndaUno\" \/>\n\t<meta name=\"twitter:label2\" content=\"Tiempo de lectura\" \/>\n\t<meta name=\"twitter:data2\" content=\"1 minuto\" \/>\n<script type=\"application\/ld+json\" class=\"yoast-schema-graph\">{\"@context\":\"https:\/\/schema.org\",\"@graph\":[{\"@type\":\"WebPage\",\"@id\":\"https:\/\/ondauno.com.ar\/index.php\/2025\/10\/17\/agredio-a-su-pareja-y-fue-trasladado-a-la-comisaria-primera\/\",\"url\":\"https:\/\/ondauno.com.ar\/index.php\/2025\/10\/17\/agredio-a-su-pareja-y-fue-trasladado-a-la-comisaria-primera\/\",\"name\":\"Agredi\u00f3 a su pareja y fue trasladado a la Comisar\u00eda Primera - 103.9 fm\",\"isPartOf\":{\"@id\":\"https:\/\/ondauno.com.ar\/#website\"},\"primaryImageOfPage\":{\"@id\":\"https:\/\/ondauno.com.ar\/index.php\/2025\/10\/17\/agredio-a-su-pareja-y-fue-trasladado-a-la-comisaria-primera\/#primaryimage\"},\"image\":{\"@id\":\"https:\/\/ondauno.com.ar\/index.php\/2025\/10\/17\/agredio-a-su-pareja-y-fue-trasladado-a-la-comisaria-primera\/#primaryimage\"},\"thumbnailUrl\":\"https:\/\/ondauno.com.ar\/wp-content\/uploads\/2025\/10\/WhatsApp-Image-2025-10-17-at-15.51.31.jpeg\",\"datePublished\":\"2025-10-17T19:04:19+00:00\",\"dateModified\":\"2025-10-17T19:04:23+00:00\",\"author\":{\"@id\":\"https:\/\/ondauno.com.ar\/#\/schema\/person\/7ec851ddeceb4133d7d7132dc645714e\"},\"breadcrumb\":{\"@id\":\"https:\/\/ondauno.com.ar\/index.php\/2025\/10\/17\/agredio-a-su-pareja-y-fue-trasladado-a-la-comisaria-primera\/#breadcrumb\"},\"inLanguage\":\"es-AR\",\"potentialAction\":[{\"@type\":\"ReadAction\",\"target\":[\"https:\/\/ondauno.com.ar\/index.php\/2025\/10\/17\/agredio-a-su-pareja-y-fue-trasladado-a-la-comisaria-primera\/\"]}]},{\"@type\":\"ImageObject\",\"inLanguage\":\"es-AR\",\"@id\":\"https:\/\/ondauno.com.ar\/index.php\/2025\/10\/17\/agredio-a-su-pareja-y-fue-trasladado-a-la-comisaria-primera\/#primaryimage\",\"url\":\"https:\/\/ondauno.com.ar\/wp-content\/uploads\/2025\/10\/WhatsApp-Image-2025-10-17-at-15.51.31.jpeg\",\"contentUrl\":\"https:\/\/ondauno.com.ar\/wp-content\/uploads\/2025\/10\/WhatsApp-Image-2025-10-17-at-15.51.31.jpeg\",\"width\":899,\"height\":1599},{\"@type\":\"BreadcrumbList\",\"@id\":\"https:\/\/ondauno.com.ar\/index.php\/2025\/10\/17\/agredio-a-su-pareja-y-fue-trasladado-a-la-comisaria-primera\/#breadcrumb\",\"itemListElement\":[{\"@type\":\"ListItem\",\"position\":1,\"name\":\"Inicio\",\"item\":\"https:\/\/ondauno.com.ar\/\"},{\"@type\":\"ListItem\",\"position\":2,\"name\":\"Agredi\u00f3 a su pareja y fue trasladado a la Comisar\u00eda Primera\"}]},{\"@type\":\"WebSite\",\"@id\":\"https:\/\/ondauno.com.ar\/#website\",\"url\":\"https:\/\/ondauno.com.ar\/\",\"name\":\"103.9 fm\",\"description\":\"LA PRIMERA RADIO MULTIMEDIA DE TRES ARROYOS\",\"potentialAction\":[{\"@type\":\"SearchAction\",\"target\":{\"@type\":\"EntryPoint\",\"urlTemplate\":\"https:\/\/ondauno.com.ar\/?s={search_term_string}\"},\"query-input\":\"required name=search_term_string\"}],\"inLanguage\":\"es-AR\"},{\"@type\":\"Person\",\"@id\":\"https:\/\/ondauno.com.ar\/#\/schema\/person\/7ec851ddeceb4133d7d7132dc645714e\",\"name\":\"OndaUno\",\"image\":{\"@type\":\"ImageObject\",\"inLanguage\":\"es-AR\",\"@id\":\"https:\/\/ondauno.com.ar\/#\/schema\/person\/image\/\",\"url\":\"https:\/\/secure.gravatar.com\/avatar\/93b8009f0de7021f1feb2bd5b32fb9e8?s=96&d=mm&r=g\",\"contentUrl\":\"https:\/\/secure.gravatar.com\/avatar\/93b8009f0de7021f1feb2bd5b32fb9e8?s=96&d=mm&r=g\",\"caption\":\"OndaUno\"},\"url\":\"https:\/\/ondauno.com.ar\/index.php\/author\/ondauno\/\"}]}<\/script>\n<!-- \/ Yoast SEO plugin. -->","yoast_head_json":{"title":"Agredi\u00f3 a su pareja y fue trasladado a la Comisar\u00eda Primera - 103.9 fm","robots":{"index":"index","follow":"follow","max-snippet":"max-snippet:-1","max-image-preview":"max-image-preview:large","max-video-preview":"max-video-preview:-1"},"canonical":"https:\/\/ondauno.com.ar\/index.php\/2025\/10\/17\/agredio-a-su-pareja-y-fue-trasladado-a-la-comisaria-primera\/","og_locale":"es_ES","og_type":"article","og_title":"Agredi\u00f3 a su pareja y fue trasladado a la Comisar\u00eda Primera - 103.9 fm","og_description":"Un joven de 21 a\u00f1os fue trasladado a la Comisar\u00eda Primera luego de agredir a su pareja, una mujer de 22 a\u00f1os, en una vivienda ubicada en calle Mar del Plata al 700 de Tres Arroyos. Seg\u00fan informaron fuentes policiales, el hecho ocurri\u00f3 hoy viernes al mediod\u00eda, cuando el agresor tom\u00f3 fuertemente del cabello y [&hellip;]","og_url":"https:\/\/ondauno.com.ar\/index.php\/2025\/10\/17\/agredio-a-su-pareja-y-fue-trasladado-a-la-comisaria-primera\/","og_site_name":"103.9 fm","article_publisher":"https:\/\/www.facebook.com\/ondauno103.9","article_published_time":"2025-10-17T19:04:19+00:00","article_modified_time":"2025-10-17T19:04:23+00:00","og_image":[{"width":899,"height":1599,"url":"http:\/\/ondauno.com.ar\/wp-content\/uploads\/2025\/10\/WhatsApp-Image-2025-10-17-at-15.51.31.jpeg","type":"image\/jpeg"}],"author":"OndaUno","twitter_card":"summary_large_image","twitter_misc":{"Escrito por":"OndaUno","Tiempo de lectura":"1 minuto"},"schema":{"@context":"https:\/\/schema.org","@graph":[{"@type":"WebPage","@id":"https:\/\/ondauno.com.ar\/index.php\/2025\/10\/17\/agredio-a-su-pareja-y-fue-trasladado-a-la-comisaria-primera\/","url":"https:\/\/ondauno.com.ar\/index.php\/2025\/10\/17\/agredio-a-su-pareja-y-fue-trasladado-a-la-comisaria-primera\/","name":"Agredi\u00f3 a su pareja y fue trasladado a la Comisar\u00eda Primera - 103.9 fm","isPartOf":{"@id":"https:\/\/ondauno.com.ar\/#website"},"primaryImageOfPage":{"@id":"https:\/\/ondauno.com.ar\/index.php\/2025\/10\/17\/agredio-a-su-pareja-y-fue-trasladado-a-la-comisaria-primera\/#primaryimage"},"image":{"@id":"https:\/\/ondauno.com.ar\/index.php\/2025\/10\/17\/agredio-a-su-pareja-y-fue-trasladado-a-la-comisaria-primera\/#primaryimage"},"thumbnailUrl":"https:\/\/ondauno.com.ar\/wp-content\/uploads\/2025\/10\/WhatsApp-Image-2025-10-17-at-15.51.31.jpeg","datePublished":"2025-10-17T19:04:19+00:00","dateModified":"2025-10-17T19:04:23+00:00","author":{"@id":"https:\/\/ondauno.com.ar\/#\/schema\/person\/7ec851ddeceb4133d7d7132dc645714e"},"breadcrumb":{"@id":"https:\/\/ondauno.com.ar\/index.php\/2025\/10\/17\/agredio-a-su-pareja-y-fue-trasladado-a-la-comisaria-primera\/#breadcrumb"},"inLanguage":"es-AR","potentialAction":[{"@type":"ReadAction","target":["https:\/\/ondauno.com.ar\/index.php\/2025\/10\/17\/agredio-a-su-pareja-y-fue-trasladado-a-la-comisaria-primera\/"]}]},{"@type":"ImageObject","inLanguage":"es-AR","@id":"https:\/\/ondauno.com.ar\/index.php\/2025\/10\/17\/agredio-a-su-pareja-y-fue-trasladado-a-la-comisaria-primera\/#primaryimage","url":"https:\/\/ondauno.com.ar\/wp-content\/uploads\/2025\/10\/WhatsApp-Image-2025-10-17-at-15.51.31.jpeg","contentUrl":"https:\/\/ondauno.com.ar\/wp-content\/uploads\/2025\/10\/WhatsApp-Image-2025-10-17-at-15.51.31.jpeg","width":899,"height":1599},{"@type":"BreadcrumbList","@id":"https:\/\/ondauno.com.ar\/index.php\/2025\/10\/17\/agredio-a-su-pareja-y-fue-trasladado-a-la-comisaria-primera\/#breadcrumb","itemListElement":[{"@type":"ListItem","position":1,"name":"Inicio","item":"https:\/\/ondauno.com.ar\/"},{"@type":"ListItem","position":2,"name":"Agredi\u00f3 a su pareja y fue trasladado a la Comisar\u00eda Primera"}]},{"@type":"WebSite","@id":"https:\/\/ondauno.com.ar\/#website","url":"https:\/\/ondauno.com.ar\/","name":"103.9 fm","description":"LA PRIMERA RADIO MULTIMEDIA DE TRES ARROYOS","potentialAction":[{"@type":"SearchAction","target":{"@type":"EntryPoint","urlTemplate":"https:\/\/ondauno.com.ar\/?s={search_term_string}"},"query-input":"required name=search_term_string"}],"inLanguage":"es-AR"},{"@type":"Person","@id":"https:\/\/ondauno.com.ar\/#\/schema\/person\/7ec851ddeceb4133d7d7132dc645714e","name":"OndaUno","image":{"@type":"ImageObject","inLanguage":"es-AR","@id":"https:\/\/ondauno.com.ar\/#\/schema\/person\/image\/","url":"https:\/\/secure.gravatar.com\/avatar\/93b8009f0de7021f1feb2bd5b32fb9e8?s=96&d=mm&r=g","contentUrl":"https:\/\/secure.gravatar.com\/avatar\/93b8009f0de7021f1feb2bd5b32fb9e8?s=96&d=mm&r=g","caption":"OndaUno"},"url":"https:\/\/ondauno.com.ar\/index.php\/author\/ondauno\/"}]}},"jetpack_publicize_connections":[],"jetpack_featured_media_url":"https:\/\/ondauno.com.ar\/wp-content\/uploads\/2025\/10\/WhatsApp-Image-2025-10-17-at-15.51.31.jpeg","jetpack_sharing_enabled":true,"_links":{"self":[{"href":"https:\/\/ondauno.com.ar\/index.php\/wp-json\/wp\/v2\/posts\/61185","targetHints":{"allow":["GET"]}}],"collection":[{"href":"https:\/\/ondauno.com.ar\/index.php\/wp-json\/wp\/v2\/posts"}],"about":[{"href":"https:\/\/ondauno.com.ar\/index.php\/wp-json\/wp\/v2\/types\/post"}],"author":[{"embeddable":true,"href":"https:\/\/ondauno.com.ar\/index.php\/wp-json\/wp\/v2\/users\/1"}],"replies":[{"embeddable":true,"href":"https:\/\/ondauno.com.ar\/index.php\/wp-json\/wp\/v2\/comments?post=61185"}],"version-history":[{"count":1,"href":"https:\/\/ondauno.com.ar\/index.php\/wp-json\/wp\/v2\/posts\/61185\/revisions"}],"predecessor-version":[{"id":61187,"href":"https:\/\/ondauno.com.ar\/index.php\/wp-json\/wp\/v2\/posts\/61185\/revisions\/61187"}],"wp:featuredmedia":[{"embeddable":true,"href":"https:\/\/ondauno.com.ar\/index.php\/wp-json\/wp\/v2\/media\/61186"}],"wp:attachment":[{"href":"https:\/\/ondauno.com.ar\/index.php\/wp-json\/wp\/v2\/media?parent=61185"}],"wp:term":[{"taxonomy":"category","embeddable":true,"href":"https:\/\/ondauno.com.ar\/index.php\/wp-json\/wp\/v2\/categories?post=61185"},{"taxonomy":"post_tag","embeddable":true,"href":"https:\/\/ondauno.com.ar\/index.php\/wp-json\/wp\/v2\/tags?post=61185"}],"curies":[{"name":"wp","href":"https:\/\/api.w.org\/{rel}","templated":true}]}}