{"id":61159,"date":"2025-10-16T18:17:07","date_gmt":"2025-10-16T21:17:07","guid":{"rendered":"https:\/\/ondauno.com.ar\/?p=61159"},"modified":"2025-10-16T18:17:11","modified_gmt":"2025-10-16T21:17:11","slug":"el-concejo-aprobo-por-mayoria-una-suba-escalonada-de-tasas-entre-noviembre-y-diciembre-del-20","status":"publish","type":"post","link":"https:\/\/ondauno.com.ar\/index.php\/2025\/10\/16\/el-concejo-aprobo-por-mayoria-una-suba-escalonada-de-tasas-entre-noviembre-y-diciembre-del-20\/","title":{"rendered":"El Concejo aprob\u00f3 por mayor\u00eda una suba escalonada de tasas entre noviembre y diciembre del 20 %"},"content":{"rendered":"<div class=\"ondau-before-content_3\" style=\"margin-top: -30px;\" id=\"ondau-440965641\"><a href=\"https:\/\/www.lps.com.ar\/\" aria-label=\"la-perse2\"><img loading=\"lazy\" decoding=\"async\" src=\"https:\/\/ondauno.com.ar\/wp-content\/uploads\/2021\/10\/la-perse2.jpg\" alt=\"\"  srcset=\"https:\/\/ondauno.com.ar\/wp-content\/uploads\/2021\/10\/la-perse2.jpg 1353w, https:\/\/ondauno.com.ar\/wp-content\/uploads\/2021\/10\/la-perse2-300x43.jpg 300w, https:\/\/ondauno.com.ar\/wp-content\/uploads\/2021\/10\/la-perse2-1024x148.jpg 1024w, https:\/\/ondauno.com.ar\/wp-content\/uploads\/2021\/10\/la-perse2-768x111.jpg 768w, https:\/\/ondauno.com.ar\/wp-content\/uploads\/2021\/10\/la-perse2-696x100.jpg 696w, https:\/\/ondauno.com.ar\/wp-content\/uploads\/2021\/10\/la-perse2-1068x154.jpg 1068w\" sizes=\"(max-width: 1353px) 100vw, 1353px\" class=\"no-lazyload\" width=\"1353\" height=\"195\"  style=\"display: inline-block;\" \/><\/a><\/div>\n<p>Cumpliendo con la Ordenanza N\u00b07485, el Honorable Concejo Deliberante de Tres Arroyos sesion\u00f3 esta ma\u00f1ana en la localidad de Orense, gracias a la Escuela Secundaria N\u00b08 que prest\u00f3 las instalaciones para el desarrollo del encuentro legislativo.<\/p>\n\n\n\n<p>Antes de comenzar la sesi\u00f3n, la vecina Sandra Dolad\u00e9 y la estudiante Eugenia Mainz hicieron uso de la Banca Ciudadana para presentar dos proyectos de puesta en valor de las plazas de Orense. En primer lugar, la vecina solicit\u00f3 el arreglo de los juegos de la Plaza San Mart\u00edn, y luego la estudiante present\u00f3 un proyecto para arreglar la plaza Jard\u00edn de la Paz \u2013propuesta que anteriormente hab\u00eda llevado al HCD Estudiantil en la edici\u00f3n de este a\u00f1o-.<br>Iniciada la sesi\u00f3n, de los despachos de la Comisi\u00f3n de Legislaci\u00f3n, Interpretaci\u00f3n y Acuerdos, se aprob\u00f3 por unanimidad el pedido de licencia de la concejal Roxana Calvo, y luego tom\u00f3 juramento el Concejal Suplente Andr\u00e9s Van der Horst, quien ocupar\u00e1 su banca durante el per\u00edodo que se ausente. Luego se aprob\u00f3 por unanimidad el decreto de ratificaci\u00f3n de la lista de Mayores Contribuyentes.<\/p>\n\n\n\n<p>Por otro lado, se aprob\u00f3 por unanimidad el proyecto para nombrar el Predio Municipal de Deportes, quedando este como \u201cCiudad de Tres Arroyos\u201d, el Polideportivo Municipal como \u201cCarlos Alberto Rivada\u201d y el Natatorio Municipal como \u201cHir\u00e1m Silvestre Stefanini\u201d.<\/p>\n\n\n\n<p>Continuando con el orden del d\u00eda, se trat\u00f3 el proyecto de ordenanza de Juntos por el Cambio para crear el C\u00f3digo de Integridad para todo el \u00e1mbito del sector p\u00fablico municipal de Tres Arroyos, que se vot\u00f3 el pase a comisi\u00f3n nuevamente para continuar su tratamiento.<\/p>\n\n\n\n<figure class=\"wp-block-gallery has-nested-images columns-default is-cropped wp-block-gallery-1 is-layout-flex wp-block-gallery-is-layout-flex\">\n<figure class=\"wp-block-image size-large\"><img loading=\"lazy\" decoding=\"async\" width=\"1024\" height=\"576\" data-id=\"61161\" data-src=\"https:\/\/ondauno.com.ar\/wp-content\/uploads\/2025\/10\/WhatsApp-Image-2025-10-16-at-17.08.24-1-1024x576.jpeg\" alt=\"\" class=\"wp-image-61161 lazyload\" data-srcset=\"https:\/\/ondauno.com.ar\/wp-content\/uploads\/2025\/10\/WhatsApp-Image-2025-10-16-at-17.08.24-1-1024x576.jpeg 1024w, https:\/\/ondauno.com.ar\/wp-content\/uploads\/2025\/10\/WhatsApp-Image-2025-10-16-at-17.08.24-1-300x169.jpeg 300w, https:\/\/ondauno.com.ar\/wp-content\/uploads\/2025\/10\/WhatsApp-Image-2025-10-16-at-17.08.24-1-768x432.jpeg 768w, https:\/\/ondauno.com.ar\/wp-content\/uploads\/2025\/10\/WhatsApp-Image-2025-10-16-at-17.08.24-1-747x420.jpeg 747w, https:\/\/ondauno.com.ar\/wp-content\/uploads\/2025\/10\/WhatsApp-Image-2025-10-16-at-17.08.24-1-696x392.jpeg 696w, https:\/\/ondauno.com.ar\/wp-content\/uploads\/2025\/10\/WhatsApp-Image-2025-10-16-at-17.08.24-1-1068x601.jpeg 1068w, https:\/\/ondauno.com.ar\/wp-content\/uploads\/2025\/10\/WhatsApp-Image-2025-10-16-at-17.08.24-1.jpeg 1280w\" data-sizes=\"auto, (max-width: 1024px) 100vw, 1024px\" src=\"data:image\/gif;base64,R0lGODlhAQABAAAAACH5BAEKAAEALAAAAAABAAEAAAICTAEAOw==\" style=\"--smush-placeholder-width: 1024px; --smush-placeholder-aspect-ratio: 1024\/576;\" \/><noscript><img loading=\"lazy\" decoding=\"async\" width=\"1024\" height=\"576\" data-id=\"61161\" src=\"https:\/\/ondauno.com.ar\/wp-content\/uploads\/2025\/10\/WhatsApp-Image-2025-10-16-at-17.08.24-1-1024x576.jpeg\" alt=\"\" class=\"wp-image-61161\" srcset=\"https:\/\/ondauno.com.ar\/wp-content\/uploads\/2025\/10\/WhatsApp-Image-2025-10-16-at-17.08.24-1-1024x576.jpeg 1024w, https:\/\/ondauno.com.ar\/wp-content\/uploads\/2025\/10\/WhatsApp-Image-2025-10-16-at-17.08.24-1-300x169.jpeg 300w, https:\/\/ondauno.com.ar\/wp-content\/uploads\/2025\/10\/WhatsApp-Image-2025-10-16-at-17.08.24-1-768x432.jpeg 768w, https:\/\/ondauno.com.ar\/wp-content\/uploads\/2025\/10\/WhatsApp-Image-2025-10-16-at-17.08.24-1-747x420.jpeg 747w, https:\/\/ondauno.com.ar\/wp-content\/uploads\/2025\/10\/WhatsApp-Image-2025-10-16-at-17.08.24-1-696x392.jpeg 696w, https:\/\/ondauno.com.ar\/wp-content\/uploads\/2025\/10\/WhatsApp-Image-2025-10-16-at-17.08.24-1-1068x601.jpeg 1068w, https:\/\/ondauno.com.ar\/wp-content\/uploads\/2025\/10\/WhatsApp-Image-2025-10-16-at-17.08.24-1.jpeg 1280w\" sizes=\"auto, (max-width: 1024px) 100vw, 1024px\" \/><\/noscript><\/figure>\n\n\n\n<figure class=\"wp-block-image size-large\"><img loading=\"lazy\" decoding=\"async\" width=\"1024\" height=\"576\" data-id=\"61163\" data-src=\"https:\/\/ondauno.com.ar\/wp-content\/uploads\/2025\/10\/WhatsApp-Image-2025-10-16-at-17.08.24-1024x576.jpeg\" alt=\"\" class=\"wp-image-61163 lazyload\" data-srcset=\"https:\/\/ondauno.com.ar\/wp-content\/uploads\/2025\/10\/WhatsApp-Image-2025-10-16-at-17.08.24-1024x576.jpeg 1024w, https:\/\/ondauno.com.ar\/wp-content\/uploads\/2025\/10\/WhatsApp-Image-2025-10-16-at-17.08.24-300x169.jpeg 300w, https:\/\/ondauno.com.ar\/wp-content\/uploads\/2025\/10\/WhatsApp-Image-2025-10-16-at-17.08.24-768x432.jpeg 768w, https:\/\/ondauno.com.ar\/wp-content\/uploads\/2025\/10\/WhatsApp-Image-2025-10-16-at-17.08.24-747x420.jpeg 747w, https:\/\/ondauno.com.ar\/wp-content\/uploads\/2025\/10\/WhatsApp-Image-2025-10-16-at-17.08.24-696x392.jpeg 696w, https:\/\/ondauno.com.ar\/wp-content\/uploads\/2025\/10\/WhatsApp-Image-2025-10-16-at-17.08.24-1068x601.jpeg 1068w, https:\/\/ondauno.com.ar\/wp-content\/uploads\/2025\/10\/WhatsApp-Image-2025-10-16-at-17.08.24.jpeg 1280w\" data-sizes=\"auto, (max-width: 1024px) 100vw, 1024px\" src=\"data:image\/gif;base64,R0lGODlhAQABAAAAACH5BAEKAAEALAAAAAABAAEAAAICTAEAOw==\" style=\"--smush-placeholder-width: 1024px; --smush-placeholder-aspect-ratio: 1024\/576;\" \/><noscript><img loading=\"lazy\" decoding=\"async\" width=\"1024\" height=\"576\" data-id=\"61163\" src=\"https:\/\/ondauno.com.ar\/wp-content\/uploads\/2025\/10\/WhatsApp-Image-2025-10-16-at-17.08.24-1024x576.jpeg\" alt=\"\" class=\"wp-image-61163\" srcset=\"https:\/\/ondauno.com.ar\/wp-content\/uploads\/2025\/10\/WhatsApp-Image-2025-10-16-at-17.08.24-1024x576.jpeg 1024w, https:\/\/ondauno.com.ar\/wp-content\/uploads\/2025\/10\/WhatsApp-Image-2025-10-16-at-17.08.24-300x169.jpeg 300w, https:\/\/ondauno.com.ar\/wp-content\/uploads\/2025\/10\/WhatsApp-Image-2025-10-16-at-17.08.24-768x432.jpeg 768w, https:\/\/ondauno.com.ar\/wp-content\/uploads\/2025\/10\/WhatsApp-Image-2025-10-16-at-17.08.24-747x420.jpeg 747w, https:\/\/ondauno.com.ar\/wp-content\/uploads\/2025\/10\/WhatsApp-Image-2025-10-16-at-17.08.24-696x392.jpeg 696w, https:\/\/ondauno.com.ar\/wp-content\/uploads\/2025\/10\/WhatsApp-Image-2025-10-16-at-17.08.24-1068x601.jpeg 1068w, https:\/\/ondauno.com.ar\/wp-content\/uploads\/2025\/10\/WhatsApp-Image-2025-10-16-at-17.08.24.jpeg 1280w\" sizes=\"auto, (max-width: 1024px) 100vw, 1024px\" \/><\/noscript><\/figure>\n\n\n\n<figure class=\"wp-block-image size-large\"><img loading=\"lazy\" decoding=\"async\" width=\"1024\" height=\"576\" data-id=\"61162\" data-src=\"https:\/\/ondauno.com.ar\/wp-content\/uploads\/2025\/10\/WhatsApp-Image-2025-10-16-at-17.08.23-1024x576.jpeg\" alt=\"\" class=\"wp-image-61162 lazyload\" data-srcset=\"https:\/\/ondauno.com.ar\/wp-content\/uploads\/2025\/10\/WhatsApp-Image-2025-10-16-at-17.08.23-1024x576.jpeg 1024w, https:\/\/ondauno.com.ar\/wp-content\/uploads\/2025\/10\/WhatsApp-Image-2025-10-16-at-17.08.23-300x169.jpeg 300w, https:\/\/ondauno.com.ar\/wp-content\/uploads\/2025\/10\/WhatsApp-Image-2025-10-16-at-17.08.23-768x432.jpeg 768w, https:\/\/ondauno.com.ar\/wp-content\/uploads\/2025\/10\/WhatsApp-Image-2025-10-16-at-17.08.23-747x420.jpeg 747w, https:\/\/ondauno.com.ar\/wp-content\/uploads\/2025\/10\/WhatsApp-Image-2025-10-16-at-17.08.23-696x392.jpeg 696w, https:\/\/ondauno.com.ar\/wp-content\/uploads\/2025\/10\/WhatsApp-Image-2025-10-16-at-17.08.23-1068x601.jpeg 1068w, https:\/\/ondauno.com.ar\/wp-content\/uploads\/2025\/10\/WhatsApp-Image-2025-10-16-at-17.08.23.jpeg 1280w\" data-sizes=\"auto, (max-width: 1024px) 100vw, 1024px\" src=\"data:image\/gif;base64,R0lGODlhAQABAAAAACH5BAEKAAEALAAAAAABAAEAAAICTAEAOw==\" style=\"--smush-placeholder-width: 1024px; --smush-placeholder-aspect-ratio: 1024\/576;\" \/><noscript><img loading=\"lazy\" decoding=\"async\" width=\"1024\" height=\"576\" data-id=\"61162\" src=\"https:\/\/ondauno.com.ar\/wp-content\/uploads\/2025\/10\/WhatsApp-Image-2025-10-16-at-17.08.23-1024x576.jpeg\" alt=\"\" class=\"wp-image-61162\" srcset=\"https:\/\/ondauno.com.ar\/wp-content\/uploads\/2025\/10\/WhatsApp-Image-2025-10-16-at-17.08.23-1024x576.jpeg 1024w, https:\/\/ondauno.com.ar\/wp-content\/uploads\/2025\/10\/WhatsApp-Image-2025-10-16-at-17.08.23-300x169.jpeg 300w, https:\/\/ondauno.com.ar\/wp-content\/uploads\/2025\/10\/WhatsApp-Image-2025-10-16-at-17.08.23-768x432.jpeg 768w, https:\/\/ondauno.com.ar\/wp-content\/uploads\/2025\/10\/WhatsApp-Image-2025-10-16-at-17.08.23-747x420.jpeg 747w, https:\/\/ondauno.com.ar\/wp-content\/uploads\/2025\/10\/WhatsApp-Image-2025-10-16-at-17.08.23-696x392.jpeg 696w, https:\/\/ondauno.com.ar\/wp-content\/uploads\/2025\/10\/WhatsApp-Image-2025-10-16-at-17.08.23-1068x601.jpeg 1068w, https:\/\/ondauno.com.ar\/wp-content\/uploads\/2025\/10\/WhatsApp-Image-2025-10-16-at-17.08.23.jpeg 1280w\" sizes=\"auto, (max-width: 1024px) 100vw, 1024px\" \/><\/noscript><\/figure>\n<\/figure>\n\n\n\n<p>De los despachos de la Comisi\u00f3n de Hacienda y Producci\u00f3n, se aprob\u00f3 por mayor\u00eda la solicitud de pr\u00f3rroga que elev\u00f3 el Departamento Ejecutivo para la presentaci\u00f3n del Presupuesto correspondiente al Ejercicio 2026. Adem\u00e1s, se aprob\u00f3 por mayor\u00eda \u2013con votaci\u00f3n nominal, contando con el rechazo de los concejales Daiana De Grazia, Carmen Merlo, Eduardo Giordano, Gustavo Moller y Marisa Marioli; y la aprobaci\u00f3n de Carlos \u00c1vila, Cecilia Del \u00c1guila, Agust\u00edn Rossi, Alejandro Barrag\u00e1n, Facundo Elgart, Carla Moreno, Adolfo Olivera, Paola Acu\u00f1a, Mara Redivo, Marcelo Le\u00f3n, Claudia Diez y Mariano Hern\u00e1ndez- la propuesta del Departamento Ejecutivo de aumentar el valor del m\u00f3dulo un 20% en dos tramos, una cuota en noviembre y otra en diciembre. Cabe mencionar que el Concejal Moller mocion\u00f3 realizar un aumento del modulo del 6% en dos veces, propuesta que fue rechazada.<\/p>\n\n\n\n<p>De los despachos de la Comisi\u00f3n por los Derechos de la Familia, se aprob\u00f3 por unanimidad el proyecto de ordenanza del bloque estudiantil ganador en el a\u00f1o 2024, Junta Estudiantil por la Igualdad, creando el Equipo Itinerante de Salud Mental de atenci\u00f3n a adolescentes en el Partido de Tres Arroyos.<\/p>\n\n\n\n<p>ASUNTOS ENTRADOS<\/p>\n\n\n\n<p>El bloque La Libertad Avanza elev\u00f3 un Proyecto de Comunicaci\u00f3n dirigi\u00e9ndose a la Presidente del Honorable Concejo Deliberante, para solicitar que se guarden los expedientes por duplicado, aprobado por mayor\u00eda.<br>El Bloque de Juntos por el Cambio elev\u00f3 los siguientes proyectos de comunicaci\u00f3n:<\/p>\n\n\n\n<p>-Dirigido al Sr. Delegado de la localidad de Orense, para que informe sobre el plan de trabajo para la temporada estival en dicho balneario, aprobado por mayor\u00eda.<br>-Para que se realicen las campa\u00f1as del Mes Rosa en las localidades del Distrito, aprobado por mayor\u00eda.<br>-Para que se proceda al cambio de filtros de agua en la localidad de Orense, aprobado por mayor\u00eda.<br>-Para que se proceda a equiparar los salarios y valor de las guardias m\u00e9dicas entre la ciudad cabecera y las localidades del Partido de Tres Arroyos, aprobado por unanimidad.<br>-Para agilizar la presencia del Agrimensor Municipal donde se construyeron las viviendas del Plan Federal II en la localidad de Orense, aprobado por mayor\u00eda.<\/p>\n\n\n\n<p>Sobre tablas<\/p>\n\n\n\n<p><br>Por fuera del orden del d\u00eda, se solicit\u00f3 el tratamiento de la autorizaci\u00f3n para el llamado a licitaci\u00f3n de la Unidad Tur\u00edstica Fiscal N\u00b02 de Orense, y de la adjudicaci\u00f3n del servicio de residuos patog\u00e9nicos, que ambos resultaron aprobados por unanimidad.<\/p>\n","protected":false},"excerpt":{"rendered":"<p>Cumpliendo con la Ordenanza N\u00b07485, el Honorable Concejo Deliberante de Tres Arroyos sesion\u00f3 esta ma\u00f1ana en la localidad de Orense, gracias a la Escuela Secundaria N\u00b08 que prest\u00f3 las instalaciones para el desarrollo del encuentro legislativo. Antes de comenzar la sesi\u00f3n, la vecina Sandra Dolad\u00e9 y la estudiante Eugenia Mainz hicieron uso de la Banca [&hellip;]<\/p>\n","protected":false},"author":1,"featured_media":61160,"comment_status":"open","ping_status":"open","sticky":false,"template":"","format":"standard","meta":{"tdm_status":"","tdm_grid_status":"","_jetpack_memberships_contains_paid_content":false,"footnotes":"","jetpack_publicize_message":"","jetpack_publicize_feature_enabled":true,"jetpack_social_post_already_shared":true,"jetpack_social_options":{"image_generator_settings":{"template":"highway","default_image_id":0,"font":"","enabled":false},"version":2}},"categories":[2],"tags":[],"class_list":{"0":"post-61159","1":"post","2":"type-post","3":"status-publish","4":"format-standard","5":"has-post-thumbnail","7":"category-locales"},"yoast_head":"<!-- This site is optimized with the Yoast SEO plugin v22.7 - https:\/\/yoast.com\/wordpress\/plugins\/seo\/ -->\n<title>El Concejo aprob\u00f3 por mayor\u00eda una suba escalonada de tasas entre noviembre y diciembre del 20 % - 103.9 fm<\/title>\n<meta name=\"robots\" content=\"index, follow, max-snippet:-1, max-image-preview:large, max-video-preview:-1\" \/>\n<link rel=\"canonical\" href=\"https:\/\/ondauno.com.ar\/index.php\/2025\/10\/16\/el-concejo-aprobo-por-mayoria-una-suba-escalonada-de-tasas-entre-noviembre-y-diciembre-del-20\/\" \/>\n<meta property=\"og:locale\" content=\"es_ES\" \/>\n<meta property=\"og:type\" content=\"article\" \/>\n<meta property=\"og:title\" content=\"El Concejo aprob\u00f3 por mayor\u00eda una suba escalonada de tasas entre noviembre y diciembre del 20 % - 103.9 fm\" \/>\n<meta property=\"og:description\" content=\"Cumpliendo con la Ordenanza N\u00b07485, el Honorable Concejo Deliberante de Tres Arroyos sesion\u00f3 esta ma\u00f1ana en la localidad de Orense, gracias a la Escuela Secundaria N\u00b08 que prest\u00f3 las instalaciones para el desarrollo del encuentro legislativo. Antes de comenzar la sesi\u00f3n, la vecina Sandra Dolad\u00e9 y la estudiante Eugenia Mainz hicieron uso de la Banca [&hellip;]\" \/>\n<meta property=\"og:url\" content=\"https:\/\/ondauno.com.ar\/index.php\/2025\/10\/16\/el-concejo-aprobo-por-mayoria-una-suba-escalonada-de-tasas-entre-noviembre-y-diciembre-del-20\/\" \/>\n<meta property=\"og:site_name\" content=\"103.9 fm\" \/>\n<meta property=\"article:publisher\" content=\"https:\/\/www.facebook.com\/ondauno103.9\" \/>\n<meta property=\"article:published_time\" content=\"2025-10-16T21:17:07+00:00\" \/>\n<meta property=\"article:modified_time\" content=\"2025-10-16T21:17:11+00:00\" \/>\n<meta property=\"og:image\" content=\"http:\/\/ondauno.com.ar\/wp-content\/uploads\/2025\/10\/WhatsApp-Image-2025-10-16-at-17.08.22.jpeg\" \/>\n\t<meta property=\"og:image:width\" content=\"1280\" \/>\n\t<meta property=\"og:image:height\" content=\"720\" \/>\n\t<meta property=\"og:image:type\" content=\"image\/jpeg\" \/>\n<meta name=\"author\" content=\"OndaUno\" \/>\n<meta name=\"twitter:card\" content=\"summary_large_image\" \/>\n<meta name=\"twitter:label1\" content=\"Escrito por\" \/>\n\t<meta name=\"twitter:data1\" content=\"OndaUno\" \/>\n\t<meta name=\"twitter:label2\" content=\"Tiempo de lectura\" \/>\n\t<meta name=\"twitter:data2\" content=\"4 minutos\" \/>\n<script type=\"application\/ld+json\" class=\"yoast-schema-graph\">{\"@context\":\"https:\/\/schema.org\",\"@graph\":[{\"@type\":\"WebPage\",\"@id\":\"https:\/\/ondauno.com.ar\/index.php\/2025\/10\/16\/el-concejo-aprobo-por-mayoria-una-suba-escalonada-de-tasas-entre-noviembre-y-diciembre-del-20\/\",\"url\":\"https:\/\/ondauno.com.ar\/index.php\/2025\/10\/16\/el-concejo-aprobo-por-mayoria-una-suba-escalonada-de-tasas-entre-noviembre-y-diciembre-del-20\/\",\"name\":\"El Concejo aprob\u00f3 por mayor\u00eda una suba escalonada de tasas entre noviembre y diciembre del 20 % - 103.9 fm\",\"isPartOf\":{\"@id\":\"https:\/\/ondauno.com.ar\/#website\"},\"primaryImageOfPage\":{\"@id\":\"https:\/\/ondauno.com.ar\/index.php\/2025\/10\/16\/el-concejo-aprobo-por-mayoria-una-suba-escalonada-de-tasas-entre-noviembre-y-diciembre-del-20\/#primaryimage\"},\"image\":{\"@id\":\"https:\/\/ondauno.com.ar\/index.php\/2025\/10\/16\/el-concejo-aprobo-por-mayoria-una-suba-escalonada-de-tasas-entre-noviembre-y-diciembre-del-20\/#primaryimage\"},\"thumbnailUrl\":\"https:\/\/ondauno.com.ar\/wp-content\/uploads\/2025\/10\/WhatsApp-Image-2025-10-16-at-17.08.22.jpeg\",\"datePublished\":\"2025-10-16T21:17:07+00:00\",\"dateModified\":\"2025-10-16T21:17:11+00:00\",\"author\":{\"@id\":\"https:\/\/ondauno.com.ar\/#\/schema\/person\/7ec851ddeceb4133d7d7132dc645714e\"},\"breadcrumb\":{\"@id\":\"https:\/\/ondauno.com.ar\/index.php\/2025\/10\/16\/el-concejo-aprobo-por-mayoria-una-suba-escalonada-de-tasas-entre-noviembre-y-diciembre-del-20\/#breadcrumb\"},\"inLanguage\":\"es-AR\",\"potentialAction\":[{\"@type\":\"ReadAction\",\"target\":[\"https:\/\/ondauno.com.ar\/index.php\/2025\/10\/16\/el-concejo-aprobo-por-mayoria-una-suba-escalonada-de-tasas-entre-noviembre-y-diciembre-del-20\/\"]}]},{\"@type\":\"ImageObject\",\"inLanguage\":\"es-AR\",\"@id\":\"https:\/\/ondauno.com.ar\/index.php\/2025\/10\/16\/el-concejo-aprobo-por-mayoria-una-suba-escalonada-de-tasas-entre-noviembre-y-diciembre-del-20\/#primaryimage\",\"url\":\"https:\/\/ondauno.com.ar\/wp-content\/uploads\/2025\/10\/WhatsApp-Image-2025-10-16-at-17.08.22.jpeg\",\"contentUrl\":\"https:\/\/ondauno.com.ar\/wp-content\/uploads\/2025\/10\/WhatsApp-Image-2025-10-16-at-17.08.22.jpeg\",\"width\":1280,\"height\":720},{\"@type\":\"BreadcrumbList\",\"@id\":\"https:\/\/ondauno.com.ar\/index.php\/2025\/10\/16\/el-concejo-aprobo-por-mayoria-una-suba-escalonada-de-tasas-entre-noviembre-y-diciembre-del-20\/#breadcrumb\",\"itemListElement\":[{\"@type\":\"ListItem\",\"position\":1,\"name\":\"Inicio\",\"item\":\"https:\/\/ondauno.com.ar\/\"},{\"@type\":\"ListItem\",\"position\":2,\"name\":\"El Concejo aprob\u00f3 por mayor\u00eda una suba escalonada de tasas entre noviembre y diciembre del 20 %\"}]},{\"@type\":\"WebSite\",\"@id\":\"https:\/\/ondauno.com.ar\/#website\",\"url\":\"https:\/\/ondauno.com.ar\/\",\"name\":\"103.9 fm\",\"description\":\"LA PRIMERA RADIO MULTIMEDIA DE TRES ARROYOS\",\"potentialAction\":[{\"@type\":\"SearchAction\",\"target\":{\"@type\":\"EntryPoint\",\"urlTemplate\":\"https:\/\/ondauno.com.ar\/?s={search_term_string}\"},\"query-input\":\"required name=search_term_string\"}],\"inLanguage\":\"es-AR\"},{\"@type\":\"Person\",\"@id\":\"https:\/\/ondauno.com.ar\/#\/schema\/person\/7ec851ddeceb4133d7d7132dc645714e\",\"name\":\"OndaUno\",\"image\":{\"@type\":\"ImageObject\",\"inLanguage\":\"es-AR\",\"@id\":\"https:\/\/ondauno.com.ar\/#\/schema\/person\/image\/\",\"url\":\"https:\/\/secure.gravatar.com\/avatar\/93b8009f0de7021f1feb2bd5b32fb9e8?s=96&d=mm&r=g\",\"contentUrl\":\"https:\/\/secure.gravatar.com\/avatar\/93b8009f0de7021f1feb2bd5b32fb9e8?s=96&d=mm&r=g\",\"caption\":\"OndaUno\"},\"url\":\"https:\/\/ondauno.com.ar\/index.php\/author\/ondauno\/\"}]}<\/script>\n<!-- \/ Yoast SEO plugin. -->","yoast_head_json":{"title":"El Concejo aprob\u00f3 por mayor\u00eda una suba escalonada de tasas entre noviembre y diciembre del 20 % - 103.9 fm","robots":{"index":"index","follow":"follow","max-snippet":"max-snippet:-1","max-image-preview":"max-image-preview:large","max-video-preview":"max-video-preview:-1"},"canonical":"https:\/\/ondauno.com.ar\/index.php\/2025\/10\/16\/el-concejo-aprobo-por-mayoria-una-suba-escalonada-de-tasas-entre-noviembre-y-diciembre-del-20\/","og_locale":"es_ES","og_type":"article","og_title":"El Concejo aprob\u00f3 por mayor\u00eda una suba escalonada de tasas entre noviembre y diciembre del 20 % - 103.9 fm","og_description":"Cumpliendo con la Ordenanza N\u00b07485, el Honorable Concejo Deliberante de Tres Arroyos sesion\u00f3 esta ma\u00f1ana en la localidad de Orense, gracias a la Escuela Secundaria N\u00b08 que prest\u00f3 las instalaciones para el desarrollo del encuentro legislativo. Antes de comenzar la sesi\u00f3n, la vecina Sandra Dolad\u00e9 y la estudiante Eugenia Mainz hicieron uso de la Banca [&hellip;]","og_url":"https:\/\/ondauno.com.ar\/index.php\/2025\/10\/16\/el-concejo-aprobo-por-mayoria-una-suba-escalonada-de-tasas-entre-noviembre-y-diciembre-del-20\/","og_site_name":"103.9 fm","article_publisher":"https:\/\/www.facebook.com\/ondauno103.9","article_published_time":"2025-10-16T21:17:07+00:00","article_modified_time":"2025-10-16T21:17:11+00:00","og_image":[{"width":1280,"height":720,"url":"http:\/\/ondauno.com.ar\/wp-content\/uploads\/2025\/10\/WhatsApp-Image-2025-10-16-at-17.08.22.jpeg","type":"image\/jpeg"}],"author":"OndaUno","twitter_card":"summary_large_image","twitter_misc":{"Escrito por":"OndaUno","Tiempo de lectura":"4 minutos"},"schema":{"@context":"https:\/\/schema.org","@graph":[{"@type":"WebPage","@id":"https:\/\/ondauno.com.ar\/index.php\/2025\/10\/16\/el-concejo-aprobo-por-mayoria-una-suba-escalonada-de-tasas-entre-noviembre-y-diciembre-del-20\/","url":"https:\/\/ondauno.com.ar\/index.php\/2025\/10\/16\/el-concejo-aprobo-por-mayoria-una-suba-escalonada-de-tasas-entre-noviembre-y-diciembre-del-20\/","name":"El Concejo aprob\u00f3 por mayor\u00eda una suba escalonada de tasas entre noviembre y diciembre del 20 % - 103.9 fm","isPartOf":{"@id":"https:\/\/ondauno.com.ar\/#website"},"primaryImageOfPage":{"@id":"https:\/\/ondauno.com.ar\/index.php\/2025\/10\/16\/el-concejo-aprobo-por-mayoria-una-suba-escalonada-de-tasas-entre-noviembre-y-diciembre-del-20\/#primaryimage"},"image":{"@id":"https:\/\/ondauno.com.ar\/index.php\/2025\/10\/16\/el-concejo-aprobo-por-mayoria-una-suba-escalonada-de-tasas-entre-noviembre-y-diciembre-del-20\/#primaryimage"},"thumbnailUrl":"https:\/\/ondauno.com.ar\/wp-content\/uploads\/2025\/10\/WhatsApp-Image-2025-10-16-at-17.08.22.jpeg","datePublished":"2025-10-16T21:17:07+00:00","dateModified":"2025-10-16T21:17:11+00:00","author":{"@id":"https:\/\/ondauno.com.ar\/#\/schema\/person\/7ec851ddeceb4133d7d7132dc645714e"},"breadcrumb":{"@id":"https:\/\/ondauno.com.ar\/index.php\/2025\/10\/16\/el-concejo-aprobo-por-mayoria-una-suba-escalonada-de-tasas-entre-noviembre-y-diciembre-del-20\/#breadcrumb"},"inLanguage":"es-AR","potentialAction":[{"@type":"ReadAction","target":["https:\/\/ondauno.com.ar\/index.php\/2025\/10\/16\/el-concejo-aprobo-por-mayoria-una-suba-escalonada-de-tasas-entre-noviembre-y-diciembre-del-20\/"]}]},{"@type":"ImageObject","inLanguage":"es-AR","@id":"https:\/\/ondauno.com.ar\/index.php\/2025\/10\/16\/el-concejo-aprobo-por-mayoria-una-suba-escalonada-de-tasas-entre-noviembre-y-diciembre-del-20\/#primaryimage","url":"https:\/\/ondauno.com.ar\/wp-content\/uploads\/2025\/10\/WhatsApp-Image-2025-10-16-at-17.08.22.jpeg","contentUrl":"https:\/\/ondauno.com.ar\/wp-content\/uploads\/2025\/10\/WhatsApp-Image-2025-10-16-at-17.08.22.jpeg","width":1280,"height":720},{"@type":"BreadcrumbList","@id":"https:\/\/ondauno.com.ar\/index.php\/2025\/10\/16\/el-concejo-aprobo-por-mayoria-una-suba-escalonada-de-tasas-entre-noviembre-y-diciembre-del-20\/#breadcrumb","itemListElement":[{"@type":"ListItem","position":1,"name":"Inicio","item":"https:\/\/ondauno.com.ar\/"},{"@type":"ListItem","position":2,"name":"El Concejo aprob\u00f3 por mayor\u00eda una suba escalonada de tasas entre noviembre y diciembre del 20 %"}]},{"@type":"WebSite","@id":"https:\/\/ondauno.com.ar\/#website","url":"https:\/\/ondauno.com.ar\/","name":"103.9 fm","description":"LA PRIMERA RADIO MULTIMEDIA DE TRES ARROYOS","potentialAction":[{"@type":"SearchAction","target":{"@type":"EntryPoint","urlTemplate":"https:\/\/ondauno.com.ar\/?s={search_term_string}"},"query-input":"required name=search_term_string"}],"inLanguage":"es-AR"},{"@type":"Person","@id":"https:\/\/ondauno.com.ar\/#\/schema\/person\/7ec851ddeceb4133d7d7132dc645714e","name":"OndaUno","image":{"@type":"ImageObject","inLanguage":"es-AR","@id":"https:\/\/ondauno.com.ar\/#\/schema\/person\/image\/","url":"https:\/\/secure.gravatar.com\/avatar\/93b8009f0de7021f1feb2bd5b32fb9e8?s=96&d=mm&r=g","contentUrl":"https:\/\/secure.gravatar.com\/avatar\/93b8009f0de7021f1feb2bd5b32fb9e8?s=96&d=mm&r=g","caption":"OndaUno"},"url":"https:\/\/ondauno.com.ar\/index.php\/author\/ondauno\/"}]}},"jetpack_publicize_connections":[],"jetpack_featured_media_url":"https:\/\/ondauno.com.ar\/wp-content\/uploads\/2025\/10\/WhatsApp-Image-2025-10-16-at-17.08.22.jpeg","jetpack_sharing_enabled":true,"_links":{"self":[{"href":"https:\/\/ondauno.com.ar\/index.php\/wp-json\/wp\/v2\/posts\/61159","targetHints":{"allow":["GET"]}}],"collection":[{"href":"https:\/\/ondauno.com.ar\/index.php\/wp-json\/wp\/v2\/posts"}],"about":[{"href":"https:\/\/ondauno.com.ar\/index.php\/wp-json\/wp\/v2\/types\/post"}],"author":[{"embeddable":true,"href":"https:\/\/ondauno.com.ar\/index.php\/wp-json\/wp\/v2\/users\/1"}],"replies":[{"embeddable":true,"href":"https:\/\/ondauno.com.ar\/index.php\/wp-json\/wp\/v2\/comments?post=61159"}],"version-history":[{"count":1,"href":"https:\/\/ondauno.com.ar\/index.php\/wp-json\/wp\/v2\/posts\/61159\/revisions"}],"predecessor-version":[{"id":61164,"href":"https:\/\/ondauno.com.ar\/index.php\/wp-json\/wp\/v2\/posts\/61159\/revisions\/61164"}],"wp:featuredmedia":[{"embeddable":true,"href":"https:\/\/ondauno.com.ar\/index.php\/wp-json\/wp\/v2\/media\/61160"}],"wp:attachment":[{"href":"https:\/\/ondauno.com.ar\/index.php\/wp-json\/wp\/v2\/media?parent=61159"}],"wp:term":[{"taxonomy":"category","embeddable":true,"href":"https:\/\/ondauno.com.ar\/index.php\/wp-json\/wp\/v2\/categories?post=61159"},{"taxonomy":"post_tag","embeddable":true,"href":"https:\/\/ondauno.com.ar\/index.php\/wp-json\/wp\/v2\/tags?post=61159"}],"curies":[{"name":"wp","href":"https:\/\/api.w.org\/{rel}","templated":true}]}}