{"id":61157,"date":"2025-10-16T18:13:44","date_gmt":"2025-10-16T21:13:44","guid":{"rendered":"https:\/\/ondauno.com.ar\/?p=61157"},"modified":"2025-10-16T18:13:48","modified_gmt":"2025-10-16T21:13:48","slug":"carbap-reclamo-respuestas-ante-la-critica-situacion-que-atraviesan-las-comunidades-rurales-bonaerenses","status":"publish","type":"post","link":"https:\/\/ondauno.com.ar\/index.php\/2025\/10\/16\/carbap-reclamo-respuestas-ante-la-critica-situacion-que-atraviesan-las-comunidades-rurales-bonaerenses\/","title":{"rendered":"CARBAP reclam\u00f3 respuestas ante la cr\u00edtica situaci\u00f3n que atraviesan las comunidades rurales bonaerenses"},"content":{"rendered":"<div class=\"ondau-before-content_3\" style=\"margin-top: -30px;\" id=\"ondau-2836735171\"><a href=\"https:\/\/www.lps.com.ar\/\" aria-label=\"la-perse2\"><img loading=\"lazy\" decoding=\"async\" src=\"https:\/\/ondauno.com.ar\/wp-content\/uploads\/2021\/10\/la-perse2.jpg\" alt=\"\"  srcset=\"https:\/\/ondauno.com.ar\/wp-content\/uploads\/2021\/10\/la-perse2.jpg 1353w, https:\/\/ondauno.com.ar\/wp-content\/uploads\/2021\/10\/la-perse2-300x43.jpg 300w, https:\/\/ondauno.com.ar\/wp-content\/uploads\/2021\/10\/la-perse2-1024x148.jpg 1024w, https:\/\/ondauno.com.ar\/wp-content\/uploads\/2021\/10\/la-perse2-768x111.jpg 768w, https:\/\/ondauno.com.ar\/wp-content\/uploads\/2021\/10\/la-perse2-696x100.jpg 696w, https:\/\/ondauno.com.ar\/wp-content\/uploads\/2021\/10\/la-perse2-1068x154.jpg 1068w\" sizes=\"(max-width: 1353px) 100vw, 1353px\" class=\"no-lazyload\" width=\"1353\" height=\"195\"  style=\"display: inline-block;\" \/><\/a><\/div>\n<p>Bajo la sombra de la elecci\u00f3n bonaerense antes, y nacional ahora, se sigue ocultando la triste realidad que las comunidades rurales de la Provincia de Buenos Aires, azotadas por las inundaciones est\u00e1n padeciendo.<\/p>\n\n\n\n<p>Esas comunidades necesitan ser escuchadas. Necesitan que los ni\u00f1os concurran a las escuelas. Necesitan llegar a los pueblos cercanos para acceder a la atenci\u00f3n de salud y para la compra de alimentos.<\/p>\n\n\n\n<p>Es inconcebible que las familias que viven en la zona rural de una de las Provincias mas ricas del pa\u00eds, tengan que sufrir tanta desigualdad.<\/p>\n\n\n\n<p>La educaci\u00f3n y la salud son derechos para todos los ciudadanos, se viva en el campo o en la ciudad.<\/p>\n\n\n\n<p>Es obligaci\u00f3n de los gobiernos, tanto nacional como provincial, el dar respuesta contundente frente a esta realidad que ya paso de emergencia temporaria.<\/p>\n\n\n\n<p>Desde CARBAP hacemos un fuerte llamado a los funcionarios involucrados, para que ejerzan sus funciones y terminen con esta permanente siembra de desigualdades entre los ni\u00f1os que viven en las areas rurales y las urbanas.<\/p>\n","protected":false},"excerpt":{"rendered":"<p>Bajo la sombra de la elecci\u00f3n bonaerense antes, y nacional ahora, se sigue ocultando la triste realidad que las comunidades rurales de la Provincia de Buenos Aires, azotadas por las inundaciones est\u00e1n padeciendo. Esas comunidades necesitan ser escuchadas. Necesitan que los ni\u00f1os concurran a las escuelas. Necesitan llegar a los pueblos cercanos para acceder a [&hellip;]<\/p>\n","protected":false},"author":1,"featured_media":19127,"comment_status":"open","ping_status":"open","sticky":false,"template":"","format":"standard","meta":{"tdm_status":"","tdm_grid_status":"","_jetpack_memberships_contains_paid_content":false,"footnotes":"","jetpack_publicize_message":"","jetpack_publicize_feature_enabled":true,"jetpack_social_post_already_shared":true,"jetpack_social_options":{"image_generator_settings":{"template":"highway","default_image_id":0,"font":"","enabled":false},"version":2}},"categories":[30],"tags":[],"class_list":{"0":"post-61157","1":"post","2":"type-post","3":"status-publish","4":"format-standard","5":"has-post-thumbnail","7":"category-provinciales"},"yoast_head":"<!-- This site is optimized with the Yoast SEO plugin v22.7 - https:\/\/yoast.com\/wordpress\/plugins\/seo\/ -->\n<title>CARBAP reclam\u00f3 respuestas ante la cr\u00edtica situaci\u00f3n que atraviesan las comunidades rurales bonaerenses - 103.9 fm<\/title>\n<meta name=\"robots\" content=\"index, follow, max-snippet:-1, max-image-preview:large, max-video-preview:-1\" \/>\n<link rel=\"canonical\" href=\"https:\/\/ondauno.com.ar\/index.php\/2025\/10\/16\/carbap-reclamo-respuestas-ante-la-critica-situacion-que-atraviesan-las-comunidades-rurales-bonaerenses\/\" \/>\n<meta property=\"og:locale\" content=\"es_ES\" \/>\n<meta property=\"og:type\" content=\"article\" \/>\n<meta property=\"og:title\" content=\"CARBAP reclam\u00f3 respuestas ante la cr\u00edtica situaci\u00f3n que atraviesan las comunidades rurales bonaerenses - 103.9 fm\" \/>\n<meta property=\"og:description\" content=\"Bajo la sombra de la elecci\u00f3n bonaerense antes, y nacional ahora, se sigue ocultando la triste realidad que las comunidades rurales de la Provincia de Buenos Aires, azotadas por las inundaciones est\u00e1n padeciendo. Esas comunidades necesitan ser escuchadas. Necesitan que los ni\u00f1os concurran a las escuelas. Necesitan llegar a los pueblos cercanos para acceder a [&hellip;]\" \/>\n<meta property=\"og:url\" content=\"https:\/\/ondauno.com.ar\/index.php\/2025\/10\/16\/carbap-reclamo-respuestas-ante-la-critica-situacion-que-atraviesan-las-comunidades-rurales-bonaerenses\/\" \/>\n<meta property=\"og:site_name\" content=\"103.9 fm\" \/>\n<meta property=\"article:publisher\" content=\"https:\/\/www.facebook.com\/ondauno103.9\" \/>\n<meta property=\"article:published_time\" content=\"2025-10-16T21:13:44+00:00\" \/>\n<meta property=\"article:modified_time\" content=\"2025-10-16T21:13:48+00:00\" \/>\n<meta property=\"og:image\" content=\"http:\/\/ondauno.com.ar\/wp-content\/uploads\/2020\/11\/carbap-protesta-min.jpg\" \/>\n\t<meta property=\"og:image:width\" content=\"1000\" \/>\n\t<meta property=\"og:image:height\" content=\"562\" \/>\n\t<meta property=\"og:image:type\" content=\"image\/jpeg\" \/>\n<meta name=\"author\" content=\"OndaUno\" \/>\n<meta name=\"twitter:card\" content=\"summary_large_image\" \/>\n<meta name=\"twitter:label1\" content=\"Escrito por\" \/>\n\t<meta name=\"twitter:data1\" content=\"OndaUno\" \/>\n\t<meta name=\"twitter:label2\" content=\"Tiempo de lectura\" \/>\n\t<meta name=\"twitter:data2\" content=\"1 minuto\" \/>\n<script type=\"application\/ld+json\" class=\"yoast-schema-graph\">{\"@context\":\"https:\/\/schema.org\",\"@graph\":[{\"@type\":\"WebPage\",\"@id\":\"https:\/\/ondauno.com.ar\/index.php\/2025\/10\/16\/carbap-reclamo-respuestas-ante-la-critica-situacion-que-atraviesan-las-comunidades-rurales-bonaerenses\/\",\"url\":\"https:\/\/ondauno.com.ar\/index.php\/2025\/10\/16\/carbap-reclamo-respuestas-ante-la-critica-situacion-que-atraviesan-las-comunidades-rurales-bonaerenses\/\",\"name\":\"CARBAP reclam\u00f3 respuestas ante la cr\u00edtica situaci\u00f3n que atraviesan las comunidades rurales bonaerenses - 103.9 fm\",\"isPartOf\":{\"@id\":\"https:\/\/ondauno.com.ar\/#website\"},\"primaryImageOfPage\":{\"@id\":\"https:\/\/ondauno.com.ar\/index.php\/2025\/10\/16\/carbap-reclamo-respuestas-ante-la-critica-situacion-que-atraviesan-las-comunidades-rurales-bonaerenses\/#primaryimage\"},\"image\":{\"@id\":\"https:\/\/ondauno.com.ar\/index.php\/2025\/10\/16\/carbap-reclamo-respuestas-ante-la-critica-situacion-que-atraviesan-las-comunidades-rurales-bonaerenses\/#primaryimage\"},\"thumbnailUrl\":\"https:\/\/ondauno.com.ar\/wp-content\/uploads\/2020\/11\/carbap-protesta-min.jpg\",\"datePublished\":\"2025-10-16T21:13:44+00:00\",\"dateModified\":\"2025-10-16T21:13:48+00:00\",\"author\":{\"@id\":\"https:\/\/ondauno.com.ar\/#\/schema\/person\/7ec851ddeceb4133d7d7132dc645714e\"},\"breadcrumb\":{\"@id\":\"https:\/\/ondauno.com.ar\/index.php\/2025\/10\/16\/carbap-reclamo-respuestas-ante-la-critica-situacion-que-atraviesan-las-comunidades-rurales-bonaerenses\/#breadcrumb\"},\"inLanguage\":\"es-AR\",\"potentialAction\":[{\"@type\":\"ReadAction\",\"target\":[\"https:\/\/ondauno.com.ar\/index.php\/2025\/10\/16\/carbap-reclamo-respuestas-ante-la-critica-situacion-que-atraviesan-las-comunidades-rurales-bonaerenses\/\"]}]},{\"@type\":\"ImageObject\",\"inLanguage\":\"es-AR\",\"@id\":\"https:\/\/ondauno.com.ar\/index.php\/2025\/10\/16\/carbap-reclamo-respuestas-ante-la-critica-situacion-que-atraviesan-las-comunidades-rurales-bonaerenses\/#primaryimage\",\"url\":\"https:\/\/ondauno.com.ar\/wp-content\/uploads\/2020\/11\/carbap-protesta-min.jpg\",\"contentUrl\":\"https:\/\/ondauno.com.ar\/wp-content\/uploads\/2020\/11\/carbap-protesta-min.jpg\",\"width\":1000,\"height\":562},{\"@type\":\"BreadcrumbList\",\"@id\":\"https:\/\/ondauno.com.ar\/index.php\/2025\/10\/16\/carbap-reclamo-respuestas-ante-la-critica-situacion-que-atraviesan-las-comunidades-rurales-bonaerenses\/#breadcrumb\",\"itemListElement\":[{\"@type\":\"ListItem\",\"position\":1,\"name\":\"Inicio\",\"item\":\"https:\/\/ondauno.com.ar\/\"},{\"@type\":\"ListItem\",\"position\":2,\"name\":\"CARBAP reclam\u00f3 respuestas ante la cr\u00edtica situaci\u00f3n que atraviesan las comunidades rurales bonaerenses\"}]},{\"@type\":\"WebSite\",\"@id\":\"https:\/\/ondauno.com.ar\/#website\",\"url\":\"https:\/\/ondauno.com.ar\/\",\"name\":\"103.9 fm\",\"description\":\"LA PRIMERA RADIO MULTIMEDIA DE TRES ARROYOS\",\"potentialAction\":[{\"@type\":\"SearchAction\",\"target\":{\"@type\":\"EntryPoint\",\"urlTemplate\":\"https:\/\/ondauno.com.ar\/?s={search_term_string}\"},\"query-input\":\"required name=search_term_string\"}],\"inLanguage\":\"es-AR\"},{\"@type\":\"Person\",\"@id\":\"https:\/\/ondauno.com.ar\/#\/schema\/person\/7ec851ddeceb4133d7d7132dc645714e\",\"name\":\"OndaUno\",\"image\":{\"@type\":\"ImageObject\",\"inLanguage\":\"es-AR\",\"@id\":\"https:\/\/ondauno.com.ar\/#\/schema\/person\/image\/\",\"url\":\"https:\/\/secure.gravatar.com\/avatar\/93b8009f0de7021f1feb2bd5b32fb9e8?s=96&d=mm&r=g\",\"contentUrl\":\"https:\/\/secure.gravatar.com\/avatar\/93b8009f0de7021f1feb2bd5b32fb9e8?s=96&d=mm&r=g\",\"caption\":\"OndaUno\"},\"url\":\"https:\/\/ondauno.com.ar\/index.php\/author\/ondauno\/\"}]}<\/script>\n<!-- \/ Yoast SEO plugin. -->","yoast_head_json":{"title":"CARBAP reclam\u00f3 respuestas ante la cr\u00edtica situaci\u00f3n que atraviesan las comunidades rurales bonaerenses - 103.9 fm","robots":{"index":"index","follow":"follow","max-snippet":"max-snippet:-1","max-image-preview":"max-image-preview:large","max-video-preview":"max-video-preview:-1"},"canonical":"https:\/\/ondauno.com.ar\/index.php\/2025\/10\/16\/carbap-reclamo-respuestas-ante-la-critica-situacion-que-atraviesan-las-comunidades-rurales-bonaerenses\/","og_locale":"es_ES","og_type":"article","og_title":"CARBAP reclam\u00f3 respuestas ante la cr\u00edtica situaci\u00f3n que atraviesan las comunidades rurales bonaerenses - 103.9 fm","og_description":"Bajo la sombra de la elecci\u00f3n bonaerense antes, y nacional ahora, se sigue ocultando la triste realidad que las comunidades rurales de la Provincia de Buenos Aires, azotadas por las inundaciones est\u00e1n padeciendo. Esas comunidades necesitan ser escuchadas. Necesitan que los ni\u00f1os concurran a las escuelas. Necesitan llegar a los pueblos cercanos para acceder a [&hellip;]","og_url":"https:\/\/ondauno.com.ar\/index.php\/2025\/10\/16\/carbap-reclamo-respuestas-ante-la-critica-situacion-que-atraviesan-las-comunidades-rurales-bonaerenses\/","og_site_name":"103.9 fm","article_publisher":"https:\/\/www.facebook.com\/ondauno103.9","article_published_time":"2025-10-16T21:13:44+00:00","article_modified_time":"2025-10-16T21:13:48+00:00","og_image":[{"width":1000,"height":562,"url":"http:\/\/ondauno.com.ar\/wp-content\/uploads\/2020\/11\/carbap-protesta-min.jpg","type":"image\/jpeg"}],"author":"OndaUno","twitter_card":"summary_large_image","twitter_misc":{"Escrito por":"OndaUno","Tiempo de lectura":"1 minuto"},"schema":{"@context":"https:\/\/schema.org","@graph":[{"@type":"WebPage","@id":"https:\/\/ondauno.com.ar\/index.php\/2025\/10\/16\/carbap-reclamo-respuestas-ante-la-critica-situacion-que-atraviesan-las-comunidades-rurales-bonaerenses\/","url":"https:\/\/ondauno.com.ar\/index.php\/2025\/10\/16\/carbap-reclamo-respuestas-ante-la-critica-situacion-que-atraviesan-las-comunidades-rurales-bonaerenses\/","name":"CARBAP reclam\u00f3 respuestas ante la cr\u00edtica situaci\u00f3n que atraviesan las comunidades rurales bonaerenses - 103.9 fm","isPartOf":{"@id":"https:\/\/ondauno.com.ar\/#website"},"primaryImageOfPage":{"@id":"https:\/\/ondauno.com.ar\/index.php\/2025\/10\/16\/carbap-reclamo-respuestas-ante-la-critica-situacion-que-atraviesan-las-comunidades-rurales-bonaerenses\/#primaryimage"},"image":{"@id":"https:\/\/ondauno.com.ar\/index.php\/2025\/10\/16\/carbap-reclamo-respuestas-ante-la-critica-situacion-que-atraviesan-las-comunidades-rurales-bonaerenses\/#primaryimage"},"thumbnailUrl":"https:\/\/ondauno.com.ar\/wp-content\/uploads\/2020\/11\/carbap-protesta-min.jpg","datePublished":"2025-10-16T21:13:44+00:00","dateModified":"2025-10-16T21:13:48+00:00","author":{"@id":"https:\/\/ondauno.com.ar\/#\/schema\/person\/7ec851ddeceb4133d7d7132dc645714e"},"breadcrumb":{"@id":"https:\/\/ondauno.com.ar\/index.php\/2025\/10\/16\/carbap-reclamo-respuestas-ante-la-critica-situacion-que-atraviesan-las-comunidades-rurales-bonaerenses\/#breadcrumb"},"inLanguage":"es-AR","potentialAction":[{"@type":"ReadAction","target":["https:\/\/ondauno.com.ar\/index.php\/2025\/10\/16\/carbap-reclamo-respuestas-ante-la-critica-situacion-que-atraviesan-las-comunidades-rurales-bonaerenses\/"]}]},{"@type":"ImageObject","inLanguage":"es-AR","@id":"https:\/\/ondauno.com.ar\/index.php\/2025\/10\/16\/carbap-reclamo-respuestas-ante-la-critica-situacion-que-atraviesan-las-comunidades-rurales-bonaerenses\/#primaryimage","url":"https:\/\/ondauno.com.ar\/wp-content\/uploads\/2020\/11\/carbap-protesta-min.jpg","contentUrl":"https:\/\/ondauno.com.ar\/wp-content\/uploads\/2020\/11\/carbap-protesta-min.jpg","width":1000,"height":562},{"@type":"BreadcrumbList","@id":"https:\/\/ondauno.com.ar\/index.php\/2025\/10\/16\/carbap-reclamo-respuestas-ante-la-critica-situacion-que-atraviesan-las-comunidades-rurales-bonaerenses\/#breadcrumb","itemListElement":[{"@type":"ListItem","position":1,"name":"Inicio","item":"https:\/\/ondauno.com.ar\/"},{"@type":"ListItem","position":2,"name":"CARBAP reclam\u00f3 respuestas ante la cr\u00edtica situaci\u00f3n que atraviesan las comunidades rurales bonaerenses"}]},{"@type":"WebSite","@id":"https:\/\/ondauno.com.ar\/#website","url":"https:\/\/ondauno.com.ar\/","name":"103.9 fm","description":"LA PRIMERA RADIO MULTIMEDIA DE TRES ARROYOS","potentialAction":[{"@type":"SearchAction","target":{"@type":"EntryPoint","urlTemplate":"https:\/\/ondauno.com.ar\/?s={search_term_string}"},"query-input":"required name=search_term_string"}],"inLanguage":"es-AR"},{"@type":"Person","@id":"https:\/\/ondauno.com.ar\/#\/schema\/person\/7ec851ddeceb4133d7d7132dc645714e","name":"OndaUno","image":{"@type":"ImageObject","inLanguage":"es-AR","@id":"https:\/\/ondauno.com.ar\/#\/schema\/person\/image\/","url":"https:\/\/secure.gravatar.com\/avatar\/93b8009f0de7021f1feb2bd5b32fb9e8?s=96&d=mm&r=g","contentUrl":"https:\/\/secure.gravatar.com\/avatar\/93b8009f0de7021f1feb2bd5b32fb9e8?s=96&d=mm&r=g","caption":"OndaUno"},"url":"https:\/\/ondauno.com.ar\/index.php\/author\/ondauno\/"}]}},"jetpack_publicize_connections":[],"jetpack_featured_media_url":"https:\/\/ondauno.com.ar\/wp-content\/uploads\/2020\/11\/carbap-protesta-min.jpg","jetpack_sharing_enabled":true,"_links":{"self":[{"href":"https:\/\/ondauno.com.ar\/index.php\/wp-json\/wp\/v2\/posts\/61157","targetHints":{"allow":["GET"]}}],"collection":[{"href":"https:\/\/ondauno.com.ar\/index.php\/wp-json\/wp\/v2\/posts"}],"about":[{"href":"https:\/\/ondauno.com.ar\/index.php\/wp-json\/wp\/v2\/types\/post"}],"author":[{"embeddable":true,"href":"https:\/\/ondauno.com.ar\/index.php\/wp-json\/wp\/v2\/users\/1"}],"replies":[{"embeddable":true,"href":"https:\/\/ondauno.com.ar\/index.php\/wp-json\/wp\/v2\/comments?post=61157"}],"version-history":[{"count":1,"href":"https:\/\/ondauno.com.ar\/index.php\/wp-json\/wp\/v2\/posts\/61157\/revisions"}],"predecessor-version":[{"id":61158,"href":"https:\/\/ondauno.com.ar\/index.php\/wp-json\/wp\/v2\/posts\/61157\/revisions\/61158"}],"wp:featuredmedia":[{"embeddable":true,"href":"https:\/\/ondauno.com.ar\/index.php\/wp-json\/wp\/v2\/media\/19127"}],"wp:attachment":[{"href":"https:\/\/ondauno.com.ar\/index.php\/wp-json\/wp\/v2\/media?parent=61157"}],"wp:term":[{"taxonomy":"category","embeddable":true,"href":"https:\/\/ondauno.com.ar\/index.php\/wp-json\/wp\/v2\/categories?post=61157"},{"taxonomy":"post_tag","embeddable":true,"href":"https:\/\/ondauno.com.ar\/index.php\/wp-json\/wp\/v2\/tags?post=61157"}],"curies":[{"name":"wp","href":"https:\/\/api.w.org\/{rel}","templated":true}]}}