{"id":61155,"date":"2025-10-16T18:11:52","date_gmt":"2025-10-16T21:11:52","guid":{"rendered":"https:\/\/ondauno.com.ar\/?p=61155"},"modified":"2025-10-16T18:11:56","modified_gmt":"2025-10-16T21:11:56","slug":"salerno-celebro-la-nueva-restriccion-para-construir-en-la-costa-la-vamos-a-apoyar","status":"publish","type":"post","link":"https:\/\/ondauno.com.ar\/index.php\/2025\/10\/16\/salerno-celebro-la-nueva-restriccion-para-construir-en-la-costa-la-vamos-a-apoyar\/","title":{"rendered":"Salerno celebr\u00f3 la nueva restricci\u00f3n para construir en la costa: \u201cLa vamos a apoyar\u201d"},"content":{"rendered":"<div class=\"ondau-before-content_3\" style=\"margin-top: -30px;\" id=\"ondau-1361962698\"><a href=\"https:\/\/www.lps.com.ar\/\" aria-label=\"la-perse2\"><img loading=\"lazy\" decoding=\"async\" src=\"https:\/\/ondauno.com.ar\/wp-content\/uploads\/2021\/10\/la-perse2.jpg\" alt=\"\"  srcset=\"https:\/\/ondauno.com.ar\/wp-content\/uploads\/2021\/10\/la-perse2.jpg 1353w, https:\/\/ondauno.com.ar\/wp-content\/uploads\/2021\/10\/la-perse2-300x43.jpg 300w, https:\/\/ondauno.com.ar\/wp-content\/uploads\/2021\/10\/la-perse2-1024x148.jpg 1024w, https:\/\/ondauno.com.ar\/wp-content\/uploads\/2021\/10\/la-perse2-768x111.jpg 768w, https:\/\/ondauno.com.ar\/wp-content\/uploads\/2021\/10\/la-perse2-696x100.jpg 696w, https:\/\/ondauno.com.ar\/wp-content\/uploads\/2021\/10\/la-perse2-1068x154.jpg 1068w\" sizes=\"(max-width: 1353px) 100vw, 1353px\" class=\"no-lazyload\" width=\"1353\" height=\"195\"  style=\"display: inline-block;\" \/><\/a><\/div>\n<p>La secretaria de Planeamiento Urbano del municipio, arquitecta Paola Salerno, se refiri\u00f3 en Cosas que pasan a la reciente resoluci\u00f3n de la Autoridad del Agua de la Provincia de Buenos Aires (ADA), que ampli\u00f3 de 100 a 150 metros la restricci\u00f3n para construir desde la l\u00ednea de ribera en el frente costero bonaerense.<\/p>\n\n\n\n<p>En ese marco, Salerno consider\u00f3 que la medida \u201cva en el sentido de cuidar la costa de nuestro distrito y de la provincia en general\u201d, y subray\u00f3 que \u201cnuestras playas son como una pepita de oro: tenemos que cuidarlas, porque la gente viene por la naturaleza y el paisaje\u201d.<\/p>\n\n\n\n<p>La funcionaria explic\u00f3 que toda obra o loteo en la zona costera debe contar con autorizaci\u00f3n de la ADA, organismo que determina la l\u00ednea de ribera y el l\u00edmite desde el cual se puede construir. \u201cNosotros actuamos como polic\u00eda del cumplimiento de esas normativas y esta nueva disposici\u00f3n rige de ac\u00e1 en adelante, no de forma retroactiva\u201d, aclar\u00f3.<\/p>\n\n\n\n<p>Salerno reconoci\u00f3 que en la costa local existen \u201calgunas construcciones controversiales\u201d, especialmente en Claromec\u00f3 y Dunamar, y se\u00f1al\u00f3 que desde la actual gesti\u00f3n \u201cse trabaja para regularizar y restringir los espacios donde ya hay viviendas materializadas, evitando nuevos avances sobre la zona costera\u201d.<\/p>\n\n\n\n<p>Tambi\u00e9n advirti\u00f3 sobre el crecimiento urbano sin control en a\u00f1os anteriores.<\/p>\n\n\n\n<p>\u201cSi miramos para atr\u00e1s, hubo muy poco control y eso ocasion\u00f3 que las localidades costeras crecieran en forma espont\u00e1nea, sin planificaci\u00f3n, lo que siempre va en contra del medio ambiente\u201d, sostuvo.<\/p>\n\n\n\n<p>Consultada sobre las edificaciones en zonas protegidas como la alb\u00fafera de Reta, Salerno sostuvo que actualmente el municipio \u201cno recibe planos de construcci\u00f3n en esa zona\u201d y que parte de la situaci\u00f3n \u201cest\u00e1 siendo analizada en el \u00e1rea legal, por la discusi\u00f3n sobre derechos adquiridos y restricciones posteriores\u201d.<\/p>\n\n\n\n<p>Finalmente adelant\u00f3 que el municipio solicit\u00f3 a ADA la determinaci\u00f3n precisa de la l\u00ednea de ribera en la zona de Claromec\u00f3, a partir de la cual se medir\u00e1n los 150 metros de protecci\u00f3n.<\/p>\n\n\n\n<p>\u201cToda medida que vaya a proteger el medio ambiente la vamos a apoyar. Tenemos que cuidar nuestros paisajes naturales porque son nuestra mayor ventaja para un turismo sustentable\u201d, concluy\u00f3.<\/p>\n\n\n\n<p>Pod\u00e9s escuchar la nota completa en el siguiente link:<\/p>\n\n\n\n<figure class=\"wp-block-embed is-type-video is-provider-youtube wp-block-embed-youtube wp-embed-aspect-16-9 wp-has-aspect-ratio\"><div class=\"wp-block-embed__wrapper\">\n<div class=\"youtube-embed\" data-video_id=\"f5-8XiEIOaA\"><iframe loading=\"lazy\" title=\"Onda Uno 103.9 en vivo\" width=\"696\" height=\"392\" data-src=\"https:\/\/www.youtube.com\/embed\/f5-8XiEIOaA?feature=oembed&#038;enablejsapi=1\" frameborder=\"0\" allow=\"accelerometer; autoplay; clipboard-write; encrypted-media; gyroscope; picture-in-picture; web-share\" referrerpolicy=\"strict-origin-when-cross-origin\" allowfullscreen src=\"data:image\/gif;base64,R0lGODlhAQABAAAAACH5BAEKAAEALAAAAAABAAEAAAICTAEAOw==\" class=\"lazyload\" data-load-mode=\"1\"><\/iframe><\/div>\n<\/div><\/figure>\n","protected":false},"excerpt":{"rendered":"<p>La secretaria de Planeamiento Urbano del municipio, arquitecta Paola Salerno, se refiri\u00f3 en Cosas que pasan a la reciente resoluci\u00f3n de la Autoridad del Agua de la Provincia de Buenos Aires (ADA), que ampli\u00f3 de 100 a 150 metros la restricci\u00f3n para construir desde la l\u00ednea de ribera en el frente costero bonaerense. En ese [&hellip;]<\/p>\n","protected":false},"author":1,"featured_media":31024,"comment_status":"open","ping_status":"open","sticky":false,"template":"","format":"standard","meta":{"tdm_status":"","tdm_grid_status":"","_jetpack_memberships_contains_paid_content":false,"footnotes":"","jetpack_publicize_message":"","jetpack_publicize_feature_enabled":true,"jetpack_social_post_already_shared":true,"jetpack_social_options":{"image_generator_settings":{"template":"highway","default_image_id":0,"font":"","enabled":false},"version":2}},"categories":[2],"tags":[],"class_list":{"0":"post-61155","1":"post","2":"type-post","3":"status-publish","4":"format-standard","5":"has-post-thumbnail","7":"category-locales"},"yoast_head":"<!-- This site is optimized with the Yoast SEO plugin v22.7 - https:\/\/yoast.com\/wordpress\/plugins\/seo\/ -->\n<title>Salerno celebr\u00f3 la nueva restricci\u00f3n para construir en la costa: \u201cLa vamos a apoyar\u201d - 103.9 fm<\/title>\n<meta name=\"robots\" content=\"index, follow, max-snippet:-1, max-image-preview:large, max-video-preview:-1\" \/>\n<link rel=\"canonical\" href=\"https:\/\/ondauno.com.ar\/index.php\/2025\/10\/16\/salerno-celebro-la-nueva-restriccion-para-construir-en-la-costa-la-vamos-a-apoyar\/\" \/>\n<meta property=\"og:locale\" content=\"es_ES\" \/>\n<meta property=\"og:type\" content=\"article\" \/>\n<meta property=\"og:title\" content=\"Salerno celebr\u00f3 la nueva restricci\u00f3n para construir en la costa: \u201cLa vamos a apoyar\u201d - 103.9 fm\" \/>\n<meta property=\"og:description\" content=\"La secretaria de Planeamiento Urbano del municipio, arquitecta Paola Salerno, se refiri\u00f3 en Cosas que pasan a la reciente resoluci\u00f3n de la Autoridad del Agua de la Provincia de Buenos Aires (ADA), que ampli\u00f3 de 100 a 150 metros la restricci\u00f3n para construir desde la l\u00ednea de ribera en el frente costero bonaerense. En ese [&hellip;]\" \/>\n<meta property=\"og:url\" content=\"https:\/\/ondauno.com.ar\/index.php\/2025\/10\/16\/salerno-celebro-la-nueva-restriccion-para-construir-en-la-costa-la-vamos-a-apoyar\/\" \/>\n<meta property=\"og:site_name\" content=\"103.9 fm\" \/>\n<meta property=\"article:publisher\" content=\"https:\/\/www.facebook.com\/ondauno103.9\" \/>\n<meta property=\"article:published_time\" content=\"2025-10-16T21:11:52+00:00\" \/>\n<meta property=\"article:modified_time\" content=\"2025-10-16T21:11:56+00:00\" \/>\n<meta property=\"og:image\" content=\"http:\/\/ondauno.com.ar\/wp-content\/uploads\/2021\/12\/paola-salerno-1.jpg\" \/>\n\t<meta property=\"og:image:width\" content=\"960\" \/>\n\t<meta property=\"og:image:height\" content=\"640\" \/>\n\t<meta property=\"og:image:type\" content=\"image\/jpeg\" \/>\n<meta name=\"author\" content=\"OndaUno\" \/>\n<meta name=\"twitter:card\" content=\"summary_large_image\" \/>\n<meta name=\"twitter:label1\" content=\"Escrito por\" \/>\n\t<meta name=\"twitter:data1\" content=\"OndaUno\" \/>\n\t<meta name=\"twitter:label2\" content=\"Tiempo de lectura\" \/>\n\t<meta name=\"twitter:data2\" content=\"2 minutos\" \/>\n<script type=\"application\/ld+json\" class=\"yoast-schema-graph\">{\"@context\":\"https:\/\/schema.org\",\"@graph\":[{\"@type\":\"WebPage\",\"@id\":\"https:\/\/ondauno.com.ar\/index.php\/2025\/10\/16\/salerno-celebro-la-nueva-restriccion-para-construir-en-la-costa-la-vamos-a-apoyar\/\",\"url\":\"https:\/\/ondauno.com.ar\/index.php\/2025\/10\/16\/salerno-celebro-la-nueva-restriccion-para-construir-en-la-costa-la-vamos-a-apoyar\/\",\"name\":\"Salerno celebr\u00f3 la nueva restricci\u00f3n para construir en la costa: \u201cLa vamos a apoyar\u201d - 103.9 fm\",\"isPartOf\":{\"@id\":\"https:\/\/ondauno.com.ar\/#website\"},\"primaryImageOfPage\":{\"@id\":\"https:\/\/ondauno.com.ar\/index.php\/2025\/10\/16\/salerno-celebro-la-nueva-restriccion-para-construir-en-la-costa-la-vamos-a-apoyar\/#primaryimage\"},\"image\":{\"@id\":\"https:\/\/ondauno.com.ar\/index.php\/2025\/10\/16\/salerno-celebro-la-nueva-restriccion-para-construir-en-la-costa-la-vamos-a-apoyar\/#primaryimage\"},\"thumbnailUrl\":\"https:\/\/ondauno.com.ar\/wp-content\/uploads\/2021\/12\/paola-salerno-1.jpg\",\"datePublished\":\"2025-10-16T21:11:52+00:00\",\"dateModified\":\"2025-10-16T21:11:56+00:00\",\"author\":{\"@id\":\"https:\/\/ondauno.com.ar\/#\/schema\/person\/7ec851ddeceb4133d7d7132dc645714e\"},\"breadcrumb\":{\"@id\":\"https:\/\/ondauno.com.ar\/index.php\/2025\/10\/16\/salerno-celebro-la-nueva-restriccion-para-construir-en-la-costa-la-vamos-a-apoyar\/#breadcrumb\"},\"inLanguage\":\"es-AR\",\"potentialAction\":[{\"@type\":\"ReadAction\",\"target\":[\"https:\/\/ondauno.com.ar\/index.php\/2025\/10\/16\/salerno-celebro-la-nueva-restriccion-para-construir-en-la-costa-la-vamos-a-apoyar\/\"]}]},{\"@type\":\"ImageObject\",\"inLanguage\":\"es-AR\",\"@id\":\"https:\/\/ondauno.com.ar\/index.php\/2025\/10\/16\/salerno-celebro-la-nueva-restriccion-para-construir-en-la-costa-la-vamos-a-apoyar\/#primaryimage\",\"url\":\"https:\/\/ondauno.com.ar\/wp-content\/uploads\/2021\/12\/paola-salerno-1.jpg\",\"contentUrl\":\"https:\/\/ondauno.com.ar\/wp-content\/uploads\/2021\/12\/paola-salerno-1.jpg\",\"width\":960,\"height\":640},{\"@type\":\"BreadcrumbList\",\"@id\":\"https:\/\/ondauno.com.ar\/index.php\/2025\/10\/16\/salerno-celebro-la-nueva-restriccion-para-construir-en-la-costa-la-vamos-a-apoyar\/#breadcrumb\",\"itemListElement\":[{\"@type\":\"ListItem\",\"position\":1,\"name\":\"Inicio\",\"item\":\"https:\/\/ondauno.com.ar\/\"},{\"@type\":\"ListItem\",\"position\":2,\"name\":\"Salerno celebr\u00f3 la nueva restricci\u00f3n para construir en la costa: \u201cLa vamos a apoyar\u201d\"}]},{\"@type\":\"WebSite\",\"@id\":\"https:\/\/ondauno.com.ar\/#website\",\"url\":\"https:\/\/ondauno.com.ar\/\",\"name\":\"103.9 fm\",\"description\":\"LA PRIMERA RADIO MULTIMEDIA DE TRES ARROYOS\",\"potentialAction\":[{\"@type\":\"SearchAction\",\"target\":{\"@type\":\"EntryPoint\",\"urlTemplate\":\"https:\/\/ondauno.com.ar\/?s={search_term_string}\"},\"query-input\":\"required name=search_term_string\"}],\"inLanguage\":\"es-AR\"},{\"@type\":\"Person\",\"@id\":\"https:\/\/ondauno.com.ar\/#\/schema\/person\/7ec851ddeceb4133d7d7132dc645714e\",\"name\":\"OndaUno\",\"image\":{\"@type\":\"ImageObject\",\"inLanguage\":\"es-AR\",\"@id\":\"https:\/\/ondauno.com.ar\/#\/schema\/person\/image\/\",\"url\":\"https:\/\/secure.gravatar.com\/avatar\/93b8009f0de7021f1feb2bd5b32fb9e8?s=96&d=mm&r=g\",\"contentUrl\":\"https:\/\/secure.gravatar.com\/avatar\/93b8009f0de7021f1feb2bd5b32fb9e8?s=96&d=mm&r=g\",\"caption\":\"OndaUno\"},\"url\":\"https:\/\/ondauno.com.ar\/index.php\/author\/ondauno\/\"}]}<\/script>\n<!-- \/ Yoast SEO plugin. -->","yoast_head_json":{"title":"Salerno celebr\u00f3 la nueva restricci\u00f3n para construir en la costa: \u201cLa vamos a apoyar\u201d - 103.9 fm","robots":{"index":"index","follow":"follow","max-snippet":"max-snippet:-1","max-image-preview":"max-image-preview:large","max-video-preview":"max-video-preview:-1"},"canonical":"https:\/\/ondauno.com.ar\/index.php\/2025\/10\/16\/salerno-celebro-la-nueva-restriccion-para-construir-en-la-costa-la-vamos-a-apoyar\/","og_locale":"es_ES","og_type":"article","og_title":"Salerno celebr\u00f3 la nueva restricci\u00f3n para construir en la costa: \u201cLa vamos a apoyar\u201d - 103.9 fm","og_description":"La secretaria de Planeamiento Urbano del municipio, arquitecta Paola Salerno, se refiri\u00f3 en Cosas que pasan a la reciente resoluci\u00f3n de la Autoridad del Agua de la Provincia de Buenos Aires (ADA), que ampli\u00f3 de 100 a 150 metros la restricci\u00f3n para construir desde la l\u00ednea de ribera en el frente costero bonaerense. En ese [&hellip;]","og_url":"https:\/\/ondauno.com.ar\/index.php\/2025\/10\/16\/salerno-celebro-la-nueva-restriccion-para-construir-en-la-costa-la-vamos-a-apoyar\/","og_site_name":"103.9 fm","article_publisher":"https:\/\/www.facebook.com\/ondauno103.9","article_published_time":"2025-10-16T21:11:52+00:00","article_modified_time":"2025-10-16T21:11:56+00:00","og_image":[{"width":960,"height":640,"url":"http:\/\/ondauno.com.ar\/wp-content\/uploads\/2021\/12\/paola-salerno-1.jpg","type":"image\/jpeg"}],"author":"OndaUno","twitter_card":"summary_large_image","twitter_misc":{"Escrito por":"OndaUno","Tiempo de lectura":"2 minutos"},"schema":{"@context":"https:\/\/schema.org","@graph":[{"@type":"WebPage","@id":"https:\/\/ondauno.com.ar\/index.php\/2025\/10\/16\/salerno-celebro-la-nueva-restriccion-para-construir-en-la-costa-la-vamos-a-apoyar\/","url":"https:\/\/ondauno.com.ar\/index.php\/2025\/10\/16\/salerno-celebro-la-nueva-restriccion-para-construir-en-la-costa-la-vamos-a-apoyar\/","name":"Salerno celebr\u00f3 la nueva restricci\u00f3n para construir en la costa: \u201cLa vamos a apoyar\u201d - 103.9 fm","isPartOf":{"@id":"https:\/\/ondauno.com.ar\/#website"},"primaryImageOfPage":{"@id":"https:\/\/ondauno.com.ar\/index.php\/2025\/10\/16\/salerno-celebro-la-nueva-restriccion-para-construir-en-la-costa-la-vamos-a-apoyar\/#primaryimage"},"image":{"@id":"https:\/\/ondauno.com.ar\/index.php\/2025\/10\/16\/salerno-celebro-la-nueva-restriccion-para-construir-en-la-costa-la-vamos-a-apoyar\/#primaryimage"},"thumbnailUrl":"https:\/\/ondauno.com.ar\/wp-content\/uploads\/2021\/12\/paola-salerno-1.jpg","datePublished":"2025-10-16T21:11:52+00:00","dateModified":"2025-10-16T21:11:56+00:00","author":{"@id":"https:\/\/ondauno.com.ar\/#\/schema\/person\/7ec851ddeceb4133d7d7132dc645714e"},"breadcrumb":{"@id":"https:\/\/ondauno.com.ar\/index.php\/2025\/10\/16\/salerno-celebro-la-nueva-restriccion-para-construir-en-la-costa-la-vamos-a-apoyar\/#breadcrumb"},"inLanguage":"es-AR","potentialAction":[{"@type":"ReadAction","target":["https:\/\/ondauno.com.ar\/index.php\/2025\/10\/16\/salerno-celebro-la-nueva-restriccion-para-construir-en-la-costa-la-vamos-a-apoyar\/"]}]},{"@type":"ImageObject","inLanguage":"es-AR","@id":"https:\/\/ondauno.com.ar\/index.php\/2025\/10\/16\/salerno-celebro-la-nueva-restriccion-para-construir-en-la-costa-la-vamos-a-apoyar\/#primaryimage","url":"https:\/\/ondauno.com.ar\/wp-content\/uploads\/2021\/12\/paola-salerno-1.jpg","contentUrl":"https:\/\/ondauno.com.ar\/wp-content\/uploads\/2021\/12\/paola-salerno-1.jpg","width":960,"height":640},{"@type":"BreadcrumbList","@id":"https:\/\/ondauno.com.ar\/index.php\/2025\/10\/16\/salerno-celebro-la-nueva-restriccion-para-construir-en-la-costa-la-vamos-a-apoyar\/#breadcrumb","itemListElement":[{"@type":"ListItem","position":1,"name":"Inicio","item":"https:\/\/ondauno.com.ar\/"},{"@type":"ListItem","position":2,"name":"Salerno celebr\u00f3 la nueva restricci\u00f3n para construir en la costa: \u201cLa vamos a apoyar\u201d"}]},{"@type":"WebSite","@id":"https:\/\/ondauno.com.ar\/#website","url":"https:\/\/ondauno.com.ar\/","name":"103.9 fm","description":"LA PRIMERA RADIO MULTIMEDIA DE TRES ARROYOS","potentialAction":[{"@type":"SearchAction","target":{"@type":"EntryPoint","urlTemplate":"https:\/\/ondauno.com.ar\/?s={search_term_string}"},"query-input":"required name=search_term_string"}],"inLanguage":"es-AR"},{"@type":"Person","@id":"https:\/\/ondauno.com.ar\/#\/schema\/person\/7ec851ddeceb4133d7d7132dc645714e","name":"OndaUno","image":{"@type":"ImageObject","inLanguage":"es-AR","@id":"https:\/\/ondauno.com.ar\/#\/schema\/person\/image\/","url":"https:\/\/secure.gravatar.com\/avatar\/93b8009f0de7021f1feb2bd5b32fb9e8?s=96&d=mm&r=g","contentUrl":"https:\/\/secure.gravatar.com\/avatar\/93b8009f0de7021f1feb2bd5b32fb9e8?s=96&d=mm&r=g","caption":"OndaUno"},"url":"https:\/\/ondauno.com.ar\/index.php\/author\/ondauno\/"}]}},"jetpack_publicize_connections":[],"jetpack_featured_media_url":"https:\/\/ondauno.com.ar\/wp-content\/uploads\/2021\/12\/paola-salerno-1.jpg","jetpack_sharing_enabled":true,"_links":{"self":[{"href":"https:\/\/ondauno.com.ar\/index.php\/wp-json\/wp\/v2\/posts\/61155","targetHints":{"allow":["GET"]}}],"collection":[{"href":"https:\/\/ondauno.com.ar\/index.php\/wp-json\/wp\/v2\/posts"}],"about":[{"href":"https:\/\/ondauno.com.ar\/index.php\/wp-json\/wp\/v2\/types\/post"}],"author":[{"embeddable":true,"href":"https:\/\/ondauno.com.ar\/index.php\/wp-json\/wp\/v2\/users\/1"}],"replies":[{"embeddable":true,"href":"https:\/\/ondauno.com.ar\/index.php\/wp-json\/wp\/v2\/comments?post=61155"}],"version-history":[{"count":1,"href":"https:\/\/ondauno.com.ar\/index.php\/wp-json\/wp\/v2\/posts\/61155\/revisions"}],"predecessor-version":[{"id":61156,"href":"https:\/\/ondauno.com.ar\/index.php\/wp-json\/wp\/v2\/posts\/61155\/revisions\/61156"}],"wp:featuredmedia":[{"embeddable":true,"href":"https:\/\/ondauno.com.ar\/index.php\/wp-json\/wp\/v2\/media\/31024"}],"wp:attachment":[{"href":"https:\/\/ondauno.com.ar\/index.php\/wp-json\/wp\/v2\/media?parent=61155"}],"wp:term":[{"taxonomy":"category","embeddable":true,"href":"https:\/\/ondauno.com.ar\/index.php\/wp-json\/wp\/v2\/categories?post=61155"},{"taxonomy":"post_tag","embeddable":true,"href":"https:\/\/ondauno.com.ar\/index.php\/wp-json\/wp\/v2\/tags?post=61155"}],"curies":[{"name":"wp","href":"https:\/\/api.w.org\/{rel}","templated":true}]}}