{"id":61151,"date":"2025-10-16T18:07:38","date_gmt":"2025-10-16T21:07:38","guid":{"rendered":"https:\/\/ondauno.com.ar\/?p=61151"},"modified":"2025-10-16T18:24:41","modified_gmt":"2025-10-16T21:24:41","slug":"se-presento-en-el-senado-el-proyecto-de-ley-para-la-creacion-de-la-universidad-nacional-de-tres-arroyos-unta","status":"publish","type":"post","link":"https:\/\/ondauno.com.ar\/index.php\/2025\/10\/16\/se-presento-en-el-senado-el-proyecto-de-ley-para-la-creacion-de-la-universidad-nacional-de-tres-arroyos-unta\/","title":{"rendered":"Se present\u00f3 en la C\u00e1mara de diputados un proyecto de ley para la creaci\u00f3n de la Universidad Nacional de Tres Arroyos (UNTA)"},"content":{"rendered":"<div class=\"ondau-before-content_3\" style=\"margin-top: -30px;\" id=\"ondau-291504353\"><a href=\"https:\/\/www.lps.com.ar\/\" aria-label=\"la-perse2\"><img loading=\"lazy\" decoding=\"async\" src=\"https:\/\/ondauno.com.ar\/wp-content\/uploads\/2021\/10\/la-perse2.jpg\" alt=\"\"  srcset=\"https:\/\/ondauno.com.ar\/wp-content\/uploads\/2021\/10\/la-perse2.jpg 1353w, https:\/\/ondauno.com.ar\/wp-content\/uploads\/2021\/10\/la-perse2-300x43.jpg 300w, https:\/\/ondauno.com.ar\/wp-content\/uploads\/2021\/10\/la-perse2-1024x148.jpg 1024w, https:\/\/ondauno.com.ar\/wp-content\/uploads\/2021\/10\/la-perse2-768x111.jpg 768w, https:\/\/ondauno.com.ar\/wp-content\/uploads\/2021\/10\/la-perse2-696x100.jpg 696w, https:\/\/ondauno.com.ar\/wp-content\/uploads\/2021\/10\/la-perse2-1068x154.jpg 1068w\" sizes=\"(max-width: 1353px) 100vw, 1353px\" class=\"no-lazyload\" width=\"1353\" height=\"195\"  style=\"display: inline-block;\" \/><\/a><\/div>\n<p>En un paso hist\u00f3rico para el desarrollo educativo y productivo de la regi\u00f3n, fue presentado en la Camara de Diputados de la Naci\u00f3n el proyecto de ley para la creaci\u00f3n de la Universidad Nacional de Tres Arroyos (UNTA).<\/p>\n\n\n\n<p><br>Este logro es el resultado de una gesti\u00f3n impulsada por el intendente Pablo Garate, quien desde el inicio de su mandato asumi\u00f3 el compromiso de convertir la universidad en una realidad para Tres Arroyos. Desde el primer d\u00eda, sostuvo que la educaci\u00f3n superior deb\u00eda ser una prioridad para el crecimiento y el arraigo local, y hoy ese compromiso comienza a concretarse.<\/p>\n\n\n\n<p>El trabajo se llev\u00f3 adelante de manera articulada con Alberto Dibber, Patricio Ferrario y Valeria Guido, actual coordinadora de CRESTA, quienes junto al intendente conformaron un equipo que impuls\u00f3, acompa\u00f1\u00f3 y gestion\u00f3 cada instancia de este proyecto.<\/p>\n\n\n\n<p>El proyecto, presentado por el Diputado Nacional Hugo Yasky y acompa\u00f1ado por las diputadas Blanca Osuna y Danya Tavela, propone la creaci\u00f3n de una universidad p\u00fablica, gratuita e inclusiva, con sede en Tres Arroyos y alcance regional hacia los distritos de Adolfo Gonz\u00e1lez Chaves, Benito Ju\u00e1rez, Coronel Dorrego, Coronel Pringles, Coronel Su\u00e1rez, General La Madrid, Laprida, Lober\u00eda, Monte Hermoso, San Cayetano y Necochea.<\/p>\n\n\n\n<p>La iniciativa busca garantizar el acceso a la educaci\u00f3n universitaria a miles de j\u00f3venes del sudoeste bonaerense, con una oferta acad\u00e9mica orientada a las necesidades productivas, agroalimentarias e industriales de la regi\u00f3n.<br>El proyecto plantea una universidad moderna e innovadora, organizada por departamentos y con carreras que respondan a la demanda del contexto. Tambi\u00e9n prev\u00e9 la conformaci\u00f3n de un Consejo Consultivo integrado por representantes del sector social y productivo regional.<\/p>\n\n\n\n<p>El camino hacia la UNTA se apoya en la experiencia del Centro Regional de Estudios Superiores de Tres Arroyos (CRESTA), que desde 2005 ha formado a m\u00e1s de 10.000 estudiantes y mantiene convenios con numerosas universidades nacionales.<\/p>\n\n\n\n<p>\u201cEste proyecto no es solo una propuesta educativa, es una apuesta al futuro de Tres Arroyos. Tener nuestra universidad significa m\u00e1s oportunidades, m\u00e1s arraigo y m\u00e1s desarrollo para toda la regi\u00f3n\u201d, destac\u00f3 el intendente Pablo Garate.<\/p>\n\n\n\n<p>Tres Arroyos da un paso hist\u00f3rico. La creaci\u00f3n de su Universidad Nacional es un sue\u00f1o que empieza a hacerse realidad.<\/p>\n","protected":false},"excerpt":{"rendered":"<p>En un paso hist\u00f3rico para el desarrollo educativo y productivo de la regi\u00f3n, fue presentado en la Camara de Diputados de la Naci\u00f3n el proyecto de ley para la creaci\u00f3n de la Universidad Nacional de Tres Arroyos (UNTA). Este logro es el resultado de una gesti\u00f3n impulsada por el intendente Pablo Garate, quien desde el [&hellip;]<\/p>\n","protected":false},"author":1,"featured_media":61152,"comment_status":"open","ping_status":"open","sticky":false,"template":"","format":"standard","meta":{"tdm_status":"","tdm_grid_status":"","_jetpack_memberships_contains_paid_content":false,"footnotes":"","jetpack_publicize_message":"","jetpack_publicize_feature_enabled":true,"jetpack_social_post_already_shared":true,"jetpack_social_options":{"image_generator_settings":{"template":"highway","default_image_id":0,"font":"","enabled":false},"version":2}},"categories":[2],"tags":[],"class_list":{"0":"post-61151","1":"post","2":"type-post","3":"status-publish","4":"format-standard","5":"has-post-thumbnail","7":"category-locales"},"yoast_head":"<!-- This site is optimized with the Yoast SEO plugin v22.7 - https:\/\/yoast.com\/wordpress\/plugins\/seo\/ -->\n<title>Se present\u00f3 en la C\u00e1mara de diputados un proyecto de ley para la creaci\u00f3n de la Universidad Nacional de Tres Arroyos (UNTA) - 103.9 fm<\/title>\n<meta name=\"robots\" content=\"index, follow, max-snippet:-1, max-image-preview:large, max-video-preview:-1\" \/>\n<link rel=\"canonical\" href=\"https:\/\/ondauno.com.ar\/index.php\/2025\/10\/16\/se-presento-en-el-senado-el-proyecto-de-ley-para-la-creacion-de-la-universidad-nacional-de-tres-arroyos-unta\/\" \/>\n<meta property=\"og:locale\" content=\"es_ES\" \/>\n<meta property=\"og:type\" content=\"article\" \/>\n<meta property=\"og:title\" content=\"Se present\u00f3 en la C\u00e1mara de diputados un proyecto de ley para la creaci\u00f3n de la Universidad Nacional de Tres Arroyos (UNTA) - 103.9 fm\" \/>\n<meta property=\"og:description\" content=\"En un paso hist\u00f3rico para el desarrollo educativo y productivo de la regi\u00f3n, fue presentado en la Camara de Diputados de la Naci\u00f3n el proyecto de ley para la creaci\u00f3n de la Universidad Nacional de Tres Arroyos (UNTA). Este logro es el resultado de una gesti\u00f3n impulsada por el intendente Pablo Garate, quien desde el [&hellip;]\" \/>\n<meta property=\"og:url\" content=\"https:\/\/ondauno.com.ar\/index.php\/2025\/10\/16\/se-presento-en-el-senado-el-proyecto-de-ley-para-la-creacion-de-la-universidad-nacional-de-tres-arroyos-unta\/\" \/>\n<meta property=\"og:site_name\" content=\"103.9 fm\" \/>\n<meta property=\"article:publisher\" content=\"https:\/\/www.facebook.com\/ondauno103.9\" \/>\n<meta property=\"article:published_time\" content=\"2025-10-16T21:07:38+00:00\" \/>\n<meta property=\"article:modified_time\" content=\"2025-10-16T21:24:41+00:00\" \/>\n<meta property=\"og:image\" content=\"http:\/\/ondauno.com.ar\/wp-content\/uploads\/2025\/10\/congreso.webp\" \/>\n\t<meta property=\"og:image:width\" content=\"768\" \/>\n\t<meta property=\"og:image:height\" content=\"432\" \/>\n\t<meta property=\"og:image:type\" content=\"image\/webp\" \/>\n<meta name=\"author\" content=\"OndaUno\" \/>\n<meta name=\"twitter:card\" content=\"summary_large_image\" \/>\n<meta name=\"twitter:label1\" content=\"Escrito por\" \/>\n\t<meta name=\"twitter:data1\" content=\"OndaUno\" \/>\n\t<meta name=\"twitter:label2\" content=\"Tiempo de lectura\" \/>\n\t<meta name=\"twitter:data2\" content=\"2 minutos\" \/>\n<script type=\"application\/ld+json\" class=\"yoast-schema-graph\">{\"@context\":\"https:\/\/schema.org\",\"@graph\":[{\"@type\":\"WebPage\",\"@id\":\"https:\/\/ondauno.com.ar\/index.php\/2025\/10\/16\/se-presento-en-el-senado-el-proyecto-de-ley-para-la-creacion-de-la-universidad-nacional-de-tres-arroyos-unta\/\",\"url\":\"https:\/\/ondauno.com.ar\/index.php\/2025\/10\/16\/se-presento-en-el-senado-el-proyecto-de-ley-para-la-creacion-de-la-universidad-nacional-de-tres-arroyos-unta\/\",\"name\":\"Se present\u00f3 en la C\u00e1mara de diputados un proyecto de ley para la creaci\u00f3n de la Universidad Nacional de Tres Arroyos (UNTA) - 103.9 fm\",\"isPartOf\":{\"@id\":\"https:\/\/ondauno.com.ar\/#website\"},\"primaryImageOfPage\":{\"@id\":\"https:\/\/ondauno.com.ar\/index.php\/2025\/10\/16\/se-presento-en-el-senado-el-proyecto-de-ley-para-la-creacion-de-la-universidad-nacional-de-tres-arroyos-unta\/#primaryimage\"},\"image\":{\"@id\":\"https:\/\/ondauno.com.ar\/index.php\/2025\/10\/16\/se-presento-en-el-senado-el-proyecto-de-ley-para-la-creacion-de-la-universidad-nacional-de-tres-arroyos-unta\/#primaryimage\"},\"thumbnailUrl\":\"https:\/\/ondauno.com.ar\/wp-content\/uploads\/2025\/10\/congreso.webp\",\"datePublished\":\"2025-10-16T21:07:38+00:00\",\"dateModified\":\"2025-10-16T21:24:41+00:00\",\"author\":{\"@id\":\"https:\/\/ondauno.com.ar\/#\/schema\/person\/7ec851ddeceb4133d7d7132dc645714e\"},\"breadcrumb\":{\"@id\":\"https:\/\/ondauno.com.ar\/index.php\/2025\/10\/16\/se-presento-en-el-senado-el-proyecto-de-ley-para-la-creacion-de-la-universidad-nacional-de-tres-arroyos-unta\/#breadcrumb\"},\"inLanguage\":\"es-AR\",\"potentialAction\":[{\"@type\":\"ReadAction\",\"target\":[\"https:\/\/ondauno.com.ar\/index.php\/2025\/10\/16\/se-presento-en-el-senado-el-proyecto-de-ley-para-la-creacion-de-la-universidad-nacional-de-tres-arroyos-unta\/\"]}]},{\"@type\":\"ImageObject\",\"inLanguage\":\"es-AR\",\"@id\":\"https:\/\/ondauno.com.ar\/index.php\/2025\/10\/16\/se-presento-en-el-senado-el-proyecto-de-ley-para-la-creacion-de-la-universidad-nacional-de-tres-arroyos-unta\/#primaryimage\",\"url\":\"https:\/\/ondauno.com.ar\/wp-content\/uploads\/2025\/10\/congreso.webp\",\"contentUrl\":\"https:\/\/ondauno.com.ar\/wp-content\/uploads\/2025\/10\/congreso.webp\",\"width\":768,\"height\":432},{\"@type\":\"BreadcrumbList\",\"@id\":\"https:\/\/ondauno.com.ar\/index.php\/2025\/10\/16\/se-presento-en-el-senado-el-proyecto-de-ley-para-la-creacion-de-la-universidad-nacional-de-tres-arroyos-unta\/#breadcrumb\",\"itemListElement\":[{\"@type\":\"ListItem\",\"position\":1,\"name\":\"Inicio\",\"item\":\"https:\/\/ondauno.com.ar\/\"},{\"@type\":\"ListItem\",\"position\":2,\"name\":\"Se present\u00f3 en la C\u00e1mara de diputados un proyecto de ley para la creaci\u00f3n de la Universidad Nacional de Tres Arroyos (UNTA)\"}]},{\"@type\":\"WebSite\",\"@id\":\"https:\/\/ondauno.com.ar\/#website\",\"url\":\"https:\/\/ondauno.com.ar\/\",\"name\":\"103.9 fm\",\"description\":\"LA PRIMERA RADIO MULTIMEDIA DE TRES ARROYOS\",\"potentialAction\":[{\"@type\":\"SearchAction\",\"target\":{\"@type\":\"EntryPoint\",\"urlTemplate\":\"https:\/\/ondauno.com.ar\/?s={search_term_string}\"},\"query-input\":\"required name=search_term_string\"}],\"inLanguage\":\"es-AR\"},{\"@type\":\"Person\",\"@id\":\"https:\/\/ondauno.com.ar\/#\/schema\/person\/7ec851ddeceb4133d7d7132dc645714e\",\"name\":\"OndaUno\",\"image\":{\"@type\":\"ImageObject\",\"inLanguage\":\"es-AR\",\"@id\":\"https:\/\/ondauno.com.ar\/#\/schema\/person\/image\/\",\"url\":\"https:\/\/secure.gravatar.com\/avatar\/93b8009f0de7021f1feb2bd5b32fb9e8?s=96&d=mm&r=g\",\"contentUrl\":\"https:\/\/secure.gravatar.com\/avatar\/93b8009f0de7021f1feb2bd5b32fb9e8?s=96&d=mm&r=g\",\"caption\":\"OndaUno\"},\"url\":\"https:\/\/ondauno.com.ar\/index.php\/author\/ondauno\/\"}]}<\/script>\n<!-- \/ Yoast SEO plugin. -->","yoast_head_json":{"title":"Se present\u00f3 en la C\u00e1mara de diputados un proyecto de ley para la creaci\u00f3n de la Universidad Nacional de Tres Arroyos (UNTA) - 103.9 fm","robots":{"index":"index","follow":"follow","max-snippet":"max-snippet:-1","max-image-preview":"max-image-preview:large","max-video-preview":"max-video-preview:-1"},"canonical":"https:\/\/ondauno.com.ar\/index.php\/2025\/10\/16\/se-presento-en-el-senado-el-proyecto-de-ley-para-la-creacion-de-la-universidad-nacional-de-tres-arroyos-unta\/","og_locale":"es_ES","og_type":"article","og_title":"Se present\u00f3 en la C\u00e1mara de diputados un proyecto de ley para la creaci\u00f3n de la Universidad Nacional de Tres Arroyos (UNTA) - 103.9 fm","og_description":"En un paso hist\u00f3rico para el desarrollo educativo y productivo de la regi\u00f3n, fue presentado en la Camara de Diputados de la Naci\u00f3n el proyecto de ley para la creaci\u00f3n de la Universidad Nacional de Tres Arroyos (UNTA). Este logro es el resultado de una gesti\u00f3n impulsada por el intendente Pablo Garate, quien desde el [&hellip;]","og_url":"https:\/\/ondauno.com.ar\/index.php\/2025\/10\/16\/se-presento-en-el-senado-el-proyecto-de-ley-para-la-creacion-de-la-universidad-nacional-de-tres-arroyos-unta\/","og_site_name":"103.9 fm","article_publisher":"https:\/\/www.facebook.com\/ondauno103.9","article_published_time":"2025-10-16T21:07:38+00:00","article_modified_time":"2025-10-16T21:24:41+00:00","og_image":[{"width":768,"height":432,"url":"http:\/\/ondauno.com.ar\/wp-content\/uploads\/2025\/10\/congreso.webp","type":"image\/webp"}],"author":"OndaUno","twitter_card":"summary_large_image","twitter_misc":{"Escrito por":"OndaUno","Tiempo de lectura":"2 minutos"},"schema":{"@context":"https:\/\/schema.org","@graph":[{"@type":"WebPage","@id":"https:\/\/ondauno.com.ar\/index.php\/2025\/10\/16\/se-presento-en-el-senado-el-proyecto-de-ley-para-la-creacion-de-la-universidad-nacional-de-tres-arroyos-unta\/","url":"https:\/\/ondauno.com.ar\/index.php\/2025\/10\/16\/se-presento-en-el-senado-el-proyecto-de-ley-para-la-creacion-de-la-universidad-nacional-de-tres-arroyos-unta\/","name":"Se present\u00f3 en la C\u00e1mara de diputados un proyecto de ley para la creaci\u00f3n de la Universidad Nacional de Tres Arroyos (UNTA) - 103.9 fm","isPartOf":{"@id":"https:\/\/ondauno.com.ar\/#website"},"primaryImageOfPage":{"@id":"https:\/\/ondauno.com.ar\/index.php\/2025\/10\/16\/se-presento-en-el-senado-el-proyecto-de-ley-para-la-creacion-de-la-universidad-nacional-de-tres-arroyos-unta\/#primaryimage"},"image":{"@id":"https:\/\/ondauno.com.ar\/index.php\/2025\/10\/16\/se-presento-en-el-senado-el-proyecto-de-ley-para-la-creacion-de-la-universidad-nacional-de-tres-arroyos-unta\/#primaryimage"},"thumbnailUrl":"https:\/\/ondauno.com.ar\/wp-content\/uploads\/2025\/10\/congreso.webp","datePublished":"2025-10-16T21:07:38+00:00","dateModified":"2025-10-16T21:24:41+00:00","author":{"@id":"https:\/\/ondauno.com.ar\/#\/schema\/person\/7ec851ddeceb4133d7d7132dc645714e"},"breadcrumb":{"@id":"https:\/\/ondauno.com.ar\/index.php\/2025\/10\/16\/se-presento-en-el-senado-el-proyecto-de-ley-para-la-creacion-de-la-universidad-nacional-de-tres-arroyos-unta\/#breadcrumb"},"inLanguage":"es-AR","potentialAction":[{"@type":"ReadAction","target":["https:\/\/ondauno.com.ar\/index.php\/2025\/10\/16\/se-presento-en-el-senado-el-proyecto-de-ley-para-la-creacion-de-la-universidad-nacional-de-tres-arroyos-unta\/"]}]},{"@type":"ImageObject","inLanguage":"es-AR","@id":"https:\/\/ondauno.com.ar\/index.php\/2025\/10\/16\/se-presento-en-el-senado-el-proyecto-de-ley-para-la-creacion-de-la-universidad-nacional-de-tres-arroyos-unta\/#primaryimage","url":"https:\/\/ondauno.com.ar\/wp-content\/uploads\/2025\/10\/congreso.webp","contentUrl":"https:\/\/ondauno.com.ar\/wp-content\/uploads\/2025\/10\/congreso.webp","width":768,"height":432},{"@type":"BreadcrumbList","@id":"https:\/\/ondauno.com.ar\/index.php\/2025\/10\/16\/se-presento-en-el-senado-el-proyecto-de-ley-para-la-creacion-de-la-universidad-nacional-de-tres-arroyos-unta\/#breadcrumb","itemListElement":[{"@type":"ListItem","position":1,"name":"Inicio","item":"https:\/\/ondauno.com.ar\/"},{"@type":"ListItem","position":2,"name":"Se present\u00f3 en la C\u00e1mara de diputados un proyecto de ley para la creaci\u00f3n de la Universidad Nacional de Tres Arroyos (UNTA)"}]},{"@type":"WebSite","@id":"https:\/\/ondauno.com.ar\/#website","url":"https:\/\/ondauno.com.ar\/","name":"103.9 fm","description":"LA PRIMERA RADIO MULTIMEDIA DE TRES ARROYOS","potentialAction":[{"@type":"SearchAction","target":{"@type":"EntryPoint","urlTemplate":"https:\/\/ondauno.com.ar\/?s={search_term_string}"},"query-input":"required name=search_term_string"}],"inLanguage":"es-AR"},{"@type":"Person","@id":"https:\/\/ondauno.com.ar\/#\/schema\/person\/7ec851ddeceb4133d7d7132dc645714e","name":"OndaUno","image":{"@type":"ImageObject","inLanguage":"es-AR","@id":"https:\/\/ondauno.com.ar\/#\/schema\/person\/image\/","url":"https:\/\/secure.gravatar.com\/avatar\/93b8009f0de7021f1feb2bd5b32fb9e8?s=96&d=mm&r=g","contentUrl":"https:\/\/secure.gravatar.com\/avatar\/93b8009f0de7021f1feb2bd5b32fb9e8?s=96&d=mm&r=g","caption":"OndaUno"},"url":"https:\/\/ondauno.com.ar\/index.php\/author\/ondauno\/"}]}},"jetpack_publicize_connections":[],"jetpack_featured_media_url":"https:\/\/ondauno.com.ar\/wp-content\/uploads\/2025\/10\/congreso.webp","jetpack_sharing_enabled":true,"_links":{"self":[{"href":"https:\/\/ondauno.com.ar\/index.php\/wp-json\/wp\/v2\/posts\/61151","targetHints":{"allow":["GET"]}}],"collection":[{"href":"https:\/\/ondauno.com.ar\/index.php\/wp-json\/wp\/v2\/posts"}],"about":[{"href":"https:\/\/ondauno.com.ar\/index.php\/wp-json\/wp\/v2\/types\/post"}],"author":[{"embeddable":true,"href":"https:\/\/ondauno.com.ar\/index.php\/wp-json\/wp\/v2\/users\/1"}],"replies":[{"embeddable":true,"href":"https:\/\/ondauno.com.ar\/index.php\/wp-json\/wp\/v2\/comments?post=61151"}],"version-history":[{"count":2,"href":"https:\/\/ondauno.com.ar\/index.php\/wp-json\/wp\/v2\/posts\/61151\/revisions"}],"predecessor-version":[{"id":61174,"href":"https:\/\/ondauno.com.ar\/index.php\/wp-json\/wp\/v2\/posts\/61151\/revisions\/61174"}],"wp:featuredmedia":[{"embeddable":true,"href":"https:\/\/ondauno.com.ar\/index.php\/wp-json\/wp\/v2\/media\/61152"}],"wp:attachment":[{"href":"https:\/\/ondauno.com.ar\/index.php\/wp-json\/wp\/v2\/media?parent=61151"}],"wp:term":[{"taxonomy":"category","embeddable":true,"href":"https:\/\/ondauno.com.ar\/index.php\/wp-json\/wp\/v2\/categories?post=61151"},{"taxonomy":"post_tag","embeddable":true,"href":"https:\/\/ondauno.com.ar\/index.php\/wp-json\/wp\/v2\/tags?post=61151"}],"curies":[{"name":"wp","href":"https:\/\/api.w.org\/{rel}","templated":true}]}}