{"id":61129,"date":"2025-10-16T12:55:59","date_gmt":"2025-10-16T15:55:59","guid":{"rendered":"https:\/\/ondauno.com.ar\/?p=61129"},"modified":"2025-10-16T12:56:04","modified_gmt":"2025-10-16T15:56:04","slug":"festival-de-atletismo-infantil-en-la-pista-municipal-ruben-gonzalez","status":"publish","type":"post","link":"https:\/\/ondauno.com.ar\/index.php\/2025\/10\/16\/festival-de-atletismo-infantil-en-la-pista-municipal-ruben-gonzalez\/","title":{"rendered":"Festival de Atletismo Infantil en la Pista Municipal \u201cRub\u00e9n Gonz\u00e1lez\u201d"},"content":{"rendered":"<div class=\"ondau-before-content_3\" style=\"margin-top: -30px;\" id=\"ondau-3884295429\"><a href=\"https:\/\/www.lps.com.ar\/\" aria-label=\"la-perse2\"><img loading=\"lazy\" decoding=\"async\" src=\"https:\/\/ondauno.com.ar\/wp-content\/uploads\/2021\/10\/la-perse2.jpg\" alt=\"\"  srcset=\"https:\/\/ondauno.com.ar\/wp-content\/uploads\/2021\/10\/la-perse2.jpg 1353w, https:\/\/ondauno.com.ar\/wp-content\/uploads\/2021\/10\/la-perse2-300x43.jpg 300w, https:\/\/ondauno.com.ar\/wp-content\/uploads\/2021\/10\/la-perse2-1024x148.jpg 1024w, https:\/\/ondauno.com.ar\/wp-content\/uploads\/2021\/10\/la-perse2-768x111.jpg 768w, https:\/\/ondauno.com.ar\/wp-content\/uploads\/2021\/10\/la-perse2-696x100.jpg 696w, https:\/\/ondauno.com.ar\/wp-content\/uploads\/2021\/10\/la-perse2-1068x154.jpg 1068w\" sizes=\"(max-width: 1353px) 100vw, 1353px\" class=\"no-lazyload\" width=\"1353\" height=\"195\"  style=\"display: inline-block;\" \/><\/a><\/div>\n<p>Este domingo 19, la Pista Municipal \u201cRub\u00e9n Gonz\u00e1lez\u201d ser\u00e1 escenario de una nueva edici\u00f3n del Festival de Atletismo Infantil, una jornada pensada para que los m\u00e1s chicos disfruten del deporte, el movimiento y la amistad. \ud83d\udc9a<br>Las inscripciones se realizar\u00e1n el s\u00e1bado de 16 a 18 hs y el domingo desde las 9:30 hs.<br>El costo de participaci\u00f3n ser\u00e1 un alimento no perecedero, que luego ser\u00e1 destinado a instituciones locales.<br>Las categor\u00edas comienzan a partir de los 3 a\u00f1os, con las siguientes distancias:<br>3 y 4 a\u00f1os \u2192 50 metros<br>5 y 6 a\u00f1os \u2192 70 metros<br>7 y 8 a\u00f1os \u2192 90 metros<br>9 y 10 a\u00f1os \u2192 110 metros<br>11 y 12 a\u00f1os \u2192 120 metros<\/p>\n\n\n\n<p>Una linda oportunidad para compartir en familia, disfrutar del aire libre y fomentar valores deportivos desde la infancia.<\/p>\n\n\n\n<p>Por consultas, comunicarse con Bel\u00e9n Iardino.<br>\u00a1Los esperamos para vivir una jornada llena de energ\u00eda y sonrisas!<\/p>\n\n\n\n<figure class=\"wp-block-image size-large\"><img loading=\"lazy\" decoding=\"async\" width=\"1024\" height=\"576\" data-src=\"https:\/\/ondauno.com.ar\/wp-content\/uploads\/2025\/10\/WhatsApp-Image-2025-10-16-at-11.17.30-1024x576.jpeg\" alt=\"\" class=\"wp-image-61131 lazyload\" data-srcset=\"https:\/\/ondauno.com.ar\/wp-content\/uploads\/2025\/10\/WhatsApp-Image-2025-10-16-at-11.17.30-1024x576.jpeg 1024w, https:\/\/ondauno.com.ar\/wp-content\/uploads\/2025\/10\/WhatsApp-Image-2025-10-16-at-11.17.30-300x169.jpeg 300w, https:\/\/ondauno.com.ar\/wp-content\/uploads\/2025\/10\/WhatsApp-Image-2025-10-16-at-11.17.30-768x432.jpeg 768w, https:\/\/ondauno.com.ar\/wp-content\/uploads\/2025\/10\/WhatsApp-Image-2025-10-16-at-11.17.30-746x420.jpeg 746w, https:\/\/ondauno.com.ar\/wp-content\/uploads\/2025\/10\/WhatsApp-Image-2025-10-16-at-11.17.30-696x392.jpeg 696w, https:\/\/ondauno.com.ar\/wp-content\/uploads\/2025\/10\/WhatsApp-Image-2025-10-16-at-11.17.30-1068x601.jpeg 1068w, https:\/\/ondauno.com.ar\/wp-content\/uploads\/2025\/10\/WhatsApp-Image-2025-10-16-at-11.17.30.jpeg 1080w\" data-sizes=\"auto, (max-width: 1024px) 100vw, 1024px\" src=\"data:image\/gif;base64,R0lGODlhAQABAAAAACH5BAEKAAEALAAAAAABAAEAAAICTAEAOw==\" style=\"--smush-placeholder-width: 1024px; --smush-placeholder-aspect-ratio: 1024\/576;\" \/><noscript><img loading=\"lazy\" decoding=\"async\" width=\"1024\" height=\"576\" src=\"https:\/\/ondauno.com.ar\/wp-content\/uploads\/2025\/10\/WhatsApp-Image-2025-10-16-at-11.17.30-1024x576.jpeg\" alt=\"\" class=\"wp-image-61131\" srcset=\"https:\/\/ondauno.com.ar\/wp-content\/uploads\/2025\/10\/WhatsApp-Image-2025-10-16-at-11.17.30-1024x576.jpeg 1024w, https:\/\/ondauno.com.ar\/wp-content\/uploads\/2025\/10\/WhatsApp-Image-2025-10-16-at-11.17.30-300x169.jpeg 300w, https:\/\/ondauno.com.ar\/wp-content\/uploads\/2025\/10\/WhatsApp-Image-2025-10-16-at-11.17.30-768x432.jpeg 768w, https:\/\/ondauno.com.ar\/wp-content\/uploads\/2025\/10\/WhatsApp-Image-2025-10-16-at-11.17.30-746x420.jpeg 746w, https:\/\/ondauno.com.ar\/wp-content\/uploads\/2025\/10\/WhatsApp-Image-2025-10-16-at-11.17.30-696x392.jpeg 696w, https:\/\/ondauno.com.ar\/wp-content\/uploads\/2025\/10\/WhatsApp-Image-2025-10-16-at-11.17.30-1068x601.jpeg 1068w, https:\/\/ondauno.com.ar\/wp-content\/uploads\/2025\/10\/WhatsApp-Image-2025-10-16-at-11.17.30.jpeg 1080w\" sizes=\"auto, (max-width: 1024px) 100vw, 1024px\" \/><\/noscript><\/figure>\n","protected":false},"excerpt":{"rendered":"<p>Este domingo 19, la Pista Municipal \u201cRub\u00e9n Gonz\u00e1lez\u201d ser\u00e1 escenario de una nueva edici\u00f3n del Festival de Atletismo Infantil, una jornada pensada para que los m\u00e1s chicos disfruten del deporte, el movimiento y la amistad. \ud83d\udc9aLas inscripciones se realizar\u00e1n el s\u00e1bado de 16 a 18 hs y el domingo desde las 9:30 hs.El costo de [&hellip;]<\/p>\n","protected":false},"author":1,"featured_media":61130,"comment_status":"open","ping_status":"open","sticky":false,"template":"","format":"standard","meta":{"tdm_status":"","tdm_grid_status":"","_jetpack_memberships_contains_paid_content":false,"footnotes":"","jetpack_publicize_message":"","jetpack_publicize_feature_enabled":true,"jetpack_social_post_already_shared":true,"jetpack_social_options":{"image_generator_settings":{"template":"highway","default_image_id":0,"font":"","enabled":false},"version":2}},"categories":[28],"tags":[],"class_list":{"0":"post-61129","1":"post","2":"type-post","3":"status-publish","4":"format-standard","5":"has-post-thumbnail","7":"category-interes-general"},"yoast_head":"<!-- This site is optimized with the Yoast SEO plugin v22.7 - https:\/\/yoast.com\/wordpress\/plugins\/seo\/ -->\n<title>Festival de Atletismo Infantil en la Pista Municipal \u201cRub\u00e9n Gonz\u00e1lez\u201d - 103.9 fm<\/title>\n<meta name=\"robots\" content=\"index, follow, max-snippet:-1, max-image-preview:large, max-video-preview:-1\" \/>\n<link rel=\"canonical\" href=\"https:\/\/ondauno.com.ar\/index.php\/2025\/10\/16\/festival-de-atletismo-infantil-en-la-pista-municipal-ruben-gonzalez\/\" \/>\n<meta property=\"og:locale\" content=\"es_ES\" \/>\n<meta property=\"og:type\" content=\"article\" \/>\n<meta property=\"og:title\" content=\"Festival de Atletismo Infantil en la Pista Municipal \u201cRub\u00e9n Gonz\u00e1lez\u201d - 103.9 fm\" \/>\n<meta property=\"og:description\" content=\"Este domingo 19, la Pista Municipal \u201cRub\u00e9n Gonz\u00e1lez\u201d ser\u00e1 escenario de una nueva edici\u00f3n del Festival de Atletismo Infantil, una jornada pensada para que los m\u00e1s chicos disfruten del deporte, el movimiento y la amistad. \ud83d\udc9aLas inscripciones se realizar\u00e1n el s\u00e1bado de 16 a 18 hs y el domingo desde las 9:30 hs.El costo de [&hellip;]\" \/>\n<meta property=\"og:url\" content=\"https:\/\/ondauno.com.ar\/index.php\/2025\/10\/16\/festival-de-atletismo-infantil-en-la-pista-municipal-ruben-gonzalez\/\" \/>\n<meta property=\"og:site_name\" content=\"103.9 fm\" \/>\n<meta property=\"article:publisher\" content=\"https:\/\/www.facebook.com\/ondauno103.9\" \/>\n<meta property=\"article:published_time\" content=\"2025-10-16T15:55:59+00:00\" \/>\n<meta property=\"article:modified_time\" content=\"2025-10-16T15:56:04+00:00\" \/>\n<meta property=\"og:image\" content=\"http:\/\/ondauno.com.ar\/wp-content\/uploads\/2025\/10\/WhatsApp-Image-2025-10-16-at-11.17.29.jpeg\" \/>\n\t<meta property=\"og:image:width\" content=\"1156\" \/>\n\t<meta property=\"og:image:height\" content=\"508\" \/>\n\t<meta property=\"og:image:type\" content=\"image\/jpeg\" \/>\n<meta name=\"author\" content=\"OndaUno\" \/>\n<meta name=\"twitter:card\" content=\"summary_large_image\" \/>\n<meta name=\"twitter:label1\" content=\"Escrito por\" \/>\n\t<meta name=\"twitter:data1\" content=\"OndaUno\" \/>\n\t<meta name=\"twitter:label2\" content=\"Tiempo de lectura\" \/>\n\t<meta name=\"twitter:data2\" content=\"2 minutos\" \/>\n<script type=\"application\/ld+json\" class=\"yoast-schema-graph\">{\"@context\":\"https:\/\/schema.org\",\"@graph\":[{\"@type\":\"WebPage\",\"@id\":\"https:\/\/ondauno.com.ar\/index.php\/2025\/10\/16\/festival-de-atletismo-infantil-en-la-pista-municipal-ruben-gonzalez\/\",\"url\":\"https:\/\/ondauno.com.ar\/index.php\/2025\/10\/16\/festival-de-atletismo-infantil-en-la-pista-municipal-ruben-gonzalez\/\",\"name\":\"Festival de Atletismo Infantil en la Pista Municipal \u201cRub\u00e9n Gonz\u00e1lez\u201d - 103.9 fm\",\"isPartOf\":{\"@id\":\"https:\/\/ondauno.com.ar\/#website\"},\"primaryImageOfPage\":{\"@id\":\"https:\/\/ondauno.com.ar\/index.php\/2025\/10\/16\/festival-de-atletismo-infantil-en-la-pista-municipal-ruben-gonzalez\/#primaryimage\"},\"image\":{\"@id\":\"https:\/\/ondauno.com.ar\/index.php\/2025\/10\/16\/festival-de-atletismo-infantil-en-la-pista-municipal-ruben-gonzalez\/#primaryimage\"},\"thumbnailUrl\":\"https:\/\/ondauno.com.ar\/wp-content\/uploads\/2025\/10\/WhatsApp-Image-2025-10-16-at-11.17.29.jpeg\",\"datePublished\":\"2025-10-16T15:55:59+00:00\",\"dateModified\":\"2025-10-16T15:56:04+00:00\",\"author\":{\"@id\":\"https:\/\/ondauno.com.ar\/#\/schema\/person\/7ec851ddeceb4133d7d7132dc645714e\"},\"breadcrumb\":{\"@id\":\"https:\/\/ondauno.com.ar\/index.php\/2025\/10\/16\/festival-de-atletismo-infantil-en-la-pista-municipal-ruben-gonzalez\/#breadcrumb\"},\"inLanguage\":\"es-AR\",\"potentialAction\":[{\"@type\":\"ReadAction\",\"target\":[\"https:\/\/ondauno.com.ar\/index.php\/2025\/10\/16\/festival-de-atletismo-infantil-en-la-pista-municipal-ruben-gonzalez\/\"]}]},{\"@type\":\"ImageObject\",\"inLanguage\":\"es-AR\",\"@id\":\"https:\/\/ondauno.com.ar\/index.php\/2025\/10\/16\/festival-de-atletismo-infantil-en-la-pista-municipal-ruben-gonzalez\/#primaryimage\",\"url\":\"https:\/\/ondauno.com.ar\/wp-content\/uploads\/2025\/10\/WhatsApp-Image-2025-10-16-at-11.17.29.jpeg\",\"contentUrl\":\"https:\/\/ondauno.com.ar\/wp-content\/uploads\/2025\/10\/WhatsApp-Image-2025-10-16-at-11.17.29.jpeg\",\"width\":1156,\"height\":508},{\"@type\":\"BreadcrumbList\",\"@id\":\"https:\/\/ondauno.com.ar\/index.php\/2025\/10\/16\/festival-de-atletismo-infantil-en-la-pista-municipal-ruben-gonzalez\/#breadcrumb\",\"itemListElement\":[{\"@type\":\"ListItem\",\"position\":1,\"name\":\"Inicio\",\"item\":\"https:\/\/ondauno.com.ar\/\"},{\"@type\":\"ListItem\",\"position\":2,\"name\":\"Festival de Atletismo Infantil en la Pista Municipal \u201cRub\u00e9n Gonz\u00e1lez\u201d\"}]},{\"@type\":\"WebSite\",\"@id\":\"https:\/\/ondauno.com.ar\/#website\",\"url\":\"https:\/\/ondauno.com.ar\/\",\"name\":\"103.9 fm\",\"description\":\"LA PRIMERA RADIO MULTIMEDIA DE TRES ARROYOS\",\"potentialAction\":[{\"@type\":\"SearchAction\",\"target\":{\"@type\":\"EntryPoint\",\"urlTemplate\":\"https:\/\/ondauno.com.ar\/?s={search_term_string}\"},\"query-input\":\"required name=search_term_string\"}],\"inLanguage\":\"es-AR\"},{\"@type\":\"Person\",\"@id\":\"https:\/\/ondauno.com.ar\/#\/schema\/person\/7ec851ddeceb4133d7d7132dc645714e\",\"name\":\"OndaUno\",\"image\":{\"@type\":\"ImageObject\",\"inLanguage\":\"es-AR\",\"@id\":\"https:\/\/ondauno.com.ar\/#\/schema\/person\/image\/\",\"url\":\"https:\/\/secure.gravatar.com\/avatar\/93b8009f0de7021f1feb2bd5b32fb9e8?s=96&d=mm&r=g\",\"contentUrl\":\"https:\/\/secure.gravatar.com\/avatar\/93b8009f0de7021f1feb2bd5b32fb9e8?s=96&d=mm&r=g\",\"caption\":\"OndaUno\"},\"url\":\"https:\/\/ondauno.com.ar\/index.php\/author\/ondauno\/\"}]}<\/script>\n<!-- \/ Yoast SEO plugin. -->","yoast_head_json":{"title":"Festival de Atletismo Infantil en la Pista Municipal \u201cRub\u00e9n Gonz\u00e1lez\u201d - 103.9 fm","robots":{"index":"index","follow":"follow","max-snippet":"max-snippet:-1","max-image-preview":"max-image-preview:large","max-video-preview":"max-video-preview:-1"},"canonical":"https:\/\/ondauno.com.ar\/index.php\/2025\/10\/16\/festival-de-atletismo-infantil-en-la-pista-municipal-ruben-gonzalez\/","og_locale":"es_ES","og_type":"article","og_title":"Festival de Atletismo Infantil en la Pista Municipal \u201cRub\u00e9n Gonz\u00e1lez\u201d - 103.9 fm","og_description":"Este domingo 19, la Pista Municipal \u201cRub\u00e9n Gonz\u00e1lez\u201d ser\u00e1 escenario de una nueva edici\u00f3n del Festival de Atletismo Infantil, una jornada pensada para que los m\u00e1s chicos disfruten del deporte, el movimiento y la amistad. \ud83d\udc9aLas inscripciones se realizar\u00e1n el s\u00e1bado de 16 a 18 hs y el domingo desde las 9:30 hs.El costo de [&hellip;]","og_url":"https:\/\/ondauno.com.ar\/index.php\/2025\/10\/16\/festival-de-atletismo-infantil-en-la-pista-municipal-ruben-gonzalez\/","og_site_name":"103.9 fm","article_publisher":"https:\/\/www.facebook.com\/ondauno103.9","article_published_time":"2025-10-16T15:55:59+00:00","article_modified_time":"2025-10-16T15:56:04+00:00","og_image":[{"width":1156,"height":508,"url":"http:\/\/ondauno.com.ar\/wp-content\/uploads\/2025\/10\/WhatsApp-Image-2025-10-16-at-11.17.29.jpeg","type":"image\/jpeg"}],"author":"OndaUno","twitter_card":"summary_large_image","twitter_misc":{"Escrito por":"OndaUno","Tiempo de lectura":"2 minutos"},"schema":{"@context":"https:\/\/schema.org","@graph":[{"@type":"WebPage","@id":"https:\/\/ondauno.com.ar\/index.php\/2025\/10\/16\/festival-de-atletismo-infantil-en-la-pista-municipal-ruben-gonzalez\/","url":"https:\/\/ondauno.com.ar\/index.php\/2025\/10\/16\/festival-de-atletismo-infantil-en-la-pista-municipal-ruben-gonzalez\/","name":"Festival de Atletismo Infantil en la Pista Municipal \u201cRub\u00e9n Gonz\u00e1lez\u201d - 103.9 fm","isPartOf":{"@id":"https:\/\/ondauno.com.ar\/#website"},"primaryImageOfPage":{"@id":"https:\/\/ondauno.com.ar\/index.php\/2025\/10\/16\/festival-de-atletismo-infantil-en-la-pista-municipal-ruben-gonzalez\/#primaryimage"},"image":{"@id":"https:\/\/ondauno.com.ar\/index.php\/2025\/10\/16\/festival-de-atletismo-infantil-en-la-pista-municipal-ruben-gonzalez\/#primaryimage"},"thumbnailUrl":"https:\/\/ondauno.com.ar\/wp-content\/uploads\/2025\/10\/WhatsApp-Image-2025-10-16-at-11.17.29.jpeg","datePublished":"2025-10-16T15:55:59+00:00","dateModified":"2025-10-16T15:56:04+00:00","author":{"@id":"https:\/\/ondauno.com.ar\/#\/schema\/person\/7ec851ddeceb4133d7d7132dc645714e"},"breadcrumb":{"@id":"https:\/\/ondauno.com.ar\/index.php\/2025\/10\/16\/festival-de-atletismo-infantil-en-la-pista-municipal-ruben-gonzalez\/#breadcrumb"},"inLanguage":"es-AR","potentialAction":[{"@type":"ReadAction","target":["https:\/\/ondauno.com.ar\/index.php\/2025\/10\/16\/festival-de-atletismo-infantil-en-la-pista-municipal-ruben-gonzalez\/"]}]},{"@type":"ImageObject","inLanguage":"es-AR","@id":"https:\/\/ondauno.com.ar\/index.php\/2025\/10\/16\/festival-de-atletismo-infantil-en-la-pista-municipal-ruben-gonzalez\/#primaryimage","url":"https:\/\/ondauno.com.ar\/wp-content\/uploads\/2025\/10\/WhatsApp-Image-2025-10-16-at-11.17.29.jpeg","contentUrl":"https:\/\/ondauno.com.ar\/wp-content\/uploads\/2025\/10\/WhatsApp-Image-2025-10-16-at-11.17.29.jpeg","width":1156,"height":508},{"@type":"BreadcrumbList","@id":"https:\/\/ondauno.com.ar\/index.php\/2025\/10\/16\/festival-de-atletismo-infantil-en-la-pista-municipal-ruben-gonzalez\/#breadcrumb","itemListElement":[{"@type":"ListItem","position":1,"name":"Inicio","item":"https:\/\/ondauno.com.ar\/"},{"@type":"ListItem","position":2,"name":"Festival de Atletismo Infantil en la Pista Municipal \u201cRub\u00e9n Gonz\u00e1lez\u201d"}]},{"@type":"WebSite","@id":"https:\/\/ondauno.com.ar\/#website","url":"https:\/\/ondauno.com.ar\/","name":"103.9 fm","description":"LA PRIMERA RADIO MULTIMEDIA DE TRES ARROYOS","potentialAction":[{"@type":"SearchAction","target":{"@type":"EntryPoint","urlTemplate":"https:\/\/ondauno.com.ar\/?s={search_term_string}"},"query-input":"required name=search_term_string"}],"inLanguage":"es-AR"},{"@type":"Person","@id":"https:\/\/ondauno.com.ar\/#\/schema\/person\/7ec851ddeceb4133d7d7132dc645714e","name":"OndaUno","image":{"@type":"ImageObject","inLanguage":"es-AR","@id":"https:\/\/ondauno.com.ar\/#\/schema\/person\/image\/","url":"https:\/\/secure.gravatar.com\/avatar\/93b8009f0de7021f1feb2bd5b32fb9e8?s=96&d=mm&r=g","contentUrl":"https:\/\/secure.gravatar.com\/avatar\/93b8009f0de7021f1feb2bd5b32fb9e8?s=96&d=mm&r=g","caption":"OndaUno"},"url":"https:\/\/ondauno.com.ar\/index.php\/author\/ondauno\/"}]}},"jetpack_publicize_connections":[],"jetpack_featured_media_url":"https:\/\/ondauno.com.ar\/wp-content\/uploads\/2025\/10\/WhatsApp-Image-2025-10-16-at-11.17.29.jpeg","jetpack_sharing_enabled":true,"_links":{"self":[{"href":"https:\/\/ondauno.com.ar\/index.php\/wp-json\/wp\/v2\/posts\/61129","targetHints":{"allow":["GET"]}}],"collection":[{"href":"https:\/\/ondauno.com.ar\/index.php\/wp-json\/wp\/v2\/posts"}],"about":[{"href":"https:\/\/ondauno.com.ar\/index.php\/wp-json\/wp\/v2\/types\/post"}],"author":[{"embeddable":true,"href":"https:\/\/ondauno.com.ar\/index.php\/wp-json\/wp\/v2\/users\/1"}],"replies":[{"embeddable":true,"href":"https:\/\/ondauno.com.ar\/index.php\/wp-json\/wp\/v2\/comments?post=61129"}],"version-history":[{"count":1,"href":"https:\/\/ondauno.com.ar\/index.php\/wp-json\/wp\/v2\/posts\/61129\/revisions"}],"predecessor-version":[{"id":61132,"href":"https:\/\/ondauno.com.ar\/index.php\/wp-json\/wp\/v2\/posts\/61129\/revisions\/61132"}],"wp:featuredmedia":[{"embeddable":true,"href":"https:\/\/ondauno.com.ar\/index.php\/wp-json\/wp\/v2\/media\/61130"}],"wp:attachment":[{"href":"https:\/\/ondauno.com.ar\/index.php\/wp-json\/wp\/v2\/media?parent=61129"}],"wp:term":[{"taxonomy":"category","embeddable":true,"href":"https:\/\/ondauno.com.ar\/index.php\/wp-json\/wp\/v2\/categories?post=61129"},{"taxonomy":"post_tag","embeddable":true,"href":"https:\/\/ondauno.com.ar\/index.php\/wp-json\/wp\/v2\/tags?post=61129"}],"curies":[{"name":"wp","href":"https:\/\/api.w.org\/{rel}","templated":true}]}}