{"id":61116,"date":"2025-10-16T12:30:39","date_gmt":"2025-10-16T15:30:39","guid":{"rendered":"https:\/\/ondauno.com.ar\/?p=61116"},"modified":"2025-10-16T12:30:44","modified_gmt":"2025-10-16T15:30:44","slug":"cresta-2026-una-licenciatura-con-compromiso-y-vision-para-impulsar-el-desarrollo-del-agro-local-y-regional","status":"publish","type":"post","link":"https:\/\/ondauno.com.ar\/index.php\/2025\/10\/16\/cresta-2026-una-licenciatura-con-compromiso-y-vision-para-impulsar-el-desarrollo-del-agro-local-y-regional\/","title":{"rendered":"CRESTA 2026: una licenciatura con compromiso y visi\u00f3n para impulsar el desarrollo del agro local y regional"},"content":{"rendered":"<div class=\"ondau-before-content_3\" style=\"margin-top: -30px;\" id=\"ondau-445760512\"><a href=\"https:\/\/www.lps.com.ar\/\" aria-label=\"la-perse2\"><img loading=\"lazy\" decoding=\"async\" src=\"https:\/\/ondauno.com.ar\/wp-content\/uploads\/2021\/10\/la-perse2.jpg\" alt=\"\"  srcset=\"https:\/\/ondauno.com.ar\/wp-content\/uploads\/2021\/10\/la-perse2.jpg 1353w, https:\/\/ondauno.com.ar\/wp-content\/uploads\/2021\/10\/la-perse2-300x43.jpg 300w, https:\/\/ondauno.com.ar\/wp-content\/uploads\/2021\/10\/la-perse2-1024x148.jpg 1024w, https:\/\/ondauno.com.ar\/wp-content\/uploads\/2021\/10\/la-perse2-768x111.jpg 768w, https:\/\/ondauno.com.ar\/wp-content\/uploads\/2021\/10\/la-perse2-696x100.jpg 696w, https:\/\/ondauno.com.ar\/wp-content\/uploads\/2021\/10\/la-perse2-1068x154.jpg 1068w\" sizes=\"(max-width: 1353px) 100vw, 1353px\" class=\"no-lazyload\" width=\"1353\" height=\"195\"  style=\"display: inline-block;\" \/><\/a><\/div>\n<p>Desde el Centro Regional de Estudios Superiores de Tres Arroyos informaron que, gracias al convenio entre la Universidad Nacional Arturo Jauretche (UNAJ) y la Municipalidad de Tres Arroyos, ya se encuentran abiertas las preinscripciones para la Licenciatura en Administraci\u00f3n Agraria, que se dictar\u00e1 de manera virtual en CRESTA a partir del ciclo acad\u00e9mico 2026.<\/p>\n\n\n\n<p>Se trata de una propuesta que busca fortalecer la formaci\u00f3n universitaria en \u00e1reas estrat\u00e9gicas para el desarrollo econ\u00f3mico y social de Tres Arroyos y la regi\u00f3n, con el objetivo de formar profesionales capaces de responder a los nuevos desaf\u00edos de la producci\u00f3n agropecuaria y agroindustrial, brindando una s\u00f3lida formaci\u00f3n en econom\u00eda, administraci\u00f3n agropecuaria y desarrollo rural.<\/p>\n\n\n\n<p>El plan de estudios ofrece herramientas para desempe\u00f1arse en empresas agropecuarias y agroindustriales \u2014incluidas peque\u00f1as y medianas empresas\u2014, consultoras, instituciones p\u00fablicas y proyectos vinculados al desarrollo rural y la bioeconom\u00eda sustentable.<\/p>\n\n\n\n<p>Si bien la cursada se desarrollar\u00e1 de forma virtual, CRESTA contar\u00e1 con un aula equipada especialmente para que las y los estudiantes puedan conectarse, acceder a recursos tecnol\u00f3gicos y contar con un espacio de acompa\u00f1amiento acad\u00e9mico durante toda su formaci\u00f3n.<\/p>\n\n\n\n<p>Esta propuesta refleja el compromiso conjunto de CRESTA y la Municipalidad de Tres Arroyos con la educaci\u00f3n p\u00fablica y gratuita, promoviendo la generaci\u00f3n de oportunidades acad\u00e9micas, econ\u00f3micas y de desarrollo local y regional.<\/p>\n\n\n\n<p>Las preinscripciones est\u00e1n abiertas y quienes deseen anotarse pueden hacerlo a trav\u00e9s del siguiente enlace: https:\/\/forms.gle\/wEWhMrSEEHjUX9kJA.<\/p>\n\n\n\n<p>Para m\u00e1s informaci\u00f3n sobre esta carrera y la oferta acad\u00e9mica 2026, ingresar a www.cresta.edu.ar o escribir a <span \n                data-original-string=\"BbaZ3oVfWaa7Gzr2\/PNyoXmEETH0qlFQ58mKv+haXhD7M0dCTLXR+vwf1Pn2lPmi\"\n                class=\"apbct-email-encoder\"\n                title=\"This contact has been encoded by Anti-Spam by CleanTalk. Click to decode. To finish the decoding make sure that JavaScript is enabled in your browser.\">vi*****************@cr****.ar<\/span>.<\/p>\n","protected":false},"excerpt":{"rendered":"<p>Desde el Centro Regional de Estudios Superiores de Tres Arroyos informaron que, gracias al convenio entre la Universidad Nacional Arturo Jauretche (UNAJ) y la Municipalidad de Tres Arroyos, ya se encuentran abiertas las preinscripciones para la Licenciatura en Administraci\u00f3n Agraria, que se dictar\u00e1 de manera virtual en CRESTA a partir del ciclo acad\u00e9mico 2026. Se [&hellip;]<\/p>\n","protected":false},"author":1,"featured_media":61117,"comment_status":"open","ping_status":"open","sticky":false,"template":"","format":"standard","meta":{"tdm_status":"","tdm_grid_status":"","_jetpack_memberships_contains_paid_content":false,"footnotes":"","jetpack_publicize_message":"","jetpack_publicize_feature_enabled":true,"jetpack_social_post_already_shared":true,"jetpack_social_options":{"image_generator_settings":{"template":"highway","default_image_id":0,"font":"","enabled":false},"version":2}},"categories":[2],"tags":[],"class_list":{"0":"post-61116","1":"post","2":"type-post","3":"status-publish","4":"format-standard","5":"has-post-thumbnail","7":"category-locales"},"yoast_head":"<!-- This site is optimized with the Yoast SEO plugin v22.7 - https:\/\/yoast.com\/wordpress\/plugins\/seo\/ -->\n<title>CRESTA 2026: una licenciatura con compromiso y visi\u00f3n para impulsar el desarrollo del agro local y regional - 103.9 fm<\/title>\n<meta name=\"robots\" content=\"index, follow, max-snippet:-1, max-image-preview:large, max-video-preview:-1\" \/>\n<link rel=\"canonical\" href=\"https:\/\/ondauno.com.ar\/index.php\/2025\/10\/16\/cresta-2026-una-licenciatura-con-compromiso-y-vision-para-impulsar-el-desarrollo-del-agro-local-y-regional\/\" \/>\n<meta property=\"og:locale\" content=\"es_ES\" \/>\n<meta property=\"og:type\" content=\"article\" \/>\n<meta property=\"og:title\" content=\"CRESTA 2026: una licenciatura con compromiso y visi\u00f3n para impulsar el desarrollo del agro local y regional - 103.9 fm\" \/>\n<meta property=\"og:description\" content=\"Desde el Centro Regional de Estudios Superiores de Tres Arroyos informaron que, gracias al convenio entre la Universidad Nacional Arturo Jauretche (UNAJ) y la Municipalidad de Tres Arroyos, ya se encuentran abiertas las preinscripciones para la Licenciatura en Administraci\u00f3n Agraria, que se dictar\u00e1 de manera virtual en CRESTA a partir del ciclo acad\u00e9mico 2026. Se [&hellip;]\" \/>\n<meta property=\"og:url\" content=\"https:\/\/ondauno.com.ar\/index.php\/2025\/10\/16\/cresta-2026-una-licenciatura-con-compromiso-y-vision-para-impulsar-el-desarrollo-del-agro-local-y-regional\/\" \/>\n<meta property=\"og:site_name\" content=\"103.9 fm\" \/>\n<meta property=\"article:publisher\" content=\"https:\/\/www.facebook.com\/ondauno103.9\" \/>\n<meta property=\"article:published_time\" content=\"2025-10-16T15:30:39+00:00\" \/>\n<meta property=\"article:modified_time\" content=\"2025-10-16T15:30:44+00:00\" \/>\n<meta property=\"og:image\" content=\"http:\/\/ondauno.com.ar\/wp-content\/uploads\/2025\/10\/WhatsApp-Image-2025-10-16-at-11.58.48.jpeg\" \/>\n\t<meta property=\"og:image:width\" content=\"1081\" \/>\n\t<meta property=\"og:image:height\" content=\"1081\" \/>\n\t<meta property=\"og:image:type\" content=\"image\/jpeg\" \/>\n<meta name=\"author\" content=\"OndaUno\" \/>\n<meta name=\"twitter:card\" content=\"summary_large_image\" \/>\n<meta name=\"twitter:label1\" content=\"Escrito por\" \/>\n\t<meta name=\"twitter:data1\" content=\"OndaUno\" \/>\n\t<meta name=\"twitter:label2\" content=\"Tiempo de lectura\" \/>\n\t<meta name=\"twitter:data2\" content=\"2 minutos\" \/>\n<script type=\"application\/ld+json\" class=\"yoast-schema-graph\">{\"@context\":\"https:\/\/schema.org\",\"@graph\":[{\"@type\":\"WebPage\",\"@id\":\"https:\/\/ondauno.com.ar\/index.php\/2025\/10\/16\/cresta-2026-una-licenciatura-con-compromiso-y-vision-para-impulsar-el-desarrollo-del-agro-local-y-regional\/\",\"url\":\"https:\/\/ondauno.com.ar\/index.php\/2025\/10\/16\/cresta-2026-una-licenciatura-con-compromiso-y-vision-para-impulsar-el-desarrollo-del-agro-local-y-regional\/\",\"name\":\"CRESTA 2026: una licenciatura con compromiso y visi\u00f3n para impulsar el desarrollo del agro local y regional - 103.9 fm\",\"isPartOf\":{\"@id\":\"https:\/\/ondauno.com.ar\/#website\"},\"primaryImageOfPage\":{\"@id\":\"https:\/\/ondauno.com.ar\/index.php\/2025\/10\/16\/cresta-2026-una-licenciatura-con-compromiso-y-vision-para-impulsar-el-desarrollo-del-agro-local-y-regional\/#primaryimage\"},\"image\":{\"@id\":\"https:\/\/ondauno.com.ar\/index.php\/2025\/10\/16\/cresta-2026-una-licenciatura-con-compromiso-y-vision-para-impulsar-el-desarrollo-del-agro-local-y-regional\/#primaryimage\"},\"thumbnailUrl\":\"https:\/\/ondauno.com.ar\/wp-content\/uploads\/2025\/10\/WhatsApp-Image-2025-10-16-at-11.58.48.jpeg\",\"datePublished\":\"2025-10-16T15:30:39+00:00\",\"dateModified\":\"2025-10-16T15:30:44+00:00\",\"author\":{\"@id\":\"https:\/\/ondauno.com.ar\/#\/schema\/person\/7ec851ddeceb4133d7d7132dc645714e\"},\"breadcrumb\":{\"@id\":\"https:\/\/ondauno.com.ar\/index.php\/2025\/10\/16\/cresta-2026-una-licenciatura-con-compromiso-y-vision-para-impulsar-el-desarrollo-del-agro-local-y-regional\/#breadcrumb\"},\"inLanguage\":\"es-AR\",\"potentialAction\":[{\"@type\":\"ReadAction\",\"target\":[\"https:\/\/ondauno.com.ar\/index.php\/2025\/10\/16\/cresta-2026-una-licenciatura-con-compromiso-y-vision-para-impulsar-el-desarrollo-del-agro-local-y-regional\/\"]}]},{\"@type\":\"ImageObject\",\"inLanguage\":\"es-AR\",\"@id\":\"https:\/\/ondauno.com.ar\/index.php\/2025\/10\/16\/cresta-2026-una-licenciatura-con-compromiso-y-vision-para-impulsar-el-desarrollo-del-agro-local-y-regional\/#primaryimage\",\"url\":\"https:\/\/ondauno.com.ar\/wp-content\/uploads\/2025\/10\/WhatsApp-Image-2025-10-16-at-11.58.48.jpeg\",\"contentUrl\":\"https:\/\/ondauno.com.ar\/wp-content\/uploads\/2025\/10\/WhatsApp-Image-2025-10-16-at-11.58.48.jpeg\",\"width\":1081,\"height\":1081},{\"@type\":\"BreadcrumbList\",\"@id\":\"https:\/\/ondauno.com.ar\/index.php\/2025\/10\/16\/cresta-2026-una-licenciatura-con-compromiso-y-vision-para-impulsar-el-desarrollo-del-agro-local-y-regional\/#breadcrumb\",\"itemListElement\":[{\"@type\":\"ListItem\",\"position\":1,\"name\":\"Inicio\",\"item\":\"https:\/\/ondauno.com.ar\/\"},{\"@type\":\"ListItem\",\"position\":2,\"name\":\"CRESTA 2026: una licenciatura con compromiso y visi\u00f3n para impulsar el desarrollo del agro local y regional\"}]},{\"@type\":\"WebSite\",\"@id\":\"https:\/\/ondauno.com.ar\/#website\",\"url\":\"https:\/\/ondauno.com.ar\/\",\"name\":\"103.9 fm\",\"description\":\"LA PRIMERA RADIO MULTIMEDIA DE TRES ARROYOS\",\"potentialAction\":[{\"@type\":\"SearchAction\",\"target\":{\"@type\":\"EntryPoint\",\"urlTemplate\":\"https:\/\/ondauno.com.ar\/?s={search_term_string}\"},\"query-input\":\"required name=search_term_string\"}],\"inLanguage\":\"es-AR\"},{\"@type\":\"Person\",\"@id\":\"https:\/\/ondauno.com.ar\/#\/schema\/person\/7ec851ddeceb4133d7d7132dc645714e\",\"name\":\"OndaUno\",\"image\":{\"@type\":\"ImageObject\",\"inLanguage\":\"es-AR\",\"@id\":\"https:\/\/ondauno.com.ar\/#\/schema\/person\/image\/\",\"url\":\"https:\/\/secure.gravatar.com\/avatar\/93b8009f0de7021f1feb2bd5b32fb9e8?s=96&d=mm&r=g\",\"contentUrl\":\"https:\/\/secure.gravatar.com\/avatar\/93b8009f0de7021f1feb2bd5b32fb9e8?s=96&d=mm&r=g\",\"caption\":\"OndaUno\"},\"url\":\"https:\/\/ondauno.com.ar\/index.php\/author\/ondauno\/\"}]}<\/script>\n<!-- \/ Yoast SEO plugin. -->","yoast_head_json":{"title":"CRESTA 2026: una licenciatura con compromiso y visi\u00f3n para impulsar el desarrollo del agro local y regional - 103.9 fm","robots":{"index":"index","follow":"follow","max-snippet":"max-snippet:-1","max-image-preview":"max-image-preview:large","max-video-preview":"max-video-preview:-1"},"canonical":"https:\/\/ondauno.com.ar\/index.php\/2025\/10\/16\/cresta-2026-una-licenciatura-con-compromiso-y-vision-para-impulsar-el-desarrollo-del-agro-local-y-regional\/","og_locale":"es_ES","og_type":"article","og_title":"CRESTA 2026: una licenciatura con compromiso y visi\u00f3n para impulsar el desarrollo del agro local y regional - 103.9 fm","og_description":"Desde el Centro Regional de Estudios Superiores de Tres Arroyos informaron que, gracias al convenio entre la Universidad Nacional Arturo Jauretche (UNAJ) y la Municipalidad de Tres Arroyos, ya se encuentran abiertas las preinscripciones para la Licenciatura en Administraci\u00f3n Agraria, que se dictar\u00e1 de manera virtual en CRESTA a partir del ciclo acad\u00e9mico 2026. Se [&hellip;]","og_url":"https:\/\/ondauno.com.ar\/index.php\/2025\/10\/16\/cresta-2026-una-licenciatura-con-compromiso-y-vision-para-impulsar-el-desarrollo-del-agro-local-y-regional\/","og_site_name":"103.9 fm","article_publisher":"https:\/\/www.facebook.com\/ondauno103.9","article_published_time":"2025-10-16T15:30:39+00:00","article_modified_time":"2025-10-16T15:30:44+00:00","og_image":[{"width":1081,"height":1081,"url":"http:\/\/ondauno.com.ar\/wp-content\/uploads\/2025\/10\/WhatsApp-Image-2025-10-16-at-11.58.48.jpeg","type":"image\/jpeg"}],"author":"OndaUno","twitter_card":"summary_large_image","twitter_misc":{"Escrito por":"OndaUno","Tiempo de lectura":"2 minutos"},"schema":{"@context":"https:\/\/schema.org","@graph":[{"@type":"WebPage","@id":"https:\/\/ondauno.com.ar\/index.php\/2025\/10\/16\/cresta-2026-una-licenciatura-con-compromiso-y-vision-para-impulsar-el-desarrollo-del-agro-local-y-regional\/","url":"https:\/\/ondauno.com.ar\/index.php\/2025\/10\/16\/cresta-2026-una-licenciatura-con-compromiso-y-vision-para-impulsar-el-desarrollo-del-agro-local-y-regional\/","name":"CRESTA 2026: una licenciatura con compromiso y visi\u00f3n para impulsar el desarrollo del agro local y regional - 103.9 fm","isPartOf":{"@id":"https:\/\/ondauno.com.ar\/#website"},"primaryImageOfPage":{"@id":"https:\/\/ondauno.com.ar\/index.php\/2025\/10\/16\/cresta-2026-una-licenciatura-con-compromiso-y-vision-para-impulsar-el-desarrollo-del-agro-local-y-regional\/#primaryimage"},"image":{"@id":"https:\/\/ondauno.com.ar\/index.php\/2025\/10\/16\/cresta-2026-una-licenciatura-con-compromiso-y-vision-para-impulsar-el-desarrollo-del-agro-local-y-regional\/#primaryimage"},"thumbnailUrl":"https:\/\/ondauno.com.ar\/wp-content\/uploads\/2025\/10\/WhatsApp-Image-2025-10-16-at-11.58.48.jpeg","datePublished":"2025-10-16T15:30:39+00:00","dateModified":"2025-10-16T15:30:44+00:00","author":{"@id":"https:\/\/ondauno.com.ar\/#\/schema\/person\/7ec851ddeceb4133d7d7132dc645714e"},"breadcrumb":{"@id":"https:\/\/ondauno.com.ar\/index.php\/2025\/10\/16\/cresta-2026-una-licenciatura-con-compromiso-y-vision-para-impulsar-el-desarrollo-del-agro-local-y-regional\/#breadcrumb"},"inLanguage":"es-AR","potentialAction":[{"@type":"ReadAction","target":["https:\/\/ondauno.com.ar\/index.php\/2025\/10\/16\/cresta-2026-una-licenciatura-con-compromiso-y-vision-para-impulsar-el-desarrollo-del-agro-local-y-regional\/"]}]},{"@type":"ImageObject","inLanguage":"es-AR","@id":"https:\/\/ondauno.com.ar\/index.php\/2025\/10\/16\/cresta-2026-una-licenciatura-con-compromiso-y-vision-para-impulsar-el-desarrollo-del-agro-local-y-regional\/#primaryimage","url":"https:\/\/ondauno.com.ar\/wp-content\/uploads\/2025\/10\/WhatsApp-Image-2025-10-16-at-11.58.48.jpeg","contentUrl":"https:\/\/ondauno.com.ar\/wp-content\/uploads\/2025\/10\/WhatsApp-Image-2025-10-16-at-11.58.48.jpeg","width":1081,"height":1081},{"@type":"BreadcrumbList","@id":"https:\/\/ondauno.com.ar\/index.php\/2025\/10\/16\/cresta-2026-una-licenciatura-con-compromiso-y-vision-para-impulsar-el-desarrollo-del-agro-local-y-regional\/#breadcrumb","itemListElement":[{"@type":"ListItem","position":1,"name":"Inicio","item":"https:\/\/ondauno.com.ar\/"},{"@type":"ListItem","position":2,"name":"CRESTA 2026: una licenciatura con compromiso y visi\u00f3n para impulsar el desarrollo del agro local y regional"}]},{"@type":"WebSite","@id":"https:\/\/ondauno.com.ar\/#website","url":"https:\/\/ondauno.com.ar\/","name":"103.9 fm","description":"LA PRIMERA RADIO MULTIMEDIA DE TRES ARROYOS","potentialAction":[{"@type":"SearchAction","target":{"@type":"EntryPoint","urlTemplate":"https:\/\/ondauno.com.ar\/?s={search_term_string}"},"query-input":"required name=search_term_string"}],"inLanguage":"es-AR"},{"@type":"Person","@id":"https:\/\/ondauno.com.ar\/#\/schema\/person\/7ec851ddeceb4133d7d7132dc645714e","name":"OndaUno","image":{"@type":"ImageObject","inLanguage":"es-AR","@id":"https:\/\/ondauno.com.ar\/#\/schema\/person\/image\/","url":"https:\/\/secure.gravatar.com\/avatar\/93b8009f0de7021f1feb2bd5b32fb9e8?s=96&d=mm&r=g","contentUrl":"https:\/\/secure.gravatar.com\/avatar\/93b8009f0de7021f1feb2bd5b32fb9e8?s=96&d=mm&r=g","caption":"OndaUno"},"url":"https:\/\/ondauno.com.ar\/index.php\/author\/ondauno\/"}]}},"jetpack_publicize_connections":[],"jetpack_featured_media_url":"https:\/\/ondauno.com.ar\/wp-content\/uploads\/2025\/10\/WhatsApp-Image-2025-10-16-at-11.58.48.jpeg","jetpack_sharing_enabled":true,"_links":{"self":[{"href":"https:\/\/ondauno.com.ar\/index.php\/wp-json\/wp\/v2\/posts\/61116","targetHints":{"allow":["GET"]}}],"collection":[{"href":"https:\/\/ondauno.com.ar\/index.php\/wp-json\/wp\/v2\/posts"}],"about":[{"href":"https:\/\/ondauno.com.ar\/index.php\/wp-json\/wp\/v2\/types\/post"}],"author":[{"embeddable":true,"href":"https:\/\/ondauno.com.ar\/index.php\/wp-json\/wp\/v2\/users\/1"}],"replies":[{"embeddable":true,"href":"https:\/\/ondauno.com.ar\/index.php\/wp-json\/wp\/v2\/comments?post=61116"}],"version-history":[{"count":1,"href":"https:\/\/ondauno.com.ar\/index.php\/wp-json\/wp\/v2\/posts\/61116\/revisions"}],"predecessor-version":[{"id":61118,"href":"https:\/\/ondauno.com.ar\/index.php\/wp-json\/wp\/v2\/posts\/61116\/revisions\/61118"}],"wp:featuredmedia":[{"embeddable":true,"href":"https:\/\/ondauno.com.ar\/index.php\/wp-json\/wp\/v2\/media\/61117"}],"wp:attachment":[{"href":"https:\/\/ondauno.com.ar\/index.php\/wp-json\/wp\/v2\/media?parent=61116"}],"wp:term":[{"taxonomy":"category","embeddable":true,"href":"https:\/\/ondauno.com.ar\/index.php\/wp-json\/wp\/v2\/categories?post=61116"},{"taxonomy":"post_tag","embeddable":true,"href":"https:\/\/ondauno.com.ar\/index.php\/wp-json\/wp\/v2\/tags?post=61116"}],"curies":[{"name":"wp","href":"https:\/\/api.w.org\/{rel}","templated":true}]}}