{"id":60152,"date":"2025-09-12T12:52:59","date_gmt":"2025-09-12T15:52:59","guid":{"rendered":"https:\/\/ondauno.com.ar\/?p=60152"},"modified":"2025-09-12T12:53:03","modified_gmt":"2025-09-12T15:53:03","slug":"san-francisco-de-bellocq-ultima-los-detalles-para-la-2-fiesta-del-turismo-rural","status":"publish","type":"post","link":"https:\/\/ondauno.com.ar\/index.php\/2025\/09\/12\/san-francisco-de-bellocq-ultima-los-detalles-para-la-2-fiesta-del-turismo-rural\/","title":{"rendered":"San Francisco de Bellocq ultima los detalles para la 2\u00b0 Fiesta del Turismo Rural"},"content":{"rendered":"<div class=\"ondau-before-content_3\" style=\"margin-top: -30px;\" id=\"ondau-2592790298\"><a href=\"https:\/\/www.lps.com.ar\/\" aria-label=\"la-perse2\"><img loading=\"lazy\" decoding=\"async\" src=\"https:\/\/ondauno.com.ar\/wp-content\/uploads\/2021\/10\/la-perse2.jpg\" alt=\"\"  srcset=\"https:\/\/ondauno.com.ar\/wp-content\/uploads\/2021\/10\/la-perse2.jpg 1353w, https:\/\/ondauno.com.ar\/wp-content\/uploads\/2021\/10\/la-perse2-300x43.jpg 300w, https:\/\/ondauno.com.ar\/wp-content\/uploads\/2021\/10\/la-perse2-1024x148.jpg 1024w, https:\/\/ondauno.com.ar\/wp-content\/uploads\/2021\/10\/la-perse2-768x111.jpg 768w, https:\/\/ondauno.com.ar\/wp-content\/uploads\/2021\/10\/la-perse2-696x100.jpg 696w, https:\/\/ondauno.com.ar\/wp-content\/uploads\/2021\/10\/la-perse2-1068x154.jpg 1068w\" sizes=\"(max-width: 1353px) 100vw, 1353px\" class=\"no-lazyload\" width=\"1353\" height=\"195\"  style=\"display: inline-block;\" \/><\/a><\/div>\n<p>San Francisco de Bellocq ser\u00e1 sede de la 2\u00b0 Fiesta del Turismo Rural, que se realizar\u00e1 el s\u00e1bado 13 y domingo 14 de septiembre en el predio de la Ex Estaci\u00f3n, con entrada libre y gratuita.<\/p>\n\n\n\n<p>La localidad vivir\u00e1 un fin de semana que combinar\u00e1 tradici\u00f3n, turismo y propuestas para toda la familia. Durante las dos jornadas, se podr\u00e1 disfrutar de espect\u00e1culos art\u00edsticos, talleres, conferencias, feria de artesanos y emprendedores, gastronom\u00eda t\u00edpica, stands institucionales y actividades culturales que ponen en valor la identidad del pueblo.<\/p>\n\n\n\n<p>El s\u00e1bado estar\u00e1 dedicado a la jornada acad\u00e9mica, con charlas, recorridos hist\u00f3ricos, la inauguraci\u00f3n del futuro museo en la estaci\u00f3n, la presentaci\u00f3n de un fotolibro y, por la noche, la experiencia de astroturismo y una gran pe\u00f1a folkl\u00f3rica con destacados artistas.<\/p>\n\n\n\n<figure class=\"wp-block-image size-full\"><img loading=\"lazy\" decoding=\"async\" width=\"497\" height=\"701\" data-src=\"https:\/\/ondauno.com.ar\/wp-content\/uploads\/2025\/09\/WhatsApp-Image-2025-09-12-at-12.15.05.jpeg\" alt=\"\" class=\"wp-image-60154 lazyload\" data-srcset=\"https:\/\/ondauno.com.ar\/wp-content\/uploads\/2025\/09\/WhatsApp-Image-2025-09-12-at-12.15.05.jpeg 497w, https:\/\/ondauno.com.ar\/wp-content\/uploads\/2025\/09\/WhatsApp-Image-2025-09-12-at-12.15.05-213x300.jpeg 213w, https:\/\/ondauno.com.ar\/wp-content\/uploads\/2025\/09\/WhatsApp-Image-2025-09-12-at-12.15.05-298x420.jpeg 298w\" data-sizes=\"auto, (max-width: 497px) 100vw, 497px\" src=\"data:image\/gif;base64,R0lGODlhAQABAAAAACH5BAEKAAEALAAAAAABAAEAAAICTAEAOw==\" style=\"--smush-placeholder-width: 497px; --smush-placeholder-aspect-ratio: 497\/701;\" \/><noscript><img loading=\"lazy\" decoding=\"async\" width=\"497\" height=\"701\" src=\"https:\/\/ondauno.com.ar\/wp-content\/uploads\/2025\/09\/WhatsApp-Image-2025-09-12-at-12.15.05.jpeg\" alt=\"\" class=\"wp-image-60154\" srcset=\"https:\/\/ondauno.com.ar\/wp-content\/uploads\/2025\/09\/WhatsApp-Image-2025-09-12-at-12.15.05.jpeg 497w, https:\/\/ondauno.com.ar\/wp-content\/uploads\/2025\/09\/WhatsApp-Image-2025-09-12-at-12.15.05-213x300.jpeg 213w, https:\/\/ondauno.com.ar\/wp-content\/uploads\/2025\/09\/WhatsApp-Image-2025-09-12-at-12.15.05-298x420.jpeg 298w\" sizes=\"auto, (max-width: 497px) 100vw, 497px\" \/><\/noscript><\/figure>\n\n\n\n<p>El domingo la celebraci\u00f3n continuar\u00e1 con la misa y la procesi\u00f3n de la Virgen, presentaciones culturales, exposiciones fotogr\u00e1ficas y un escenario que recibir\u00e1 a m\u00fasicos y grupos folkl\u00f3ricos de la regi\u00f3n. El gran cierre estar\u00e1 a cargo de Los Del Fuego.<\/p>\n\n\n\n<p>Con entrada libre y gratuita, la 2\u00b0 Fiesta del Turismo Rural invita a vecinos y turistas a descubrir y celebrar el potencial cultural y tur\u00edstico de los pueblos rurales bonaerenses.<\/p>\n","protected":false},"excerpt":{"rendered":"<p>San Francisco de Bellocq ser\u00e1 sede de la 2\u00b0 Fiesta del Turismo Rural, que se realizar\u00e1 el s\u00e1bado 13 y domingo 14 de septiembre en el predio de la Ex Estaci\u00f3n, con entrada libre y gratuita. La localidad vivir\u00e1 un fin de semana que combinar\u00e1 tradici\u00f3n, turismo y propuestas para toda la familia. Durante las [&hellip;]<\/p>\n","protected":false},"author":1,"featured_media":60153,"comment_status":"open","ping_status":"open","sticky":false,"template":"","format":"standard","meta":{"tdm_status":"","tdm_grid_status":"","_jetpack_memberships_contains_paid_content":false,"footnotes":"","jetpack_publicize_message":"","jetpack_publicize_feature_enabled":true,"jetpack_social_post_already_shared":true,"jetpack_social_options":{"image_generator_settings":{"template":"highway","default_image_id":0,"font":"","enabled":false},"version":2}},"categories":[2],"tags":[],"class_list":{"0":"post-60152","1":"post","2":"type-post","3":"status-publish","4":"format-standard","5":"has-post-thumbnail","7":"category-locales"},"yoast_head":"<!-- This site is optimized with the Yoast SEO plugin v22.7 - https:\/\/yoast.com\/wordpress\/plugins\/seo\/ -->\n<title>San Francisco de Bellocq ultima los detalles para la 2\u00b0 Fiesta del Turismo Rural - 103.9 fm<\/title>\n<meta name=\"robots\" content=\"index, follow, max-snippet:-1, max-image-preview:large, max-video-preview:-1\" \/>\n<link rel=\"canonical\" href=\"https:\/\/ondauno.com.ar\/index.php\/2025\/09\/12\/san-francisco-de-bellocq-ultima-los-detalles-para-la-2-fiesta-del-turismo-rural\/\" \/>\n<meta property=\"og:locale\" content=\"es_ES\" \/>\n<meta property=\"og:type\" content=\"article\" \/>\n<meta property=\"og:title\" content=\"San Francisco de Bellocq ultima los detalles para la 2\u00b0 Fiesta del Turismo Rural - 103.9 fm\" \/>\n<meta property=\"og:description\" content=\"San Francisco de Bellocq ser\u00e1 sede de la 2\u00b0 Fiesta del Turismo Rural, que se realizar\u00e1 el s\u00e1bado 13 y domingo 14 de septiembre en el predio de la Ex Estaci\u00f3n, con entrada libre y gratuita. La localidad vivir\u00e1 un fin de semana que combinar\u00e1 tradici\u00f3n, turismo y propuestas para toda la familia. Durante las [&hellip;]\" \/>\n<meta property=\"og:url\" content=\"https:\/\/ondauno.com.ar\/index.php\/2025\/09\/12\/san-francisco-de-bellocq-ultima-los-detalles-para-la-2-fiesta-del-turismo-rural\/\" \/>\n<meta property=\"og:site_name\" content=\"103.9 fm\" \/>\n<meta property=\"article:publisher\" content=\"https:\/\/www.facebook.com\/ondauno103.9\" \/>\n<meta property=\"article:published_time\" content=\"2025-09-12T15:52:59+00:00\" \/>\n<meta property=\"article:modified_time\" content=\"2025-09-12T15:53:03+00:00\" \/>\n<meta property=\"og:image\" content=\"http:\/\/ondauno.com.ar\/wp-content\/uploads\/2025\/09\/WhatsApp-Image-2025-09-12-at-12.15.04.jpeg\" \/>\n\t<meta property=\"og:image:width\" content=\"497\" \/>\n\t<meta property=\"og:image:height\" content=\"703\" \/>\n\t<meta property=\"og:image:type\" content=\"image\/jpeg\" \/>\n<meta name=\"author\" content=\"OndaUno\" \/>\n<meta name=\"twitter:card\" content=\"summary_large_image\" \/>\n<meta name=\"twitter:label1\" content=\"Escrito por\" \/>\n\t<meta name=\"twitter:data1\" content=\"OndaUno\" \/>\n\t<meta name=\"twitter:label2\" content=\"Tiempo de lectura\" \/>\n\t<meta name=\"twitter:data2\" content=\"2 minutos\" \/>\n<script type=\"application\/ld+json\" class=\"yoast-schema-graph\">{\"@context\":\"https:\/\/schema.org\",\"@graph\":[{\"@type\":\"WebPage\",\"@id\":\"https:\/\/ondauno.com.ar\/index.php\/2025\/09\/12\/san-francisco-de-bellocq-ultima-los-detalles-para-la-2-fiesta-del-turismo-rural\/\",\"url\":\"https:\/\/ondauno.com.ar\/index.php\/2025\/09\/12\/san-francisco-de-bellocq-ultima-los-detalles-para-la-2-fiesta-del-turismo-rural\/\",\"name\":\"San Francisco de Bellocq ultima los detalles para la 2\u00b0 Fiesta del Turismo Rural - 103.9 fm\",\"isPartOf\":{\"@id\":\"https:\/\/ondauno.com.ar\/#website\"},\"primaryImageOfPage\":{\"@id\":\"https:\/\/ondauno.com.ar\/index.php\/2025\/09\/12\/san-francisco-de-bellocq-ultima-los-detalles-para-la-2-fiesta-del-turismo-rural\/#primaryimage\"},\"image\":{\"@id\":\"https:\/\/ondauno.com.ar\/index.php\/2025\/09\/12\/san-francisco-de-bellocq-ultima-los-detalles-para-la-2-fiesta-del-turismo-rural\/#primaryimage\"},\"thumbnailUrl\":\"https:\/\/ondauno.com.ar\/wp-content\/uploads\/2025\/09\/WhatsApp-Image-2025-09-12-at-12.15.04.jpeg\",\"datePublished\":\"2025-09-12T15:52:59+00:00\",\"dateModified\":\"2025-09-12T15:53:03+00:00\",\"author\":{\"@id\":\"https:\/\/ondauno.com.ar\/#\/schema\/person\/7ec851ddeceb4133d7d7132dc645714e\"},\"breadcrumb\":{\"@id\":\"https:\/\/ondauno.com.ar\/index.php\/2025\/09\/12\/san-francisco-de-bellocq-ultima-los-detalles-para-la-2-fiesta-del-turismo-rural\/#breadcrumb\"},\"inLanguage\":\"es-AR\",\"potentialAction\":[{\"@type\":\"ReadAction\",\"target\":[\"https:\/\/ondauno.com.ar\/index.php\/2025\/09\/12\/san-francisco-de-bellocq-ultima-los-detalles-para-la-2-fiesta-del-turismo-rural\/\"]}]},{\"@type\":\"ImageObject\",\"inLanguage\":\"es-AR\",\"@id\":\"https:\/\/ondauno.com.ar\/index.php\/2025\/09\/12\/san-francisco-de-bellocq-ultima-los-detalles-para-la-2-fiesta-del-turismo-rural\/#primaryimage\",\"url\":\"https:\/\/ondauno.com.ar\/wp-content\/uploads\/2025\/09\/WhatsApp-Image-2025-09-12-at-12.15.04.jpeg\",\"contentUrl\":\"https:\/\/ondauno.com.ar\/wp-content\/uploads\/2025\/09\/WhatsApp-Image-2025-09-12-at-12.15.04.jpeg\",\"width\":497,\"height\":703},{\"@type\":\"BreadcrumbList\",\"@id\":\"https:\/\/ondauno.com.ar\/index.php\/2025\/09\/12\/san-francisco-de-bellocq-ultima-los-detalles-para-la-2-fiesta-del-turismo-rural\/#breadcrumb\",\"itemListElement\":[{\"@type\":\"ListItem\",\"position\":1,\"name\":\"Inicio\",\"item\":\"https:\/\/ondauno.com.ar\/\"},{\"@type\":\"ListItem\",\"position\":2,\"name\":\"San Francisco de Bellocq ultima los detalles para la 2\u00b0 Fiesta del Turismo Rural\"}]},{\"@type\":\"WebSite\",\"@id\":\"https:\/\/ondauno.com.ar\/#website\",\"url\":\"https:\/\/ondauno.com.ar\/\",\"name\":\"103.9 fm\",\"description\":\"LA PRIMERA RADIO MULTIMEDIA DE TRES ARROYOS\",\"potentialAction\":[{\"@type\":\"SearchAction\",\"target\":{\"@type\":\"EntryPoint\",\"urlTemplate\":\"https:\/\/ondauno.com.ar\/?s={search_term_string}\"},\"query-input\":\"required name=search_term_string\"}],\"inLanguage\":\"es-AR\"},{\"@type\":\"Person\",\"@id\":\"https:\/\/ondauno.com.ar\/#\/schema\/person\/7ec851ddeceb4133d7d7132dc645714e\",\"name\":\"OndaUno\",\"image\":{\"@type\":\"ImageObject\",\"inLanguage\":\"es-AR\",\"@id\":\"https:\/\/ondauno.com.ar\/#\/schema\/person\/image\/\",\"url\":\"https:\/\/secure.gravatar.com\/avatar\/93b8009f0de7021f1feb2bd5b32fb9e8?s=96&d=mm&r=g\",\"contentUrl\":\"https:\/\/secure.gravatar.com\/avatar\/93b8009f0de7021f1feb2bd5b32fb9e8?s=96&d=mm&r=g\",\"caption\":\"OndaUno\"},\"url\":\"https:\/\/ondauno.com.ar\/index.php\/author\/ondauno\/\"}]}<\/script>\n<!-- \/ Yoast SEO plugin. -->","yoast_head_json":{"title":"San Francisco de Bellocq ultima los detalles para la 2\u00b0 Fiesta del Turismo Rural - 103.9 fm","robots":{"index":"index","follow":"follow","max-snippet":"max-snippet:-1","max-image-preview":"max-image-preview:large","max-video-preview":"max-video-preview:-1"},"canonical":"https:\/\/ondauno.com.ar\/index.php\/2025\/09\/12\/san-francisco-de-bellocq-ultima-los-detalles-para-la-2-fiesta-del-turismo-rural\/","og_locale":"es_ES","og_type":"article","og_title":"San Francisco de Bellocq ultima los detalles para la 2\u00b0 Fiesta del Turismo Rural - 103.9 fm","og_description":"San Francisco de Bellocq ser\u00e1 sede de la 2\u00b0 Fiesta del Turismo Rural, que se realizar\u00e1 el s\u00e1bado 13 y domingo 14 de septiembre en el predio de la Ex Estaci\u00f3n, con entrada libre y gratuita. La localidad vivir\u00e1 un fin de semana que combinar\u00e1 tradici\u00f3n, turismo y propuestas para toda la familia. Durante las [&hellip;]","og_url":"https:\/\/ondauno.com.ar\/index.php\/2025\/09\/12\/san-francisco-de-bellocq-ultima-los-detalles-para-la-2-fiesta-del-turismo-rural\/","og_site_name":"103.9 fm","article_publisher":"https:\/\/www.facebook.com\/ondauno103.9","article_published_time":"2025-09-12T15:52:59+00:00","article_modified_time":"2025-09-12T15:53:03+00:00","og_image":[{"width":497,"height":703,"url":"http:\/\/ondauno.com.ar\/wp-content\/uploads\/2025\/09\/WhatsApp-Image-2025-09-12-at-12.15.04.jpeg","type":"image\/jpeg"}],"author":"OndaUno","twitter_card":"summary_large_image","twitter_misc":{"Escrito por":"OndaUno","Tiempo de lectura":"2 minutos"},"schema":{"@context":"https:\/\/schema.org","@graph":[{"@type":"WebPage","@id":"https:\/\/ondauno.com.ar\/index.php\/2025\/09\/12\/san-francisco-de-bellocq-ultima-los-detalles-para-la-2-fiesta-del-turismo-rural\/","url":"https:\/\/ondauno.com.ar\/index.php\/2025\/09\/12\/san-francisco-de-bellocq-ultima-los-detalles-para-la-2-fiesta-del-turismo-rural\/","name":"San Francisco de Bellocq ultima los detalles para la 2\u00b0 Fiesta del Turismo Rural - 103.9 fm","isPartOf":{"@id":"https:\/\/ondauno.com.ar\/#website"},"primaryImageOfPage":{"@id":"https:\/\/ondauno.com.ar\/index.php\/2025\/09\/12\/san-francisco-de-bellocq-ultima-los-detalles-para-la-2-fiesta-del-turismo-rural\/#primaryimage"},"image":{"@id":"https:\/\/ondauno.com.ar\/index.php\/2025\/09\/12\/san-francisco-de-bellocq-ultima-los-detalles-para-la-2-fiesta-del-turismo-rural\/#primaryimage"},"thumbnailUrl":"https:\/\/ondauno.com.ar\/wp-content\/uploads\/2025\/09\/WhatsApp-Image-2025-09-12-at-12.15.04.jpeg","datePublished":"2025-09-12T15:52:59+00:00","dateModified":"2025-09-12T15:53:03+00:00","author":{"@id":"https:\/\/ondauno.com.ar\/#\/schema\/person\/7ec851ddeceb4133d7d7132dc645714e"},"breadcrumb":{"@id":"https:\/\/ondauno.com.ar\/index.php\/2025\/09\/12\/san-francisco-de-bellocq-ultima-los-detalles-para-la-2-fiesta-del-turismo-rural\/#breadcrumb"},"inLanguage":"es-AR","potentialAction":[{"@type":"ReadAction","target":["https:\/\/ondauno.com.ar\/index.php\/2025\/09\/12\/san-francisco-de-bellocq-ultima-los-detalles-para-la-2-fiesta-del-turismo-rural\/"]}]},{"@type":"ImageObject","inLanguage":"es-AR","@id":"https:\/\/ondauno.com.ar\/index.php\/2025\/09\/12\/san-francisco-de-bellocq-ultima-los-detalles-para-la-2-fiesta-del-turismo-rural\/#primaryimage","url":"https:\/\/ondauno.com.ar\/wp-content\/uploads\/2025\/09\/WhatsApp-Image-2025-09-12-at-12.15.04.jpeg","contentUrl":"https:\/\/ondauno.com.ar\/wp-content\/uploads\/2025\/09\/WhatsApp-Image-2025-09-12-at-12.15.04.jpeg","width":497,"height":703},{"@type":"BreadcrumbList","@id":"https:\/\/ondauno.com.ar\/index.php\/2025\/09\/12\/san-francisco-de-bellocq-ultima-los-detalles-para-la-2-fiesta-del-turismo-rural\/#breadcrumb","itemListElement":[{"@type":"ListItem","position":1,"name":"Inicio","item":"https:\/\/ondauno.com.ar\/"},{"@type":"ListItem","position":2,"name":"San Francisco de Bellocq ultima los detalles para la 2\u00b0 Fiesta del Turismo Rural"}]},{"@type":"WebSite","@id":"https:\/\/ondauno.com.ar\/#website","url":"https:\/\/ondauno.com.ar\/","name":"103.9 fm","description":"LA PRIMERA RADIO MULTIMEDIA DE TRES ARROYOS","potentialAction":[{"@type":"SearchAction","target":{"@type":"EntryPoint","urlTemplate":"https:\/\/ondauno.com.ar\/?s={search_term_string}"},"query-input":"required name=search_term_string"}],"inLanguage":"es-AR"},{"@type":"Person","@id":"https:\/\/ondauno.com.ar\/#\/schema\/person\/7ec851ddeceb4133d7d7132dc645714e","name":"OndaUno","image":{"@type":"ImageObject","inLanguage":"es-AR","@id":"https:\/\/ondauno.com.ar\/#\/schema\/person\/image\/","url":"https:\/\/secure.gravatar.com\/avatar\/93b8009f0de7021f1feb2bd5b32fb9e8?s=96&d=mm&r=g","contentUrl":"https:\/\/secure.gravatar.com\/avatar\/93b8009f0de7021f1feb2bd5b32fb9e8?s=96&d=mm&r=g","caption":"OndaUno"},"url":"https:\/\/ondauno.com.ar\/index.php\/author\/ondauno\/"}]}},"jetpack_publicize_connections":[],"jetpack_featured_media_url":"https:\/\/ondauno.com.ar\/wp-content\/uploads\/2025\/09\/WhatsApp-Image-2025-09-12-at-12.15.04.jpeg","jetpack_sharing_enabled":true,"_links":{"self":[{"href":"https:\/\/ondauno.com.ar\/index.php\/wp-json\/wp\/v2\/posts\/60152","targetHints":{"allow":["GET"]}}],"collection":[{"href":"https:\/\/ondauno.com.ar\/index.php\/wp-json\/wp\/v2\/posts"}],"about":[{"href":"https:\/\/ondauno.com.ar\/index.php\/wp-json\/wp\/v2\/types\/post"}],"author":[{"embeddable":true,"href":"https:\/\/ondauno.com.ar\/index.php\/wp-json\/wp\/v2\/users\/1"}],"replies":[{"embeddable":true,"href":"https:\/\/ondauno.com.ar\/index.php\/wp-json\/wp\/v2\/comments?post=60152"}],"version-history":[{"count":1,"href":"https:\/\/ondauno.com.ar\/index.php\/wp-json\/wp\/v2\/posts\/60152\/revisions"}],"predecessor-version":[{"id":60155,"href":"https:\/\/ondauno.com.ar\/index.php\/wp-json\/wp\/v2\/posts\/60152\/revisions\/60155"}],"wp:featuredmedia":[{"embeddable":true,"href":"https:\/\/ondauno.com.ar\/index.php\/wp-json\/wp\/v2\/media\/60153"}],"wp:attachment":[{"href":"https:\/\/ondauno.com.ar\/index.php\/wp-json\/wp\/v2\/media?parent=60152"}],"wp:term":[{"taxonomy":"category","embeddable":true,"href":"https:\/\/ondauno.com.ar\/index.php\/wp-json\/wp\/v2\/categories?post=60152"},{"taxonomy":"post_tag","embeddable":true,"href":"https:\/\/ondauno.com.ar\/index.php\/wp-json\/wp\/v2\/tags?post=60152"}],"curies":[{"name":"wp","href":"https:\/\/api.w.org\/{rel}","templated":true}]}}