{"id":60149,"date":"2025-09-11T23:06:08","date_gmt":"2025-09-12T02:06:08","guid":{"rendered":"https:\/\/ondauno.com.ar\/?p=60149"},"modified":"2025-09-11T23:06:14","modified_gmt":"2025-09-12T02:06:14","slug":"breves-reflexiones-sobre-el-uso-de-las-redes-sociales-en-los-jovenes","status":"publish","type":"post","link":"https:\/\/ondauno.com.ar\/index.php\/2025\/09\/11\/breves-reflexiones-sobre-el-uso-de-las-redes-sociales-en-los-jovenes\/","title":{"rendered":"Breves reflexiones sobre el uso de las redes sociales en los j\u00f3venes"},"content":{"rendered":"<div class=\"ondau-before-content_3\" style=\"margin-top: -30px;\" id=\"ondau-3766071358\"><a href=\"https:\/\/www.lps.com.ar\/\" aria-label=\"la-perse2\"><img loading=\"lazy\" decoding=\"async\" src=\"https:\/\/ondauno.com.ar\/wp-content\/uploads\/2021\/10\/la-perse2.jpg\" alt=\"\"  srcset=\"https:\/\/ondauno.com.ar\/wp-content\/uploads\/2021\/10\/la-perse2.jpg 1353w, https:\/\/ondauno.com.ar\/wp-content\/uploads\/2021\/10\/la-perse2-300x43.jpg 300w, https:\/\/ondauno.com.ar\/wp-content\/uploads\/2021\/10\/la-perse2-1024x148.jpg 1024w, https:\/\/ondauno.com.ar\/wp-content\/uploads\/2021\/10\/la-perse2-768x111.jpg 768w, https:\/\/ondauno.com.ar\/wp-content\/uploads\/2021\/10\/la-perse2-696x100.jpg 696w, https:\/\/ondauno.com.ar\/wp-content\/uploads\/2021\/10\/la-perse2-1068x154.jpg 1068w\" sizes=\"(max-width: 1353px) 100vw, 1353px\" class=\"no-lazyload\" width=\"1353\" height=\"195\"  style=\"display: inline-block;\" \/><\/a><\/div>\n<p class=\"has-small-font-size\"><strong><em>Karina Barci en Cosas que pasan<\/em><\/strong><\/p>\n\n\n\n<p>En Cosas que pasan se abord\u00f3 el impacto de las redes sociales en la vida cotidiana, especialmente entre los adolescentes. La docente y jefa del Departamento de Tecnolog\u00eda de la Escuela Agropecuaria, Karina Barci, explic\u00f3 que \u201clas redes sociales son una herramienta, no son ni buenas ni malas, depende del uso que se les d\u00e9\u201d.<\/p>\n\n\n\n<p>Y en \u00e9sta misma l\u00ednea la docente compar\u00f3 a las redes con un martillo: \u201cCon el martillo puedo colgar una obra de arte o lastimar a alguien; la herramienta no cambia, lo que cambia es c\u00f3mo se usa\u201d.<\/p>\n\n\n\n<p>En cuanto a la privacidad se\u00f1al\u00f3 que \u201cuna vez que uno sube una imagen o un texto a la red, ya no tiene control sobre eso. Lo que est\u00e1 en la red deja de ser privado y pasa a ser muy p\u00fablico\u201d. Adem\u00e1s, advirti\u00f3 sobre problem\u00e1ticas como el ciberbullying y el grooming, destacando la importancia de la prevenci\u00f3n desde la familia, la escuela y los medios de comunicaci\u00f3n.<\/p>\n\n\n\n<p>Entre otros conceptos remarc\u00f3 que \u201clo que no puede cambiar es mi criterio personal: no puede haber una diferencia entre mi vida real y mi vida digital\u201d. Vinculado a esto cont\u00f3 que las empresas \u2013para tomar personal- comparan los curriculums vitae con las trayectorias en sus redes sociales de esos mismos aspirantes.<\/p>\n","protected":false},"excerpt":{"rendered":"<p>Karina Barci en Cosas que pasan En Cosas que pasan se abord\u00f3 el impacto de las redes sociales en la vida cotidiana, especialmente entre los adolescentes. La docente y jefa del Departamento de Tecnolog\u00eda de la Escuela Agropecuaria, Karina Barci, explic\u00f3 que \u201clas redes sociales son una herramienta, no son ni buenas ni malas, depende [&hellip;]<\/p>\n","protected":false},"author":1,"featured_media":60150,"comment_status":"open","ping_status":"open","sticky":false,"template":"","format":"standard","meta":{"tdm_status":"","tdm_grid_status":"","_jetpack_memberships_contains_paid_content":false,"footnotes":"","jetpack_publicize_message":"","jetpack_publicize_feature_enabled":true,"jetpack_social_post_already_shared":true,"jetpack_social_options":{"image_generator_settings":{"template":"highway","default_image_id":0,"font":"","enabled":false},"version":2}},"categories":[2],"tags":[],"class_list":{"0":"post-60149","1":"post","2":"type-post","3":"status-publish","4":"format-standard","5":"has-post-thumbnail","7":"category-locales"},"yoast_head":"<!-- This site is optimized with the Yoast SEO plugin v22.7 - https:\/\/yoast.com\/wordpress\/plugins\/seo\/ -->\n<title>Breves reflexiones sobre el uso de las redes sociales en los j\u00f3venes - 103.9 fm<\/title>\n<meta name=\"robots\" content=\"index, follow, max-snippet:-1, max-image-preview:large, max-video-preview:-1\" \/>\n<link rel=\"canonical\" href=\"https:\/\/ondauno.com.ar\/index.php\/2025\/09\/11\/breves-reflexiones-sobre-el-uso-de-las-redes-sociales-en-los-jovenes\/\" \/>\n<meta property=\"og:locale\" content=\"es_ES\" \/>\n<meta property=\"og:type\" content=\"article\" \/>\n<meta property=\"og:title\" content=\"Breves reflexiones sobre el uso de las redes sociales en los j\u00f3venes - 103.9 fm\" \/>\n<meta property=\"og:description\" content=\"Karina Barci en Cosas que pasan En Cosas que pasan se abord\u00f3 el impacto de las redes sociales en la vida cotidiana, especialmente entre los adolescentes. La docente y jefa del Departamento de Tecnolog\u00eda de la Escuela Agropecuaria, Karina Barci, explic\u00f3 que \u201clas redes sociales son una herramienta, no son ni buenas ni malas, depende [&hellip;]\" \/>\n<meta property=\"og:url\" content=\"https:\/\/ondauno.com.ar\/index.php\/2025\/09\/11\/breves-reflexiones-sobre-el-uso-de-las-redes-sociales-en-los-jovenes\/\" \/>\n<meta property=\"og:site_name\" content=\"103.9 fm\" \/>\n<meta property=\"article:publisher\" content=\"https:\/\/www.facebook.com\/ondauno103.9\" \/>\n<meta property=\"article:published_time\" content=\"2025-09-12T02:06:08+00:00\" \/>\n<meta property=\"article:modified_time\" content=\"2025-09-12T02:06:14+00:00\" \/>\n<meta property=\"og:image\" content=\"http:\/\/ondauno.com.ar\/wp-content\/uploads\/2025\/09\/WhatsApp-Image-2025-09-11-at-21.35.11.jpeg\" \/>\n\t<meta property=\"og:image:width\" content=\"1600\" \/>\n\t<meta property=\"og:image:height\" content=\"1204\" \/>\n\t<meta property=\"og:image:type\" content=\"image\/jpeg\" \/>\n<meta name=\"author\" content=\"OndaUno\" \/>\n<meta name=\"twitter:card\" content=\"summary_large_image\" \/>\n<meta name=\"twitter:label1\" content=\"Escrito por\" \/>\n\t<meta name=\"twitter:data1\" content=\"OndaUno\" \/>\n\t<meta name=\"twitter:label2\" content=\"Tiempo de lectura\" \/>\n\t<meta name=\"twitter:data2\" content=\"2 minutos\" \/>\n<script type=\"application\/ld+json\" class=\"yoast-schema-graph\">{\"@context\":\"https:\/\/schema.org\",\"@graph\":[{\"@type\":\"WebPage\",\"@id\":\"https:\/\/ondauno.com.ar\/index.php\/2025\/09\/11\/breves-reflexiones-sobre-el-uso-de-las-redes-sociales-en-los-jovenes\/\",\"url\":\"https:\/\/ondauno.com.ar\/index.php\/2025\/09\/11\/breves-reflexiones-sobre-el-uso-de-las-redes-sociales-en-los-jovenes\/\",\"name\":\"Breves reflexiones sobre el uso de las redes sociales en los j\u00f3venes - 103.9 fm\",\"isPartOf\":{\"@id\":\"https:\/\/ondauno.com.ar\/#website\"},\"primaryImageOfPage\":{\"@id\":\"https:\/\/ondauno.com.ar\/index.php\/2025\/09\/11\/breves-reflexiones-sobre-el-uso-de-las-redes-sociales-en-los-jovenes\/#primaryimage\"},\"image\":{\"@id\":\"https:\/\/ondauno.com.ar\/index.php\/2025\/09\/11\/breves-reflexiones-sobre-el-uso-de-las-redes-sociales-en-los-jovenes\/#primaryimage\"},\"thumbnailUrl\":\"https:\/\/ondauno.com.ar\/wp-content\/uploads\/2025\/09\/WhatsApp-Image-2025-09-11-at-21.35.11.jpeg\",\"datePublished\":\"2025-09-12T02:06:08+00:00\",\"dateModified\":\"2025-09-12T02:06:14+00:00\",\"author\":{\"@id\":\"https:\/\/ondauno.com.ar\/#\/schema\/person\/7ec851ddeceb4133d7d7132dc645714e\"},\"breadcrumb\":{\"@id\":\"https:\/\/ondauno.com.ar\/index.php\/2025\/09\/11\/breves-reflexiones-sobre-el-uso-de-las-redes-sociales-en-los-jovenes\/#breadcrumb\"},\"inLanguage\":\"es-AR\",\"potentialAction\":[{\"@type\":\"ReadAction\",\"target\":[\"https:\/\/ondauno.com.ar\/index.php\/2025\/09\/11\/breves-reflexiones-sobre-el-uso-de-las-redes-sociales-en-los-jovenes\/\"]}]},{\"@type\":\"ImageObject\",\"inLanguage\":\"es-AR\",\"@id\":\"https:\/\/ondauno.com.ar\/index.php\/2025\/09\/11\/breves-reflexiones-sobre-el-uso-de-las-redes-sociales-en-los-jovenes\/#primaryimage\",\"url\":\"https:\/\/ondauno.com.ar\/wp-content\/uploads\/2025\/09\/WhatsApp-Image-2025-09-11-at-21.35.11.jpeg\",\"contentUrl\":\"https:\/\/ondauno.com.ar\/wp-content\/uploads\/2025\/09\/WhatsApp-Image-2025-09-11-at-21.35.11.jpeg\",\"width\":1600,\"height\":1204},{\"@type\":\"BreadcrumbList\",\"@id\":\"https:\/\/ondauno.com.ar\/index.php\/2025\/09\/11\/breves-reflexiones-sobre-el-uso-de-las-redes-sociales-en-los-jovenes\/#breadcrumb\",\"itemListElement\":[{\"@type\":\"ListItem\",\"position\":1,\"name\":\"Inicio\",\"item\":\"https:\/\/ondauno.com.ar\/\"},{\"@type\":\"ListItem\",\"position\":2,\"name\":\"Breves reflexiones sobre el uso de las redes sociales en los j\u00f3venes\"}]},{\"@type\":\"WebSite\",\"@id\":\"https:\/\/ondauno.com.ar\/#website\",\"url\":\"https:\/\/ondauno.com.ar\/\",\"name\":\"103.9 fm\",\"description\":\"LA PRIMERA RADIO MULTIMEDIA DE TRES ARROYOS\",\"potentialAction\":[{\"@type\":\"SearchAction\",\"target\":{\"@type\":\"EntryPoint\",\"urlTemplate\":\"https:\/\/ondauno.com.ar\/?s={search_term_string}\"},\"query-input\":\"required name=search_term_string\"}],\"inLanguage\":\"es-AR\"},{\"@type\":\"Person\",\"@id\":\"https:\/\/ondauno.com.ar\/#\/schema\/person\/7ec851ddeceb4133d7d7132dc645714e\",\"name\":\"OndaUno\",\"image\":{\"@type\":\"ImageObject\",\"inLanguage\":\"es-AR\",\"@id\":\"https:\/\/ondauno.com.ar\/#\/schema\/person\/image\/\",\"url\":\"https:\/\/secure.gravatar.com\/avatar\/93b8009f0de7021f1feb2bd5b32fb9e8?s=96&d=mm&r=g\",\"contentUrl\":\"https:\/\/secure.gravatar.com\/avatar\/93b8009f0de7021f1feb2bd5b32fb9e8?s=96&d=mm&r=g\",\"caption\":\"OndaUno\"},\"url\":\"https:\/\/ondauno.com.ar\/index.php\/author\/ondauno\/\"}]}<\/script>\n<!-- \/ Yoast SEO plugin. -->","yoast_head_json":{"title":"Breves reflexiones sobre el uso de las redes sociales en los j\u00f3venes - 103.9 fm","robots":{"index":"index","follow":"follow","max-snippet":"max-snippet:-1","max-image-preview":"max-image-preview:large","max-video-preview":"max-video-preview:-1"},"canonical":"https:\/\/ondauno.com.ar\/index.php\/2025\/09\/11\/breves-reflexiones-sobre-el-uso-de-las-redes-sociales-en-los-jovenes\/","og_locale":"es_ES","og_type":"article","og_title":"Breves reflexiones sobre el uso de las redes sociales en los j\u00f3venes - 103.9 fm","og_description":"Karina Barci en Cosas que pasan En Cosas que pasan se abord\u00f3 el impacto de las redes sociales en la vida cotidiana, especialmente entre los adolescentes. La docente y jefa del Departamento de Tecnolog\u00eda de la Escuela Agropecuaria, Karina Barci, explic\u00f3 que \u201clas redes sociales son una herramienta, no son ni buenas ni malas, depende [&hellip;]","og_url":"https:\/\/ondauno.com.ar\/index.php\/2025\/09\/11\/breves-reflexiones-sobre-el-uso-de-las-redes-sociales-en-los-jovenes\/","og_site_name":"103.9 fm","article_publisher":"https:\/\/www.facebook.com\/ondauno103.9","article_published_time":"2025-09-12T02:06:08+00:00","article_modified_time":"2025-09-12T02:06:14+00:00","og_image":[{"width":1600,"height":1204,"url":"http:\/\/ondauno.com.ar\/wp-content\/uploads\/2025\/09\/WhatsApp-Image-2025-09-11-at-21.35.11.jpeg","type":"image\/jpeg"}],"author":"OndaUno","twitter_card":"summary_large_image","twitter_misc":{"Escrito por":"OndaUno","Tiempo de lectura":"2 minutos"},"schema":{"@context":"https:\/\/schema.org","@graph":[{"@type":"WebPage","@id":"https:\/\/ondauno.com.ar\/index.php\/2025\/09\/11\/breves-reflexiones-sobre-el-uso-de-las-redes-sociales-en-los-jovenes\/","url":"https:\/\/ondauno.com.ar\/index.php\/2025\/09\/11\/breves-reflexiones-sobre-el-uso-de-las-redes-sociales-en-los-jovenes\/","name":"Breves reflexiones sobre el uso de las redes sociales en los j\u00f3venes - 103.9 fm","isPartOf":{"@id":"https:\/\/ondauno.com.ar\/#website"},"primaryImageOfPage":{"@id":"https:\/\/ondauno.com.ar\/index.php\/2025\/09\/11\/breves-reflexiones-sobre-el-uso-de-las-redes-sociales-en-los-jovenes\/#primaryimage"},"image":{"@id":"https:\/\/ondauno.com.ar\/index.php\/2025\/09\/11\/breves-reflexiones-sobre-el-uso-de-las-redes-sociales-en-los-jovenes\/#primaryimage"},"thumbnailUrl":"https:\/\/ondauno.com.ar\/wp-content\/uploads\/2025\/09\/WhatsApp-Image-2025-09-11-at-21.35.11.jpeg","datePublished":"2025-09-12T02:06:08+00:00","dateModified":"2025-09-12T02:06:14+00:00","author":{"@id":"https:\/\/ondauno.com.ar\/#\/schema\/person\/7ec851ddeceb4133d7d7132dc645714e"},"breadcrumb":{"@id":"https:\/\/ondauno.com.ar\/index.php\/2025\/09\/11\/breves-reflexiones-sobre-el-uso-de-las-redes-sociales-en-los-jovenes\/#breadcrumb"},"inLanguage":"es-AR","potentialAction":[{"@type":"ReadAction","target":["https:\/\/ondauno.com.ar\/index.php\/2025\/09\/11\/breves-reflexiones-sobre-el-uso-de-las-redes-sociales-en-los-jovenes\/"]}]},{"@type":"ImageObject","inLanguage":"es-AR","@id":"https:\/\/ondauno.com.ar\/index.php\/2025\/09\/11\/breves-reflexiones-sobre-el-uso-de-las-redes-sociales-en-los-jovenes\/#primaryimage","url":"https:\/\/ondauno.com.ar\/wp-content\/uploads\/2025\/09\/WhatsApp-Image-2025-09-11-at-21.35.11.jpeg","contentUrl":"https:\/\/ondauno.com.ar\/wp-content\/uploads\/2025\/09\/WhatsApp-Image-2025-09-11-at-21.35.11.jpeg","width":1600,"height":1204},{"@type":"BreadcrumbList","@id":"https:\/\/ondauno.com.ar\/index.php\/2025\/09\/11\/breves-reflexiones-sobre-el-uso-de-las-redes-sociales-en-los-jovenes\/#breadcrumb","itemListElement":[{"@type":"ListItem","position":1,"name":"Inicio","item":"https:\/\/ondauno.com.ar\/"},{"@type":"ListItem","position":2,"name":"Breves reflexiones sobre el uso de las redes sociales en los j\u00f3venes"}]},{"@type":"WebSite","@id":"https:\/\/ondauno.com.ar\/#website","url":"https:\/\/ondauno.com.ar\/","name":"103.9 fm","description":"LA PRIMERA RADIO MULTIMEDIA DE TRES ARROYOS","potentialAction":[{"@type":"SearchAction","target":{"@type":"EntryPoint","urlTemplate":"https:\/\/ondauno.com.ar\/?s={search_term_string}"},"query-input":"required name=search_term_string"}],"inLanguage":"es-AR"},{"@type":"Person","@id":"https:\/\/ondauno.com.ar\/#\/schema\/person\/7ec851ddeceb4133d7d7132dc645714e","name":"OndaUno","image":{"@type":"ImageObject","inLanguage":"es-AR","@id":"https:\/\/ondauno.com.ar\/#\/schema\/person\/image\/","url":"https:\/\/secure.gravatar.com\/avatar\/93b8009f0de7021f1feb2bd5b32fb9e8?s=96&d=mm&r=g","contentUrl":"https:\/\/secure.gravatar.com\/avatar\/93b8009f0de7021f1feb2bd5b32fb9e8?s=96&d=mm&r=g","caption":"OndaUno"},"url":"https:\/\/ondauno.com.ar\/index.php\/author\/ondauno\/"}]}},"jetpack_publicize_connections":[],"jetpack_featured_media_url":"https:\/\/ondauno.com.ar\/wp-content\/uploads\/2025\/09\/WhatsApp-Image-2025-09-11-at-21.35.11.jpeg","jetpack_sharing_enabled":true,"_links":{"self":[{"href":"https:\/\/ondauno.com.ar\/index.php\/wp-json\/wp\/v2\/posts\/60149","targetHints":{"allow":["GET"]}}],"collection":[{"href":"https:\/\/ondauno.com.ar\/index.php\/wp-json\/wp\/v2\/posts"}],"about":[{"href":"https:\/\/ondauno.com.ar\/index.php\/wp-json\/wp\/v2\/types\/post"}],"author":[{"embeddable":true,"href":"https:\/\/ondauno.com.ar\/index.php\/wp-json\/wp\/v2\/users\/1"}],"replies":[{"embeddable":true,"href":"https:\/\/ondauno.com.ar\/index.php\/wp-json\/wp\/v2\/comments?post=60149"}],"version-history":[{"count":1,"href":"https:\/\/ondauno.com.ar\/index.php\/wp-json\/wp\/v2\/posts\/60149\/revisions"}],"predecessor-version":[{"id":60151,"href":"https:\/\/ondauno.com.ar\/index.php\/wp-json\/wp\/v2\/posts\/60149\/revisions\/60151"}],"wp:featuredmedia":[{"embeddable":true,"href":"https:\/\/ondauno.com.ar\/index.php\/wp-json\/wp\/v2\/media\/60150"}],"wp:attachment":[{"href":"https:\/\/ondauno.com.ar\/index.php\/wp-json\/wp\/v2\/media?parent=60149"}],"wp:term":[{"taxonomy":"category","embeddable":true,"href":"https:\/\/ondauno.com.ar\/index.php\/wp-json\/wp\/v2\/categories?post=60149"},{"taxonomy":"post_tag","embeddable":true,"href":"https:\/\/ondauno.com.ar\/index.php\/wp-json\/wp\/v2\/tags?post=60149"}],"curies":[{"name":"wp","href":"https:\/\/api.w.org\/{rel}","templated":true}]}}