{"id":60141,"date":"2025-09-11T23:01:27","date_gmt":"2025-09-12T02:01:27","guid":{"rendered":"https:\/\/ondauno.com.ar\/?p=60141"},"modified":"2025-09-11T23:02:01","modified_gmt":"2025-09-12T02:02:01","slug":"nuevo-foco-de-incendio-en-acopio-de-ramas-frente-a-la-playa-en-marisol","status":"publish","type":"post","link":"https:\/\/ondauno.com.ar\/index.php\/2025\/09\/11\/nuevo-foco-de-incendio-en-acopio-de-ramas-frente-a-la-playa-en-marisol\/","title":{"rendered":"Nuevo foco de incendio en acopio de ramas frente a la playa en Marisol"},"content":{"rendered":"<div class=\"ondau-before-content_3\" style=\"margin-top: -30px;\" id=\"ondau-2061933968\"><a href=\"https:\/\/www.lps.com.ar\/\" aria-label=\"la-perse2\"><img loading=\"lazy\" decoding=\"async\" src=\"https:\/\/ondauno.com.ar\/wp-content\/uploads\/2021\/10\/la-perse2.jpg\" alt=\"\"  srcset=\"https:\/\/ondauno.com.ar\/wp-content\/uploads\/2021\/10\/la-perse2.jpg 1353w, https:\/\/ondauno.com.ar\/wp-content\/uploads\/2021\/10\/la-perse2-300x43.jpg 300w, https:\/\/ondauno.com.ar\/wp-content\/uploads\/2021\/10\/la-perse2-1024x148.jpg 1024w, https:\/\/ondauno.com.ar\/wp-content\/uploads\/2021\/10\/la-perse2-768x111.jpg 768w, https:\/\/ondauno.com.ar\/wp-content\/uploads\/2021\/10\/la-perse2-696x100.jpg 696w, https:\/\/ondauno.com.ar\/wp-content\/uploads\/2021\/10\/la-perse2-1068x154.jpg 1068w\" sizes=\"(max-width: 1353px) 100vw, 1353px\" class=\"no-lazyload\" width=\"1353\" height=\"195\"  style=\"display: inline-block;\" \/><\/a><\/div>\n<p class=\"has-small-font-size\"><em><strong>Fotos gentileza de Ramiro Zarzoso<\/strong><\/em><\/p>\n\n\n\n<p>En Cosas que pasan, el director municipal de Ambiente, Obras y Servicios P\u00fablicos de Coronel Dorrego, Ramiro Zarzoso, inform\u00f3 sobre un nuevo foco de incendio registrado en el sector de acopio de ramas de poda ubicado en calle Buenos Aires, casi Corrientes.<\/p>\n\n\n\n<p>\u201cNo es el primero, tenemos dos o tres focos anuales de incendio y, seg\u00fan peritos y bomberos, son intencionales\u201d, se\u00f1al\u00f3 sobre el siniestro del martes.<\/p>\n\n\n\n<p>El funcionario explic\u00f3 que el hecho fue denunciado en la comisar\u00eda por el subdelegado de Marisol y pidi\u00f3 colaboraci\u00f3n a los vecinos: \u201cSi alguien ve algo sospechoso, debe acudir al destacamento policial o a la delegaci\u00f3n\u201d.<br>Si bien el incendio afect\u00f3 ramas acumuladas y parte de la vegetaci\u00f3n baja de la zona de m\u00e9danos, los bomberos lograron controlarlo con un trabajo que demandado desde la tarde del martes y hasta la ma\u00f1ana del mi\u00e9rcoles, tras lo cual no hubo propagaci\u00f3n.<\/p>\n\n\n\n<p>Pod\u00e9s escuchar la nota completa en el siguiente link:<\/p>\n\n\n\n<figure class=\"wp-block-embed is-type-video is-provider-youtube wp-block-embed-youtube wp-embed-aspect-16-9 wp-has-aspect-ratio\"><div class=\"wp-block-embed__wrapper\">\n<div class=\"youtube-embed\" data-video_id=\"YxU5MCI4qXo\"><iframe loading=\"lazy\" title=\"Onda Uno 103.9 en vivo\" width=\"696\" height=\"392\" data-src=\"https:\/\/www.youtube.com\/embed\/YxU5MCI4qXo?start=3&#038;feature=oembed\" frameborder=\"0\" allow=\"accelerometer; autoplay; clipboard-write; encrypted-media; gyroscope; picture-in-picture; web-share\" referrerpolicy=\"strict-origin-when-cross-origin\" allowfullscreen src=\"data:image\/gif;base64,R0lGODlhAQABAAAAACH5BAEKAAEALAAAAAABAAEAAAICTAEAOw==\" class=\"lazyload\" data-load-mode=\"1\"><\/iframe><\/div>\n<\/div><\/figure>\n","protected":false},"excerpt":{"rendered":"<p>Fotos gentileza de Ramiro Zarzoso En Cosas que pasan, el director municipal de Ambiente, Obras y Servicios P\u00fablicos de Coronel Dorrego, Ramiro Zarzoso, inform\u00f3 sobre un nuevo foco de incendio registrado en el sector de acopio de ramas de poda ubicado en calle Buenos Aires, casi Corrientes. \u201cNo es el primero, tenemos dos o tres [&hellip;]<\/p>\n","protected":false},"author":1,"featured_media":60142,"comment_status":"open","ping_status":"open","sticky":false,"template":"","format":"standard","meta":{"tdm_status":"","tdm_grid_status":"","_jetpack_memberships_contains_paid_content":false,"footnotes":"","jetpack_publicize_message":"","jetpack_publicize_feature_enabled":true,"jetpack_social_post_already_shared":true,"jetpack_social_options":{"image_generator_settings":{"template":"highway","default_image_id":0,"font":"","enabled":false},"version":2}},"categories":[35],"tags":[],"class_list":{"0":"post-60141","1":"post","2":"type-post","3":"status-publish","4":"format-standard","5":"has-post-thumbnail","7":"category-regionales"},"yoast_head":"<!-- This site is optimized with the Yoast SEO plugin v22.7 - https:\/\/yoast.com\/wordpress\/plugins\/seo\/ -->\n<title>Nuevo foco de incendio en acopio de ramas frente a la playa en Marisol - 103.9 fm<\/title>\n<meta name=\"robots\" content=\"index, follow, max-snippet:-1, max-image-preview:large, max-video-preview:-1\" \/>\n<link rel=\"canonical\" href=\"https:\/\/ondauno.com.ar\/index.php\/2025\/09\/11\/nuevo-foco-de-incendio-en-acopio-de-ramas-frente-a-la-playa-en-marisol\/\" \/>\n<meta property=\"og:locale\" content=\"es_ES\" \/>\n<meta property=\"og:type\" content=\"article\" \/>\n<meta property=\"og:title\" content=\"Nuevo foco de incendio en acopio de ramas frente a la playa en Marisol - 103.9 fm\" \/>\n<meta property=\"og:description\" content=\"Fotos gentileza de Ramiro Zarzoso En Cosas que pasan, el director municipal de Ambiente, Obras y Servicios P\u00fablicos de Coronel Dorrego, Ramiro Zarzoso, inform\u00f3 sobre un nuevo foco de incendio registrado en el sector de acopio de ramas de poda ubicado en calle Buenos Aires, casi Corrientes. \u201cNo es el primero, tenemos dos o tres [&hellip;]\" \/>\n<meta property=\"og:url\" content=\"https:\/\/ondauno.com.ar\/index.php\/2025\/09\/11\/nuevo-foco-de-incendio-en-acopio-de-ramas-frente-a-la-playa-en-marisol\/\" \/>\n<meta property=\"og:site_name\" content=\"103.9 fm\" \/>\n<meta property=\"article:publisher\" content=\"https:\/\/www.facebook.com\/ondauno103.9\" \/>\n<meta property=\"article:published_time\" content=\"2025-09-12T02:01:27+00:00\" \/>\n<meta property=\"article:modified_time\" content=\"2025-09-12T02:02:01+00:00\" \/>\n<meta property=\"og:image\" content=\"http:\/\/ondauno.com.ar\/wp-content\/uploads\/2025\/09\/WhatsApp-Image-2025-09-11-at-21.25.29.jpeg\" \/>\n\t<meta property=\"og:image:width\" content=\"1599\" \/>\n\t<meta property=\"og:image:height\" content=\"1200\" \/>\n\t<meta property=\"og:image:type\" content=\"image\/jpeg\" \/>\n<meta name=\"author\" content=\"OndaUno\" \/>\n<meta name=\"twitter:card\" content=\"summary_large_image\" \/>\n<meta name=\"twitter:label1\" content=\"Escrito por\" \/>\n\t<meta name=\"twitter:data1\" content=\"OndaUno\" \/>\n\t<meta name=\"twitter:label2\" content=\"Tiempo de lectura\" \/>\n\t<meta name=\"twitter:data2\" content=\"1 minuto\" \/>\n<script type=\"application\/ld+json\" class=\"yoast-schema-graph\">{\"@context\":\"https:\/\/schema.org\",\"@graph\":[{\"@type\":\"WebPage\",\"@id\":\"https:\/\/ondauno.com.ar\/index.php\/2025\/09\/11\/nuevo-foco-de-incendio-en-acopio-de-ramas-frente-a-la-playa-en-marisol\/\",\"url\":\"https:\/\/ondauno.com.ar\/index.php\/2025\/09\/11\/nuevo-foco-de-incendio-en-acopio-de-ramas-frente-a-la-playa-en-marisol\/\",\"name\":\"Nuevo foco de incendio en acopio de ramas frente a la playa en Marisol - 103.9 fm\",\"isPartOf\":{\"@id\":\"https:\/\/ondauno.com.ar\/#website\"},\"primaryImageOfPage\":{\"@id\":\"https:\/\/ondauno.com.ar\/index.php\/2025\/09\/11\/nuevo-foco-de-incendio-en-acopio-de-ramas-frente-a-la-playa-en-marisol\/#primaryimage\"},\"image\":{\"@id\":\"https:\/\/ondauno.com.ar\/index.php\/2025\/09\/11\/nuevo-foco-de-incendio-en-acopio-de-ramas-frente-a-la-playa-en-marisol\/#primaryimage\"},\"thumbnailUrl\":\"https:\/\/ondauno.com.ar\/wp-content\/uploads\/2025\/09\/WhatsApp-Image-2025-09-11-at-21.25.29.jpeg\",\"datePublished\":\"2025-09-12T02:01:27+00:00\",\"dateModified\":\"2025-09-12T02:02:01+00:00\",\"author\":{\"@id\":\"https:\/\/ondauno.com.ar\/#\/schema\/person\/7ec851ddeceb4133d7d7132dc645714e\"},\"breadcrumb\":{\"@id\":\"https:\/\/ondauno.com.ar\/index.php\/2025\/09\/11\/nuevo-foco-de-incendio-en-acopio-de-ramas-frente-a-la-playa-en-marisol\/#breadcrumb\"},\"inLanguage\":\"es-AR\",\"potentialAction\":[{\"@type\":\"ReadAction\",\"target\":[\"https:\/\/ondauno.com.ar\/index.php\/2025\/09\/11\/nuevo-foco-de-incendio-en-acopio-de-ramas-frente-a-la-playa-en-marisol\/\"]}]},{\"@type\":\"ImageObject\",\"inLanguage\":\"es-AR\",\"@id\":\"https:\/\/ondauno.com.ar\/index.php\/2025\/09\/11\/nuevo-foco-de-incendio-en-acopio-de-ramas-frente-a-la-playa-en-marisol\/#primaryimage\",\"url\":\"https:\/\/ondauno.com.ar\/wp-content\/uploads\/2025\/09\/WhatsApp-Image-2025-09-11-at-21.25.29.jpeg\",\"contentUrl\":\"https:\/\/ondauno.com.ar\/wp-content\/uploads\/2025\/09\/WhatsApp-Image-2025-09-11-at-21.25.29.jpeg\",\"width\":1599,\"height\":1200},{\"@type\":\"BreadcrumbList\",\"@id\":\"https:\/\/ondauno.com.ar\/index.php\/2025\/09\/11\/nuevo-foco-de-incendio-en-acopio-de-ramas-frente-a-la-playa-en-marisol\/#breadcrumb\",\"itemListElement\":[{\"@type\":\"ListItem\",\"position\":1,\"name\":\"Inicio\",\"item\":\"https:\/\/ondauno.com.ar\/\"},{\"@type\":\"ListItem\",\"position\":2,\"name\":\"Nuevo foco de incendio en acopio de ramas frente a la playa en Marisol\"}]},{\"@type\":\"WebSite\",\"@id\":\"https:\/\/ondauno.com.ar\/#website\",\"url\":\"https:\/\/ondauno.com.ar\/\",\"name\":\"103.9 fm\",\"description\":\"LA PRIMERA RADIO MULTIMEDIA DE TRES ARROYOS\",\"potentialAction\":[{\"@type\":\"SearchAction\",\"target\":{\"@type\":\"EntryPoint\",\"urlTemplate\":\"https:\/\/ondauno.com.ar\/?s={search_term_string}\"},\"query-input\":\"required name=search_term_string\"}],\"inLanguage\":\"es-AR\"},{\"@type\":\"Person\",\"@id\":\"https:\/\/ondauno.com.ar\/#\/schema\/person\/7ec851ddeceb4133d7d7132dc645714e\",\"name\":\"OndaUno\",\"image\":{\"@type\":\"ImageObject\",\"inLanguage\":\"es-AR\",\"@id\":\"https:\/\/ondauno.com.ar\/#\/schema\/person\/image\/\",\"url\":\"https:\/\/secure.gravatar.com\/avatar\/93b8009f0de7021f1feb2bd5b32fb9e8?s=96&d=mm&r=g\",\"contentUrl\":\"https:\/\/secure.gravatar.com\/avatar\/93b8009f0de7021f1feb2bd5b32fb9e8?s=96&d=mm&r=g\",\"caption\":\"OndaUno\"},\"url\":\"https:\/\/ondauno.com.ar\/index.php\/author\/ondauno\/\"}]}<\/script>\n<!-- \/ Yoast SEO plugin. -->","yoast_head_json":{"title":"Nuevo foco de incendio en acopio de ramas frente a la playa en Marisol - 103.9 fm","robots":{"index":"index","follow":"follow","max-snippet":"max-snippet:-1","max-image-preview":"max-image-preview:large","max-video-preview":"max-video-preview:-1"},"canonical":"https:\/\/ondauno.com.ar\/index.php\/2025\/09\/11\/nuevo-foco-de-incendio-en-acopio-de-ramas-frente-a-la-playa-en-marisol\/","og_locale":"es_ES","og_type":"article","og_title":"Nuevo foco de incendio en acopio de ramas frente a la playa en Marisol - 103.9 fm","og_description":"Fotos gentileza de Ramiro Zarzoso En Cosas que pasan, el director municipal de Ambiente, Obras y Servicios P\u00fablicos de Coronel Dorrego, Ramiro Zarzoso, inform\u00f3 sobre un nuevo foco de incendio registrado en el sector de acopio de ramas de poda ubicado en calle Buenos Aires, casi Corrientes. \u201cNo es el primero, tenemos dos o tres [&hellip;]","og_url":"https:\/\/ondauno.com.ar\/index.php\/2025\/09\/11\/nuevo-foco-de-incendio-en-acopio-de-ramas-frente-a-la-playa-en-marisol\/","og_site_name":"103.9 fm","article_publisher":"https:\/\/www.facebook.com\/ondauno103.9","article_published_time":"2025-09-12T02:01:27+00:00","article_modified_time":"2025-09-12T02:02:01+00:00","og_image":[{"width":1599,"height":1200,"url":"http:\/\/ondauno.com.ar\/wp-content\/uploads\/2025\/09\/WhatsApp-Image-2025-09-11-at-21.25.29.jpeg","type":"image\/jpeg"}],"author":"OndaUno","twitter_card":"summary_large_image","twitter_misc":{"Escrito por":"OndaUno","Tiempo de lectura":"1 minuto"},"schema":{"@context":"https:\/\/schema.org","@graph":[{"@type":"WebPage","@id":"https:\/\/ondauno.com.ar\/index.php\/2025\/09\/11\/nuevo-foco-de-incendio-en-acopio-de-ramas-frente-a-la-playa-en-marisol\/","url":"https:\/\/ondauno.com.ar\/index.php\/2025\/09\/11\/nuevo-foco-de-incendio-en-acopio-de-ramas-frente-a-la-playa-en-marisol\/","name":"Nuevo foco de incendio en acopio de ramas frente a la playa en Marisol - 103.9 fm","isPartOf":{"@id":"https:\/\/ondauno.com.ar\/#website"},"primaryImageOfPage":{"@id":"https:\/\/ondauno.com.ar\/index.php\/2025\/09\/11\/nuevo-foco-de-incendio-en-acopio-de-ramas-frente-a-la-playa-en-marisol\/#primaryimage"},"image":{"@id":"https:\/\/ondauno.com.ar\/index.php\/2025\/09\/11\/nuevo-foco-de-incendio-en-acopio-de-ramas-frente-a-la-playa-en-marisol\/#primaryimage"},"thumbnailUrl":"https:\/\/ondauno.com.ar\/wp-content\/uploads\/2025\/09\/WhatsApp-Image-2025-09-11-at-21.25.29.jpeg","datePublished":"2025-09-12T02:01:27+00:00","dateModified":"2025-09-12T02:02:01+00:00","author":{"@id":"https:\/\/ondauno.com.ar\/#\/schema\/person\/7ec851ddeceb4133d7d7132dc645714e"},"breadcrumb":{"@id":"https:\/\/ondauno.com.ar\/index.php\/2025\/09\/11\/nuevo-foco-de-incendio-en-acopio-de-ramas-frente-a-la-playa-en-marisol\/#breadcrumb"},"inLanguage":"es-AR","potentialAction":[{"@type":"ReadAction","target":["https:\/\/ondauno.com.ar\/index.php\/2025\/09\/11\/nuevo-foco-de-incendio-en-acopio-de-ramas-frente-a-la-playa-en-marisol\/"]}]},{"@type":"ImageObject","inLanguage":"es-AR","@id":"https:\/\/ondauno.com.ar\/index.php\/2025\/09\/11\/nuevo-foco-de-incendio-en-acopio-de-ramas-frente-a-la-playa-en-marisol\/#primaryimage","url":"https:\/\/ondauno.com.ar\/wp-content\/uploads\/2025\/09\/WhatsApp-Image-2025-09-11-at-21.25.29.jpeg","contentUrl":"https:\/\/ondauno.com.ar\/wp-content\/uploads\/2025\/09\/WhatsApp-Image-2025-09-11-at-21.25.29.jpeg","width":1599,"height":1200},{"@type":"BreadcrumbList","@id":"https:\/\/ondauno.com.ar\/index.php\/2025\/09\/11\/nuevo-foco-de-incendio-en-acopio-de-ramas-frente-a-la-playa-en-marisol\/#breadcrumb","itemListElement":[{"@type":"ListItem","position":1,"name":"Inicio","item":"https:\/\/ondauno.com.ar\/"},{"@type":"ListItem","position":2,"name":"Nuevo foco de incendio en acopio de ramas frente a la playa en Marisol"}]},{"@type":"WebSite","@id":"https:\/\/ondauno.com.ar\/#website","url":"https:\/\/ondauno.com.ar\/","name":"103.9 fm","description":"LA PRIMERA RADIO MULTIMEDIA DE TRES ARROYOS","potentialAction":[{"@type":"SearchAction","target":{"@type":"EntryPoint","urlTemplate":"https:\/\/ondauno.com.ar\/?s={search_term_string}"},"query-input":"required name=search_term_string"}],"inLanguage":"es-AR"},{"@type":"Person","@id":"https:\/\/ondauno.com.ar\/#\/schema\/person\/7ec851ddeceb4133d7d7132dc645714e","name":"OndaUno","image":{"@type":"ImageObject","inLanguage":"es-AR","@id":"https:\/\/ondauno.com.ar\/#\/schema\/person\/image\/","url":"https:\/\/secure.gravatar.com\/avatar\/93b8009f0de7021f1feb2bd5b32fb9e8?s=96&d=mm&r=g","contentUrl":"https:\/\/secure.gravatar.com\/avatar\/93b8009f0de7021f1feb2bd5b32fb9e8?s=96&d=mm&r=g","caption":"OndaUno"},"url":"https:\/\/ondauno.com.ar\/index.php\/author\/ondauno\/"}]}},"jetpack_publicize_connections":[],"jetpack_featured_media_url":"https:\/\/ondauno.com.ar\/wp-content\/uploads\/2025\/09\/WhatsApp-Image-2025-09-11-at-21.25.29.jpeg","jetpack_sharing_enabled":true,"_links":{"self":[{"href":"https:\/\/ondauno.com.ar\/index.php\/wp-json\/wp\/v2\/posts\/60141","targetHints":{"allow":["GET"]}}],"collection":[{"href":"https:\/\/ondauno.com.ar\/index.php\/wp-json\/wp\/v2\/posts"}],"about":[{"href":"https:\/\/ondauno.com.ar\/index.php\/wp-json\/wp\/v2\/types\/post"}],"author":[{"embeddable":true,"href":"https:\/\/ondauno.com.ar\/index.php\/wp-json\/wp\/v2\/users\/1"}],"replies":[{"embeddable":true,"href":"https:\/\/ondauno.com.ar\/index.php\/wp-json\/wp\/v2\/comments?post=60141"}],"version-history":[{"count":2,"href":"https:\/\/ondauno.com.ar\/index.php\/wp-json\/wp\/v2\/posts\/60141\/revisions"}],"predecessor-version":[{"id":60145,"href":"https:\/\/ondauno.com.ar\/index.php\/wp-json\/wp\/v2\/posts\/60141\/revisions\/60145"}],"wp:featuredmedia":[{"embeddable":true,"href":"https:\/\/ondauno.com.ar\/index.php\/wp-json\/wp\/v2\/media\/60142"}],"wp:attachment":[{"href":"https:\/\/ondauno.com.ar\/index.php\/wp-json\/wp\/v2\/media?parent=60141"}],"wp:term":[{"taxonomy":"category","embeddable":true,"href":"https:\/\/ondauno.com.ar\/index.php\/wp-json\/wp\/v2\/categories?post=60141"},{"taxonomy":"post_tag","embeddable":true,"href":"https:\/\/ondauno.com.ar\/index.php\/wp-json\/wp\/v2\/tags?post=60141"}],"curies":[{"name":"wp","href":"https:\/\/api.w.org\/{rel}","templated":true}]}}