{"id":58992,"date":"2025-08-02T03:36:33","date_gmt":"2025-08-02T06:36:33","guid":{"rendered":"https:\/\/ondauno.com.ar\/?p=58992"},"modified":"2025-08-02T03:36:38","modified_gmt":"2025-08-02T06:36:38","slug":"animandose-a-mas-fuerza-patria-presento-a-sus-candidatos-defendiendo-la-gestion","status":"publish","type":"post","link":"https:\/\/ondauno.com.ar\/index.php\/2025\/08\/02\/animandose-a-mas-fuerza-patria-presento-a-sus-candidatos-defendiendo-la-gestion\/","title":{"rendered":"Anim\u00e1ndose a m\u00e1s, Fuerza Patria present\u00f3 a sus candidatos defendiendo la gesti\u00f3n"},"content":{"rendered":"<div class=\"ondau-before-content_3\" style=\"margin-top: -30px;\" id=\"ondau-328514549\"><a href=\"https:\/\/www.lps.com.ar\/\" aria-label=\"la-perse2\"><img loading=\"lazy\" decoding=\"async\" src=\"https:\/\/ondauno.com.ar\/wp-content\/uploads\/2021\/10\/la-perse2.jpg\" alt=\"\"  srcset=\"https:\/\/ondauno.com.ar\/wp-content\/uploads\/2021\/10\/la-perse2.jpg 1353w, https:\/\/ondauno.com.ar\/wp-content\/uploads\/2021\/10\/la-perse2-300x43.jpg 300w, https:\/\/ondauno.com.ar\/wp-content\/uploads\/2021\/10\/la-perse2-1024x148.jpg 1024w, https:\/\/ondauno.com.ar\/wp-content\/uploads\/2021\/10\/la-perse2-768x111.jpg 768w, https:\/\/ondauno.com.ar\/wp-content\/uploads\/2021\/10\/la-perse2-696x100.jpg 696w, https:\/\/ondauno.com.ar\/wp-content\/uploads\/2021\/10\/la-perse2-1068x154.jpg 1068w\" sizes=\"(max-width: 1353px) 100vw, 1353px\" class=\"no-lazyload\" width=\"1353\" height=\"195\"  style=\"display: inline-block;\" \/><\/a><\/div>\n<p>Con un fuerte respaldo popular y un clima de entusiasmo, se present\u00f3 oficialmente la lista de candidatos y candidatas del espacio pol\u00edtico que lidera el intendente Pablo Garate, en un acto que desbord\u00f3 de participaci\u00f3n, emociones y mensajes de compromiso con el presente y futuro de Tres Arroyos.<\/p>\n\n\n\n<p>El evento se desarroll\u00f3 en el sal\u00f3n de Luz y Fuerza que estuvo colmado de vecinos y militantes, donde se destac\u00f3 la unidad del peronismo local, la experiencia de gesti\u00f3n y el impulso de nuevas figuras en la pol\u00edtica del distrito.<\/p>\n\n\n\n<p>El encuentro estuvo marcado por una serie de discursos que pusieron en valor los logros de la actual gesti\u00f3n municipal y delinearon los desaf\u00edos por venir. La lista presentada, encabezada por Mart\u00edn Rodr\u00edguez Blanco, combina renovaci\u00f3n generacional, trayectoria en distintos \u00e1mbitos sociales y una fuerte impronta de trabajo territorial.<\/p>\n\n\n\n<p>La primera en tomar la palabra fue Noelia Garc\u00eda, empleada de ANSES con 14 a\u00f1os de trayectoria y militante sindical. Garc\u00eda subray\u00f3 su compromiso con la defensa de los derechos laborales y previsionales, destacando el valor del trabajo colectivo desde su experiencia en CECASPI y la CGT Regional. &#8220;Me sent\u00ed identificada con este proyecto porque vi cambios reales, mejoras que hacen crecer a nuestra ciudad&#8221;, expres\u00f3.<\/p>\n\n\n\n<p>Luego fue el turno de Facundo Elgar, actual concejal, quien evoc\u00f3 su historia de militancia y record\u00f3 una situaci\u00f3n de vulneraci\u00f3n de derechos que lo marc\u00f3 hace ocho a\u00f1os, cuando comenz\u00f3 su camino pol\u00edtico. Elgar hizo hincapi\u00e9 en el respaldo de la gesti\u00f3n provincial de Axel Kicillof y del gobierno municipal: \u201cHay un dique de contenci\u00f3n frente al ajuste nacional. Ese paraguas es el peronismo que gobierna la provincia y Tres Arroyos\u201d. Tambi\u00e9n resalt\u00f3 el trabajo legislativo del bloque oficialista y la importancia de la unidad como motor de transformaci\u00f3n.<\/p>\n\n\n\n<p>La docente Graciela Zurita brind\u00f3 un mensaje con fuerte carga emotiva y vocaci\u00f3n educativa. Jubilada recientemente, destac\u00f3 su decisi\u00f3n de sumarse al proyecto como una forma de continuar aportando al bienestar de las infancias y a la inclusi\u00f3n.<\/p>\n\n\n\n<p>\u201cTenemos otra forma de hacer pol\u00edtica\u201d<\/p>\n\n\n\n<p>En un discurso central, el primer candidato a concejal Mart\u00edn Rodr\u00edguez Blanco agradeci\u00f3 la confianza depositada por el equipo de gobierno y destac\u00f3 el camino recorrido desde la cultura como \u00e1mbito de transformaci\u00f3n social. &#8220;Desde hace un a\u00f1o y medio construimos una pol\u00edtica cultural cercana, activa, en todos los barrios y localidades. No es casualidad, es decisi\u00f3n, es trabajo, es escuchar&#8221;, dijo. Rodr\u00edguez Blanco enfatiz\u00f3 que el desaf\u00edo por delante es consolidar una nueva forma de hacer pol\u00edtica. \u201cEsto lo hacemos entre todos, con cada vecino y vecina\u201d, sostuvo.<\/p>\n\n\n\n<p>\u201cEl \u2018animarse a m\u00e1s\u2019 necesita un paso m\u00e1s\u201d<\/p>\n\n\n\n<figure class=\"wp-block-image size-large\"><img loading=\"lazy\" decoding=\"async\" width=\"1024\" height=\"771\" data-src=\"https:\/\/ondauno.com.ar\/wp-content\/uploads\/2025\/08\/WhatsApp-Image-2025-08-01-at-21.23.33-1024x771.jpeg\" alt=\"\" class=\"wp-image-58994 lazyload\" data-srcset=\"https:\/\/ondauno.com.ar\/wp-content\/uploads\/2025\/08\/WhatsApp-Image-2025-08-01-at-21.23.33-1024x771.jpeg 1024w, https:\/\/ondauno.com.ar\/wp-content\/uploads\/2025\/08\/WhatsApp-Image-2025-08-01-at-21.23.33-300x226.jpeg 300w, https:\/\/ondauno.com.ar\/wp-content\/uploads\/2025\/08\/WhatsApp-Image-2025-08-01-at-21.23.33-768x578.jpeg 768w, https:\/\/ondauno.com.ar\/wp-content\/uploads\/2025\/08\/WhatsApp-Image-2025-08-01-at-21.23.33-1536x1156.jpeg 1536w, https:\/\/ondauno.com.ar\/wp-content\/uploads\/2025\/08\/WhatsApp-Image-2025-08-01-at-21.23.33-558x420.jpeg 558w, https:\/\/ondauno.com.ar\/wp-content\/uploads\/2025\/08\/WhatsApp-Image-2025-08-01-at-21.23.33-80x60.jpeg 80w, https:\/\/ondauno.com.ar\/wp-content\/uploads\/2025\/08\/WhatsApp-Image-2025-08-01-at-21.23.33-696x524.jpeg 696w, https:\/\/ondauno.com.ar\/wp-content\/uploads\/2025\/08\/WhatsApp-Image-2025-08-01-at-21.23.33-1068x804.jpeg 1068w, https:\/\/ondauno.com.ar\/wp-content\/uploads\/2025\/08\/WhatsApp-Image-2025-08-01-at-21.23.33.jpeg 1600w\" data-sizes=\"auto, (max-width: 1024px) 100vw, 1024px\" src=\"data:image\/gif;base64,R0lGODlhAQABAAAAACH5BAEKAAEALAAAAAABAAEAAAICTAEAOw==\" style=\"--smush-placeholder-width: 1024px; --smush-placeholder-aspect-ratio: 1024\/771;\" \/><noscript><img loading=\"lazy\" decoding=\"async\" width=\"1024\" height=\"771\" src=\"https:\/\/ondauno.com.ar\/wp-content\/uploads\/2025\/08\/WhatsApp-Image-2025-08-01-at-21.23.33-1024x771.jpeg\" alt=\"\" class=\"wp-image-58994\" srcset=\"https:\/\/ondauno.com.ar\/wp-content\/uploads\/2025\/08\/WhatsApp-Image-2025-08-01-at-21.23.33-1024x771.jpeg 1024w, https:\/\/ondauno.com.ar\/wp-content\/uploads\/2025\/08\/WhatsApp-Image-2025-08-01-at-21.23.33-300x226.jpeg 300w, https:\/\/ondauno.com.ar\/wp-content\/uploads\/2025\/08\/WhatsApp-Image-2025-08-01-at-21.23.33-768x578.jpeg 768w, https:\/\/ondauno.com.ar\/wp-content\/uploads\/2025\/08\/WhatsApp-Image-2025-08-01-at-21.23.33-1536x1156.jpeg 1536w, https:\/\/ondauno.com.ar\/wp-content\/uploads\/2025\/08\/WhatsApp-Image-2025-08-01-at-21.23.33-558x420.jpeg 558w, https:\/\/ondauno.com.ar\/wp-content\/uploads\/2025\/08\/WhatsApp-Image-2025-08-01-at-21.23.33-80x60.jpeg 80w, https:\/\/ondauno.com.ar\/wp-content\/uploads\/2025\/08\/WhatsApp-Image-2025-08-01-at-21.23.33-696x524.jpeg 696w, https:\/\/ondauno.com.ar\/wp-content\/uploads\/2025\/08\/WhatsApp-Image-2025-08-01-at-21.23.33-1068x804.jpeg 1068w, https:\/\/ondauno.com.ar\/wp-content\/uploads\/2025\/08\/WhatsApp-Image-2025-08-01-at-21.23.33.jpeg 1600w\" sizes=\"auto, (max-width: 1024px) 100vw, 1024px\" \/><\/noscript><\/figure>\n\n\n\n<p>El cierre estuvo a cargo del intendente Pablo Garate, quien brind\u00f3 un discurso de fuerte contenido pol\u00edtico e institucional.<\/p>\n\n\n\n<p>\u201cHoy el lugar est\u00e1 desbordado de trabajo, de desaf\u00edos y de esperanza. Lo que pasa en Tres Arroyos es gracias a todos ustedes\u201d, afirm\u00f3. Garate defendi\u00f3 los logros de su primer a\u00f1o y medio de gesti\u00f3n, en un contexto nacional adverso: la puesta en marcha de la guardia pedi\u00e1trica activa, la implementaci\u00f3n de combis para actividades sociales y culturales, la recuperaci\u00f3n del edificio del CRESTA y su pr\u00f3xima expansi\u00f3n a Orense y Claromec\u00f3, entre otros avances.<\/p>\n\n\n\n<p>Tambi\u00e9n remarc\u00f3 el compromiso con las localidades, la ampliaci\u00f3n de salas de salud, la concreci\u00f3n de 80 cuadras asfaltadas desde diciembre de 2023, y el fortalecimiento de los servicios b\u00e1sicos en los barrios. \u201cGobernamos con austeridad, con honestidad y cercan\u00eda. Construimos un municipio que est\u00e1 al lado del vecino\u201d, asegur\u00f3. En un llamado a la participaci\u00f3n activa de la ciudadan\u00eda, Garate concluy\u00f3 que \u201cel recambio generacional empieza con esta lista. Y el paso que sigue es Mart\u00edn Rodr\u00edguez Blanco\u201d.<\/p>\n\n\n\n<figure class=\"wp-block-gallery has-nested-images columns-default is-cropped wp-block-gallery-1 is-layout-flex wp-block-gallery-is-layout-flex\">\n<figure class=\"wp-block-image size-large\"><img loading=\"lazy\" decoding=\"async\" width=\"1024\" height=\"683\" data-id=\"58996\" data-src=\"https:\/\/ondauno.com.ar\/wp-content\/uploads\/2025\/08\/IMG_0207-1024x683.jpg\" alt=\"\" class=\"wp-image-58996 lazyload\" data-srcset=\"https:\/\/ondauno.com.ar\/wp-content\/uploads\/2025\/08\/IMG_0207-1024x683.jpg 1024w, https:\/\/ondauno.com.ar\/wp-content\/uploads\/2025\/08\/IMG_0207-300x200.jpg 300w, https:\/\/ondauno.com.ar\/wp-content\/uploads\/2025\/08\/IMG_0207-768x512.jpg 768w, https:\/\/ondauno.com.ar\/wp-content\/uploads\/2025\/08\/IMG_0207-1536x1024.jpg 1536w, https:\/\/ondauno.com.ar\/wp-content\/uploads\/2025\/08\/IMG_0207-2048x1365.jpg 2048w, https:\/\/ondauno.com.ar\/wp-content\/uploads\/2025\/08\/IMG_0207-630x420.jpg 630w, https:\/\/ondauno.com.ar\/wp-content\/uploads\/2025\/08\/IMG_0207-696x464.jpg 696w, https:\/\/ondauno.com.ar\/wp-content\/uploads\/2025\/08\/IMG_0207-1068x712.jpg 1068w, https:\/\/ondauno.com.ar\/wp-content\/uploads\/2025\/08\/IMG_0207-1920x1280.jpg 1920w\" data-sizes=\"auto, (max-width: 1024px) 100vw, 1024px\" src=\"data:image\/gif;base64,R0lGODlhAQABAAAAACH5BAEKAAEALAAAAAABAAEAAAICTAEAOw==\" style=\"--smush-placeholder-width: 1024px; --smush-placeholder-aspect-ratio: 1024\/683;\" \/><noscript><img loading=\"lazy\" decoding=\"async\" width=\"1024\" height=\"683\" data-id=\"58996\" src=\"https:\/\/ondauno.com.ar\/wp-content\/uploads\/2025\/08\/IMG_0207-1024x683.jpg\" alt=\"\" class=\"wp-image-58996\" srcset=\"https:\/\/ondauno.com.ar\/wp-content\/uploads\/2025\/08\/IMG_0207-1024x683.jpg 1024w, https:\/\/ondauno.com.ar\/wp-content\/uploads\/2025\/08\/IMG_0207-300x200.jpg 300w, https:\/\/ondauno.com.ar\/wp-content\/uploads\/2025\/08\/IMG_0207-768x512.jpg 768w, https:\/\/ondauno.com.ar\/wp-content\/uploads\/2025\/08\/IMG_0207-1536x1024.jpg 1536w, https:\/\/ondauno.com.ar\/wp-content\/uploads\/2025\/08\/IMG_0207-2048x1365.jpg 2048w, https:\/\/ondauno.com.ar\/wp-content\/uploads\/2025\/08\/IMG_0207-630x420.jpg 630w, https:\/\/ondauno.com.ar\/wp-content\/uploads\/2025\/08\/IMG_0207-696x464.jpg 696w, https:\/\/ondauno.com.ar\/wp-content\/uploads\/2025\/08\/IMG_0207-1068x712.jpg 1068w, https:\/\/ondauno.com.ar\/wp-content\/uploads\/2025\/08\/IMG_0207-1920x1280.jpg 1920w\" sizes=\"auto, (max-width: 1024px) 100vw, 1024px\" \/><\/noscript><\/figure>\n\n\n\n<figure class=\"wp-block-image size-large\"><img loading=\"lazy\" decoding=\"async\" width=\"1024\" height=\"683\" data-id=\"58995\" data-src=\"https:\/\/ondauno.com.ar\/wp-content\/uploads\/2025\/08\/IMG_0272-1024x683.jpg\" alt=\"\" class=\"wp-image-58995 lazyload\" data-srcset=\"https:\/\/ondauno.com.ar\/wp-content\/uploads\/2025\/08\/IMG_0272-1024x683.jpg 1024w, https:\/\/ondauno.com.ar\/wp-content\/uploads\/2025\/08\/IMG_0272-300x200.jpg 300w, https:\/\/ondauno.com.ar\/wp-content\/uploads\/2025\/08\/IMG_0272-768x512.jpg 768w, https:\/\/ondauno.com.ar\/wp-content\/uploads\/2025\/08\/IMG_0272-1536x1024.jpg 1536w, https:\/\/ondauno.com.ar\/wp-content\/uploads\/2025\/08\/IMG_0272-2048x1365.jpg 2048w, https:\/\/ondauno.com.ar\/wp-content\/uploads\/2025\/08\/IMG_0272-630x420.jpg 630w, https:\/\/ondauno.com.ar\/wp-content\/uploads\/2025\/08\/IMG_0272-696x464.jpg 696w, https:\/\/ondauno.com.ar\/wp-content\/uploads\/2025\/08\/IMG_0272-1068x712.jpg 1068w, https:\/\/ondauno.com.ar\/wp-content\/uploads\/2025\/08\/IMG_0272-1920x1280.jpg 1920w\" data-sizes=\"auto, (max-width: 1024px) 100vw, 1024px\" src=\"data:image\/gif;base64,R0lGODlhAQABAAAAACH5BAEKAAEALAAAAAABAAEAAAICTAEAOw==\" style=\"--smush-placeholder-width: 1024px; --smush-placeholder-aspect-ratio: 1024\/683;\" \/><noscript><img loading=\"lazy\" decoding=\"async\" width=\"1024\" height=\"683\" data-id=\"58995\" src=\"https:\/\/ondauno.com.ar\/wp-content\/uploads\/2025\/08\/IMG_0272-1024x683.jpg\" alt=\"\" class=\"wp-image-58995\" srcset=\"https:\/\/ondauno.com.ar\/wp-content\/uploads\/2025\/08\/IMG_0272-1024x683.jpg 1024w, https:\/\/ondauno.com.ar\/wp-content\/uploads\/2025\/08\/IMG_0272-300x200.jpg 300w, https:\/\/ondauno.com.ar\/wp-content\/uploads\/2025\/08\/IMG_0272-768x512.jpg 768w, https:\/\/ondauno.com.ar\/wp-content\/uploads\/2025\/08\/IMG_0272-1536x1024.jpg 1536w, https:\/\/ondauno.com.ar\/wp-content\/uploads\/2025\/08\/IMG_0272-2048x1365.jpg 2048w, https:\/\/ondauno.com.ar\/wp-content\/uploads\/2025\/08\/IMG_0272-630x420.jpg 630w, https:\/\/ondauno.com.ar\/wp-content\/uploads\/2025\/08\/IMG_0272-696x464.jpg 696w, https:\/\/ondauno.com.ar\/wp-content\/uploads\/2025\/08\/IMG_0272-1068x712.jpg 1068w, https:\/\/ondauno.com.ar\/wp-content\/uploads\/2025\/08\/IMG_0272-1920x1280.jpg 1920w\" sizes=\"auto, (max-width: 1024px) 100vw, 1024px\" \/><\/noscript><\/figure>\n<\/figure>\n\n\n\n<p><\/p>\n","protected":false},"excerpt":{"rendered":"<p>Con un fuerte respaldo popular y un clima de entusiasmo, se present\u00f3 oficialmente la lista de candidatos y candidatas del espacio pol\u00edtico que lidera el intendente Pablo Garate, en un acto que desbord\u00f3 de participaci\u00f3n, emociones y mensajes de compromiso con el presente y futuro de Tres Arroyos. El evento se desarroll\u00f3 en el sal\u00f3n [&hellip;]<\/p>\n","protected":false},"author":1,"featured_media":58993,"comment_status":"open","ping_status":"open","sticky":false,"template":"","format":"standard","meta":{"tdm_status":"","tdm_grid_status":"","_jetpack_memberships_contains_paid_content":false,"footnotes":"","jetpack_publicize_message":"","jetpack_publicize_feature_enabled":true,"jetpack_social_post_already_shared":true,"jetpack_social_options":{"image_generator_settings":{"template":"highway","default_image_id":0,"font":"","enabled":false},"version":2}},"categories":[2],"tags":[],"class_list":{"0":"post-58992","1":"post","2":"type-post","3":"status-publish","4":"format-standard","5":"has-post-thumbnail","7":"category-locales"},"yoast_head":"<!-- This site is optimized with the Yoast SEO plugin v22.7 - https:\/\/yoast.com\/wordpress\/plugins\/seo\/ -->\n<title>Anim\u00e1ndose a m\u00e1s, Fuerza Patria present\u00f3 a sus candidatos defendiendo la gesti\u00f3n - 103.9 fm<\/title>\n<meta name=\"robots\" content=\"index, follow, max-snippet:-1, max-image-preview:large, max-video-preview:-1\" \/>\n<link rel=\"canonical\" href=\"https:\/\/ondauno.com.ar\/index.php\/2025\/08\/02\/animandose-a-mas-fuerza-patria-presento-a-sus-candidatos-defendiendo-la-gestion\/\" \/>\n<meta property=\"og:locale\" content=\"es_ES\" \/>\n<meta property=\"og:type\" content=\"article\" \/>\n<meta property=\"og:title\" content=\"Anim\u00e1ndose a m\u00e1s, Fuerza Patria present\u00f3 a sus candidatos defendiendo la gesti\u00f3n - 103.9 fm\" \/>\n<meta property=\"og:description\" content=\"Con un fuerte respaldo popular y un clima de entusiasmo, se present\u00f3 oficialmente la lista de candidatos y candidatas del espacio pol\u00edtico que lidera el intendente Pablo Garate, en un acto que desbord\u00f3 de participaci\u00f3n, emociones y mensajes de compromiso con el presente y futuro de Tres Arroyos. El evento se desarroll\u00f3 en el sal\u00f3n [&hellip;]\" \/>\n<meta property=\"og:url\" content=\"https:\/\/ondauno.com.ar\/index.php\/2025\/08\/02\/animandose-a-mas-fuerza-patria-presento-a-sus-candidatos-defendiendo-la-gestion\/\" \/>\n<meta property=\"og:site_name\" content=\"103.9 fm\" \/>\n<meta property=\"article:publisher\" content=\"https:\/\/www.facebook.com\/ondauno103.9\" \/>\n<meta property=\"article:published_time\" content=\"2025-08-02T06:36:33+00:00\" \/>\n<meta property=\"article:modified_time\" content=\"2025-08-02T06:36:38+00:00\" \/>\n<meta property=\"og:image\" content=\"http:\/\/ondauno.com.ar\/wp-content\/uploads\/2025\/08\/WhatsApp-Image-2025-08-02-at-03.23.45.jpeg\" \/>\n\t<meta property=\"og:image:width\" content=\"1280\" \/>\n\t<meta property=\"og:image:height\" content=\"853\" \/>\n\t<meta property=\"og:image:type\" content=\"image\/jpeg\" \/>\n<meta name=\"author\" content=\"OndaUno\" \/>\n<meta name=\"twitter:card\" content=\"summary_large_image\" \/>\n<meta name=\"twitter:label1\" content=\"Escrito por\" \/>\n\t<meta name=\"twitter:data1\" content=\"OndaUno\" \/>\n\t<meta name=\"twitter:label2\" content=\"Tiempo de lectura\" \/>\n\t<meta name=\"twitter:data2\" content=\"4 minutos\" \/>\n<script type=\"application\/ld+json\" class=\"yoast-schema-graph\">{\"@context\":\"https:\/\/schema.org\",\"@graph\":[{\"@type\":\"WebPage\",\"@id\":\"https:\/\/ondauno.com.ar\/index.php\/2025\/08\/02\/animandose-a-mas-fuerza-patria-presento-a-sus-candidatos-defendiendo-la-gestion\/\",\"url\":\"https:\/\/ondauno.com.ar\/index.php\/2025\/08\/02\/animandose-a-mas-fuerza-patria-presento-a-sus-candidatos-defendiendo-la-gestion\/\",\"name\":\"Anim\u00e1ndose a m\u00e1s, Fuerza Patria present\u00f3 a sus candidatos defendiendo la gesti\u00f3n - 103.9 fm\",\"isPartOf\":{\"@id\":\"https:\/\/ondauno.com.ar\/#website\"},\"primaryImageOfPage\":{\"@id\":\"https:\/\/ondauno.com.ar\/index.php\/2025\/08\/02\/animandose-a-mas-fuerza-patria-presento-a-sus-candidatos-defendiendo-la-gestion\/#primaryimage\"},\"image\":{\"@id\":\"https:\/\/ondauno.com.ar\/index.php\/2025\/08\/02\/animandose-a-mas-fuerza-patria-presento-a-sus-candidatos-defendiendo-la-gestion\/#primaryimage\"},\"thumbnailUrl\":\"https:\/\/ondauno.com.ar\/wp-content\/uploads\/2025\/08\/WhatsApp-Image-2025-08-02-at-03.23.45.jpeg\",\"datePublished\":\"2025-08-02T06:36:33+00:00\",\"dateModified\":\"2025-08-02T06:36:38+00:00\",\"author\":{\"@id\":\"https:\/\/ondauno.com.ar\/#\/schema\/person\/7ec851ddeceb4133d7d7132dc645714e\"},\"breadcrumb\":{\"@id\":\"https:\/\/ondauno.com.ar\/index.php\/2025\/08\/02\/animandose-a-mas-fuerza-patria-presento-a-sus-candidatos-defendiendo-la-gestion\/#breadcrumb\"},\"inLanguage\":\"es-AR\",\"potentialAction\":[{\"@type\":\"ReadAction\",\"target\":[\"https:\/\/ondauno.com.ar\/index.php\/2025\/08\/02\/animandose-a-mas-fuerza-patria-presento-a-sus-candidatos-defendiendo-la-gestion\/\"]}]},{\"@type\":\"ImageObject\",\"inLanguage\":\"es-AR\",\"@id\":\"https:\/\/ondauno.com.ar\/index.php\/2025\/08\/02\/animandose-a-mas-fuerza-patria-presento-a-sus-candidatos-defendiendo-la-gestion\/#primaryimage\",\"url\":\"https:\/\/ondauno.com.ar\/wp-content\/uploads\/2025\/08\/WhatsApp-Image-2025-08-02-at-03.23.45.jpeg\",\"contentUrl\":\"https:\/\/ondauno.com.ar\/wp-content\/uploads\/2025\/08\/WhatsApp-Image-2025-08-02-at-03.23.45.jpeg\",\"width\":1280,\"height\":853},{\"@type\":\"BreadcrumbList\",\"@id\":\"https:\/\/ondauno.com.ar\/index.php\/2025\/08\/02\/animandose-a-mas-fuerza-patria-presento-a-sus-candidatos-defendiendo-la-gestion\/#breadcrumb\",\"itemListElement\":[{\"@type\":\"ListItem\",\"position\":1,\"name\":\"Inicio\",\"item\":\"https:\/\/ondauno.com.ar\/\"},{\"@type\":\"ListItem\",\"position\":2,\"name\":\"Anim\u00e1ndose a m\u00e1s, Fuerza Patria present\u00f3 a sus candidatos defendiendo la gesti\u00f3n\"}]},{\"@type\":\"WebSite\",\"@id\":\"https:\/\/ondauno.com.ar\/#website\",\"url\":\"https:\/\/ondauno.com.ar\/\",\"name\":\"103.9 fm\",\"description\":\"LA PRIMERA RADIO MULTIMEDIA DE TRES ARROYOS\",\"potentialAction\":[{\"@type\":\"SearchAction\",\"target\":{\"@type\":\"EntryPoint\",\"urlTemplate\":\"https:\/\/ondauno.com.ar\/?s={search_term_string}\"},\"query-input\":\"required name=search_term_string\"}],\"inLanguage\":\"es-AR\"},{\"@type\":\"Person\",\"@id\":\"https:\/\/ondauno.com.ar\/#\/schema\/person\/7ec851ddeceb4133d7d7132dc645714e\",\"name\":\"OndaUno\",\"image\":{\"@type\":\"ImageObject\",\"inLanguage\":\"es-AR\",\"@id\":\"https:\/\/ondauno.com.ar\/#\/schema\/person\/image\/\",\"url\":\"https:\/\/secure.gravatar.com\/avatar\/93b8009f0de7021f1feb2bd5b32fb9e8?s=96&d=mm&r=g\",\"contentUrl\":\"https:\/\/secure.gravatar.com\/avatar\/93b8009f0de7021f1feb2bd5b32fb9e8?s=96&d=mm&r=g\",\"caption\":\"OndaUno\"},\"url\":\"https:\/\/ondauno.com.ar\/index.php\/author\/ondauno\/\"}]}<\/script>\n<!-- \/ Yoast SEO plugin. -->","yoast_head_json":{"title":"Anim\u00e1ndose a m\u00e1s, Fuerza Patria present\u00f3 a sus candidatos defendiendo la gesti\u00f3n - 103.9 fm","robots":{"index":"index","follow":"follow","max-snippet":"max-snippet:-1","max-image-preview":"max-image-preview:large","max-video-preview":"max-video-preview:-1"},"canonical":"https:\/\/ondauno.com.ar\/index.php\/2025\/08\/02\/animandose-a-mas-fuerza-patria-presento-a-sus-candidatos-defendiendo-la-gestion\/","og_locale":"es_ES","og_type":"article","og_title":"Anim\u00e1ndose a m\u00e1s, Fuerza Patria present\u00f3 a sus candidatos defendiendo la gesti\u00f3n - 103.9 fm","og_description":"Con un fuerte respaldo popular y un clima de entusiasmo, se present\u00f3 oficialmente la lista de candidatos y candidatas del espacio pol\u00edtico que lidera el intendente Pablo Garate, en un acto que desbord\u00f3 de participaci\u00f3n, emociones y mensajes de compromiso con el presente y futuro de Tres Arroyos. El evento se desarroll\u00f3 en el sal\u00f3n [&hellip;]","og_url":"https:\/\/ondauno.com.ar\/index.php\/2025\/08\/02\/animandose-a-mas-fuerza-patria-presento-a-sus-candidatos-defendiendo-la-gestion\/","og_site_name":"103.9 fm","article_publisher":"https:\/\/www.facebook.com\/ondauno103.9","article_published_time":"2025-08-02T06:36:33+00:00","article_modified_time":"2025-08-02T06:36:38+00:00","og_image":[{"width":1280,"height":853,"url":"http:\/\/ondauno.com.ar\/wp-content\/uploads\/2025\/08\/WhatsApp-Image-2025-08-02-at-03.23.45.jpeg","type":"image\/jpeg"}],"author":"OndaUno","twitter_card":"summary_large_image","twitter_misc":{"Escrito por":"OndaUno","Tiempo de lectura":"4 minutos"},"schema":{"@context":"https:\/\/schema.org","@graph":[{"@type":"WebPage","@id":"https:\/\/ondauno.com.ar\/index.php\/2025\/08\/02\/animandose-a-mas-fuerza-patria-presento-a-sus-candidatos-defendiendo-la-gestion\/","url":"https:\/\/ondauno.com.ar\/index.php\/2025\/08\/02\/animandose-a-mas-fuerza-patria-presento-a-sus-candidatos-defendiendo-la-gestion\/","name":"Anim\u00e1ndose a m\u00e1s, Fuerza Patria present\u00f3 a sus candidatos defendiendo la gesti\u00f3n - 103.9 fm","isPartOf":{"@id":"https:\/\/ondauno.com.ar\/#website"},"primaryImageOfPage":{"@id":"https:\/\/ondauno.com.ar\/index.php\/2025\/08\/02\/animandose-a-mas-fuerza-patria-presento-a-sus-candidatos-defendiendo-la-gestion\/#primaryimage"},"image":{"@id":"https:\/\/ondauno.com.ar\/index.php\/2025\/08\/02\/animandose-a-mas-fuerza-patria-presento-a-sus-candidatos-defendiendo-la-gestion\/#primaryimage"},"thumbnailUrl":"https:\/\/ondauno.com.ar\/wp-content\/uploads\/2025\/08\/WhatsApp-Image-2025-08-02-at-03.23.45.jpeg","datePublished":"2025-08-02T06:36:33+00:00","dateModified":"2025-08-02T06:36:38+00:00","author":{"@id":"https:\/\/ondauno.com.ar\/#\/schema\/person\/7ec851ddeceb4133d7d7132dc645714e"},"breadcrumb":{"@id":"https:\/\/ondauno.com.ar\/index.php\/2025\/08\/02\/animandose-a-mas-fuerza-patria-presento-a-sus-candidatos-defendiendo-la-gestion\/#breadcrumb"},"inLanguage":"es-AR","potentialAction":[{"@type":"ReadAction","target":["https:\/\/ondauno.com.ar\/index.php\/2025\/08\/02\/animandose-a-mas-fuerza-patria-presento-a-sus-candidatos-defendiendo-la-gestion\/"]}]},{"@type":"ImageObject","inLanguage":"es-AR","@id":"https:\/\/ondauno.com.ar\/index.php\/2025\/08\/02\/animandose-a-mas-fuerza-patria-presento-a-sus-candidatos-defendiendo-la-gestion\/#primaryimage","url":"https:\/\/ondauno.com.ar\/wp-content\/uploads\/2025\/08\/WhatsApp-Image-2025-08-02-at-03.23.45.jpeg","contentUrl":"https:\/\/ondauno.com.ar\/wp-content\/uploads\/2025\/08\/WhatsApp-Image-2025-08-02-at-03.23.45.jpeg","width":1280,"height":853},{"@type":"BreadcrumbList","@id":"https:\/\/ondauno.com.ar\/index.php\/2025\/08\/02\/animandose-a-mas-fuerza-patria-presento-a-sus-candidatos-defendiendo-la-gestion\/#breadcrumb","itemListElement":[{"@type":"ListItem","position":1,"name":"Inicio","item":"https:\/\/ondauno.com.ar\/"},{"@type":"ListItem","position":2,"name":"Anim\u00e1ndose a m\u00e1s, Fuerza Patria present\u00f3 a sus candidatos defendiendo la gesti\u00f3n"}]},{"@type":"WebSite","@id":"https:\/\/ondauno.com.ar\/#website","url":"https:\/\/ondauno.com.ar\/","name":"103.9 fm","description":"LA PRIMERA RADIO MULTIMEDIA DE TRES ARROYOS","potentialAction":[{"@type":"SearchAction","target":{"@type":"EntryPoint","urlTemplate":"https:\/\/ondauno.com.ar\/?s={search_term_string}"},"query-input":"required name=search_term_string"}],"inLanguage":"es-AR"},{"@type":"Person","@id":"https:\/\/ondauno.com.ar\/#\/schema\/person\/7ec851ddeceb4133d7d7132dc645714e","name":"OndaUno","image":{"@type":"ImageObject","inLanguage":"es-AR","@id":"https:\/\/ondauno.com.ar\/#\/schema\/person\/image\/","url":"https:\/\/secure.gravatar.com\/avatar\/93b8009f0de7021f1feb2bd5b32fb9e8?s=96&d=mm&r=g","contentUrl":"https:\/\/secure.gravatar.com\/avatar\/93b8009f0de7021f1feb2bd5b32fb9e8?s=96&d=mm&r=g","caption":"OndaUno"},"url":"https:\/\/ondauno.com.ar\/index.php\/author\/ondauno\/"}]}},"jetpack_publicize_connections":[],"jetpack_featured_media_url":"https:\/\/ondauno.com.ar\/wp-content\/uploads\/2025\/08\/WhatsApp-Image-2025-08-02-at-03.23.45.jpeg","jetpack_sharing_enabled":true,"_links":{"self":[{"href":"https:\/\/ondauno.com.ar\/index.php\/wp-json\/wp\/v2\/posts\/58992","targetHints":{"allow":["GET"]}}],"collection":[{"href":"https:\/\/ondauno.com.ar\/index.php\/wp-json\/wp\/v2\/posts"}],"about":[{"href":"https:\/\/ondauno.com.ar\/index.php\/wp-json\/wp\/v2\/types\/post"}],"author":[{"embeddable":true,"href":"https:\/\/ondauno.com.ar\/index.php\/wp-json\/wp\/v2\/users\/1"}],"replies":[{"embeddable":true,"href":"https:\/\/ondauno.com.ar\/index.php\/wp-json\/wp\/v2\/comments?post=58992"}],"version-history":[{"count":1,"href":"https:\/\/ondauno.com.ar\/index.php\/wp-json\/wp\/v2\/posts\/58992\/revisions"}],"predecessor-version":[{"id":58997,"href":"https:\/\/ondauno.com.ar\/index.php\/wp-json\/wp\/v2\/posts\/58992\/revisions\/58997"}],"wp:featuredmedia":[{"embeddable":true,"href":"https:\/\/ondauno.com.ar\/index.php\/wp-json\/wp\/v2\/media\/58993"}],"wp:attachment":[{"href":"https:\/\/ondauno.com.ar\/index.php\/wp-json\/wp\/v2\/media?parent=58992"}],"wp:term":[{"taxonomy":"category","embeddable":true,"href":"https:\/\/ondauno.com.ar\/index.php\/wp-json\/wp\/v2\/categories?post=58992"},{"taxonomy":"post_tag","embeddable":true,"href":"https:\/\/ondauno.com.ar\/index.php\/wp-json\/wp\/v2\/tags?post=58992"}],"curies":[{"name":"wp","href":"https:\/\/api.w.org\/{rel}","templated":true}]}}