{"id":58481,"date":"2025-07-17T12:27:07","date_gmt":"2025-07-17T15:27:07","guid":{"rendered":"https:\/\/ondauno.com.ar\/?p=58481"},"modified":"2025-07-17T12:27:11","modified_gmt":"2025-07-17T15:27:11","slug":"claromeco-ofrece-actividades-culturales-y-recreativas-para-las-vacaciones-de-invierno","status":"publish","type":"post","link":"https:\/\/ondauno.com.ar\/index.php\/2025\/07\/17\/claromeco-ofrece-actividades-culturales-y-recreativas-para-las-vacaciones-de-invierno\/","title":{"rendered":"Claromec\u00f3 ofrece actividades culturales y recreativas para las vacaciones de invierno"},"content":{"rendered":"<div class=\"ondau-before-content_3\" style=\"margin-top: -30px;\" id=\"ondau-1931526304\"><a href=\"https:\/\/www.lps.com.ar\/\" aria-label=\"la-perse2\"><img loading=\"lazy\" decoding=\"async\" src=\"https:\/\/ondauno.com.ar\/wp-content\/uploads\/2021\/10\/la-perse2.jpg\" alt=\"\"  srcset=\"https:\/\/ondauno.com.ar\/wp-content\/uploads\/2021\/10\/la-perse2.jpg 1353w, https:\/\/ondauno.com.ar\/wp-content\/uploads\/2021\/10\/la-perse2-300x43.jpg 300w, https:\/\/ondauno.com.ar\/wp-content\/uploads\/2021\/10\/la-perse2-1024x148.jpg 1024w, https:\/\/ondauno.com.ar\/wp-content\/uploads\/2021\/10\/la-perse2-768x111.jpg 768w, https:\/\/ondauno.com.ar\/wp-content\/uploads\/2021\/10\/la-perse2-696x100.jpg 696w, https:\/\/ondauno.com.ar\/wp-content\/uploads\/2021\/10\/la-perse2-1068x154.jpg 1068w\" sizes=\"(max-width: 1353px) 100vw, 1353px\" class=\"no-lazyload\" width=\"1353\" height=\"195\"  style=\"display: inline-block;\" \/><\/a><\/div>\n<p>El Ente Descentralizado Claromec\u00f3 invita a la comunidad y a quienes visiten la localidad durante las vacaciones de invierno a participar de distintas propuestas culturales, tur\u00edsticas y recreativas.<\/p>\n\n\n\n<p>Las actividades comenzar\u00e1n el 21 de julio con un taller de aviones de papel a las 14:00 en el Espacio de Arte, organizado por Faros.<\/p>\n\n\n\n<p>El 25 de julio a las 11:00 se realizar\u00e1 una &#8220;Fotoaventura con historia&#8221;, con una visita en caravana a las ruinas de la Estancia San Francisco, saliendo desde la sede de Faros (calle 28 entre 25 y 27).<\/p>\n\n\n\n<p>El fin de semana del 26 y 27 de julio, en calle 20 entre 9 y 11, tendr\u00e1 lugar la Inverna Feria de Arte y Dise\u00f1o, con propuestas como talleres gratuitos, espect\u00e1culos, gastronom\u00eda, m\u00fasica en vivo y clases de tango a la gorra.<\/p>\n\n\n\n<p>Adem\u00e1s, el 29 de julio a las 17:00, se presentar\u00e1 el espect\u00e1culo para las infancias \u201cEl sombrerero\u201d, tambi\u00e9n a la gorra.<\/p>\n\n\n\n<p>Durante el receso, quienes deseen conocer m\u00e1s sobre la historia local podr\u00e1n visitar el Museo Regional An\u00edbal Paz, con visitas programadas. Para m\u00e1s informaci\u00f3n se puede consultar en la Oficina de Turismo o comunicarse al 02982-480467 o 2983-15456114.<\/p>\n","protected":false},"excerpt":{"rendered":"<p>El Ente Descentralizado Claromec\u00f3 invita a la comunidad y a quienes visiten la localidad durante las vacaciones de invierno a participar de distintas propuestas culturales, tur\u00edsticas y recreativas. Las actividades comenzar\u00e1n el 21 de julio con un taller de aviones de papel a las 14:00 en el Espacio de Arte, organizado por Faros. El 25 [&hellip;]<\/p>\n","protected":false},"author":1,"featured_media":58482,"comment_status":"open","ping_status":"open","sticky":false,"template":"","format":"standard","meta":{"tdm_status":"","tdm_grid_status":"","_jetpack_memberships_contains_paid_content":false,"footnotes":"","jetpack_publicize_message":"","jetpack_publicize_feature_enabled":true,"jetpack_social_post_already_shared":true,"jetpack_social_options":{"image_generator_settings":{"template":"highway","default_image_id":0,"font":"","enabled":false},"version":2}},"categories":[2],"tags":[],"class_list":{"0":"post-58481","1":"post","2":"type-post","3":"status-publish","4":"format-standard","5":"has-post-thumbnail","7":"category-locales"},"yoast_head":"<!-- This site is optimized with the Yoast SEO plugin v22.7 - https:\/\/yoast.com\/wordpress\/plugins\/seo\/ -->\n<title>Claromec\u00f3 ofrece actividades culturales y recreativas para las vacaciones de invierno - 103.9 fm<\/title>\n<meta name=\"robots\" content=\"index, follow, max-snippet:-1, max-image-preview:large, max-video-preview:-1\" \/>\n<link rel=\"canonical\" href=\"https:\/\/ondauno.com.ar\/index.php\/2025\/07\/17\/claromeco-ofrece-actividades-culturales-y-recreativas-para-las-vacaciones-de-invierno\/\" \/>\n<meta property=\"og:locale\" content=\"es_ES\" \/>\n<meta property=\"og:type\" content=\"article\" \/>\n<meta property=\"og:title\" content=\"Claromec\u00f3 ofrece actividades culturales y recreativas para las vacaciones de invierno - 103.9 fm\" \/>\n<meta property=\"og:description\" content=\"El Ente Descentralizado Claromec\u00f3 invita a la comunidad y a quienes visiten la localidad durante las vacaciones de invierno a participar de distintas propuestas culturales, tur\u00edsticas y recreativas. Las actividades comenzar\u00e1n el 21 de julio con un taller de aviones de papel a las 14:00 en el Espacio de Arte, organizado por Faros. El 25 [&hellip;]\" \/>\n<meta property=\"og:url\" content=\"https:\/\/ondauno.com.ar\/index.php\/2025\/07\/17\/claromeco-ofrece-actividades-culturales-y-recreativas-para-las-vacaciones-de-invierno\/\" \/>\n<meta property=\"og:site_name\" content=\"103.9 fm\" \/>\n<meta property=\"article:publisher\" content=\"https:\/\/www.facebook.com\/ondauno103.9\" \/>\n<meta property=\"article:published_time\" content=\"2025-07-17T15:27:07+00:00\" \/>\n<meta property=\"article:modified_time\" content=\"2025-07-17T15:27:11+00:00\" \/>\n<meta property=\"og:image\" content=\"http:\/\/ondauno.com.ar\/wp-content\/uploads\/2025\/07\/WhatsApp-Image-2025-07-17-at-12.07.33-1.jpeg\" \/>\n\t<meta property=\"og:image:width\" content=\"1080\" \/>\n\t<meta property=\"og:image:height\" content=\"1350\" \/>\n\t<meta property=\"og:image:type\" content=\"image\/jpeg\" \/>\n<meta name=\"author\" content=\"OndaUno\" \/>\n<meta name=\"twitter:card\" content=\"summary_large_image\" \/>\n<meta name=\"twitter:label1\" content=\"Escrito por\" \/>\n\t<meta name=\"twitter:data1\" content=\"OndaUno\" \/>\n\t<meta name=\"twitter:label2\" content=\"Tiempo de lectura\" \/>\n\t<meta name=\"twitter:data2\" content=\"2 minutos\" \/>\n<script type=\"application\/ld+json\" class=\"yoast-schema-graph\">{\"@context\":\"https:\/\/schema.org\",\"@graph\":[{\"@type\":\"WebPage\",\"@id\":\"https:\/\/ondauno.com.ar\/index.php\/2025\/07\/17\/claromeco-ofrece-actividades-culturales-y-recreativas-para-las-vacaciones-de-invierno\/\",\"url\":\"https:\/\/ondauno.com.ar\/index.php\/2025\/07\/17\/claromeco-ofrece-actividades-culturales-y-recreativas-para-las-vacaciones-de-invierno\/\",\"name\":\"Claromec\u00f3 ofrece actividades culturales y recreativas para las vacaciones de invierno - 103.9 fm\",\"isPartOf\":{\"@id\":\"https:\/\/ondauno.com.ar\/#website\"},\"primaryImageOfPage\":{\"@id\":\"https:\/\/ondauno.com.ar\/index.php\/2025\/07\/17\/claromeco-ofrece-actividades-culturales-y-recreativas-para-las-vacaciones-de-invierno\/#primaryimage\"},\"image\":{\"@id\":\"https:\/\/ondauno.com.ar\/index.php\/2025\/07\/17\/claromeco-ofrece-actividades-culturales-y-recreativas-para-las-vacaciones-de-invierno\/#primaryimage\"},\"thumbnailUrl\":\"https:\/\/ondauno.com.ar\/wp-content\/uploads\/2025\/07\/WhatsApp-Image-2025-07-17-at-12.07.33-1.jpeg\",\"datePublished\":\"2025-07-17T15:27:07+00:00\",\"dateModified\":\"2025-07-17T15:27:11+00:00\",\"author\":{\"@id\":\"https:\/\/ondauno.com.ar\/#\/schema\/person\/7ec851ddeceb4133d7d7132dc645714e\"},\"breadcrumb\":{\"@id\":\"https:\/\/ondauno.com.ar\/index.php\/2025\/07\/17\/claromeco-ofrece-actividades-culturales-y-recreativas-para-las-vacaciones-de-invierno\/#breadcrumb\"},\"inLanguage\":\"es-AR\",\"potentialAction\":[{\"@type\":\"ReadAction\",\"target\":[\"https:\/\/ondauno.com.ar\/index.php\/2025\/07\/17\/claromeco-ofrece-actividades-culturales-y-recreativas-para-las-vacaciones-de-invierno\/\"]}]},{\"@type\":\"ImageObject\",\"inLanguage\":\"es-AR\",\"@id\":\"https:\/\/ondauno.com.ar\/index.php\/2025\/07\/17\/claromeco-ofrece-actividades-culturales-y-recreativas-para-las-vacaciones-de-invierno\/#primaryimage\",\"url\":\"https:\/\/ondauno.com.ar\/wp-content\/uploads\/2025\/07\/WhatsApp-Image-2025-07-17-at-12.07.33-1.jpeg\",\"contentUrl\":\"https:\/\/ondauno.com.ar\/wp-content\/uploads\/2025\/07\/WhatsApp-Image-2025-07-17-at-12.07.33-1.jpeg\",\"width\":1080,\"height\":1350},{\"@type\":\"BreadcrumbList\",\"@id\":\"https:\/\/ondauno.com.ar\/index.php\/2025\/07\/17\/claromeco-ofrece-actividades-culturales-y-recreativas-para-las-vacaciones-de-invierno\/#breadcrumb\",\"itemListElement\":[{\"@type\":\"ListItem\",\"position\":1,\"name\":\"Inicio\",\"item\":\"https:\/\/ondauno.com.ar\/\"},{\"@type\":\"ListItem\",\"position\":2,\"name\":\"Claromec\u00f3 ofrece actividades culturales y recreativas para las vacaciones de invierno\"}]},{\"@type\":\"WebSite\",\"@id\":\"https:\/\/ondauno.com.ar\/#website\",\"url\":\"https:\/\/ondauno.com.ar\/\",\"name\":\"103.9 fm\",\"description\":\"LA PRIMERA RADIO MULTIMEDIA DE TRES ARROYOS\",\"potentialAction\":[{\"@type\":\"SearchAction\",\"target\":{\"@type\":\"EntryPoint\",\"urlTemplate\":\"https:\/\/ondauno.com.ar\/?s={search_term_string}\"},\"query-input\":\"required name=search_term_string\"}],\"inLanguage\":\"es-AR\"},{\"@type\":\"Person\",\"@id\":\"https:\/\/ondauno.com.ar\/#\/schema\/person\/7ec851ddeceb4133d7d7132dc645714e\",\"name\":\"OndaUno\",\"image\":{\"@type\":\"ImageObject\",\"inLanguage\":\"es-AR\",\"@id\":\"https:\/\/ondauno.com.ar\/#\/schema\/person\/image\/\",\"url\":\"https:\/\/secure.gravatar.com\/avatar\/93b8009f0de7021f1feb2bd5b32fb9e8?s=96&d=mm&r=g\",\"contentUrl\":\"https:\/\/secure.gravatar.com\/avatar\/93b8009f0de7021f1feb2bd5b32fb9e8?s=96&d=mm&r=g\",\"caption\":\"OndaUno\"},\"url\":\"https:\/\/ondauno.com.ar\/index.php\/author\/ondauno\/\"}]}<\/script>\n<!-- \/ Yoast SEO plugin. -->","yoast_head_json":{"title":"Claromec\u00f3 ofrece actividades culturales y recreativas para las vacaciones de invierno - 103.9 fm","robots":{"index":"index","follow":"follow","max-snippet":"max-snippet:-1","max-image-preview":"max-image-preview:large","max-video-preview":"max-video-preview:-1"},"canonical":"https:\/\/ondauno.com.ar\/index.php\/2025\/07\/17\/claromeco-ofrece-actividades-culturales-y-recreativas-para-las-vacaciones-de-invierno\/","og_locale":"es_ES","og_type":"article","og_title":"Claromec\u00f3 ofrece actividades culturales y recreativas para las vacaciones de invierno - 103.9 fm","og_description":"El Ente Descentralizado Claromec\u00f3 invita a la comunidad y a quienes visiten la localidad durante las vacaciones de invierno a participar de distintas propuestas culturales, tur\u00edsticas y recreativas. Las actividades comenzar\u00e1n el 21 de julio con un taller de aviones de papel a las 14:00 en el Espacio de Arte, organizado por Faros. El 25 [&hellip;]","og_url":"https:\/\/ondauno.com.ar\/index.php\/2025\/07\/17\/claromeco-ofrece-actividades-culturales-y-recreativas-para-las-vacaciones-de-invierno\/","og_site_name":"103.9 fm","article_publisher":"https:\/\/www.facebook.com\/ondauno103.9","article_published_time":"2025-07-17T15:27:07+00:00","article_modified_time":"2025-07-17T15:27:11+00:00","og_image":[{"width":1080,"height":1350,"url":"http:\/\/ondauno.com.ar\/wp-content\/uploads\/2025\/07\/WhatsApp-Image-2025-07-17-at-12.07.33-1.jpeg","type":"image\/jpeg"}],"author":"OndaUno","twitter_card":"summary_large_image","twitter_misc":{"Escrito por":"OndaUno","Tiempo de lectura":"2 minutos"},"schema":{"@context":"https:\/\/schema.org","@graph":[{"@type":"WebPage","@id":"https:\/\/ondauno.com.ar\/index.php\/2025\/07\/17\/claromeco-ofrece-actividades-culturales-y-recreativas-para-las-vacaciones-de-invierno\/","url":"https:\/\/ondauno.com.ar\/index.php\/2025\/07\/17\/claromeco-ofrece-actividades-culturales-y-recreativas-para-las-vacaciones-de-invierno\/","name":"Claromec\u00f3 ofrece actividades culturales y recreativas para las vacaciones de invierno - 103.9 fm","isPartOf":{"@id":"https:\/\/ondauno.com.ar\/#website"},"primaryImageOfPage":{"@id":"https:\/\/ondauno.com.ar\/index.php\/2025\/07\/17\/claromeco-ofrece-actividades-culturales-y-recreativas-para-las-vacaciones-de-invierno\/#primaryimage"},"image":{"@id":"https:\/\/ondauno.com.ar\/index.php\/2025\/07\/17\/claromeco-ofrece-actividades-culturales-y-recreativas-para-las-vacaciones-de-invierno\/#primaryimage"},"thumbnailUrl":"https:\/\/ondauno.com.ar\/wp-content\/uploads\/2025\/07\/WhatsApp-Image-2025-07-17-at-12.07.33-1.jpeg","datePublished":"2025-07-17T15:27:07+00:00","dateModified":"2025-07-17T15:27:11+00:00","author":{"@id":"https:\/\/ondauno.com.ar\/#\/schema\/person\/7ec851ddeceb4133d7d7132dc645714e"},"breadcrumb":{"@id":"https:\/\/ondauno.com.ar\/index.php\/2025\/07\/17\/claromeco-ofrece-actividades-culturales-y-recreativas-para-las-vacaciones-de-invierno\/#breadcrumb"},"inLanguage":"es-AR","potentialAction":[{"@type":"ReadAction","target":["https:\/\/ondauno.com.ar\/index.php\/2025\/07\/17\/claromeco-ofrece-actividades-culturales-y-recreativas-para-las-vacaciones-de-invierno\/"]}]},{"@type":"ImageObject","inLanguage":"es-AR","@id":"https:\/\/ondauno.com.ar\/index.php\/2025\/07\/17\/claromeco-ofrece-actividades-culturales-y-recreativas-para-las-vacaciones-de-invierno\/#primaryimage","url":"https:\/\/ondauno.com.ar\/wp-content\/uploads\/2025\/07\/WhatsApp-Image-2025-07-17-at-12.07.33-1.jpeg","contentUrl":"https:\/\/ondauno.com.ar\/wp-content\/uploads\/2025\/07\/WhatsApp-Image-2025-07-17-at-12.07.33-1.jpeg","width":1080,"height":1350},{"@type":"BreadcrumbList","@id":"https:\/\/ondauno.com.ar\/index.php\/2025\/07\/17\/claromeco-ofrece-actividades-culturales-y-recreativas-para-las-vacaciones-de-invierno\/#breadcrumb","itemListElement":[{"@type":"ListItem","position":1,"name":"Inicio","item":"https:\/\/ondauno.com.ar\/"},{"@type":"ListItem","position":2,"name":"Claromec\u00f3 ofrece actividades culturales y recreativas para las vacaciones de invierno"}]},{"@type":"WebSite","@id":"https:\/\/ondauno.com.ar\/#website","url":"https:\/\/ondauno.com.ar\/","name":"103.9 fm","description":"LA PRIMERA RADIO MULTIMEDIA DE TRES ARROYOS","potentialAction":[{"@type":"SearchAction","target":{"@type":"EntryPoint","urlTemplate":"https:\/\/ondauno.com.ar\/?s={search_term_string}"},"query-input":"required name=search_term_string"}],"inLanguage":"es-AR"},{"@type":"Person","@id":"https:\/\/ondauno.com.ar\/#\/schema\/person\/7ec851ddeceb4133d7d7132dc645714e","name":"OndaUno","image":{"@type":"ImageObject","inLanguage":"es-AR","@id":"https:\/\/ondauno.com.ar\/#\/schema\/person\/image\/","url":"https:\/\/secure.gravatar.com\/avatar\/93b8009f0de7021f1feb2bd5b32fb9e8?s=96&d=mm&r=g","contentUrl":"https:\/\/secure.gravatar.com\/avatar\/93b8009f0de7021f1feb2bd5b32fb9e8?s=96&d=mm&r=g","caption":"OndaUno"},"url":"https:\/\/ondauno.com.ar\/index.php\/author\/ondauno\/"}]}},"jetpack_publicize_connections":[],"jetpack_featured_media_url":"https:\/\/ondauno.com.ar\/wp-content\/uploads\/2025\/07\/WhatsApp-Image-2025-07-17-at-12.07.33-1.jpeg","jetpack_sharing_enabled":true,"_links":{"self":[{"href":"https:\/\/ondauno.com.ar\/index.php\/wp-json\/wp\/v2\/posts\/58481","targetHints":{"allow":["GET"]}}],"collection":[{"href":"https:\/\/ondauno.com.ar\/index.php\/wp-json\/wp\/v2\/posts"}],"about":[{"href":"https:\/\/ondauno.com.ar\/index.php\/wp-json\/wp\/v2\/types\/post"}],"author":[{"embeddable":true,"href":"https:\/\/ondauno.com.ar\/index.php\/wp-json\/wp\/v2\/users\/1"}],"replies":[{"embeddable":true,"href":"https:\/\/ondauno.com.ar\/index.php\/wp-json\/wp\/v2\/comments?post=58481"}],"version-history":[{"count":1,"href":"https:\/\/ondauno.com.ar\/index.php\/wp-json\/wp\/v2\/posts\/58481\/revisions"}],"predecessor-version":[{"id":58483,"href":"https:\/\/ondauno.com.ar\/index.php\/wp-json\/wp\/v2\/posts\/58481\/revisions\/58483"}],"wp:featuredmedia":[{"embeddable":true,"href":"https:\/\/ondauno.com.ar\/index.php\/wp-json\/wp\/v2\/media\/58482"}],"wp:attachment":[{"href":"https:\/\/ondauno.com.ar\/index.php\/wp-json\/wp\/v2\/media?parent=58481"}],"wp:term":[{"taxonomy":"category","embeddable":true,"href":"https:\/\/ondauno.com.ar\/index.php\/wp-json\/wp\/v2\/categories?post=58481"},{"taxonomy":"post_tag","embeddable":true,"href":"https:\/\/ondauno.com.ar\/index.php\/wp-json\/wp\/v2\/tags?post=58481"}],"curies":[{"name":"wp","href":"https:\/\/api.w.org\/{rel}","templated":true}]}}