{"id":58259,"date":"2025-07-09T14:27:22","date_gmt":"2025-07-09T17:27:22","guid":{"rendered":"https:\/\/ondauno.com.ar\/?p=58259"},"modified":"2025-07-09T14:27:27","modified_gmt":"2025-07-09T17:27:27","slug":"preocupacion-e-incertidumbre-en-la-chacra-de-barrow-por-los-cambios-en-el-inta","status":"publish","type":"post","link":"https:\/\/ondauno.com.ar\/index.php\/2025\/07\/09\/preocupacion-e-incertidumbre-en-la-chacra-de-barrow-por-los-cambios-en-el-inta\/","title":{"rendered":"Preocupaci\u00f3n e incertidumbre en la Chacra de Barrow por los cambios en el INTA"},"content":{"rendered":"<div class=\"ondau-before-content_3\" style=\"margin-top: -30px;\" id=\"ondau-3678822595\"><a href=\"https:\/\/www.lps.com.ar\/\" aria-label=\"la-perse2\"><img loading=\"lazy\" decoding=\"async\" src=\"https:\/\/ondauno.com.ar\/wp-content\/uploads\/2021\/10\/la-perse2.jpg\" alt=\"\"  srcset=\"https:\/\/ondauno.com.ar\/wp-content\/uploads\/2021\/10\/la-perse2.jpg 1353w, https:\/\/ondauno.com.ar\/wp-content\/uploads\/2021\/10\/la-perse2-300x43.jpg 300w, https:\/\/ondauno.com.ar\/wp-content\/uploads\/2021\/10\/la-perse2-1024x148.jpg 1024w, https:\/\/ondauno.com.ar\/wp-content\/uploads\/2021\/10\/la-perse2-768x111.jpg 768w, https:\/\/ondauno.com.ar\/wp-content\/uploads\/2021\/10\/la-perse2-696x100.jpg 696w, https:\/\/ondauno.com.ar\/wp-content\/uploads\/2021\/10\/la-perse2-1068x154.jpg 1068w\" sizes=\"(max-width: 1353px) 100vw, 1353px\" class=\"no-lazyload\" width=\"1353\" height=\"195\"  style=\"display: inline-block;\" \/><\/a><\/div>\n<p>En Cosas que pasan, Emiliano Sof\u00eda, trabajador del \u00e1rea de comunicaci\u00f3n de la Chacra Experimental Integrada de Barrow, se refiri\u00f3 a la situaci\u00f3n que atraviesa el INTA tras el reciente decreto del Gobierno Nacional que reestructura el organismo.<\/p>\n\n\n\n<p>\u201cEl decreto elimina el consejo directivo y concentra las decisiones en un presidente con rango de secretario. Esto hace que el INTA pierda su independencia y quede totalmente bajo control del gobierno de turno\u201d, explic\u00f3 Sof\u00eda.<\/p>\n\n\n\n<p>Durante la entrevista, sostuvo que el impacto no solo es institucional.<br>\u201cHay mucha incertidumbre, no sabemos qu\u00e9 va a pasar con la financiaci\u00f3n, con las l\u00edneas de trabajo ni con la gente\u201d, afirm\u00f3.<\/p>\n\n\n\n<p>Sof\u00eda destac\u00f3 que la Chacra trabaja con municipios de distintos colores pol\u00edticos, y que siempre se basaron en el di\u00e1logo y la articulaci\u00f3n local. \u201cNos duele que se ponga en duda lo que hacemos. El trabajo de la Chacra es visible, cualquiera puede venir y verlo\u201d, remarc\u00f3.<\/p>\n\n\n\n<p>Adem\u00e1s invit\u00f3 a la comunidad a participar de actividades abiertas en el Museo Mulazzi, como una jornada sobre avena y otra sobre conservaci\u00f3n de suelos para escuelas, mostrando que \u201cla Chacra sigue activa y comprometida\u201d.<\/p>\n\n\n\n<p>Pod\u00e9s escuchar la entrevista completa en el siguiente link:<\/p>\n\n\n\n<figure class=\"wp-block-embed is-type-video is-provider-youtube wp-block-embed-youtube wp-embed-aspect-16-9 wp-has-aspect-ratio\"><div class=\"wp-block-embed__wrapper\">\n<div class=\"youtube-embed\" data-video_id=\"5_7jThXFXkc\"><iframe loading=\"lazy\" title=\"Onda Uno 103.9 en vivo\" width=\"696\" height=\"392\" data-src=\"https:\/\/www.youtube.com\/embed\/5_7jThXFXkc?start=131&#038;feature=oembed\" frameborder=\"0\" allow=\"accelerometer; autoplay; clipboard-write; encrypted-media; gyroscope; picture-in-picture; web-share\" referrerpolicy=\"strict-origin-when-cross-origin\" allowfullscreen src=\"data:image\/gif;base64,R0lGODlhAQABAAAAACH5BAEKAAEALAAAAAABAAEAAAICTAEAOw==\" class=\"lazyload\" data-load-mode=\"1\"><\/iframe><\/div>\n<\/div><\/figure>\n","protected":false},"excerpt":{"rendered":"<p>En Cosas que pasan, Emiliano Sof\u00eda, trabajador del \u00e1rea de comunicaci\u00f3n de la Chacra Experimental Integrada de Barrow, se refiri\u00f3 a la situaci\u00f3n que atraviesa el INTA tras el reciente decreto del Gobierno Nacional que reestructura el organismo. \u201cEl decreto elimina el consejo directivo y concentra las decisiones en un presidente con rango de secretario. [&hellip;]<\/p>\n","protected":false},"author":1,"featured_media":58261,"comment_status":"open","ping_status":"open","sticky":false,"template":"","format":"standard","meta":{"tdm_status":"","tdm_grid_status":"","_jetpack_memberships_contains_paid_content":false,"footnotes":"","jetpack_publicize_message":"","jetpack_publicize_feature_enabled":true,"jetpack_social_post_already_shared":true,"jetpack_social_options":{"image_generator_settings":{"template":"highway","default_image_id":0,"font":"","enabled":false},"version":2}},"categories":[2],"tags":[],"class_list":{"0":"post-58259","1":"post","2":"type-post","3":"status-publish","4":"format-standard","5":"has-post-thumbnail","7":"category-locales"},"yoast_head":"<!-- This site is optimized with the Yoast SEO plugin v22.7 - https:\/\/yoast.com\/wordpress\/plugins\/seo\/ -->\n<title>Preocupaci\u00f3n e incertidumbre en la Chacra de Barrow por los cambios en el INTA - 103.9 fm<\/title>\n<meta name=\"robots\" content=\"index, follow, max-snippet:-1, max-image-preview:large, max-video-preview:-1\" \/>\n<link rel=\"canonical\" href=\"https:\/\/ondauno.com.ar\/index.php\/2025\/07\/09\/preocupacion-e-incertidumbre-en-la-chacra-de-barrow-por-los-cambios-en-el-inta\/\" \/>\n<meta property=\"og:locale\" content=\"es_ES\" \/>\n<meta property=\"og:type\" content=\"article\" \/>\n<meta property=\"og:title\" content=\"Preocupaci\u00f3n e incertidumbre en la Chacra de Barrow por los cambios en el INTA - 103.9 fm\" \/>\n<meta property=\"og:description\" content=\"En Cosas que pasan, Emiliano Sof\u00eda, trabajador del \u00e1rea de comunicaci\u00f3n de la Chacra Experimental Integrada de Barrow, se refiri\u00f3 a la situaci\u00f3n que atraviesa el INTA tras el reciente decreto del Gobierno Nacional que reestructura el organismo. \u201cEl decreto elimina el consejo directivo y concentra las decisiones en un presidente con rango de secretario. [&hellip;]\" \/>\n<meta property=\"og:url\" content=\"https:\/\/ondauno.com.ar\/index.php\/2025\/07\/09\/preocupacion-e-incertidumbre-en-la-chacra-de-barrow-por-los-cambios-en-el-inta\/\" \/>\n<meta property=\"og:site_name\" content=\"103.9 fm\" \/>\n<meta property=\"article:publisher\" content=\"https:\/\/www.facebook.com\/ondauno103.9\" \/>\n<meta property=\"article:published_time\" content=\"2025-07-09T17:27:22+00:00\" \/>\n<meta property=\"article:modified_time\" content=\"2025-07-09T17:27:27+00:00\" \/>\n<meta property=\"og:image\" content=\"http:\/\/ondauno.com.ar\/wp-content\/uploads\/2025\/07\/Blank-2-Grids-Collage-7-1-1024x1024.png\" \/>\n\t<meta property=\"og:image:width\" content=\"1024\" \/>\n\t<meta property=\"og:image:height\" content=\"1024\" \/>\n\t<meta property=\"og:image:type\" content=\"image\/png\" \/>\n<meta name=\"author\" content=\"OndaUno\" \/>\n<meta name=\"twitter:card\" content=\"summary_large_image\" \/>\n<meta name=\"twitter:label1\" content=\"Escrito por\" \/>\n\t<meta name=\"twitter:data1\" content=\"OndaUno\" \/>\n\t<meta name=\"twitter:label2\" content=\"Tiempo de lectura\" \/>\n\t<meta name=\"twitter:data2\" content=\"2 minutos\" \/>\n<script type=\"application\/ld+json\" class=\"yoast-schema-graph\">{\"@context\":\"https:\/\/schema.org\",\"@graph\":[{\"@type\":\"WebPage\",\"@id\":\"https:\/\/ondauno.com.ar\/index.php\/2025\/07\/09\/preocupacion-e-incertidumbre-en-la-chacra-de-barrow-por-los-cambios-en-el-inta\/\",\"url\":\"https:\/\/ondauno.com.ar\/index.php\/2025\/07\/09\/preocupacion-e-incertidumbre-en-la-chacra-de-barrow-por-los-cambios-en-el-inta\/\",\"name\":\"Preocupaci\u00f3n e incertidumbre en la Chacra de Barrow por los cambios en el INTA - 103.9 fm\",\"isPartOf\":{\"@id\":\"https:\/\/ondauno.com.ar\/#website\"},\"primaryImageOfPage\":{\"@id\":\"https:\/\/ondauno.com.ar\/index.php\/2025\/07\/09\/preocupacion-e-incertidumbre-en-la-chacra-de-barrow-por-los-cambios-en-el-inta\/#primaryimage\"},\"image\":{\"@id\":\"https:\/\/ondauno.com.ar\/index.php\/2025\/07\/09\/preocupacion-e-incertidumbre-en-la-chacra-de-barrow-por-los-cambios-en-el-inta\/#primaryimage\"},\"thumbnailUrl\":\"https:\/\/ondauno.com.ar\/wp-content\/uploads\/2025\/07\/Blank-2-Grids-Collage-7-1.png\",\"datePublished\":\"2025-07-09T17:27:22+00:00\",\"dateModified\":\"2025-07-09T17:27:27+00:00\",\"author\":{\"@id\":\"https:\/\/ondauno.com.ar\/#\/schema\/person\/7ec851ddeceb4133d7d7132dc645714e\"},\"breadcrumb\":{\"@id\":\"https:\/\/ondauno.com.ar\/index.php\/2025\/07\/09\/preocupacion-e-incertidumbre-en-la-chacra-de-barrow-por-los-cambios-en-el-inta\/#breadcrumb\"},\"inLanguage\":\"es-AR\",\"potentialAction\":[{\"@type\":\"ReadAction\",\"target\":[\"https:\/\/ondauno.com.ar\/index.php\/2025\/07\/09\/preocupacion-e-incertidumbre-en-la-chacra-de-barrow-por-los-cambios-en-el-inta\/\"]}]},{\"@type\":\"ImageObject\",\"inLanguage\":\"es-AR\",\"@id\":\"https:\/\/ondauno.com.ar\/index.php\/2025\/07\/09\/preocupacion-e-incertidumbre-en-la-chacra-de-barrow-por-los-cambios-en-el-inta\/#primaryimage\",\"url\":\"https:\/\/ondauno.com.ar\/wp-content\/uploads\/2025\/07\/Blank-2-Grids-Collage-7-1.png\",\"contentUrl\":\"https:\/\/ondauno.com.ar\/wp-content\/uploads\/2025\/07\/Blank-2-Grids-Collage-7-1.png\",\"width\":2000,\"height\":2000},{\"@type\":\"BreadcrumbList\",\"@id\":\"https:\/\/ondauno.com.ar\/index.php\/2025\/07\/09\/preocupacion-e-incertidumbre-en-la-chacra-de-barrow-por-los-cambios-en-el-inta\/#breadcrumb\",\"itemListElement\":[{\"@type\":\"ListItem\",\"position\":1,\"name\":\"Inicio\",\"item\":\"https:\/\/ondauno.com.ar\/\"},{\"@type\":\"ListItem\",\"position\":2,\"name\":\"Preocupaci\u00f3n e incertidumbre en la Chacra de Barrow por los cambios en el INTA\"}]},{\"@type\":\"WebSite\",\"@id\":\"https:\/\/ondauno.com.ar\/#website\",\"url\":\"https:\/\/ondauno.com.ar\/\",\"name\":\"103.9 fm\",\"description\":\"LA PRIMERA RADIO MULTIMEDIA DE TRES ARROYOS\",\"potentialAction\":[{\"@type\":\"SearchAction\",\"target\":{\"@type\":\"EntryPoint\",\"urlTemplate\":\"https:\/\/ondauno.com.ar\/?s={search_term_string}\"},\"query-input\":\"required name=search_term_string\"}],\"inLanguage\":\"es-AR\"},{\"@type\":\"Person\",\"@id\":\"https:\/\/ondauno.com.ar\/#\/schema\/person\/7ec851ddeceb4133d7d7132dc645714e\",\"name\":\"OndaUno\",\"image\":{\"@type\":\"ImageObject\",\"inLanguage\":\"es-AR\",\"@id\":\"https:\/\/ondauno.com.ar\/#\/schema\/person\/image\/\",\"url\":\"https:\/\/secure.gravatar.com\/avatar\/93b8009f0de7021f1feb2bd5b32fb9e8?s=96&d=mm&r=g\",\"contentUrl\":\"https:\/\/secure.gravatar.com\/avatar\/93b8009f0de7021f1feb2bd5b32fb9e8?s=96&d=mm&r=g\",\"caption\":\"OndaUno\"},\"url\":\"https:\/\/ondauno.com.ar\/index.php\/author\/ondauno\/\"}]}<\/script>\n<!-- \/ Yoast SEO plugin. -->","yoast_head_json":{"title":"Preocupaci\u00f3n e incertidumbre en la Chacra de Barrow por los cambios en el INTA - 103.9 fm","robots":{"index":"index","follow":"follow","max-snippet":"max-snippet:-1","max-image-preview":"max-image-preview:large","max-video-preview":"max-video-preview:-1"},"canonical":"https:\/\/ondauno.com.ar\/index.php\/2025\/07\/09\/preocupacion-e-incertidumbre-en-la-chacra-de-barrow-por-los-cambios-en-el-inta\/","og_locale":"es_ES","og_type":"article","og_title":"Preocupaci\u00f3n e incertidumbre en la Chacra de Barrow por los cambios en el INTA - 103.9 fm","og_description":"En Cosas que pasan, Emiliano Sof\u00eda, trabajador del \u00e1rea de comunicaci\u00f3n de la Chacra Experimental Integrada de Barrow, se refiri\u00f3 a la situaci\u00f3n que atraviesa el INTA tras el reciente decreto del Gobierno Nacional que reestructura el organismo. \u201cEl decreto elimina el consejo directivo y concentra las decisiones en un presidente con rango de secretario. [&hellip;]","og_url":"https:\/\/ondauno.com.ar\/index.php\/2025\/07\/09\/preocupacion-e-incertidumbre-en-la-chacra-de-barrow-por-los-cambios-en-el-inta\/","og_site_name":"103.9 fm","article_publisher":"https:\/\/www.facebook.com\/ondauno103.9","article_published_time":"2025-07-09T17:27:22+00:00","article_modified_time":"2025-07-09T17:27:27+00:00","og_image":[{"width":1024,"height":1024,"url":"http:\/\/ondauno.com.ar\/wp-content\/uploads\/2025\/07\/Blank-2-Grids-Collage-7-1-1024x1024.png","type":"image\/png"}],"author":"OndaUno","twitter_card":"summary_large_image","twitter_misc":{"Escrito por":"OndaUno","Tiempo de lectura":"2 minutos"},"schema":{"@context":"https:\/\/schema.org","@graph":[{"@type":"WebPage","@id":"https:\/\/ondauno.com.ar\/index.php\/2025\/07\/09\/preocupacion-e-incertidumbre-en-la-chacra-de-barrow-por-los-cambios-en-el-inta\/","url":"https:\/\/ondauno.com.ar\/index.php\/2025\/07\/09\/preocupacion-e-incertidumbre-en-la-chacra-de-barrow-por-los-cambios-en-el-inta\/","name":"Preocupaci\u00f3n e incertidumbre en la Chacra de Barrow por los cambios en el INTA - 103.9 fm","isPartOf":{"@id":"https:\/\/ondauno.com.ar\/#website"},"primaryImageOfPage":{"@id":"https:\/\/ondauno.com.ar\/index.php\/2025\/07\/09\/preocupacion-e-incertidumbre-en-la-chacra-de-barrow-por-los-cambios-en-el-inta\/#primaryimage"},"image":{"@id":"https:\/\/ondauno.com.ar\/index.php\/2025\/07\/09\/preocupacion-e-incertidumbre-en-la-chacra-de-barrow-por-los-cambios-en-el-inta\/#primaryimage"},"thumbnailUrl":"https:\/\/ondauno.com.ar\/wp-content\/uploads\/2025\/07\/Blank-2-Grids-Collage-7-1.png","datePublished":"2025-07-09T17:27:22+00:00","dateModified":"2025-07-09T17:27:27+00:00","author":{"@id":"https:\/\/ondauno.com.ar\/#\/schema\/person\/7ec851ddeceb4133d7d7132dc645714e"},"breadcrumb":{"@id":"https:\/\/ondauno.com.ar\/index.php\/2025\/07\/09\/preocupacion-e-incertidumbre-en-la-chacra-de-barrow-por-los-cambios-en-el-inta\/#breadcrumb"},"inLanguage":"es-AR","potentialAction":[{"@type":"ReadAction","target":["https:\/\/ondauno.com.ar\/index.php\/2025\/07\/09\/preocupacion-e-incertidumbre-en-la-chacra-de-barrow-por-los-cambios-en-el-inta\/"]}]},{"@type":"ImageObject","inLanguage":"es-AR","@id":"https:\/\/ondauno.com.ar\/index.php\/2025\/07\/09\/preocupacion-e-incertidumbre-en-la-chacra-de-barrow-por-los-cambios-en-el-inta\/#primaryimage","url":"https:\/\/ondauno.com.ar\/wp-content\/uploads\/2025\/07\/Blank-2-Grids-Collage-7-1.png","contentUrl":"https:\/\/ondauno.com.ar\/wp-content\/uploads\/2025\/07\/Blank-2-Grids-Collage-7-1.png","width":2000,"height":2000},{"@type":"BreadcrumbList","@id":"https:\/\/ondauno.com.ar\/index.php\/2025\/07\/09\/preocupacion-e-incertidumbre-en-la-chacra-de-barrow-por-los-cambios-en-el-inta\/#breadcrumb","itemListElement":[{"@type":"ListItem","position":1,"name":"Inicio","item":"https:\/\/ondauno.com.ar\/"},{"@type":"ListItem","position":2,"name":"Preocupaci\u00f3n e incertidumbre en la Chacra de Barrow por los cambios en el INTA"}]},{"@type":"WebSite","@id":"https:\/\/ondauno.com.ar\/#website","url":"https:\/\/ondauno.com.ar\/","name":"103.9 fm","description":"LA PRIMERA RADIO MULTIMEDIA DE TRES ARROYOS","potentialAction":[{"@type":"SearchAction","target":{"@type":"EntryPoint","urlTemplate":"https:\/\/ondauno.com.ar\/?s={search_term_string}"},"query-input":"required name=search_term_string"}],"inLanguage":"es-AR"},{"@type":"Person","@id":"https:\/\/ondauno.com.ar\/#\/schema\/person\/7ec851ddeceb4133d7d7132dc645714e","name":"OndaUno","image":{"@type":"ImageObject","inLanguage":"es-AR","@id":"https:\/\/ondauno.com.ar\/#\/schema\/person\/image\/","url":"https:\/\/secure.gravatar.com\/avatar\/93b8009f0de7021f1feb2bd5b32fb9e8?s=96&d=mm&r=g","contentUrl":"https:\/\/secure.gravatar.com\/avatar\/93b8009f0de7021f1feb2bd5b32fb9e8?s=96&d=mm&r=g","caption":"OndaUno"},"url":"https:\/\/ondauno.com.ar\/index.php\/author\/ondauno\/"}]}},"jetpack_publicize_connections":[],"jetpack_featured_media_url":"https:\/\/ondauno.com.ar\/wp-content\/uploads\/2025\/07\/Blank-2-Grids-Collage-7-1.png","jetpack_sharing_enabled":true,"_links":{"self":[{"href":"https:\/\/ondauno.com.ar\/index.php\/wp-json\/wp\/v2\/posts\/58259","targetHints":{"allow":["GET"]}}],"collection":[{"href":"https:\/\/ondauno.com.ar\/index.php\/wp-json\/wp\/v2\/posts"}],"about":[{"href":"https:\/\/ondauno.com.ar\/index.php\/wp-json\/wp\/v2\/types\/post"}],"author":[{"embeddable":true,"href":"https:\/\/ondauno.com.ar\/index.php\/wp-json\/wp\/v2\/users\/1"}],"replies":[{"embeddable":true,"href":"https:\/\/ondauno.com.ar\/index.php\/wp-json\/wp\/v2\/comments?post=58259"}],"version-history":[{"count":1,"href":"https:\/\/ondauno.com.ar\/index.php\/wp-json\/wp\/v2\/posts\/58259\/revisions"}],"predecessor-version":[{"id":58262,"href":"https:\/\/ondauno.com.ar\/index.php\/wp-json\/wp\/v2\/posts\/58259\/revisions\/58262"}],"wp:featuredmedia":[{"embeddable":true,"href":"https:\/\/ondauno.com.ar\/index.php\/wp-json\/wp\/v2\/media\/58261"}],"wp:attachment":[{"href":"https:\/\/ondauno.com.ar\/index.php\/wp-json\/wp\/v2\/media?parent=58259"}],"wp:term":[{"taxonomy":"category","embeddable":true,"href":"https:\/\/ondauno.com.ar\/index.php\/wp-json\/wp\/v2\/categories?post=58259"},{"taxonomy":"post_tag","embeddable":true,"href":"https:\/\/ondauno.com.ar\/index.php\/wp-json\/wp\/v2\/tags?post=58259"}],"curies":[{"name":"wp","href":"https:\/\/api.w.org\/{rel}","templated":true}]}}