{"id":58232,"date":"2025-07-08T22:49:41","date_gmt":"2025-07-09T01:49:41","guid":{"rendered":"https:\/\/ondauno.com.ar\/?p=58232"},"modified":"2025-07-08T22:49:46","modified_gmt":"2025-07-09T01:49:46","slug":"la-cgt-regional-tres-arroyos-rechazo-las-medidas-del-gobierno-nacional","status":"publish","type":"post","link":"https:\/\/ondauno.com.ar\/index.php\/2025\/07\/08\/la-cgt-regional-tres-arroyos-rechazo-las-medidas-del-gobierno-nacional\/","title":{"rendered":"La CGT Regional Tres Arroyos rechaz\u00f3 las medidas del Gobierno Nacional"},"content":{"rendered":"<div class=\"ondau-before-content_3\" style=\"margin-top: -30px;\" id=\"ondau-1751733173\"><a href=\"https:\/\/www.lps.com.ar\/\" aria-label=\"la-perse2\"><img loading=\"lazy\" decoding=\"async\" src=\"https:\/\/ondauno.com.ar\/wp-content\/uploads\/2021\/10\/la-perse2.jpg\" alt=\"\"  srcset=\"https:\/\/ondauno.com.ar\/wp-content\/uploads\/2021\/10\/la-perse2.jpg 1353w, https:\/\/ondauno.com.ar\/wp-content\/uploads\/2021\/10\/la-perse2-300x43.jpg 300w, https:\/\/ondauno.com.ar\/wp-content\/uploads\/2021\/10\/la-perse2-1024x148.jpg 1024w, https:\/\/ondauno.com.ar\/wp-content\/uploads\/2021\/10\/la-perse2-768x111.jpg 768w, https:\/\/ondauno.com.ar\/wp-content\/uploads\/2021\/10\/la-perse2-696x100.jpg 696w, https:\/\/ondauno.com.ar\/wp-content\/uploads\/2021\/10\/la-perse2-1068x154.jpg 1068w\" sizes=\"(max-width: 1353px) 100vw, 1353px\" class=\"no-lazyload\" width=\"1353\" height=\"195\"  style=\"display: inline-block;\" \/><\/a><\/div>\n<p>La CGT Regional Tres Arroyos emiti\u00f3 un comunicado en el que expres\u00f3 su &#8220;m\u00e1s profundo rechazo&#8221; a las pol\u00edticas p\u00fablicas impulsadas por el Gobierno Nacional, advirtiendo que las mismas implican ajustes y el desmantelamiento de organismos clave en \u00e1reas como agroindustria, salud, industria y seguridad vial.<\/p>\n\n\n\n<p>Seg\u00fan el documento, la eliminaci\u00f3n o reducci\u00f3n de estas dependencias pone en riesgo a miles de trabajadores y a sus familias, al tiempo que debilita gravemente el rol del Estado en sectores sensibles. Entre los organismos mencionados se encuentran el Instituto Nacional del C\u00e1ncer, el Instituto Nacional de Enfermedades Cardiovasculares, el Instituto Nacional de Semillas, el INADI, Vialidad Nacional, adem\u00e1s de un ajuste al INTA y al INTI, y la reducci\u00f3n presupuestaria al Hospital Garrahan.<\/p>\n\n\n\n<p>\u201cLa vida de muchas familias pasa a ser un tembladeral\u201d, advirtieron desde la central obrera. Tambi\u00e9n se\u00f1alaron que no puede aceptarse que un simple c\u00e1lculo matem\u00e1tico barra con toda humanidad, y que estas decisiones ponen en riesgo la identidad pol\u00edtica de Naci\u00f3n.<\/p>\n\n\n\n<p>\u201cEl gobierno nos tendr\u00e1 en frente, con lucha y resistencia a sus gobernanzas y siempre del lado de la vida\u201d, concluye el comunicado, que lleva la firma de Rub\u00e9n Carabajal (secretario general), Noelia Garc\u00eda (secretaria adjunta), Juan D\u2019Annunzio y Horacio Pili.<\/p>\n","protected":false},"excerpt":{"rendered":"<p>La CGT Regional Tres Arroyos emiti\u00f3 un comunicado en el que expres\u00f3 su &#8220;m\u00e1s profundo rechazo&#8221; a las pol\u00edticas p\u00fablicas impulsadas por el Gobierno Nacional, advirtiendo que las mismas implican ajustes y el desmantelamiento de organismos clave en \u00e1reas como agroindustria, salud, industria y seguridad vial. Seg\u00fan el documento, la eliminaci\u00f3n o reducci\u00f3n de estas [&hellip;]<\/p>\n","protected":false},"author":1,"featured_media":57889,"comment_status":"open","ping_status":"open","sticky":false,"template":"","format":"standard","meta":{"tdm_status":"","tdm_grid_status":"","_jetpack_memberships_contains_paid_content":false,"footnotes":"","jetpack_publicize_message":"","jetpack_publicize_feature_enabled":true,"jetpack_social_post_already_shared":true,"jetpack_social_options":{"image_generator_settings":{"template":"highway","default_image_id":0,"font":"","enabled":false},"version":2}},"categories":[2],"tags":[],"class_list":{"0":"post-58232","1":"post","2":"type-post","3":"status-publish","4":"format-standard","5":"has-post-thumbnail","7":"category-locales"},"yoast_head":"<!-- This site is optimized with the Yoast SEO plugin v22.7 - https:\/\/yoast.com\/wordpress\/plugins\/seo\/ -->\n<title>La CGT Regional Tres Arroyos rechaz\u00f3 las medidas del Gobierno Nacional - 103.9 fm<\/title>\n<meta name=\"robots\" content=\"index, follow, max-snippet:-1, max-image-preview:large, max-video-preview:-1\" \/>\n<link rel=\"canonical\" href=\"https:\/\/ondauno.com.ar\/index.php\/2025\/07\/08\/la-cgt-regional-tres-arroyos-rechazo-las-medidas-del-gobierno-nacional\/\" \/>\n<meta property=\"og:locale\" content=\"es_ES\" \/>\n<meta property=\"og:type\" content=\"article\" \/>\n<meta property=\"og:title\" content=\"La CGT Regional Tres Arroyos rechaz\u00f3 las medidas del Gobierno Nacional - 103.9 fm\" \/>\n<meta property=\"og:description\" content=\"La CGT Regional Tres Arroyos emiti\u00f3 un comunicado en el que expres\u00f3 su &#8220;m\u00e1s profundo rechazo&#8221; a las pol\u00edticas p\u00fablicas impulsadas por el Gobierno Nacional, advirtiendo que las mismas implican ajustes y el desmantelamiento de organismos clave en \u00e1reas como agroindustria, salud, industria y seguridad vial. Seg\u00fan el documento, la eliminaci\u00f3n o reducci\u00f3n de estas [&hellip;]\" \/>\n<meta property=\"og:url\" content=\"https:\/\/ondauno.com.ar\/index.php\/2025\/07\/08\/la-cgt-regional-tres-arroyos-rechazo-las-medidas-del-gobierno-nacional\/\" \/>\n<meta property=\"og:site_name\" content=\"103.9 fm\" \/>\n<meta property=\"article:publisher\" content=\"https:\/\/www.facebook.com\/ondauno103.9\" \/>\n<meta property=\"article:published_time\" content=\"2025-07-09T01:49:41+00:00\" \/>\n<meta property=\"article:modified_time\" content=\"2025-07-09T01:49:46+00:00\" \/>\n<meta property=\"og:image\" content=\"http:\/\/ondauno.com.ar\/wp-content\/uploads\/2025\/06\/cgt.jpg\" \/>\n\t<meta property=\"og:image:width\" content=\"225\" \/>\n\t<meta property=\"og:image:height\" content=\"225\" \/>\n\t<meta property=\"og:image:type\" content=\"image\/jpeg\" \/>\n<meta name=\"author\" content=\"OndaUno\" \/>\n<meta name=\"twitter:card\" content=\"summary_large_image\" \/>\n<meta name=\"twitter:label1\" content=\"Escrito por\" \/>\n\t<meta name=\"twitter:data1\" content=\"OndaUno\" \/>\n\t<meta name=\"twitter:label2\" content=\"Tiempo de lectura\" \/>\n\t<meta name=\"twitter:data2\" content=\"2 minutos\" \/>\n<script type=\"application\/ld+json\" class=\"yoast-schema-graph\">{\"@context\":\"https:\/\/schema.org\",\"@graph\":[{\"@type\":\"WebPage\",\"@id\":\"https:\/\/ondauno.com.ar\/index.php\/2025\/07\/08\/la-cgt-regional-tres-arroyos-rechazo-las-medidas-del-gobierno-nacional\/\",\"url\":\"https:\/\/ondauno.com.ar\/index.php\/2025\/07\/08\/la-cgt-regional-tres-arroyos-rechazo-las-medidas-del-gobierno-nacional\/\",\"name\":\"La CGT Regional Tres Arroyos rechaz\u00f3 las medidas del Gobierno Nacional - 103.9 fm\",\"isPartOf\":{\"@id\":\"https:\/\/ondauno.com.ar\/#website\"},\"primaryImageOfPage\":{\"@id\":\"https:\/\/ondauno.com.ar\/index.php\/2025\/07\/08\/la-cgt-regional-tres-arroyos-rechazo-las-medidas-del-gobierno-nacional\/#primaryimage\"},\"image\":{\"@id\":\"https:\/\/ondauno.com.ar\/index.php\/2025\/07\/08\/la-cgt-regional-tres-arroyos-rechazo-las-medidas-del-gobierno-nacional\/#primaryimage\"},\"thumbnailUrl\":\"https:\/\/ondauno.com.ar\/wp-content\/uploads\/2025\/06\/cgt.jpg\",\"datePublished\":\"2025-07-09T01:49:41+00:00\",\"dateModified\":\"2025-07-09T01:49:46+00:00\",\"author\":{\"@id\":\"https:\/\/ondauno.com.ar\/#\/schema\/person\/7ec851ddeceb4133d7d7132dc645714e\"},\"breadcrumb\":{\"@id\":\"https:\/\/ondauno.com.ar\/index.php\/2025\/07\/08\/la-cgt-regional-tres-arroyos-rechazo-las-medidas-del-gobierno-nacional\/#breadcrumb\"},\"inLanguage\":\"es-AR\",\"potentialAction\":[{\"@type\":\"ReadAction\",\"target\":[\"https:\/\/ondauno.com.ar\/index.php\/2025\/07\/08\/la-cgt-regional-tres-arroyos-rechazo-las-medidas-del-gobierno-nacional\/\"]}]},{\"@type\":\"ImageObject\",\"inLanguage\":\"es-AR\",\"@id\":\"https:\/\/ondauno.com.ar\/index.php\/2025\/07\/08\/la-cgt-regional-tres-arroyos-rechazo-las-medidas-del-gobierno-nacional\/#primaryimage\",\"url\":\"https:\/\/ondauno.com.ar\/wp-content\/uploads\/2025\/06\/cgt.jpg\",\"contentUrl\":\"https:\/\/ondauno.com.ar\/wp-content\/uploads\/2025\/06\/cgt.jpg\",\"width\":225,\"height\":225},{\"@type\":\"BreadcrumbList\",\"@id\":\"https:\/\/ondauno.com.ar\/index.php\/2025\/07\/08\/la-cgt-regional-tres-arroyos-rechazo-las-medidas-del-gobierno-nacional\/#breadcrumb\",\"itemListElement\":[{\"@type\":\"ListItem\",\"position\":1,\"name\":\"Inicio\",\"item\":\"https:\/\/ondauno.com.ar\/\"},{\"@type\":\"ListItem\",\"position\":2,\"name\":\"La CGT Regional Tres Arroyos rechaz\u00f3 las medidas del Gobierno Nacional\"}]},{\"@type\":\"WebSite\",\"@id\":\"https:\/\/ondauno.com.ar\/#website\",\"url\":\"https:\/\/ondauno.com.ar\/\",\"name\":\"103.9 fm\",\"description\":\"LA PRIMERA RADIO MULTIMEDIA DE TRES ARROYOS\",\"potentialAction\":[{\"@type\":\"SearchAction\",\"target\":{\"@type\":\"EntryPoint\",\"urlTemplate\":\"https:\/\/ondauno.com.ar\/?s={search_term_string}\"},\"query-input\":\"required name=search_term_string\"}],\"inLanguage\":\"es-AR\"},{\"@type\":\"Person\",\"@id\":\"https:\/\/ondauno.com.ar\/#\/schema\/person\/7ec851ddeceb4133d7d7132dc645714e\",\"name\":\"OndaUno\",\"image\":{\"@type\":\"ImageObject\",\"inLanguage\":\"es-AR\",\"@id\":\"https:\/\/ondauno.com.ar\/#\/schema\/person\/image\/\",\"url\":\"https:\/\/secure.gravatar.com\/avatar\/93b8009f0de7021f1feb2bd5b32fb9e8?s=96&d=mm&r=g\",\"contentUrl\":\"https:\/\/secure.gravatar.com\/avatar\/93b8009f0de7021f1feb2bd5b32fb9e8?s=96&d=mm&r=g\",\"caption\":\"OndaUno\"},\"url\":\"https:\/\/ondauno.com.ar\/index.php\/author\/ondauno\/\"}]}<\/script>\n<!-- \/ Yoast SEO plugin. -->","yoast_head_json":{"title":"La CGT Regional Tres Arroyos rechaz\u00f3 las medidas del Gobierno Nacional - 103.9 fm","robots":{"index":"index","follow":"follow","max-snippet":"max-snippet:-1","max-image-preview":"max-image-preview:large","max-video-preview":"max-video-preview:-1"},"canonical":"https:\/\/ondauno.com.ar\/index.php\/2025\/07\/08\/la-cgt-regional-tres-arroyos-rechazo-las-medidas-del-gobierno-nacional\/","og_locale":"es_ES","og_type":"article","og_title":"La CGT Regional Tres Arroyos rechaz\u00f3 las medidas del Gobierno Nacional - 103.9 fm","og_description":"La CGT Regional Tres Arroyos emiti\u00f3 un comunicado en el que expres\u00f3 su &#8220;m\u00e1s profundo rechazo&#8221; a las pol\u00edticas p\u00fablicas impulsadas por el Gobierno Nacional, advirtiendo que las mismas implican ajustes y el desmantelamiento de organismos clave en \u00e1reas como agroindustria, salud, industria y seguridad vial. Seg\u00fan el documento, la eliminaci\u00f3n o reducci\u00f3n de estas [&hellip;]","og_url":"https:\/\/ondauno.com.ar\/index.php\/2025\/07\/08\/la-cgt-regional-tres-arroyos-rechazo-las-medidas-del-gobierno-nacional\/","og_site_name":"103.9 fm","article_publisher":"https:\/\/www.facebook.com\/ondauno103.9","article_published_time":"2025-07-09T01:49:41+00:00","article_modified_time":"2025-07-09T01:49:46+00:00","og_image":[{"width":225,"height":225,"url":"http:\/\/ondauno.com.ar\/wp-content\/uploads\/2025\/06\/cgt.jpg","type":"image\/jpeg"}],"author":"OndaUno","twitter_card":"summary_large_image","twitter_misc":{"Escrito por":"OndaUno","Tiempo de lectura":"2 minutos"},"schema":{"@context":"https:\/\/schema.org","@graph":[{"@type":"WebPage","@id":"https:\/\/ondauno.com.ar\/index.php\/2025\/07\/08\/la-cgt-regional-tres-arroyos-rechazo-las-medidas-del-gobierno-nacional\/","url":"https:\/\/ondauno.com.ar\/index.php\/2025\/07\/08\/la-cgt-regional-tres-arroyos-rechazo-las-medidas-del-gobierno-nacional\/","name":"La CGT Regional Tres Arroyos rechaz\u00f3 las medidas del Gobierno Nacional - 103.9 fm","isPartOf":{"@id":"https:\/\/ondauno.com.ar\/#website"},"primaryImageOfPage":{"@id":"https:\/\/ondauno.com.ar\/index.php\/2025\/07\/08\/la-cgt-regional-tres-arroyos-rechazo-las-medidas-del-gobierno-nacional\/#primaryimage"},"image":{"@id":"https:\/\/ondauno.com.ar\/index.php\/2025\/07\/08\/la-cgt-regional-tres-arroyos-rechazo-las-medidas-del-gobierno-nacional\/#primaryimage"},"thumbnailUrl":"https:\/\/ondauno.com.ar\/wp-content\/uploads\/2025\/06\/cgt.jpg","datePublished":"2025-07-09T01:49:41+00:00","dateModified":"2025-07-09T01:49:46+00:00","author":{"@id":"https:\/\/ondauno.com.ar\/#\/schema\/person\/7ec851ddeceb4133d7d7132dc645714e"},"breadcrumb":{"@id":"https:\/\/ondauno.com.ar\/index.php\/2025\/07\/08\/la-cgt-regional-tres-arroyos-rechazo-las-medidas-del-gobierno-nacional\/#breadcrumb"},"inLanguage":"es-AR","potentialAction":[{"@type":"ReadAction","target":["https:\/\/ondauno.com.ar\/index.php\/2025\/07\/08\/la-cgt-regional-tres-arroyos-rechazo-las-medidas-del-gobierno-nacional\/"]}]},{"@type":"ImageObject","inLanguage":"es-AR","@id":"https:\/\/ondauno.com.ar\/index.php\/2025\/07\/08\/la-cgt-regional-tres-arroyos-rechazo-las-medidas-del-gobierno-nacional\/#primaryimage","url":"https:\/\/ondauno.com.ar\/wp-content\/uploads\/2025\/06\/cgt.jpg","contentUrl":"https:\/\/ondauno.com.ar\/wp-content\/uploads\/2025\/06\/cgt.jpg","width":225,"height":225},{"@type":"BreadcrumbList","@id":"https:\/\/ondauno.com.ar\/index.php\/2025\/07\/08\/la-cgt-regional-tres-arroyos-rechazo-las-medidas-del-gobierno-nacional\/#breadcrumb","itemListElement":[{"@type":"ListItem","position":1,"name":"Inicio","item":"https:\/\/ondauno.com.ar\/"},{"@type":"ListItem","position":2,"name":"La CGT Regional Tres Arroyos rechaz\u00f3 las medidas del Gobierno Nacional"}]},{"@type":"WebSite","@id":"https:\/\/ondauno.com.ar\/#website","url":"https:\/\/ondauno.com.ar\/","name":"103.9 fm","description":"LA PRIMERA RADIO MULTIMEDIA DE TRES ARROYOS","potentialAction":[{"@type":"SearchAction","target":{"@type":"EntryPoint","urlTemplate":"https:\/\/ondauno.com.ar\/?s={search_term_string}"},"query-input":"required name=search_term_string"}],"inLanguage":"es-AR"},{"@type":"Person","@id":"https:\/\/ondauno.com.ar\/#\/schema\/person\/7ec851ddeceb4133d7d7132dc645714e","name":"OndaUno","image":{"@type":"ImageObject","inLanguage":"es-AR","@id":"https:\/\/ondauno.com.ar\/#\/schema\/person\/image\/","url":"https:\/\/secure.gravatar.com\/avatar\/93b8009f0de7021f1feb2bd5b32fb9e8?s=96&d=mm&r=g","contentUrl":"https:\/\/secure.gravatar.com\/avatar\/93b8009f0de7021f1feb2bd5b32fb9e8?s=96&d=mm&r=g","caption":"OndaUno"},"url":"https:\/\/ondauno.com.ar\/index.php\/author\/ondauno\/"}]}},"jetpack_publicize_connections":[],"jetpack_featured_media_url":"https:\/\/ondauno.com.ar\/wp-content\/uploads\/2025\/06\/cgt.jpg","jetpack_sharing_enabled":true,"_links":{"self":[{"href":"https:\/\/ondauno.com.ar\/index.php\/wp-json\/wp\/v2\/posts\/58232","targetHints":{"allow":["GET"]}}],"collection":[{"href":"https:\/\/ondauno.com.ar\/index.php\/wp-json\/wp\/v2\/posts"}],"about":[{"href":"https:\/\/ondauno.com.ar\/index.php\/wp-json\/wp\/v2\/types\/post"}],"author":[{"embeddable":true,"href":"https:\/\/ondauno.com.ar\/index.php\/wp-json\/wp\/v2\/users\/1"}],"replies":[{"embeddable":true,"href":"https:\/\/ondauno.com.ar\/index.php\/wp-json\/wp\/v2\/comments?post=58232"}],"version-history":[{"count":1,"href":"https:\/\/ondauno.com.ar\/index.php\/wp-json\/wp\/v2\/posts\/58232\/revisions"}],"predecessor-version":[{"id":58233,"href":"https:\/\/ondauno.com.ar\/index.php\/wp-json\/wp\/v2\/posts\/58232\/revisions\/58233"}],"wp:featuredmedia":[{"embeddable":true,"href":"https:\/\/ondauno.com.ar\/index.php\/wp-json\/wp\/v2\/media\/57889"}],"wp:attachment":[{"href":"https:\/\/ondauno.com.ar\/index.php\/wp-json\/wp\/v2\/media?parent=58232"}],"wp:term":[{"taxonomy":"category","embeddable":true,"href":"https:\/\/ondauno.com.ar\/index.php\/wp-json\/wp\/v2\/categories?post=58232"},{"taxonomy":"post_tag","embeddable":true,"href":"https:\/\/ondauno.com.ar\/index.php\/wp-json\/wp\/v2\/tags?post=58232"}],"curies":[{"name":"wp","href":"https:\/\/api.w.org\/{rel}","templated":true}]}}