{"id":58228,"date":"2025-07-08T22:47:13","date_gmt":"2025-07-09T01:47:13","guid":{"rendered":"https:\/\/ondauno.com.ar\/?p=58228"},"modified":"2025-07-08T22:47:18","modified_gmt":"2025-07-09T01:47:18","slug":"el-inta-cuestiona-la-intervencion-del-gobierno-modernizar-no-puede-ser-sinonimo-de-arrasar","status":"publish","type":"post","link":"https:\/\/ondauno.com.ar\/index.php\/2025\/07\/08\/el-inta-cuestiona-la-intervencion-del-gobierno-modernizar-no-puede-ser-sinonimo-de-arrasar\/","title":{"rendered":"El INTA cuestiona la intervenci\u00f3n del Gobierno: \u201cModernizar no puede ser sin\u00f3nimo de arrasar\u201d"},"content":{"rendered":"<div class=\"ondau-before-content_3\" style=\"margin-top: -30px;\" id=\"ondau-1728824326\"><a href=\"https:\/\/www.lps.com.ar\/\" aria-label=\"la-perse2\"><img loading=\"lazy\" decoding=\"async\" src=\"https:\/\/ondauno.com.ar\/wp-content\/uploads\/2021\/10\/la-perse2.jpg\" alt=\"\"  srcset=\"https:\/\/ondauno.com.ar\/wp-content\/uploads\/2021\/10\/la-perse2.jpg 1353w, https:\/\/ondauno.com.ar\/wp-content\/uploads\/2021\/10\/la-perse2-300x43.jpg 300w, https:\/\/ondauno.com.ar\/wp-content\/uploads\/2021\/10\/la-perse2-1024x148.jpg 1024w, https:\/\/ondauno.com.ar\/wp-content\/uploads\/2021\/10\/la-perse2-768x111.jpg 768w, https:\/\/ondauno.com.ar\/wp-content\/uploads\/2021\/10\/la-perse2-696x100.jpg 696w, https:\/\/ondauno.com.ar\/wp-content\/uploads\/2021\/10\/la-perse2-1068x154.jpg 1068w\" sizes=\"(max-width: 1353px) 100vw, 1353px\" class=\"no-lazyload\" width=\"1353\" height=\"195\"  style=\"display: inline-block;\" \/><\/a><\/div>\n<p>Mediante un comunicado firmado por su Director Nacional, Dr. Ariel Pereda, el Instituto Nacional de Tecnolog\u00eda Agropecuaria (INTA) expres\u00f3 su rechazo a los cambios impulsados por el Gobierno nacional a trav\u00e9s de un decreto que redefine su estructura institucional.<\/p>\n\n\n\n<p>Seg\u00fan el texto, los argumentos utilizados para justificar la intervenci\u00f3n son falsos o tergiversados, y se denuncia una transformaci\u00f3n &#8220;forzada, autoritaria y extremadamente injusta&#8221;. Asegura que se est\u00e1 desmantelando una instituci\u00f3n p\u00fablica, federal y con prestigio internacional, que articula ciencia, producci\u00f3n y comunidades en todo el pa\u00eds.<\/p>\n\n\n\n<p>Uno de los puntos m\u00e1s cr\u00edticos del comunicado es la p\u00e9rdida de autonom\u00eda institucional, ya que la nueva estructura deja al INTA bajo control directo del Ejecutivo, eliminando el poder de representaci\u00f3n territorial, la participaci\u00f3n de las universidades y reduciendo la de los productores.<\/p>\n\n\n\n<p>\u201cLo que molesta, parece, es la autonom\u00eda\u201d, se\u00f1ala Pereda, quien advierte que el nuevo esquema pone en riesgo las econom\u00edas regionales, la investigaci\u00f3n p\u00fablica y el trabajo con peque\u00f1os productores. Tambi\u00e9n denuncia que la medida fue impulsada sin di\u00e1logo, y que desaparecer\u00e1n m\u00e1s de 300 agencias de extensi\u00f3n rural y espacios de vinculaci\u00f3n directa con provincias y municipios.<\/p>\n\n\n\n<p>Finalmente, el director nacional sostiene que el INTA est\u00e1 siendo desmantelado \u201ccon una mezcla de soberbia, ignorancia y oportunismo\u201d, y reafirma que \u201cmodernizar no puede ser sin\u00f3nimo de arrasar\u201d ni gobernar \u201csin\u00f3nimo de imponer\u201d.<\/p>\n","protected":false},"excerpt":{"rendered":"<p>Mediante un comunicado firmado por su Director Nacional, Dr. Ariel Pereda, el Instituto Nacional de Tecnolog\u00eda Agropecuaria (INTA) expres\u00f3 su rechazo a los cambios impulsados por el Gobierno nacional a trav\u00e9s de un decreto que redefine su estructura institucional. Seg\u00fan el texto, los argumentos utilizados para justificar la intervenci\u00f3n son falsos o tergiversados, y se [&hellip;]<\/p>\n","protected":false},"author":1,"featured_media":58229,"comment_status":"open","ping_status":"open","sticky":false,"template":"","format":"standard","meta":{"tdm_status":"","tdm_grid_status":"","_jetpack_memberships_contains_paid_content":false,"footnotes":"","jetpack_publicize_message":"","jetpack_publicize_feature_enabled":true,"jetpack_social_post_already_shared":true,"jetpack_social_options":{"image_generator_settings":{"template":"highway","default_image_id":0,"font":"","enabled":false},"version":2}},"categories":[3],"tags":[],"class_list":{"0":"post-58228","1":"post","2":"type-post","3":"status-publish","4":"format-standard","5":"has-post-thumbnail","7":"category-nacionales"},"yoast_head":"<!-- This site is optimized with the Yoast SEO plugin v22.7 - https:\/\/yoast.com\/wordpress\/plugins\/seo\/ -->\n<title>El INTA cuestiona la intervenci\u00f3n del Gobierno: \u201cModernizar no puede ser sin\u00f3nimo de arrasar\u201d - 103.9 fm<\/title>\n<meta name=\"robots\" content=\"index, follow, max-snippet:-1, max-image-preview:large, max-video-preview:-1\" \/>\n<link rel=\"canonical\" href=\"https:\/\/ondauno.com.ar\/index.php\/2025\/07\/08\/el-inta-cuestiona-la-intervencion-del-gobierno-modernizar-no-puede-ser-sinonimo-de-arrasar\/\" \/>\n<meta property=\"og:locale\" content=\"es_ES\" \/>\n<meta property=\"og:type\" content=\"article\" \/>\n<meta property=\"og:title\" content=\"El INTA cuestiona la intervenci\u00f3n del Gobierno: \u201cModernizar no puede ser sin\u00f3nimo de arrasar\u201d - 103.9 fm\" \/>\n<meta property=\"og:description\" content=\"Mediante un comunicado firmado por su Director Nacional, Dr. Ariel Pereda, el Instituto Nacional de Tecnolog\u00eda Agropecuaria (INTA) expres\u00f3 su rechazo a los cambios impulsados por el Gobierno nacional a trav\u00e9s de un decreto que redefine su estructura institucional. Seg\u00fan el texto, los argumentos utilizados para justificar la intervenci\u00f3n son falsos o tergiversados, y se [&hellip;]\" \/>\n<meta property=\"og:url\" content=\"https:\/\/ondauno.com.ar\/index.php\/2025\/07\/08\/el-inta-cuestiona-la-intervencion-del-gobierno-modernizar-no-puede-ser-sinonimo-de-arrasar\/\" \/>\n<meta property=\"og:site_name\" content=\"103.9 fm\" \/>\n<meta property=\"article:publisher\" content=\"https:\/\/www.facebook.com\/ondauno103.9\" \/>\n<meta property=\"article:published_time\" content=\"2025-07-09T01:47:13+00:00\" \/>\n<meta property=\"article:modified_time\" content=\"2025-07-09T01:47:18+00:00\" \/>\n<meta property=\"og:image\" content=\"http:\/\/ondauno.com.ar\/wp-content\/uploads\/2025\/07\/expo-inta-rama-caidajpeg.webp\" \/>\n\t<meta property=\"og:image:width\" content=\"790\" \/>\n\t<meta property=\"og:image:height\" content=\"592\" \/>\n\t<meta property=\"og:image:type\" content=\"image\/webp\" \/>\n<meta name=\"author\" content=\"OndaUno\" \/>\n<meta name=\"twitter:card\" content=\"summary_large_image\" \/>\n<meta name=\"twitter:label1\" content=\"Escrito por\" \/>\n\t<meta name=\"twitter:data1\" content=\"OndaUno\" \/>\n\t<meta name=\"twitter:label2\" content=\"Tiempo de lectura\" \/>\n\t<meta name=\"twitter:data2\" content=\"2 minutos\" \/>\n<script type=\"application\/ld+json\" class=\"yoast-schema-graph\">{\"@context\":\"https:\/\/schema.org\",\"@graph\":[{\"@type\":\"WebPage\",\"@id\":\"https:\/\/ondauno.com.ar\/index.php\/2025\/07\/08\/el-inta-cuestiona-la-intervencion-del-gobierno-modernizar-no-puede-ser-sinonimo-de-arrasar\/\",\"url\":\"https:\/\/ondauno.com.ar\/index.php\/2025\/07\/08\/el-inta-cuestiona-la-intervencion-del-gobierno-modernizar-no-puede-ser-sinonimo-de-arrasar\/\",\"name\":\"El INTA cuestiona la intervenci\u00f3n del Gobierno: \u201cModernizar no puede ser sin\u00f3nimo de arrasar\u201d - 103.9 fm\",\"isPartOf\":{\"@id\":\"https:\/\/ondauno.com.ar\/#website\"},\"primaryImageOfPage\":{\"@id\":\"https:\/\/ondauno.com.ar\/index.php\/2025\/07\/08\/el-inta-cuestiona-la-intervencion-del-gobierno-modernizar-no-puede-ser-sinonimo-de-arrasar\/#primaryimage\"},\"image\":{\"@id\":\"https:\/\/ondauno.com.ar\/index.php\/2025\/07\/08\/el-inta-cuestiona-la-intervencion-del-gobierno-modernizar-no-puede-ser-sinonimo-de-arrasar\/#primaryimage\"},\"thumbnailUrl\":\"https:\/\/ondauno.com.ar\/wp-content\/uploads\/2025\/07\/expo-inta-rama-caidajpeg.webp\",\"datePublished\":\"2025-07-09T01:47:13+00:00\",\"dateModified\":\"2025-07-09T01:47:18+00:00\",\"author\":{\"@id\":\"https:\/\/ondauno.com.ar\/#\/schema\/person\/7ec851ddeceb4133d7d7132dc645714e\"},\"breadcrumb\":{\"@id\":\"https:\/\/ondauno.com.ar\/index.php\/2025\/07\/08\/el-inta-cuestiona-la-intervencion-del-gobierno-modernizar-no-puede-ser-sinonimo-de-arrasar\/#breadcrumb\"},\"inLanguage\":\"es-AR\",\"potentialAction\":[{\"@type\":\"ReadAction\",\"target\":[\"https:\/\/ondauno.com.ar\/index.php\/2025\/07\/08\/el-inta-cuestiona-la-intervencion-del-gobierno-modernizar-no-puede-ser-sinonimo-de-arrasar\/\"]}]},{\"@type\":\"ImageObject\",\"inLanguage\":\"es-AR\",\"@id\":\"https:\/\/ondauno.com.ar\/index.php\/2025\/07\/08\/el-inta-cuestiona-la-intervencion-del-gobierno-modernizar-no-puede-ser-sinonimo-de-arrasar\/#primaryimage\",\"url\":\"https:\/\/ondauno.com.ar\/wp-content\/uploads\/2025\/07\/expo-inta-rama-caidajpeg.webp\",\"contentUrl\":\"https:\/\/ondauno.com.ar\/wp-content\/uploads\/2025\/07\/expo-inta-rama-caidajpeg.webp\",\"width\":790,\"height\":592},{\"@type\":\"BreadcrumbList\",\"@id\":\"https:\/\/ondauno.com.ar\/index.php\/2025\/07\/08\/el-inta-cuestiona-la-intervencion-del-gobierno-modernizar-no-puede-ser-sinonimo-de-arrasar\/#breadcrumb\",\"itemListElement\":[{\"@type\":\"ListItem\",\"position\":1,\"name\":\"Inicio\",\"item\":\"https:\/\/ondauno.com.ar\/\"},{\"@type\":\"ListItem\",\"position\":2,\"name\":\"El INTA cuestiona la intervenci\u00f3n del Gobierno: \u201cModernizar no puede ser sin\u00f3nimo de arrasar\u201d\"}]},{\"@type\":\"WebSite\",\"@id\":\"https:\/\/ondauno.com.ar\/#website\",\"url\":\"https:\/\/ondauno.com.ar\/\",\"name\":\"103.9 fm\",\"description\":\"LA PRIMERA RADIO MULTIMEDIA DE TRES ARROYOS\",\"potentialAction\":[{\"@type\":\"SearchAction\",\"target\":{\"@type\":\"EntryPoint\",\"urlTemplate\":\"https:\/\/ondauno.com.ar\/?s={search_term_string}\"},\"query-input\":\"required name=search_term_string\"}],\"inLanguage\":\"es-AR\"},{\"@type\":\"Person\",\"@id\":\"https:\/\/ondauno.com.ar\/#\/schema\/person\/7ec851ddeceb4133d7d7132dc645714e\",\"name\":\"OndaUno\",\"image\":{\"@type\":\"ImageObject\",\"inLanguage\":\"es-AR\",\"@id\":\"https:\/\/ondauno.com.ar\/#\/schema\/person\/image\/\",\"url\":\"https:\/\/secure.gravatar.com\/avatar\/93b8009f0de7021f1feb2bd5b32fb9e8?s=96&d=mm&r=g\",\"contentUrl\":\"https:\/\/secure.gravatar.com\/avatar\/93b8009f0de7021f1feb2bd5b32fb9e8?s=96&d=mm&r=g\",\"caption\":\"OndaUno\"},\"url\":\"https:\/\/ondauno.com.ar\/index.php\/author\/ondauno\/\"}]}<\/script>\n<!-- \/ Yoast SEO plugin. -->","yoast_head_json":{"title":"El INTA cuestiona la intervenci\u00f3n del Gobierno: \u201cModernizar no puede ser sin\u00f3nimo de arrasar\u201d - 103.9 fm","robots":{"index":"index","follow":"follow","max-snippet":"max-snippet:-1","max-image-preview":"max-image-preview:large","max-video-preview":"max-video-preview:-1"},"canonical":"https:\/\/ondauno.com.ar\/index.php\/2025\/07\/08\/el-inta-cuestiona-la-intervencion-del-gobierno-modernizar-no-puede-ser-sinonimo-de-arrasar\/","og_locale":"es_ES","og_type":"article","og_title":"El INTA cuestiona la intervenci\u00f3n del Gobierno: \u201cModernizar no puede ser sin\u00f3nimo de arrasar\u201d - 103.9 fm","og_description":"Mediante un comunicado firmado por su Director Nacional, Dr. Ariel Pereda, el Instituto Nacional de Tecnolog\u00eda Agropecuaria (INTA) expres\u00f3 su rechazo a los cambios impulsados por el Gobierno nacional a trav\u00e9s de un decreto que redefine su estructura institucional. Seg\u00fan el texto, los argumentos utilizados para justificar la intervenci\u00f3n son falsos o tergiversados, y se [&hellip;]","og_url":"https:\/\/ondauno.com.ar\/index.php\/2025\/07\/08\/el-inta-cuestiona-la-intervencion-del-gobierno-modernizar-no-puede-ser-sinonimo-de-arrasar\/","og_site_name":"103.9 fm","article_publisher":"https:\/\/www.facebook.com\/ondauno103.9","article_published_time":"2025-07-09T01:47:13+00:00","article_modified_time":"2025-07-09T01:47:18+00:00","og_image":[{"width":790,"height":592,"url":"http:\/\/ondauno.com.ar\/wp-content\/uploads\/2025\/07\/expo-inta-rama-caidajpeg.webp","type":"image\/webp"}],"author":"OndaUno","twitter_card":"summary_large_image","twitter_misc":{"Escrito por":"OndaUno","Tiempo de lectura":"2 minutos"},"schema":{"@context":"https:\/\/schema.org","@graph":[{"@type":"WebPage","@id":"https:\/\/ondauno.com.ar\/index.php\/2025\/07\/08\/el-inta-cuestiona-la-intervencion-del-gobierno-modernizar-no-puede-ser-sinonimo-de-arrasar\/","url":"https:\/\/ondauno.com.ar\/index.php\/2025\/07\/08\/el-inta-cuestiona-la-intervencion-del-gobierno-modernizar-no-puede-ser-sinonimo-de-arrasar\/","name":"El INTA cuestiona la intervenci\u00f3n del Gobierno: \u201cModernizar no puede ser sin\u00f3nimo de arrasar\u201d - 103.9 fm","isPartOf":{"@id":"https:\/\/ondauno.com.ar\/#website"},"primaryImageOfPage":{"@id":"https:\/\/ondauno.com.ar\/index.php\/2025\/07\/08\/el-inta-cuestiona-la-intervencion-del-gobierno-modernizar-no-puede-ser-sinonimo-de-arrasar\/#primaryimage"},"image":{"@id":"https:\/\/ondauno.com.ar\/index.php\/2025\/07\/08\/el-inta-cuestiona-la-intervencion-del-gobierno-modernizar-no-puede-ser-sinonimo-de-arrasar\/#primaryimage"},"thumbnailUrl":"https:\/\/ondauno.com.ar\/wp-content\/uploads\/2025\/07\/expo-inta-rama-caidajpeg.webp","datePublished":"2025-07-09T01:47:13+00:00","dateModified":"2025-07-09T01:47:18+00:00","author":{"@id":"https:\/\/ondauno.com.ar\/#\/schema\/person\/7ec851ddeceb4133d7d7132dc645714e"},"breadcrumb":{"@id":"https:\/\/ondauno.com.ar\/index.php\/2025\/07\/08\/el-inta-cuestiona-la-intervencion-del-gobierno-modernizar-no-puede-ser-sinonimo-de-arrasar\/#breadcrumb"},"inLanguage":"es-AR","potentialAction":[{"@type":"ReadAction","target":["https:\/\/ondauno.com.ar\/index.php\/2025\/07\/08\/el-inta-cuestiona-la-intervencion-del-gobierno-modernizar-no-puede-ser-sinonimo-de-arrasar\/"]}]},{"@type":"ImageObject","inLanguage":"es-AR","@id":"https:\/\/ondauno.com.ar\/index.php\/2025\/07\/08\/el-inta-cuestiona-la-intervencion-del-gobierno-modernizar-no-puede-ser-sinonimo-de-arrasar\/#primaryimage","url":"https:\/\/ondauno.com.ar\/wp-content\/uploads\/2025\/07\/expo-inta-rama-caidajpeg.webp","contentUrl":"https:\/\/ondauno.com.ar\/wp-content\/uploads\/2025\/07\/expo-inta-rama-caidajpeg.webp","width":790,"height":592},{"@type":"BreadcrumbList","@id":"https:\/\/ondauno.com.ar\/index.php\/2025\/07\/08\/el-inta-cuestiona-la-intervencion-del-gobierno-modernizar-no-puede-ser-sinonimo-de-arrasar\/#breadcrumb","itemListElement":[{"@type":"ListItem","position":1,"name":"Inicio","item":"https:\/\/ondauno.com.ar\/"},{"@type":"ListItem","position":2,"name":"El INTA cuestiona la intervenci\u00f3n del Gobierno: \u201cModernizar no puede ser sin\u00f3nimo de arrasar\u201d"}]},{"@type":"WebSite","@id":"https:\/\/ondauno.com.ar\/#website","url":"https:\/\/ondauno.com.ar\/","name":"103.9 fm","description":"LA PRIMERA RADIO MULTIMEDIA DE TRES ARROYOS","potentialAction":[{"@type":"SearchAction","target":{"@type":"EntryPoint","urlTemplate":"https:\/\/ondauno.com.ar\/?s={search_term_string}"},"query-input":"required name=search_term_string"}],"inLanguage":"es-AR"},{"@type":"Person","@id":"https:\/\/ondauno.com.ar\/#\/schema\/person\/7ec851ddeceb4133d7d7132dc645714e","name":"OndaUno","image":{"@type":"ImageObject","inLanguage":"es-AR","@id":"https:\/\/ondauno.com.ar\/#\/schema\/person\/image\/","url":"https:\/\/secure.gravatar.com\/avatar\/93b8009f0de7021f1feb2bd5b32fb9e8?s=96&d=mm&r=g","contentUrl":"https:\/\/secure.gravatar.com\/avatar\/93b8009f0de7021f1feb2bd5b32fb9e8?s=96&d=mm&r=g","caption":"OndaUno"},"url":"https:\/\/ondauno.com.ar\/index.php\/author\/ondauno\/"}]}},"jetpack_publicize_connections":[],"jetpack_featured_media_url":"https:\/\/ondauno.com.ar\/wp-content\/uploads\/2025\/07\/expo-inta-rama-caidajpeg.webp","jetpack_sharing_enabled":true,"_links":{"self":[{"href":"https:\/\/ondauno.com.ar\/index.php\/wp-json\/wp\/v2\/posts\/58228","targetHints":{"allow":["GET"]}}],"collection":[{"href":"https:\/\/ondauno.com.ar\/index.php\/wp-json\/wp\/v2\/posts"}],"about":[{"href":"https:\/\/ondauno.com.ar\/index.php\/wp-json\/wp\/v2\/types\/post"}],"author":[{"embeddable":true,"href":"https:\/\/ondauno.com.ar\/index.php\/wp-json\/wp\/v2\/users\/1"}],"replies":[{"embeddable":true,"href":"https:\/\/ondauno.com.ar\/index.php\/wp-json\/wp\/v2\/comments?post=58228"}],"version-history":[{"count":1,"href":"https:\/\/ondauno.com.ar\/index.php\/wp-json\/wp\/v2\/posts\/58228\/revisions"}],"predecessor-version":[{"id":58230,"href":"https:\/\/ondauno.com.ar\/index.php\/wp-json\/wp\/v2\/posts\/58228\/revisions\/58230"}],"wp:featuredmedia":[{"embeddable":true,"href":"https:\/\/ondauno.com.ar\/index.php\/wp-json\/wp\/v2\/media\/58229"}],"wp:attachment":[{"href":"https:\/\/ondauno.com.ar\/index.php\/wp-json\/wp\/v2\/media?parent=58228"}],"wp:term":[{"taxonomy":"category","embeddable":true,"href":"https:\/\/ondauno.com.ar\/index.php\/wp-json\/wp\/v2\/categories?post=58228"},{"taxonomy":"post_tag","embeddable":true,"href":"https:\/\/ondauno.com.ar\/index.php\/wp-json\/wp\/v2\/tags?post=58228"}],"curies":[{"name":"wp","href":"https:\/\/api.w.org\/{rel}","templated":true}]}}