{"id":58226,"date":"2025-07-08T22:43:54","date_gmt":"2025-07-09T01:43:54","guid":{"rendered":"https:\/\/ondauno.com.ar\/?p=58226"},"modified":"2025-07-08T22:44:02","modified_gmt":"2025-07-09T01:44:02","slug":"giordano-sobre-la-chacra-la-idea-es-reducir-la-planta-a-traves-de-mecanismos-que-no-impliquen-despidos-forzados","status":"publish","type":"post","link":"https:\/\/ondauno.com.ar\/index.php\/2025\/07\/08\/giordano-sobre-la-chacra-la-idea-es-reducir-la-planta-a-traves-de-mecanismos-que-no-impliquen-despidos-forzados\/","title":{"rendered":"Giordano sobre la Chacra: \u201cLa idea es reducir la planta a trav\u00e9s de mecanismos que no impliquen despidos forzados&#8221;"},"content":{"rendered":"<div class=\"ondau-before-content_3\" style=\"margin-top: -30px;\" id=\"ondau-3138370869\"><a href=\"https:\/\/www.lps.com.ar\/\" aria-label=\"la-perse2\"><img loading=\"lazy\" decoding=\"async\" src=\"https:\/\/ondauno.com.ar\/wp-content\/uploads\/2021\/10\/la-perse2.jpg\" alt=\"\"  srcset=\"https:\/\/ondauno.com.ar\/wp-content\/uploads\/2021\/10\/la-perse2.jpg 1353w, https:\/\/ondauno.com.ar\/wp-content\/uploads\/2021\/10\/la-perse2-300x43.jpg 300w, https:\/\/ondauno.com.ar\/wp-content\/uploads\/2021\/10\/la-perse2-1024x148.jpg 1024w, https:\/\/ondauno.com.ar\/wp-content\/uploads\/2021\/10\/la-perse2-768x111.jpg 768w, https:\/\/ondauno.com.ar\/wp-content\/uploads\/2021\/10\/la-perse2-696x100.jpg 696w, https:\/\/ondauno.com.ar\/wp-content\/uploads\/2021\/10\/la-perse2-1068x154.jpg 1068w\" sizes=\"(max-width: 1353px) 100vw, 1353px\" class=\"no-lazyload\" width=\"1353\" height=\"195\"  style=\"display: inline-block;\" \/><\/a><\/div>\n<p>El concejal tresarroyense de La Libertad Avanza, Eduardo Giordano, se refiri\u00f3 en Cosas que pasan a la reuni\u00f3n mantenida d\u00edas atr\u00e1s en Buenos Aires con autoridades del INTA, en la que tambi\u00e9n participaron su par Omar Bartneche y el tambi\u00e9n referente de LLA, Pablo Boreli. El objetivo del encuentro fue interiorizarse sobre la situaci\u00f3n laboral del personal de la Chacra Experimental Integrada Barrow.<\/p>\n\n\n\n<p>\u201cNos trasladamos a la sede central del INTA y fuimos recibidos por el presidente y la vicepresidenta. Quer\u00edamos saber cu\u00e1l era la situaci\u00f3n de los trabajadores, porque hab\u00eda angustia e incertidumbre sobre sus puestos\u201d, explic\u00f3 Giordano.<\/p>\n\n\n\n<p>Seg\u00fan detall\u00f3 en la reuni\u00f3n se les inform\u00f3 que no est\u00e1 previsto despedir personal, sino que se trabajar\u00e1 en un proceso de reorganizaci\u00f3n basado en jubilaciones y retiros voluntarios. \u201cLa idea es reducir la planta a trav\u00e9s de mecanismos que no impliquen despidos forzados. A las personas que est\u00e1n en situaci\u00f3n de interinato tambi\u00e9n se les garantizar\u00eda la continuidad\u201d, indic\u00f3.<\/p>\n\n\n\n<p>Tras el encuentro en Capital Federal, los concejales mantuvieron una nueva reuni\u00f3n local con Natalia Carrasco, directora de la Chacra, para transmitir lo conversado. \u201cLo que llevamos fue tranquilidad. La gente no puede estar trabajando con temor e incertidumbre\u201d, sostuvo.<\/p>\n\n\n\n<p>Consultado sobre el impacto del reciente DNU nacional, Giordano aclar\u00f3 que no recibieron informaci\u00f3n que contradiga lo dicho por las autoridades del INTA. \u201cNosotros fuimos a hacer gesti\u00f3n y volvimos con una respuesta concreta. Despu\u00e9s, lo que pase a nivel pol\u00edtico ya excede nuestro alcance como concejales\u201d, afirm\u00f3.<\/p>\n\n\n\n<p>Finalmente valor\u00f3 la experiencia como una muestra de compromiso. \u201cEsto fue gesti\u00f3n pura. No nos quedamos en la charla, fuimos y nos movimos para dar respuestas a un problema concreto\u201d, expres\u00f3.<\/p>\n\n\n\n<figure class=\"wp-block-embed is-type-video is-provider-youtube wp-block-embed-youtube wp-embed-aspect-16-9 wp-has-aspect-ratio\"><div class=\"wp-block-embed__wrapper\">\n<div class=\"youtube-embed\" data-video_id=\"yoCHzsT0b0Y\"><iframe loading=\"lazy\" title=\"Onda Uno 103.9 en vivo\" width=\"696\" height=\"392\" data-src=\"https:\/\/www.youtube.com\/embed\/yoCHzsT0b0Y?start=12&#038;feature=oembed\" frameborder=\"0\" allow=\"accelerometer; autoplay; clipboard-write; encrypted-media; gyroscope; picture-in-picture; web-share\" referrerpolicy=\"strict-origin-when-cross-origin\" allowfullscreen src=\"data:image\/gif;base64,R0lGODlhAQABAAAAACH5BAEKAAEALAAAAAABAAEAAAICTAEAOw==\" class=\"lazyload\" data-load-mode=\"1\"><\/iframe><\/div>\n<\/div><\/figure>\n","protected":false},"excerpt":{"rendered":"<p>El concejal tresarroyense de La Libertad Avanza, Eduardo Giordano, se refiri\u00f3 en Cosas que pasan a la reuni\u00f3n mantenida d\u00edas atr\u00e1s en Buenos Aires con autoridades del INTA, en la que tambi\u00e9n participaron su par Omar Bartneche y el tambi\u00e9n referente de LLA, Pablo Boreli. El objetivo del encuentro fue interiorizarse sobre la situaci\u00f3n laboral [&hellip;]<\/p>\n","protected":false},"author":1,"featured_media":42663,"comment_status":"open","ping_status":"open","sticky":false,"template":"","format":"standard","meta":{"tdm_status":"","tdm_grid_status":"","_jetpack_memberships_contains_paid_content":false,"footnotes":"","jetpack_publicize_message":"","jetpack_publicize_feature_enabled":true,"jetpack_social_post_already_shared":true,"jetpack_social_options":{"image_generator_settings":{"template":"highway","default_image_id":0,"font":"","enabled":false},"version":2}},"categories":[2],"tags":[],"class_list":{"0":"post-58226","1":"post","2":"type-post","3":"status-publish","4":"format-standard","5":"has-post-thumbnail","7":"category-locales"},"yoast_head":"<!-- This site is optimized with the Yoast SEO plugin v22.7 - https:\/\/yoast.com\/wordpress\/plugins\/seo\/ -->\n<title>Giordano sobre la Chacra: \u201cLa idea es reducir la planta a trav\u00e9s de mecanismos que no impliquen despidos forzados&quot; - 103.9 fm<\/title>\n<meta name=\"robots\" content=\"index, follow, max-snippet:-1, max-image-preview:large, max-video-preview:-1\" \/>\n<link rel=\"canonical\" href=\"https:\/\/ondauno.com.ar\/index.php\/2025\/07\/08\/giordano-sobre-la-chacra-la-idea-es-reducir-la-planta-a-traves-de-mecanismos-que-no-impliquen-despidos-forzados\/\" \/>\n<meta property=\"og:locale\" content=\"es_ES\" \/>\n<meta property=\"og:type\" content=\"article\" \/>\n<meta property=\"og:title\" content=\"Giordano sobre la Chacra: \u201cLa idea es reducir la planta a trav\u00e9s de mecanismos que no impliquen despidos forzados&quot; - 103.9 fm\" \/>\n<meta property=\"og:description\" content=\"El concejal tresarroyense de La Libertad Avanza, Eduardo Giordano, se refiri\u00f3 en Cosas que pasan a la reuni\u00f3n mantenida d\u00edas atr\u00e1s en Buenos Aires con autoridades del INTA, en la que tambi\u00e9n participaron su par Omar Bartneche y el tambi\u00e9n referente de LLA, Pablo Boreli. El objetivo del encuentro fue interiorizarse sobre la situaci\u00f3n laboral [&hellip;]\" \/>\n<meta property=\"og:url\" content=\"https:\/\/ondauno.com.ar\/index.php\/2025\/07\/08\/giordano-sobre-la-chacra-la-idea-es-reducir-la-planta-a-traves-de-mecanismos-que-no-impliquen-despidos-forzados\/\" \/>\n<meta property=\"og:site_name\" content=\"103.9 fm\" \/>\n<meta property=\"article:publisher\" content=\"https:\/\/www.facebook.com\/ondauno103.9\" \/>\n<meta property=\"article:published_time\" content=\"2025-07-09T01:43:54+00:00\" \/>\n<meta property=\"article:modified_time\" content=\"2025-07-09T01:44:02+00:00\" \/>\n<meta property=\"og:image\" content=\"http:\/\/ondauno.com.ar\/wp-content\/uploads\/2023\/07\/WhatsApp-Image-2023-07-25-at-17.18.09.jpeg\" \/>\n\t<meta property=\"og:image:width\" content=\"1280\" \/>\n\t<meta property=\"og:image:height\" content=\"963\" \/>\n\t<meta property=\"og:image:type\" content=\"image\/jpeg\" \/>\n<meta name=\"author\" content=\"OndaUno\" \/>\n<meta name=\"twitter:card\" content=\"summary_large_image\" \/>\n<meta name=\"twitter:label1\" content=\"Escrito por\" \/>\n\t<meta name=\"twitter:data1\" content=\"OndaUno\" \/>\n\t<meta name=\"twitter:label2\" content=\"Tiempo de lectura\" \/>\n\t<meta name=\"twitter:data2\" content=\"2 minutos\" \/>\n<script type=\"application\/ld+json\" class=\"yoast-schema-graph\">{\"@context\":\"https:\/\/schema.org\",\"@graph\":[{\"@type\":\"WebPage\",\"@id\":\"https:\/\/ondauno.com.ar\/index.php\/2025\/07\/08\/giordano-sobre-la-chacra-la-idea-es-reducir-la-planta-a-traves-de-mecanismos-que-no-impliquen-despidos-forzados\/\",\"url\":\"https:\/\/ondauno.com.ar\/index.php\/2025\/07\/08\/giordano-sobre-la-chacra-la-idea-es-reducir-la-planta-a-traves-de-mecanismos-que-no-impliquen-despidos-forzados\/\",\"name\":\"Giordano sobre la Chacra: \u201cLa idea es reducir la planta a trav\u00e9s de mecanismos que no impliquen despidos forzados\\\" - 103.9 fm\",\"isPartOf\":{\"@id\":\"https:\/\/ondauno.com.ar\/#website\"},\"primaryImageOfPage\":{\"@id\":\"https:\/\/ondauno.com.ar\/index.php\/2025\/07\/08\/giordano-sobre-la-chacra-la-idea-es-reducir-la-planta-a-traves-de-mecanismos-que-no-impliquen-despidos-forzados\/#primaryimage\"},\"image\":{\"@id\":\"https:\/\/ondauno.com.ar\/index.php\/2025\/07\/08\/giordano-sobre-la-chacra-la-idea-es-reducir-la-planta-a-traves-de-mecanismos-que-no-impliquen-despidos-forzados\/#primaryimage\"},\"thumbnailUrl\":\"https:\/\/ondauno.com.ar\/wp-content\/uploads\/2023\/07\/WhatsApp-Image-2023-07-25-at-17.18.09.jpeg\",\"datePublished\":\"2025-07-09T01:43:54+00:00\",\"dateModified\":\"2025-07-09T01:44:02+00:00\",\"author\":{\"@id\":\"https:\/\/ondauno.com.ar\/#\/schema\/person\/7ec851ddeceb4133d7d7132dc645714e\"},\"breadcrumb\":{\"@id\":\"https:\/\/ondauno.com.ar\/index.php\/2025\/07\/08\/giordano-sobre-la-chacra-la-idea-es-reducir-la-planta-a-traves-de-mecanismos-que-no-impliquen-despidos-forzados\/#breadcrumb\"},\"inLanguage\":\"es-AR\",\"potentialAction\":[{\"@type\":\"ReadAction\",\"target\":[\"https:\/\/ondauno.com.ar\/index.php\/2025\/07\/08\/giordano-sobre-la-chacra-la-idea-es-reducir-la-planta-a-traves-de-mecanismos-que-no-impliquen-despidos-forzados\/\"]}]},{\"@type\":\"ImageObject\",\"inLanguage\":\"es-AR\",\"@id\":\"https:\/\/ondauno.com.ar\/index.php\/2025\/07\/08\/giordano-sobre-la-chacra-la-idea-es-reducir-la-planta-a-traves-de-mecanismos-que-no-impliquen-despidos-forzados\/#primaryimage\",\"url\":\"https:\/\/ondauno.com.ar\/wp-content\/uploads\/2023\/07\/WhatsApp-Image-2023-07-25-at-17.18.09.jpeg\",\"contentUrl\":\"https:\/\/ondauno.com.ar\/wp-content\/uploads\/2023\/07\/WhatsApp-Image-2023-07-25-at-17.18.09.jpeg\",\"width\":1280,\"height\":963},{\"@type\":\"BreadcrumbList\",\"@id\":\"https:\/\/ondauno.com.ar\/index.php\/2025\/07\/08\/giordano-sobre-la-chacra-la-idea-es-reducir-la-planta-a-traves-de-mecanismos-que-no-impliquen-despidos-forzados\/#breadcrumb\",\"itemListElement\":[{\"@type\":\"ListItem\",\"position\":1,\"name\":\"Inicio\",\"item\":\"https:\/\/ondauno.com.ar\/\"},{\"@type\":\"ListItem\",\"position\":2,\"name\":\"Giordano sobre la Chacra: \u201cLa idea es reducir la planta a trav\u00e9s de mecanismos que no impliquen despidos forzados&#8221;\"}]},{\"@type\":\"WebSite\",\"@id\":\"https:\/\/ondauno.com.ar\/#website\",\"url\":\"https:\/\/ondauno.com.ar\/\",\"name\":\"103.9 fm\",\"description\":\"LA PRIMERA RADIO MULTIMEDIA DE TRES ARROYOS\",\"potentialAction\":[{\"@type\":\"SearchAction\",\"target\":{\"@type\":\"EntryPoint\",\"urlTemplate\":\"https:\/\/ondauno.com.ar\/?s={search_term_string}\"},\"query-input\":\"required name=search_term_string\"}],\"inLanguage\":\"es-AR\"},{\"@type\":\"Person\",\"@id\":\"https:\/\/ondauno.com.ar\/#\/schema\/person\/7ec851ddeceb4133d7d7132dc645714e\",\"name\":\"OndaUno\",\"image\":{\"@type\":\"ImageObject\",\"inLanguage\":\"es-AR\",\"@id\":\"https:\/\/ondauno.com.ar\/#\/schema\/person\/image\/\",\"url\":\"https:\/\/secure.gravatar.com\/avatar\/93b8009f0de7021f1feb2bd5b32fb9e8?s=96&d=mm&r=g\",\"contentUrl\":\"https:\/\/secure.gravatar.com\/avatar\/93b8009f0de7021f1feb2bd5b32fb9e8?s=96&d=mm&r=g\",\"caption\":\"OndaUno\"},\"url\":\"https:\/\/ondauno.com.ar\/index.php\/author\/ondauno\/\"}]}<\/script>\n<!-- \/ Yoast SEO plugin. -->","yoast_head_json":{"title":"Giordano sobre la Chacra: \u201cLa idea es reducir la planta a trav\u00e9s de mecanismos que no impliquen despidos forzados\" - 103.9 fm","robots":{"index":"index","follow":"follow","max-snippet":"max-snippet:-1","max-image-preview":"max-image-preview:large","max-video-preview":"max-video-preview:-1"},"canonical":"https:\/\/ondauno.com.ar\/index.php\/2025\/07\/08\/giordano-sobre-la-chacra-la-idea-es-reducir-la-planta-a-traves-de-mecanismos-que-no-impliquen-despidos-forzados\/","og_locale":"es_ES","og_type":"article","og_title":"Giordano sobre la Chacra: \u201cLa idea es reducir la planta a trav\u00e9s de mecanismos que no impliquen despidos forzados\" - 103.9 fm","og_description":"El concejal tresarroyense de La Libertad Avanza, Eduardo Giordano, se refiri\u00f3 en Cosas que pasan a la reuni\u00f3n mantenida d\u00edas atr\u00e1s en Buenos Aires con autoridades del INTA, en la que tambi\u00e9n participaron su par Omar Bartneche y el tambi\u00e9n referente de LLA, Pablo Boreli. El objetivo del encuentro fue interiorizarse sobre la situaci\u00f3n laboral [&hellip;]","og_url":"https:\/\/ondauno.com.ar\/index.php\/2025\/07\/08\/giordano-sobre-la-chacra-la-idea-es-reducir-la-planta-a-traves-de-mecanismos-que-no-impliquen-despidos-forzados\/","og_site_name":"103.9 fm","article_publisher":"https:\/\/www.facebook.com\/ondauno103.9","article_published_time":"2025-07-09T01:43:54+00:00","article_modified_time":"2025-07-09T01:44:02+00:00","og_image":[{"width":1280,"height":963,"url":"http:\/\/ondauno.com.ar\/wp-content\/uploads\/2023\/07\/WhatsApp-Image-2023-07-25-at-17.18.09.jpeg","type":"image\/jpeg"}],"author":"OndaUno","twitter_card":"summary_large_image","twitter_misc":{"Escrito por":"OndaUno","Tiempo de lectura":"2 minutos"},"schema":{"@context":"https:\/\/schema.org","@graph":[{"@type":"WebPage","@id":"https:\/\/ondauno.com.ar\/index.php\/2025\/07\/08\/giordano-sobre-la-chacra-la-idea-es-reducir-la-planta-a-traves-de-mecanismos-que-no-impliquen-despidos-forzados\/","url":"https:\/\/ondauno.com.ar\/index.php\/2025\/07\/08\/giordano-sobre-la-chacra-la-idea-es-reducir-la-planta-a-traves-de-mecanismos-que-no-impliquen-despidos-forzados\/","name":"Giordano sobre la Chacra: \u201cLa idea es reducir la planta a trav\u00e9s de mecanismos que no impliquen despidos forzados\" - 103.9 fm","isPartOf":{"@id":"https:\/\/ondauno.com.ar\/#website"},"primaryImageOfPage":{"@id":"https:\/\/ondauno.com.ar\/index.php\/2025\/07\/08\/giordano-sobre-la-chacra-la-idea-es-reducir-la-planta-a-traves-de-mecanismos-que-no-impliquen-despidos-forzados\/#primaryimage"},"image":{"@id":"https:\/\/ondauno.com.ar\/index.php\/2025\/07\/08\/giordano-sobre-la-chacra-la-idea-es-reducir-la-planta-a-traves-de-mecanismos-que-no-impliquen-despidos-forzados\/#primaryimage"},"thumbnailUrl":"https:\/\/ondauno.com.ar\/wp-content\/uploads\/2023\/07\/WhatsApp-Image-2023-07-25-at-17.18.09.jpeg","datePublished":"2025-07-09T01:43:54+00:00","dateModified":"2025-07-09T01:44:02+00:00","author":{"@id":"https:\/\/ondauno.com.ar\/#\/schema\/person\/7ec851ddeceb4133d7d7132dc645714e"},"breadcrumb":{"@id":"https:\/\/ondauno.com.ar\/index.php\/2025\/07\/08\/giordano-sobre-la-chacra-la-idea-es-reducir-la-planta-a-traves-de-mecanismos-que-no-impliquen-despidos-forzados\/#breadcrumb"},"inLanguage":"es-AR","potentialAction":[{"@type":"ReadAction","target":["https:\/\/ondauno.com.ar\/index.php\/2025\/07\/08\/giordano-sobre-la-chacra-la-idea-es-reducir-la-planta-a-traves-de-mecanismos-que-no-impliquen-despidos-forzados\/"]}]},{"@type":"ImageObject","inLanguage":"es-AR","@id":"https:\/\/ondauno.com.ar\/index.php\/2025\/07\/08\/giordano-sobre-la-chacra-la-idea-es-reducir-la-planta-a-traves-de-mecanismos-que-no-impliquen-despidos-forzados\/#primaryimage","url":"https:\/\/ondauno.com.ar\/wp-content\/uploads\/2023\/07\/WhatsApp-Image-2023-07-25-at-17.18.09.jpeg","contentUrl":"https:\/\/ondauno.com.ar\/wp-content\/uploads\/2023\/07\/WhatsApp-Image-2023-07-25-at-17.18.09.jpeg","width":1280,"height":963},{"@type":"BreadcrumbList","@id":"https:\/\/ondauno.com.ar\/index.php\/2025\/07\/08\/giordano-sobre-la-chacra-la-idea-es-reducir-la-planta-a-traves-de-mecanismos-que-no-impliquen-despidos-forzados\/#breadcrumb","itemListElement":[{"@type":"ListItem","position":1,"name":"Inicio","item":"https:\/\/ondauno.com.ar\/"},{"@type":"ListItem","position":2,"name":"Giordano sobre la Chacra: \u201cLa idea es reducir la planta a trav\u00e9s de mecanismos que no impliquen despidos forzados&#8221;"}]},{"@type":"WebSite","@id":"https:\/\/ondauno.com.ar\/#website","url":"https:\/\/ondauno.com.ar\/","name":"103.9 fm","description":"LA PRIMERA RADIO MULTIMEDIA DE TRES ARROYOS","potentialAction":[{"@type":"SearchAction","target":{"@type":"EntryPoint","urlTemplate":"https:\/\/ondauno.com.ar\/?s={search_term_string}"},"query-input":"required name=search_term_string"}],"inLanguage":"es-AR"},{"@type":"Person","@id":"https:\/\/ondauno.com.ar\/#\/schema\/person\/7ec851ddeceb4133d7d7132dc645714e","name":"OndaUno","image":{"@type":"ImageObject","inLanguage":"es-AR","@id":"https:\/\/ondauno.com.ar\/#\/schema\/person\/image\/","url":"https:\/\/secure.gravatar.com\/avatar\/93b8009f0de7021f1feb2bd5b32fb9e8?s=96&d=mm&r=g","contentUrl":"https:\/\/secure.gravatar.com\/avatar\/93b8009f0de7021f1feb2bd5b32fb9e8?s=96&d=mm&r=g","caption":"OndaUno"},"url":"https:\/\/ondauno.com.ar\/index.php\/author\/ondauno\/"}]}},"jetpack_publicize_connections":[],"jetpack_featured_media_url":"https:\/\/ondauno.com.ar\/wp-content\/uploads\/2023\/07\/WhatsApp-Image-2023-07-25-at-17.18.09.jpeg","jetpack_sharing_enabled":true,"_links":{"self":[{"href":"https:\/\/ondauno.com.ar\/index.php\/wp-json\/wp\/v2\/posts\/58226","targetHints":{"allow":["GET"]}}],"collection":[{"href":"https:\/\/ondauno.com.ar\/index.php\/wp-json\/wp\/v2\/posts"}],"about":[{"href":"https:\/\/ondauno.com.ar\/index.php\/wp-json\/wp\/v2\/types\/post"}],"author":[{"embeddable":true,"href":"https:\/\/ondauno.com.ar\/index.php\/wp-json\/wp\/v2\/users\/1"}],"replies":[{"embeddable":true,"href":"https:\/\/ondauno.com.ar\/index.php\/wp-json\/wp\/v2\/comments?post=58226"}],"version-history":[{"count":1,"href":"https:\/\/ondauno.com.ar\/index.php\/wp-json\/wp\/v2\/posts\/58226\/revisions"}],"predecessor-version":[{"id":58227,"href":"https:\/\/ondauno.com.ar\/index.php\/wp-json\/wp\/v2\/posts\/58226\/revisions\/58227"}],"wp:featuredmedia":[{"embeddable":true,"href":"https:\/\/ondauno.com.ar\/index.php\/wp-json\/wp\/v2\/media\/42663"}],"wp:attachment":[{"href":"https:\/\/ondauno.com.ar\/index.php\/wp-json\/wp\/v2\/media?parent=58226"}],"wp:term":[{"taxonomy":"category","embeddable":true,"href":"https:\/\/ondauno.com.ar\/index.php\/wp-json\/wp\/v2\/categories?post=58226"},{"taxonomy":"post_tag","embeddable":true,"href":"https:\/\/ondauno.com.ar\/index.php\/wp-json\/wp\/v2\/tags?post=58226"}],"curies":[{"name":"wp","href":"https:\/\/api.w.org\/{rel}","templated":true}]}}