{"id":58223,"date":"2025-07-08T22:40:35","date_gmt":"2025-07-09T01:40:35","guid":{"rendered":"https:\/\/ondauno.com.ar\/?p=58223"},"modified":"2025-07-08T22:40:39","modified_gmt":"2025-07-09T01:40:39","slug":"trabajos-de-recuperacion-de-la-playa-y-preparativos-para-el-receso-invernal-en-claromeco","status":"publish","type":"post","link":"https:\/\/ondauno.com.ar\/index.php\/2025\/07\/08\/trabajos-de-recuperacion-de-la-playa-y-preparativos-para-el-receso-invernal-en-claromeco\/","title":{"rendered":"Trabajos de recuperaci\u00f3n de la playa y preparativos para el receso invernal en Claromec\u00f3"},"content":{"rendered":"<div class=\"ondau-before-content_3\" style=\"margin-top: -30px;\" id=\"ondau-4251740047\"><a href=\"https:\/\/www.lps.com.ar\/\" aria-label=\"la-perse2\"><img loading=\"lazy\" decoding=\"async\" src=\"https:\/\/ondauno.com.ar\/wp-content\/uploads\/2021\/10\/la-perse2.jpg\" alt=\"\"  srcset=\"https:\/\/ondauno.com.ar\/wp-content\/uploads\/2021\/10\/la-perse2.jpg 1353w, https:\/\/ondauno.com.ar\/wp-content\/uploads\/2021\/10\/la-perse2-300x43.jpg 300w, https:\/\/ondauno.com.ar\/wp-content\/uploads\/2021\/10\/la-perse2-1024x148.jpg 1024w, https:\/\/ondauno.com.ar\/wp-content\/uploads\/2021\/10\/la-perse2-768x111.jpg 768w, https:\/\/ondauno.com.ar\/wp-content\/uploads\/2021\/10\/la-perse2-696x100.jpg 696w, https:\/\/ondauno.com.ar\/wp-content\/uploads\/2021\/10\/la-perse2-1068x154.jpg 1068w\" sizes=\"(max-width: 1353px) 100vw, 1353px\" class=\"no-lazyload\" width=\"1353\" height=\"195\"  style=\"display: inline-block;\" \/><\/a><\/div>\n<p>En Cosas que pasan, Nicol\u00e1s Felipe, director del Ente Descentralizado Claromec\u00f3 Servicios Tur\u00edsticos, brind\u00f3 detalles sobre los trabajos que se vienen desarrollando en la costa luego de los efectos de la \u00faltima marejada y adelant\u00f3 algunas propuestas previstas para las vacaciones de invierno.<\/p>\n\n\n\n<p>Respecto a los da\u00f1os que provoc\u00f3 la crecida del mar, explic\u00f3 que se trabaja en la limpieza de las playas y en el dise\u00f1o de nuevos puntos de enquinchado, en articulaci\u00f3n con el \u00e1rea de Medio Ambiente. \u201cAlgunos se colocar\u00e1n donde estaban antes y otros en nuevos sectores donde el mar arras\u00f3 fuerte con la arena\u201d, indic\u00f3.<\/p>\n\n\n\n<p>Felipe se\u00f1al\u00f3 que el monitoreo de la costa es constante, incluso dos veces al d\u00eda, y que el panorama empieza a mostrar signos de recuperaci\u00f3n. \u201cYa se ve una peque\u00f1a acumulaci\u00f3n de arena, de unos 20 cent\u00edmetros. Esperamos que con el descenso de la marea y algunos vientos del norte podamos llegar bien a la primavera\u201d, precis\u00f3.<\/p>\n\n\n\n<p>En relaci\u00f3n a otras zonas, coment\u00f3 que en El Caracolero y los saltos de pesca afloraron m\u00e1s piedras, pero no con la misma gravedad que en la playa c\u00e9ntrica. En la zona del Pozo de Alonso \u201cya est\u00e1 empezando a volver algo de arena\u201d, afirm\u00f3.<\/p>\n\n\n\n<p>Sobre las vacaciones de invierno, adelant\u00f3 que se espera movimiento principalmente de turistas con segunda residencia. Si bien reconoci\u00f3 que no hay una gran oferta de alquileres para esa fecha, se est\u00e1 trabajando en una agenda de actividades que incluir\u00e1 la tradicional feria de invierno, salidas organizadas desde el museo y la direcci\u00f3n de turismo, y propuestas culturales en el espacio de arte.<\/p>\n\n\n\n<p>\u201cEl calendario ya est\u00e1 en preparaci\u00f3n y tendr\u00e1 opciones tanto para quienes nos visitan como para los vecinos locales\u201d, asegur\u00f3.<\/p>\n\n\n\n<figure class=\"wp-block-embed is-type-video is-provider-youtube wp-block-embed-youtube wp-embed-aspect-16-9 wp-has-aspect-ratio\"><div class=\"wp-block-embed__wrapper\">\n<div class=\"youtube-embed\" data-video_id=\"DRxYuIvhQlM\"><iframe loading=\"lazy\" title=\"Onda Uno 103.9 en vivo\" width=\"696\" height=\"392\" data-src=\"https:\/\/www.youtube.com\/embed\/DRxYuIvhQlM?start=6&#038;feature=oembed\" frameborder=\"0\" allow=\"accelerometer; autoplay; clipboard-write; encrypted-media; gyroscope; picture-in-picture; web-share\" referrerpolicy=\"strict-origin-when-cross-origin\" allowfullscreen src=\"data:image\/gif;base64,R0lGODlhAQABAAAAACH5BAEKAAEALAAAAAABAAEAAAICTAEAOw==\" class=\"lazyload\" data-load-mode=\"1\"><\/iframe><\/div>\n<\/div><\/figure>\n","protected":false},"excerpt":{"rendered":"<p>En Cosas que pasan, Nicol\u00e1s Felipe, director del Ente Descentralizado Claromec\u00f3 Servicios Tur\u00edsticos, brind\u00f3 detalles sobre los trabajos que se vienen desarrollando en la costa luego de los efectos de la \u00faltima marejada y adelant\u00f3 algunas propuestas previstas para las vacaciones de invierno. Respecto a los da\u00f1os que provoc\u00f3 la crecida del mar, explic\u00f3 que [&hellip;]<\/p>\n","protected":false},"author":1,"featured_media":54963,"comment_status":"open","ping_status":"open","sticky":false,"template":"","format":"standard","meta":{"tdm_status":"","tdm_grid_status":"","_jetpack_memberships_contains_paid_content":false,"footnotes":"","jetpack_publicize_message":"","jetpack_publicize_feature_enabled":true,"jetpack_social_post_already_shared":true,"jetpack_social_options":{"image_generator_settings":{"template":"highway","default_image_id":0,"font":"","enabled":false},"version":2}},"categories":[2],"tags":[],"class_list":{"0":"post-58223","1":"post","2":"type-post","3":"status-publish","4":"format-standard","5":"has-post-thumbnail","7":"category-locales"},"yoast_head":"<!-- This site is optimized with the Yoast SEO plugin v22.7 - https:\/\/yoast.com\/wordpress\/plugins\/seo\/ -->\n<title>Trabajos de recuperaci\u00f3n de la playa y preparativos para el receso invernal en Claromec\u00f3 - 103.9 fm<\/title>\n<meta name=\"robots\" content=\"index, follow, max-snippet:-1, max-image-preview:large, max-video-preview:-1\" \/>\n<link rel=\"canonical\" href=\"https:\/\/ondauno.com.ar\/index.php\/2025\/07\/08\/trabajos-de-recuperacion-de-la-playa-y-preparativos-para-el-receso-invernal-en-claromeco\/\" \/>\n<meta property=\"og:locale\" content=\"es_ES\" \/>\n<meta property=\"og:type\" content=\"article\" \/>\n<meta property=\"og:title\" content=\"Trabajos de recuperaci\u00f3n de la playa y preparativos para el receso invernal en Claromec\u00f3 - 103.9 fm\" \/>\n<meta property=\"og:description\" content=\"En Cosas que pasan, Nicol\u00e1s Felipe, director del Ente Descentralizado Claromec\u00f3 Servicios Tur\u00edsticos, brind\u00f3 detalles sobre los trabajos que se vienen desarrollando en la costa luego de los efectos de la \u00faltima marejada y adelant\u00f3 algunas propuestas previstas para las vacaciones de invierno. Respecto a los da\u00f1os que provoc\u00f3 la crecida del mar, explic\u00f3 que [&hellip;]\" \/>\n<meta property=\"og:url\" content=\"https:\/\/ondauno.com.ar\/index.php\/2025\/07\/08\/trabajos-de-recuperacion-de-la-playa-y-preparativos-para-el-receso-invernal-en-claromeco\/\" \/>\n<meta property=\"og:site_name\" content=\"103.9 fm\" \/>\n<meta property=\"article:publisher\" content=\"https:\/\/www.facebook.com\/ondauno103.9\" \/>\n<meta property=\"article:published_time\" content=\"2025-07-09T01:40:35+00:00\" \/>\n<meta property=\"article:modified_time\" content=\"2025-07-09T01:40:39+00:00\" \/>\n<meta property=\"og:image\" content=\"http:\/\/ondauno.com.ar\/wp-content\/uploads\/2025\/04\/WhatsApp-Image-2025-04-04-at-17.31.22.jpeg\" \/>\n\t<meta property=\"og:image:width\" content=\"1599\" \/>\n\t<meta property=\"og:image:height\" content=\"1066\" \/>\n\t<meta property=\"og:image:type\" content=\"image\/jpeg\" \/>\n<meta name=\"author\" content=\"OndaUno\" \/>\n<meta name=\"twitter:card\" content=\"summary_large_image\" \/>\n<meta name=\"twitter:label1\" content=\"Escrito por\" \/>\n\t<meta name=\"twitter:data1\" content=\"OndaUno\" \/>\n\t<meta name=\"twitter:label2\" content=\"Tiempo de lectura\" \/>\n\t<meta name=\"twitter:data2\" content=\"2 minutos\" \/>\n<script type=\"application\/ld+json\" class=\"yoast-schema-graph\">{\"@context\":\"https:\/\/schema.org\",\"@graph\":[{\"@type\":\"WebPage\",\"@id\":\"https:\/\/ondauno.com.ar\/index.php\/2025\/07\/08\/trabajos-de-recuperacion-de-la-playa-y-preparativos-para-el-receso-invernal-en-claromeco\/\",\"url\":\"https:\/\/ondauno.com.ar\/index.php\/2025\/07\/08\/trabajos-de-recuperacion-de-la-playa-y-preparativos-para-el-receso-invernal-en-claromeco\/\",\"name\":\"Trabajos de recuperaci\u00f3n de la playa y preparativos para el receso invernal en Claromec\u00f3 - 103.9 fm\",\"isPartOf\":{\"@id\":\"https:\/\/ondauno.com.ar\/#website\"},\"primaryImageOfPage\":{\"@id\":\"https:\/\/ondauno.com.ar\/index.php\/2025\/07\/08\/trabajos-de-recuperacion-de-la-playa-y-preparativos-para-el-receso-invernal-en-claromeco\/#primaryimage\"},\"image\":{\"@id\":\"https:\/\/ondauno.com.ar\/index.php\/2025\/07\/08\/trabajos-de-recuperacion-de-la-playa-y-preparativos-para-el-receso-invernal-en-claromeco\/#primaryimage\"},\"thumbnailUrl\":\"https:\/\/ondauno.com.ar\/wp-content\/uploads\/2025\/04\/WhatsApp-Image-2025-04-04-at-17.31.22.jpeg\",\"datePublished\":\"2025-07-09T01:40:35+00:00\",\"dateModified\":\"2025-07-09T01:40:39+00:00\",\"author\":{\"@id\":\"https:\/\/ondauno.com.ar\/#\/schema\/person\/7ec851ddeceb4133d7d7132dc645714e\"},\"breadcrumb\":{\"@id\":\"https:\/\/ondauno.com.ar\/index.php\/2025\/07\/08\/trabajos-de-recuperacion-de-la-playa-y-preparativos-para-el-receso-invernal-en-claromeco\/#breadcrumb\"},\"inLanguage\":\"es-AR\",\"potentialAction\":[{\"@type\":\"ReadAction\",\"target\":[\"https:\/\/ondauno.com.ar\/index.php\/2025\/07\/08\/trabajos-de-recuperacion-de-la-playa-y-preparativos-para-el-receso-invernal-en-claromeco\/\"]}]},{\"@type\":\"ImageObject\",\"inLanguage\":\"es-AR\",\"@id\":\"https:\/\/ondauno.com.ar\/index.php\/2025\/07\/08\/trabajos-de-recuperacion-de-la-playa-y-preparativos-para-el-receso-invernal-en-claromeco\/#primaryimage\",\"url\":\"https:\/\/ondauno.com.ar\/wp-content\/uploads\/2025\/04\/WhatsApp-Image-2025-04-04-at-17.31.22.jpeg\",\"contentUrl\":\"https:\/\/ondauno.com.ar\/wp-content\/uploads\/2025\/04\/WhatsApp-Image-2025-04-04-at-17.31.22.jpeg\",\"width\":1599,\"height\":1066},{\"@type\":\"BreadcrumbList\",\"@id\":\"https:\/\/ondauno.com.ar\/index.php\/2025\/07\/08\/trabajos-de-recuperacion-de-la-playa-y-preparativos-para-el-receso-invernal-en-claromeco\/#breadcrumb\",\"itemListElement\":[{\"@type\":\"ListItem\",\"position\":1,\"name\":\"Inicio\",\"item\":\"https:\/\/ondauno.com.ar\/\"},{\"@type\":\"ListItem\",\"position\":2,\"name\":\"Trabajos de recuperaci\u00f3n de la playa y preparativos para el receso invernal en Claromec\u00f3\"}]},{\"@type\":\"WebSite\",\"@id\":\"https:\/\/ondauno.com.ar\/#website\",\"url\":\"https:\/\/ondauno.com.ar\/\",\"name\":\"103.9 fm\",\"description\":\"LA PRIMERA RADIO MULTIMEDIA DE TRES ARROYOS\",\"potentialAction\":[{\"@type\":\"SearchAction\",\"target\":{\"@type\":\"EntryPoint\",\"urlTemplate\":\"https:\/\/ondauno.com.ar\/?s={search_term_string}\"},\"query-input\":\"required name=search_term_string\"}],\"inLanguage\":\"es-AR\"},{\"@type\":\"Person\",\"@id\":\"https:\/\/ondauno.com.ar\/#\/schema\/person\/7ec851ddeceb4133d7d7132dc645714e\",\"name\":\"OndaUno\",\"image\":{\"@type\":\"ImageObject\",\"inLanguage\":\"es-AR\",\"@id\":\"https:\/\/ondauno.com.ar\/#\/schema\/person\/image\/\",\"url\":\"https:\/\/secure.gravatar.com\/avatar\/93b8009f0de7021f1feb2bd5b32fb9e8?s=96&d=mm&r=g\",\"contentUrl\":\"https:\/\/secure.gravatar.com\/avatar\/93b8009f0de7021f1feb2bd5b32fb9e8?s=96&d=mm&r=g\",\"caption\":\"OndaUno\"},\"url\":\"https:\/\/ondauno.com.ar\/index.php\/author\/ondauno\/\"}]}<\/script>\n<!-- \/ Yoast SEO plugin. -->","yoast_head_json":{"title":"Trabajos de recuperaci\u00f3n de la playa y preparativos para el receso invernal en Claromec\u00f3 - 103.9 fm","robots":{"index":"index","follow":"follow","max-snippet":"max-snippet:-1","max-image-preview":"max-image-preview:large","max-video-preview":"max-video-preview:-1"},"canonical":"https:\/\/ondauno.com.ar\/index.php\/2025\/07\/08\/trabajos-de-recuperacion-de-la-playa-y-preparativos-para-el-receso-invernal-en-claromeco\/","og_locale":"es_ES","og_type":"article","og_title":"Trabajos de recuperaci\u00f3n de la playa y preparativos para el receso invernal en Claromec\u00f3 - 103.9 fm","og_description":"En Cosas que pasan, Nicol\u00e1s Felipe, director del Ente Descentralizado Claromec\u00f3 Servicios Tur\u00edsticos, brind\u00f3 detalles sobre los trabajos que se vienen desarrollando en la costa luego de los efectos de la \u00faltima marejada y adelant\u00f3 algunas propuestas previstas para las vacaciones de invierno. Respecto a los da\u00f1os que provoc\u00f3 la crecida del mar, explic\u00f3 que [&hellip;]","og_url":"https:\/\/ondauno.com.ar\/index.php\/2025\/07\/08\/trabajos-de-recuperacion-de-la-playa-y-preparativos-para-el-receso-invernal-en-claromeco\/","og_site_name":"103.9 fm","article_publisher":"https:\/\/www.facebook.com\/ondauno103.9","article_published_time":"2025-07-09T01:40:35+00:00","article_modified_time":"2025-07-09T01:40:39+00:00","og_image":[{"width":1599,"height":1066,"url":"http:\/\/ondauno.com.ar\/wp-content\/uploads\/2025\/04\/WhatsApp-Image-2025-04-04-at-17.31.22.jpeg","type":"image\/jpeg"}],"author":"OndaUno","twitter_card":"summary_large_image","twitter_misc":{"Escrito por":"OndaUno","Tiempo de lectura":"2 minutos"},"schema":{"@context":"https:\/\/schema.org","@graph":[{"@type":"WebPage","@id":"https:\/\/ondauno.com.ar\/index.php\/2025\/07\/08\/trabajos-de-recuperacion-de-la-playa-y-preparativos-para-el-receso-invernal-en-claromeco\/","url":"https:\/\/ondauno.com.ar\/index.php\/2025\/07\/08\/trabajos-de-recuperacion-de-la-playa-y-preparativos-para-el-receso-invernal-en-claromeco\/","name":"Trabajos de recuperaci\u00f3n de la playa y preparativos para el receso invernal en Claromec\u00f3 - 103.9 fm","isPartOf":{"@id":"https:\/\/ondauno.com.ar\/#website"},"primaryImageOfPage":{"@id":"https:\/\/ondauno.com.ar\/index.php\/2025\/07\/08\/trabajos-de-recuperacion-de-la-playa-y-preparativos-para-el-receso-invernal-en-claromeco\/#primaryimage"},"image":{"@id":"https:\/\/ondauno.com.ar\/index.php\/2025\/07\/08\/trabajos-de-recuperacion-de-la-playa-y-preparativos-para-el-receso-invernal-en-claromeco\/#primaryimage"},"thumbnailUrl":"https:\/\/ondauno.com.ar\/wp-content\/uploads\/2025\/04\/WhatsApp-Image-2025-04-04-at-17.31.22.jpeg","datePublished":"2025-07-09T01:40:35+00:00","dateModified":"2025-07-09T01:40:39+00:00","author":{"@id":"https:\/\/ondauno.com.ar\/#\/schema\/person\/7ec851ddeceb4133d7d7132dc645714e"},"breadcrumb":{"@id":"https:\/\/ondauno.com.ar\/index.php\/2025\/07\/08\/trabajos-de-recuperacion-de-la-playa-y-preparativos-para-el-receso-invernal-en-claromeco\/#breadcrumb"},"inLanguage":"es-AR","potentialAction":[{"@type":"ReadAction","target":["https:\/\/ondauno.com.ar\/index.php\/2025\/07\/08\/trabajos-de-recuperacion-de-la-playa-y-preparativos-para-el-receso-invernal-en-claromeco\/"]}]},{"@type":"ImageObject","inLanguage":"es-AR","@id":"https:\/\/ondauno.com.ar\/index.php\/2025\/07\/08\/trabajos-de-recuperacion-de-la-playa-y-preparativos-para-el-receso-invernal-en-claromeco\/#primaryimage","url":"https:\/\/ondauno.com.ar\/wp-content\/uploads\/2025\/04\/WhatsApp-Image-2025-04-04-at-17.31.22.jpeg","contentUrl":"https:\/\/ondauno.com.ar\/wp-content\/uploads\/2025\/04\/WhatsApp-Image-2025-04-04-at-17.31.22.jpeg","width":1599,"height":1066},{"@type":"BreadcrumbList","@id":"https:\/\/ondauno.com.ar\/index.php\/2025\/07\/08\/trabajos-de-recuperacion-de-la-playa-y-preparativos-para-el-receso-invernal-en-claromeco\/#breadcrumb","itemListElement":[{"@type":"ListItem","position":1,"name":"Inicio","item":"https:\/\/ondauno.com.ar\/"},{"@type":"ListItem","position":2,"name":"Trabajos de recuperaci\u00f3n de la playa y preparativos para el receso invernal en Claromec\u00f3"}]},{"@type":"WebSite","@id":"https:\/\/ondauno.com.ar\/#website","url":"https:\/\/ondauno.com.ar\/","name":"103.9 fm","description":"LA PRIMERA RADIO MULTIMEDIA DE TRES ARROYOS","potentialAction":[{"@type":"SearchAction","target":{"@type":"EntryPoint","urlTemplate":"https:\/\/ondauno.com.ar\/?s={search_term_string}"},"query-input":"required name=search_term_string"}],"inLanguage":"es-AR"},{"@type":"Person","@id":"https:\/\/ondauno.com.ar\/#\/schema\/person\/7ec851ddeceb4133d7d7132dc645714e","name":"OndaUno","image":{"@type":"ImageObject","inLanguage":"es-AR","@id":"https:\/\/ondauno.com.ar\/#\/schema\/person\/image\/","url":"https:\/\/secure.gravatar.com\/avatar\/93b8009f0de7021f1feb2bd5b32fb9e8?s=96&d=mm&r=g","contentUrl":"https:\/\/secure.gravatar.com\/avatar\/93b8009f0de7021f1feb2bd5b32fb9e8?s=96&d=mm&r=g","caption":"OndaUno"},"url":"https:\/\/ondauno.com.ar\/index.php\/author\/ondauno\/"}]}},"jetpack_publicize_connections":[],"jetpack_featured_media_url":"https:\/\/ondauno.com.ar\/wp-content\/uploads\/2025\/04\/WhatsApp-Image-2025-04-04-at-17.31.22.jpeg","jetpack_sharing_enabled":true,"_links":{"self":[{"href":"https:\/\/ondauno.com.ar\/index.php\/wp-json\/wp\/v2\/posts\/58223","targetHints":{"allow":["GET"]}}],"collection":[{"href":"https:\/\/ondauno.com.ar\/index.php\/wp-json\/wp\/v2\/posts"}],"about":[{"href":"https:\/\/ondauno.com.ar\/index.php\/wp-json\/wp\/v2\/types\/post"}],"author":[{"embeddable":true,"href":"https:\/\/ondauno.com.ar\/index.php\/wp-json\/wp\/v2\/users\/1"}],"replies":[{"embeddable":true,"href":"https:\/\/ondauno.com.ar\/index.php\/wp-json\/wp\/v2\/comments?post=58223"}],"version-history":[{"count":1,"href":"https:\/\/ondauno.com.ar\/index.php\/wp-json\/wp\/v2\/posts\/58223\/revisions"}],"predecessor-version":[{"id":58224,"href":"https:\/\/ondauno.com.ar\/index.php\/wp-json\/wp\/v2\/posts\/58223\/revisions\/58224"}],"wp:featuredmedia":[{"embeddable":true,"href":"https:\/\/ondauno.com.ar\/index.php\/wp-json\/wp\/v2\/media\/54963"}],"wp:attachment":[{"href":"https:\/\/ondauno.com.ar\/index.php\/wp-json\/wp\/v2\/media?parent=58223"}],"wp:term":[{"taxonomy":"category","embeddable":true,"href":"https:\/\/ondauno.com.ar\/index.php\/wp-json\/wp\/v2\/categories?post=58223"},{"taxonomy":"post_tag","embeddable":true,"href":"https:\/\/ondauno.com.ar\/index.php\/wp-json\/wp\/v2\/tags?post=58223"}],"curies":[{"name":"wp","href":"https:\/\/api.w.org\/{rel}","templated":true}]}}