{"id":58212,"date":"2025-07-08T21:47:45","date_gmt":"2025-07-09T00:47:45","guid":{"rendered":"https:\/\/ondauno.com.ar\/?p=58212"},"modified":"2025-07-08T21:47:50","modified_gmt":"2025-07-09T00:47:50","slug":"las-escuelas-de-orense-celebraron-juntas-el-9-de-julio-con-un-emotivo-acto","status":"publish","type":"post","link":"https:\/\/ondauno.com.ar\/index.php\/2025\/07\/08\/las-escuelas-de-orense-celebraron-juntas-el-9-de-julio-con-un-emotivo-acto\/","title":{"rendered":"Las escuelas de Orense celebraron juntas el 9 de Julio con un emotivo acto"},"content":{"rendered":"<div class=\"ondau-before-content_3\" style=\"margin-top: -30px;\" id=\"ondau-1440043128\"><a href=\"https:\/\/www.lps.com.ar\/\" aria-label=\"la-perse2\"><img loading=\"lazy\" decoding=\"async\" src=\"https:\/\/ondauno.com.ar\/wp-content\/uploads\/2021\/10\/la-perse2.jpg\" alt=\"\"  srcset=\"https:\/\/ondauno.com.ar\/wp-content\/uploads\/2021\/10\/la-perse2.jpg 1353w, https:\/\/ondauno.com.ar\/wp-content\/uploads\/2021\/10\/la-perse2-300x43.jpg 300w, https:\/\/ondauno.com.ar\/wp-content\/uploads\/2021\/10\/la-perse2-1024x148.jpg 1024w, https:\/\/ondauno.com.ar\/wp-content\/uploads\/2021\/10\/la-perse2-768x111.jpg 768w, https:\/\/ondauno.com.ar\/wp-content\/uploads\/2021\/10\/la-perse2-696x100.jpg 696w, https:\/\/ondauno.com.ar\/wp-content\/uploads\/2021\/10\/la-perse2-1068x154.jpg 1068w\" sizes=\"(max-width: 1353px) 100vw, 1353px\" class=\"no-lazyload\" width=\"1353\" height=\"195\"  style=\"display: inline-block;\" \/><\/a><\/div>\n<p>Las instituciones educativas de Orense se unieron para festejar en conjunto el Acto por el d\u00eda de la Independencia.<\/p>\n\n\n\n<p>Esta ma\u00f1ana, el intendente Pablo Garate, el subsecretario de Gobierno y Transporte Santiago Garate y el Director de Cultura, Educaci\u00f3n y Derechos Humanos Mart\u00edn Rodr\u00edguez Blanco acompa\u00f1aron al Delegado Juli\u00e1n P\u00e9rez Olivero de Orense en el Acto Oficial por el 9 de Julio, que se realiz\u00f3 en el CEF 113.<\/p>\n\n\n\n<figure class=\"wp-block-image size-large\"><img loading=\"lazy\" decoding=\"async\" width=\"1024\" height=\"683\" data-src=\"https:\/\/ondauno.com.ar\/wp-content\/uploads\/2025\/07\/033-1024x683.webp\" alt=\"\" class=\"wp-image-58214 lazyload\" data-srcset=\"https:\/\/ondauno.com.ar\/wp-content\/uploads\/2025\/07\/033-1024x683.webp 1024w, https:\/\/ondauno.com.ar\/wp-content\/uploads\/2025\/07\/033-300x200.webp 300w, https:\/\/ondauno.com.ar\/wp-content\/uploads\/2025\/07\/033-768x512.webp 768w, https:\/\/ondauno.com.ar\/wp-content\/uploads\/2025\/07\/033-1536x1024.webp 1536w, https:\/\/ondauno.com.ar\/wp-content\/uploads\/2025\/07\/033-630x420.webp 630w, https:\/\/ondauno.com.ar\/wp-content\/uploads\/2025\/07\/033-696x464.webp 696w, https:\/\/ondauno.com.ar\/wp-content\/uploads\/2025\/07\/033-1068x712.webp 1068w, https:\/\/ondauno.com.ar\/wp-content\/uploads\/2025\/07\/033.webp 1920w\" data-sizes=\"auto, (max-width: 1024px) 100vw, 1024px\" src=\"data:image\/gif;base64,R0lGODlhAQABAAAAACH5BAEKAAEALAAAAAABAAEAAAICTAEAOw==\" style=\"--smush-placeholder-width: 1024px; --smush-placeholder-aspect-ratio: 1024\/683;\" \/><noscript><img loading=\"lazy\" decoding=\"async\" width=\"1024\" height=\"683\" src=\"https:\/\/ondauno.com.ar\/wp-content\/uploads\/2025\/07\/033-1024x683.webp\" alt=\"\" class=\"wp-image-58214\" srcset=\"https:\/\/ondauno.com.ar\/wp-content\/uploads\/2025\/07\/033-1024x683.webp 1024w, https:\/\/ondauno.com.ar\/wp-content\/uploads\/2025\/07\/033-300x200.webp 300w, https:\/\/ondauno.com.ar\/wp-content\/uploads\/2025\/07\/033-768x512.webp 768w, https:\/\/ondauno.com.ar\/wp-content\/uploads\/2025\/07\/033-1536x1024.webp 1536w, https:\/\/ondauno.com.ar\/wp-content\/uploads\/2025\/07\/033-630x420.webp 630w, https:\/\/ondauno.com.ar\/wp-content\/uploads\/2025\/07\/033-696x464.webp 696w, https:\/\/ondauno.com.ar\/wp-content\/uploads\/2025\/07\/033-1068x712.webp 1068w, https:\/\/ondauno.com.ar\/wp-content\/uploads\/2025\/07\/033.webp 1920w\" sizes=\"auto, (max-width: 1024px) 100vw, 1024px\" \/><\/noscript><\/figure>\n\n\n\n<p>Para esta ocasi\u00f3n, todos los chicos del pueblo se unieron. Desde el Jard\u00edn 904, la escuela primaria 17, la primaria 47, el Colegio San Jos\u00e9 y la secundaria 8. Tambi\u00e9n participaron las instituciones locales, muy involucradas en todos los eventos de Orense.<\/p>\n\n\n\n<p>Demostraron distintas escenas referidas a la historia de nuestro pa\u00eds, con danzas tradicionales, costumbres y la Casita de Tucum\u00e1n, reflejando nuestra identidad a trav\u00e9s de los colores celeste y blanco.<\/p>\n\n\n\n<p>\u201cUn gran aplauso para todos ustedes porque el acto sali\u00f3 muy bien. Nos hacen reflexionar, c\u00f3mo ladrillo a ladrillo se hizo la Casa de Tucum\u00e1n y as\u00ed entendemos nosotros la libertad y la independencia, cada uno tiene algo para aportar para construir la patria que so\u00f1amos y que todav\u00eda la seguimos construyendo. Nos comprometemos desde ac\u00e1, desde lo m\u00e1s cercano, desde el municipio, los vecinos, las vecinas, las instituciones porque cada granito de arena importa en la construcci\u00f3n de una Argentina mejor.\u201d Expres\u00f3 el Intendente Pablo Garate en sus palabras.<\/p>\n\n\n\n<p>Toda la comunidad educativa trabaj\u00f3 arduamente para lograr este evento, al que tambi\u00e9n asistieron la presidenta del Consejo Escolar Gabriela Gac\u00eda, directivos de todas las escuelas, y sectores institucionales de inicial, primaria y secundaria.<\/p>\n","protected":false},"excerpt":{"rendered":"<p>Las instituciones educativas de Orense se unieron para festejar en conjunto el Acto por el d\u00eda de la Independencia. Esta ma\u00f1ana, el intendente Pablo Garate, el subsecretario de Gobierno y Transporte Santiago Garate y el Director de Cultura, Educaci\u00f3n y Derechos Humanos Mart\u00edn Rodr\u00edguez Blanco acompa\u00f1aron al Delegado Juli\u00e1n P\u00e9rez Olivero de Orense en el [&hellip;]<\/p>\n","protected":false},"author":1,"featured_media":58213,"comment_status":"open","ping_status":"open","sticky":false,"template":"","format":"standard","meta":{"tdm_status":"","tdm_grid_status":"","_jetpack_memberships_contains_paid_content":false,"footnotes":"","jetpack_publicize_message":"","jetpack_publicize_feature_enabled":true,"jetpack_social_post_already_shared":true,"jetpack_social_options":{"image_generator_settings":{"template":"highway","default_image_id":0,"font":"","enabled":false},"version":2}},"categories":[2],"tags":[],"class_list":{"0":"post-58212","1":"post","2":"type-post","3":"status-publish","4":"format-standard","5":"has-post-thumbnail","7":"category-locales"},"yoast_head":"<!-- This site is optimized with the Yoast SEO plugin v22.7 - https:\/\/yoast.com\/wordpress\/plugins\/seo\/ -->\n<title>Las escuelas de Orense celebraron juntas el 9 de Julio con un emotivo acto - 103.9 fm<\/title>\n<meta name=\"robots\" content=\"index, follow, max-snippet:-1, max-image-preview:large, max-video-preview:-1\" \/>\n<link rel=\"canonical\" href=\"https:\/\/ondauno.com.ar\/index.php\/2025\/07\/08\/las-escuelas-de-orense-celebraron-juntas-el-9-de-julio-con-un-emotivo-acto\/\" \/>\n<meta property=\"og:locale\" content=\"es_ES\" \/>\n<meta property=\"og:type\" content=\"article\" \/>\n<meta property=\"og:title\" content=\"Las escuelas de Orense celebraron juntas el 9 de Julio con un emotivo acto - 103.9 fm\" \/>\n<meta property=\"og:description\" content=\"Las instituciones educativas de Orense se unieron para festejar en conjunto el Acto por el d\u00eda de la Independencia. Esta ma\u00f1ana, el intendente Pablo Garate, el subsecretario de Gobierno y Transporte Santiago Garate y el Director de Cultura, Educaci\u00f3n y Derechos Humanos Mart\u00edn Rodr\u00edguez Blanco acompa\u00f1aron al Delegado Juli\u00e1n P\u00e9rez Olivero de Orense en el [&hellip;]\" \/>\n<meta property=\"og:url\" content=\"https:\/\/ondauno.com.ar\/index.php\/2025\/07\/08\/las-escuelas-de-orense-celebraron-juntas-el-9-de-julio-con-un-emotivo-acto\/\" \/>\n<meta property=\"og:site_name\" content=\"103.9 fm\" \/>\n<meta property=\"article:publisher\" content=\"https:\/\/www.facebook.com\/ondauno103.9\" \/>\n<meta property=\"article:published_time\" content=\"2025-07-09T00:47:45+00:00\" \/>\n<meta property=\"article:modified_time\" content=\"2025-07-09T00:47:50+00:00\" \/>\n<meta property=\"og:image\" content=\"http:\/\/ondauno.com.ar\/wp-content\/uploads\/2025\/07\/048.webp\" \/>\n\t<meta property=\"og:image:width\" content=\"1920\" \/>\n\t<meta property=\"og:image:height\" content=\"1280\" \/>\n\t<meta property=\"og:image:type\" content=\"image\/webp\" \/>\n<meta name=\"author\" content=\"OndaUno\" \/>\n<meta name=\"twitter:card\" content=\"summary_large_image\" \/>\n<meta name=\"twitter:label1\" content=\"Escrito por\" \/>\n\t<meta name=\"twitter:data1\" content=\"OndaUno\" \/>\n\t<meta name=\"twitter:label2\" content=\"Tiempo de lectura\" \/>\n\t<meta name=\"twitter:data2\" content=\"2 minutos\" \/>\n<script type=\"application\/ld+json\" class=\"yoast-schema-graph\">{\"@context\":\"https:\/\/schema.org\",\"@graph\":[{\"@type\":\"WebPage\",\"@id\":\"https:\/\/ondauno.com.ar\/index.php\/2025\/07\/08\/las-escuelas-de-orense-celebraron-juntas-el-9-de-julio-con-un-emotivo-acto\/\",\"url\":\"https:\/\/ondauno.com.ar\/index.php\/2025\/07\/08\/las-escuelas-de-orense-celebraron-juntas-el-9-de-julio-con-un-emotivo-acto\/\",\"name\":\"Las escuelas de Orense celebraron juntas el 9 de Julio con un emotivo acto - 103.9 fm\",\"isPartOf\":{\"@id\":\"https:\/\/ondauno.com.ar\/#website\"},\"primaryImageOfPage\":{\"@id\":\"https:\/\/ondauno.com.ar\/index.php\/2025\/07\/08\/las-escuelas-de-orense-celebraron-juntas-el-9-de-julio-con-un-emotivo-acto\/#primaryimage\"},\"image\":{\"@id\":\"https:\/\/ondauno.com.ar\/index.php\/2025\/07\/08\/las-escuelas-de-orense-celebraron-juntas-el-9-de-julio-con-un-emotivo-acto\/#primaryimage\"},\"thumbnailUrl\":\"https:\/\/ondauno.com.ar\/wp-content\/uploads\/2025\/07\/048.webp\",\"datePublished\":\"2025-07-09T00:47:45+00:00\",\"dateModified\":\"2025-07-09T00:47:50+00:00\",\"author\":{\"@id\":\"https:\/\/ondauno.com.ar\/#\/schema\/person\/7ec851ddeceb4133d7d7132dc645714e\"},\"breadcrumb\":{\"@id\":\"https:\/\/ondauno.com.ar\/index.php\/2025\/07\/08\/las-escuelas-de-orense-celebraron-juntas-el-9-de-julio-con-un-emotivo-acto\/#breadcrumb\"},\"inLanguage\":\"es-AR\",\"potentialAction\":[{\"@type\":\"ReadAction\",\"target\":[\"https:\/\/ondauno.com.ar\/index.php\/2025\/07\/08\/las-escuelas-de-orense-celebraron-juntas-el-9-de-julio-con-un-emotivo-acto\/\"]}]},{\"@type\":\"ImageObject\",\"inLanguage\":\"es-AR\",\"@id\":\"https:\/\/ondauno.com.ar\/index.php\/2025\/07\/08\/las-escuelas-de-orense-celebraron-juntas-el-9-de-julio-con-un-emotivo-acto\/#primaryimage\",\"url\":\"https:\/\/ondauno.com.ar\/wp-content\/uploads\/2025\/07\/048.webp\",\"contentUrl\":\"https:\/\/ondauno.com.ar\/wp-content\/uploads\/2025\/07\/048.webp\",\"width\":1920,\"height\":1280},{\"@type\":\"BreadcrumbList\",\"@id\":\"https:\/\/ondauno.com.ar\/index.php\/2025\/07\/08\/las-escuelas-de-orense-celebraron-juntas-el-9-de-julio-con-un-emotivo-acto\/#breadcrumb\",\"itemListElement\":[{\"@type\":\"ListItem\",\"position\":1,\"name\":\"Inicio\",\"item\":\"https:\/\/ondauno.com.ar\/\"},{\"@type\":\"ListItem\",\"position\":2,\"name\":\"Las escuelas de Orense celebraron juntas el 9 de Julio con un emotivo acto\"}]},{\"@type\":\"WebSite\",\"@id\":\"https:\/\/ondauno.com.ar\/#website\",\"url\":\"https:\/\/ondauno.com.ar\/\",\"name\":\"103.9 fm\",\"description\":\"LA PRIMERA RADIO MULTIMEDIA DE TRES ARROYOS\",\"potentialAction\":[{\"@type\":\"SearchAction\",\"target\":{\"@type\":\"EntryPoint\",\"urlTemplate\":\"https:\/\/ondauno.com.ar\/?s={search_term_string}\"},\"query-input\":\"required name=search_term_string\"}],\"inLanguage\":\"es-AR\"},{\"@type\":\"Person\",\"@id\":\"https:\/\/ondauno.com.ar\/#\/schema\/person\/7ec851ddeceb4133d7d7132dc645714e\",\"name\":\"OndaUno\",\"image\":{\"@type\":\"ImageObject\",\"inLanguage\":\"es-AR\",\"@id\":\"https:\/\/ondauno.com.ar\/#\/schema\/person\/image\/\",\"url\":\"https:\/\/secure.gravatar.com\/avatar\/93b8009f0de7021f1feb2bd5b32fb9e8?s=96&d=mm&r=g\",\"contentUrl\":\"https:\/\/secure.gravatar.com\/avatar\/93b8009f0de7021f1feb2bd5b32fb9e8?s=96&d=mm&r=g\",\"caption\":\"OndaUno\"},\"url\":\"https:\/\/ondauno.com.ar\/index.php\/author\/ondauno\/\"}]}<\/script>\n<!-- \/ Yoast SEO plugin. -->","yoast_head_json":{"title":"Las escuelas de Orense celebraron juntas el 9 de Julio con un emotivo acto - 103.9 fm","robots":{"index":"index","follow":"follow","max-snippet":"max-snippet:-1","max-image-preview":"max-image-preview:large","max-video-preview":"max-video-preview:-1"},"canonical":"https:\/\/ondauno.com.ar\/index.php\/2025\/07\/08\/las-escuelas-de-orense-celebraron-juntas-el-9-de-julio-con-un-emotivo-acto\/","og_locale":"es_ES","og_type":"article","og_title":"Las escuelas de Orense celebraron juntas el 9 de Julio con un emotivo acto - 103.9 fm","og_description":"Las instituciones educativas de Orense se unieron para festejar en conjunto el Acto por el d\u00eda de la Independencia. Esta ma\u00f1ana, el intendente Pablo Garate, el subsecretario de Gobierno y Transporte Santiago Garate y el Director de Cultura, Educaci\u00f3n y Derechos Humanos Mart\u00edn Rodr\u00edguez Blanco acompa\u00f1aron al Delegado Juli\u00e1n P\u00e9rez Olivero de Orense en el [&hellip;]","og_url":"https:\/\/ondauno.com.ar\/index.php\/2025\/07\/08\/las-escuelas-de-orense-celebraron-juntas-el-9-de-julio-con-un-emotivo-acto\/","og_site_name":"103.9 fm","article_publisher":"https:\/\/www.facebook.com\/ondauno103.9","article_published_time":"2025-07-09T00:47:45+00:00","article_modified_time":"2025-07-09T00:47:50+00:00","og_image":[{"width":1920,"height":1280,"url":"http:\/\/ondauno.com.ar\/wp-content\/uploads\/2025\/07\/048.webp","type":"image\/webp"}],"author":"OndaUno","twitter_card":"summary_large_image","twitter_misc":{"Escrito por":"OndaUno","Tiempo de lectura":"2 minutos"},"schema":{"@context":"https:\/\/schema.org","@graph":[{"@type":"WebPage","@id":"https:\/\/ondauno.com.ar\/index.php\/2025\/07\/08\/las-escuelas-de-orense-celebraron-juntas-el-9-de-julio-con-un-emotivo-acto\/","url":"https:\/\/ondauno.com.ar\/index.php\/2025\/07\/08\/las-escuelas-de-orense-celebraron-juntas-el-9-de-julio-con-un-emotivo-acto\/","name":"Las escuelas de Orense celebraron juntas el 9 de Julio con un emotivo acto - 103.9 fm","isPartOf":{"@id":"https:\/\/ondauno.com.ar\/#website"},"primaryImageOfPage":{"@id":"https:\/\/ondauno.com.ar\/index.php\/2025\/07\/08\/las-escuelas-de-orense-celebraron-juntas-el-9-de-julio-con-un-emotivo-acto\/#primaryimage"},"image":{"@id":"https:\/\/ondauno.com.ar\/index.php\/2025\/07\/08\/las-escuelas-de-orense-celebraron-juntas-el-9-de-julio-con-un-emotivo-acto\/#primaryimage"},"thumbnailUrl":"https:\/\/ondauno.com.ar\/wp-content\/uploads\/2025\/07\/048.webp","datePublished":"2025-07-09T00:47:45+00:00","dateModified":"2025-07-09T00:47:50+00:00","author":{"@id":"https:\/\/ondauno.com.ar\/#\/schema\/person\/7ec851ddeceb4133d7d7132dc645714e"},"breadcrumb":{"@id":"https:\/\/ondauno.com.ar\/index.php\/2025\/07\/08\/las-escuelas-de-orense-celebraron-juntas-el-9-de-julio-con-un-emotivo-acto\/#breadcrumb"},"inLanguage":"es-AR","potentialAction":[{"@type":"ReadAction","target":["https:\/\/ondauno.com.ar\/index.php\/2025\/07\/08\/las-escuelas-de-orense-celebraron-juntas-el-9-de-julio-con-un-emotivo-acto\/"]}]},{"@type":"ImageObject","inLanguage":"es-AR","@id":"https:\/\/ondauno.com.ar\/index.php\/2025\/07\/08\/las-escuelas-de-orense-celebraron-juntas-el-9-de-julio-con-un-emotivo-acto\/#primaryimage","url":"https:\/\/ondauno.com.ar\/wp-content\/uploads\/2025\/07\/048.webp","contentUrl":"https:\/\/ondauno.com.ar\/wp-content\/uploads\/2025\/07\/048.webp","width":1920,"height":1280},{"@type":"BreadcrumbList","@id":"https:\/\/ondauno.com.ar\/index.php\/2025\/07\/08\/las-escuelas-de-orense-celebraron-juntas-el-9-de-julio-con-un-emotivo-acto\/#breadcrumb","itemListElement":[{"@type":"ListItem","position":1,"name":"Inicio","item":"https:\/\/ondauno.com.ar\/"},{"@type":"ListItem","position":2,"name":"Las escuelas de Orense celebraron juntas el 9 de Julio con un emotivo acto"}]},{"@type":"WebSite","@id":"https:\/\/ondauno.com.ar\/#website","url":"https:\/\/ondauno.com.ar\/","name":"103.9 fm","description":"LA PRIMERA RADIO MULTIMEDIA DE TRES ARROYOS","potentialAction":[{"@type":"SearchAction","target":{"@type":"EntryPoint","urlTemplate":"https:\/\/ondauno.com.ar\/?s={search_term_string}"},"query-input":"required name=search_term_string"}],"inLanguage":"es-AR"},{"@type":"Person","@id":"https:\/\/ondauno.com.ar\/#\/schema\/person\/7ec851ddeceb4133d7d7132dc645714e","name":"OndaUno","image":{"@type":"ImageObject","inLanguage":"es-AR","@id":"https:\/\/ondauno.com.ar\/#\/schema\/person\/image\/","url":"https:\/\/secure.gravatar.com\/avatar\/93b8009f0de7021f1feb2bd5b32fb9e8?s=96&d=mm&r=g","contentUrl":"https:\/\/secure.gravatar.com\/avatar\/93b8009f0de7021f1feb2bd5b32fb9e8?s=96&d=mm&r=g","caption":"OndaUno"},"url":"https:\/\/ondauno.com.ar\/index.php\/author\/ondauno\/"}]}},"jetpack_publicize_connections":[],"jetpack_featured_media_url":"https:\/\/ondauno.com.ar\/wp-content\/uploads\/2025\/07\/048.webp","jetpack_sharing_enabled":true,"_links":{"self":[{"href":"https:\/\/ondauno.com.ar\/index.php\/wp-json\/wp\/v2\/posts\/58212","targetHints":{"allow":["GET"]}}],"collection":[{"href":"https:\/\/ondauno.com.ar\/index.php\/wp-json\/wp\/v2\/posts"}],"about":[{"href":"https:\/\/ondauno.com.ar\/index.php\/wp-json\/wp\/v2\/types\/post"}],"author":[{"embeddable":true,"href":"https:\/\/ondauno.com.ar\/index.php\/wp-json\/wp\/v2\/users\/1"}],"replies":[{"embeddable":true,"href":"https:\/\/ondauno.com.ar\/index.php\/wp-json\/wp\/v2\/comments?post=58212"}],"version-history":[{"count":1,"href":"https:\/\/ondauno.com.ar\/index.php\/wp-json\/wp\/v2\/posts\/58212\/revisions"}],"predecessor-version":[{"id":58215,"href":"https:\/\/ondauno.com.ar\/index.php\/wp-json\/wp\/v2\/posts\/58212\/revisions\/58215"}],"wp:featuredmedia":[{"embeddable":true,"href":"https:\/\/ondauno.com.ar\/index.php\/wp-json\/wp\/v2\/media\/58213"}],"wp:attachment":[{"href":"https:\/\/ondauno.com.ar\/index.php\/wp-json\/wp\/v2\/media?parent=58212"}],"wp:term":[{"taxonomy":"category","embeddable":true,"href":"https:\/\/ondauno.com.ar\/index.php\/wp-json\/wp\/v2\/categories?post=58212"},{"taxonomy":"post_tag","embeddable":true,"href":"https:\/\/ondauno.com.ar\/index.php\/wp-json\/wp\/v2\/tags?post=58212"}],"curies":[{"name":"wp","href":"https:\/\/api.w.org\/{rel}","templated":true}]}}