{"id":57934,"date":"2025-06-30T18:47:04","date_gmt":"2025-06-30T21:47:04","guid":{"rendered":"https:\/\/ondauno.com.ar\/?p=57934"},"modified":"2025-06-30T18:47:09","modified_gmt":"2025-06-30T21:47:09","slug":"abrio-la-convocatoria-para-la-4-edicion-del-circuito-teatristas-independientes-de-la-region-11","status":"publish","type":"post","link":"https:\/\/ondauno.com.ar\/index.php\/2025\/06\/30\/abrio-la-convocatoria-para-la-4-edicion-del-circuito-teatristas-independientes-de-la-region-11\/","title":{"rendered":"Abri\u00f3 la convocatoria para la 4\u00b0 edici\u00f3n del Circuito Teatristas Independientes de la Regi\u00f3n 11"},"content":{"rendered":"<div class=\"ondau-before-content_3\" style=\"margin-top: -30px;\" id=\"ondau-1948858463\"><a href=\"https:\/\/www.lps.com.ar\/\" aria-label=\"la-perse2\"><img loading=\"lazy\" decoding=\"async\" src=\"https:\/\/ondauno.com.ar\/wp-content\/uploads\/2021\/10\/la-perse2.jpg\" alt=\"\"  srcset=\"https:\/\/ondauno.com.ar\/wp-content\/uploads\/2021\/10\/la-perse2.jpg 1353w, https:\/\/ondauno.com.ar\/wp-content\/uploads\/2021\/10\/la-perse2-300x43.jpg 300w, https:\/\/ondauno.com.ar\/wp-content\/uploads\/2021\/10\/la-perse2-1024x148.jpg 1024w, https:\/\/ondauno.com.ar\/wp-content\/uploads\/2021\/10\/la-perse2-768x111.jpg 768w, https:\/\/ondauno.com.ar\/wp-content\/uploads\/2021\/10\/la-perse2-696x100.jpg 696w, https:\/\/ondauno.com.ar\/wp-content\/uploads\/2021\/10\/la-perse2-1068x154.jpg 1068w\" sizes=\"(max-width: 1353px) 100vw, 1353px\" class=\"no-lazyload\" width=\"1353\" height=\"195\"  style=\"display: inline-block;\" \/><\/a><\/div>\n<p>Se encuentra abierta la inscripci\u00f3n para la cuarta edici\u00f3n del \u201cCircuito de Teatristas Independientes\u201d de la Regi\u00f3n XI del centro sur de la provincia de Buenos Aires, una iniciativa que busca fomentar el intercambio cultural y la circulaci\u00f3n de espect\u00e1culos teatrales entre distintas localidades.<\/p>\n\n\n\n<p>El proyecto est\u00e1 destinado a elencos, artistas, salas teatrales y espacios culturales de los partidos de Ayacucho, Balcarce, Benito Ju\u00e1rez, Gonzales Chaves, Lober\u00eda, Necochea, San Cayetano, Tandil y Tres Arroyos. Los espect\u00e1culos seleccionados deber\u00e1n presentarse en salas de localidades distintas a la de origen del grupo o artista.<\/p>\n\n\n\n<p>La inscripci\u00f3n est\u00e1 abierta hasta el 4 de julio de 2025 inclusive y se realiza a trav\u00e9s de formularios en l\u00ednea:<\/p>\n\n\n\n<ul class=\"wp-block-list\">\n<li><a class=\"\" href=\"https:\/\/forms.gle\/iv1miMqe9h2VegYe6\">Formulario para salas y espacios culturales<\/a><\/li>\n\n\n\n<li><a class=\"\" href=\"https:\/\/forms.gle\/gXdSEaDTsVEaRbpw6\">Formulario para espect\u00e1culos teatrales<\/a><\/li>\n<\/ul>\n\n\n\n<p>Podr\u00e1n postularse obras de teatro en todos sus formatos: teatro de objetos, teatro danza, teatro f\u00edsico, unipersonales, performances y otras propuestas esc\u00e9nicas.<\/p>\n\n\n\n<p>El Circuito de Teatristas Independientes fue creado durante la pandemia y se realiza de forma ininterrumpida desde 2022. La iniciativa es impulsada por teatristas y referentes culturales de la regi\u00f3n, con el apoyo del Consejo Provincial de Teatro Independiente (CPTI) y el Programa SustentArte de la Facultad de Arte de la UNICEN.<\/p>\n\n\n\n<p>Desde la organizaci\u00f3n se invita a toda la comunidad teatral a participar de esta nueva edici\u00f3n, que se desarrollar\u00e1 entre los meses de agosto y noviembre de este a\u00f1o.<\/p>\n","protected":false},"excerpt":{"rendered":"<p>Se encuentra abierta la inscripci\u00f3n para la cuarta edici\u00f3n del \u201cCircuito de Teatristas Independientes\u201d de la Regi\u00f3n XI del centro sur de la provincia de Buenos Aires, una iniciativa que busca fomentar el intercambio cultural y la circulaci\u00f3n de espect\u00e1culos teatrales entre distintas localidades. El proyecto est\u00e1 destinado a elencos, artistas, salas teatrales y espacios [&hellip;]<\/p>\n","protected":false},"author":1,"featured_media":57935,"comment_status":"open","ping_status":"open","sticky":false,"template":"","format":"standard","meta":{"tdm_status":"","tdm_grid_status":"","_jetpack_memberships_contains_paid_content":false,"footnotes":"","jetpack_publicize_message":"","jetpack_publicize_feature_enabled":true,"jetpack_social_post_already_shared":true,"jetpack_social_options":{"image_generator_settings":{"template":"highway","default_image_id":0,"font":"","enabled":false},"version":2}},"categories":[1],"tags":[],"class_list":{"0":"post-57934","1":"post","2":"type-post","3":"status-publish","4":"format-standard","5":"has-post-thumbnail","7":"category-sin-categoria"},"yoast_head":"<!-- This site is optimized with the Yoast SEO plugin v22.7 - https:\/\/yoast.com\/wordpress\/plugins\/seo\/ -->\n<title>Abri\u00f3 la convocatoria para la 4\u00b0 edici\u00f3n del Circuito Teatristas Independientes de la Regi\u00f3n 11 - 103.9 fm<\/title>\n<meta name=\"robots\" content=\"index, follow, max-snippet:-1, max-image-preview:large, max-video-preview:-1\" \/>\n<link rel=\"canonical\" href=\"https:\/\/ondauno.com.ar\/index.php\/2025\/06\/30\/abrio-la-convocatoria-para-la-4-edicion-del-circuito-teatristas-independientes-de-la-region-11\/\" \/>\n<meta property=\"og:locale\" content=\"es_ES\" \/>\n<meta property=\"og:type\" content=\"article\" \/>\n<meta property=\"og:title\" content=\"Abri\u00f3 la convocatoria para la 4\u00b0 edici\u00f3n del Circuito Teatristas Independientes de la Regi\u00f3n 11 - 103.9 fm\" \/>\n<meta property=\"og:description\" content=\"Se encuentra abierta la inscripci\u00f3n para la cuarta edici\u00f3n del \u201cCircuito de Teatristas Independientes\u201d de la Regi\u00f3n XI del centro sur de la provincia de Buenos Aires, una iniciativa que busca fomentar el intercambio cultural y la circulaci\u00f3n de espect\u00e1culos teatrales entre distintas localidades. El proyecto est\u00e1 destinado a elencos, artistas, salas teatrales y espacios [&hellip;]\" \/>\n<meta property=\"og:url\" content=\"https:\/\/ondauno.com.ar\/index.php\/2025\/06\/30\/abrio-la-convocatoria-para-la-4-edicion-del-circuito-teatristas-independientes-de-la-region-11\/\" \/>\n<meta property=\"og:site_name\" content=\"103.9 fm\" \/>\n<meta property=\"article:publisher\" content=\"https:\/\/www.facebook.com\/ondauno103.9\" \/>\n<meta property=\"article:published_time\" content=\"2025-06-30T21:47:04+00:00\" \/>\n<meta property=\"article:modified_time\" content=\"2025-06-30T21:47:09+00:00\" \/>\n<meta property=\"og:image\" content=\"http:\/\/ondauno.com.ar\/wp-content\/uploads\/2025\/06\/WhatsApp-Image-2025-06-30-at-17.37.47.jpeg\" \/>\n\t<meta property=\"og:image:width\" content=\"1080\" \/>\n\t<meta property=\"og:image:height\" content=\"1350\" \/>\n\t<meta property=\"og:image:type\" content=\"image\/jpeg\" \/>\n<meta name=\"author\" content=\"OndaUno\" \/>\n<meta name=\"twitter:card\" content=\"summary_large_image\" \/>\n<meta name=\"twitter:label1\" content=\"Escrito por\" \/>\n\t<meta name=\"twitter:data1\" content=\"OndaUno\" \/>\n\t<meta name=\"twitter:label2\" content=\"Tiempo de lectura\" \/>\n\t<meta name=\"twitter:data2\" content=\"2 minutos\" \/>\n<script type=\"application\/ld+json\" class=\"yoast-schema-graph\">{\"@context\":\"https:\/\/schema.org\",\"@graph\":[{\"@type\":\"WebPage\",\"@id\":\"https:\/\/ondauno.com.ar\/index.php\/2025\/06\/30\/abrio-la-convocatoria-para-la-4-edicion-del-circuito-teatristas-independientes-de-la-region-11\/\",\"url\":\"https:\/\/ondauno.com.ar\/index.php\/2025\/06\/30\/abrio-la-convocatoria-para-la-4-edicion-del-circuito-teatristas-independientes-de-la-region-11\/\",\"name\":\"Abri\u00f3 la convocatoria para la 4\u00b0 edici\u00f3n del Circuito Teatristas Independientes de la Regi\u00f3n 11 - 103.9 fm\",\"isPartOf\":{\"@id\":\"https:\/\/ondauno.com.ar\/#website\"},\"primaryImageOfPage\":{\"@id\":\"https:\/\/ondauno.com.ar\/index.php\/2025\/06\/30\/abrio-la-convocatoria-para-la-4-edicion-del-circuito-teatristas-independientes-de-la-region-11\/#primaryimage\"},\"image\":{\"@id\":\"https:\/\/ondauno.com.ar\/index.php\/2025\/06\/30\/abrio-la-convocatoria-para-la-4-edicion-del-circuito-teatristas-independientes-de-la-region-11\/#primaryimage\"},\"thumbnailUrl\":\"https:\/\/ondauno.com.ar\/wp-content\/uploads\/2025\/06\/WhatsApp-Image-2025-06-30-at-17.37.47.jpeg\",\"datePublished\":\"2025-06-30T21:47:04+00:00\",\"dateModified\":\"2025-06-30T21:47:09+00:00\",\"author\":{\"@id\":\"https:\/\/ondauno.com.ar\/#\/schema\/person\/7ec851ddeceb4133d7d7132dc645714e\"},\"breadcrumb\":{\"@id\":\"https:\/\/ondauno.com.ar\/index.php\/2025\/06\/30\/abrio-la-convocatoria-para-la-4-edicion-del-circuito-teatristas-independientes-de-la-region-11\/#breadcrumb\"},\"inLanguage\":\"es-AR\",\"potentialAction\":[{\"@type\":\"ReadAction\",\"target\":[\"https:\/\/ondauno.com.ar\/index.php\/2025\/06\/30\/abrio-la-convocatoria-para-la-4-edicion-del-circuito-teatristas-independientes-de-la-region-11\/\"]}]},{\"@type\":\"ImageObject\",\"inLanguage\":\"es-AR\",\"@id\":\"https:\/\/ondauno.com.ar\/index.php\/2025\/06\/30\/abrio-la-convocatoria-para-la-4-edicion-del-circuito-teatristas-independientes-de-la-region-11\/#primaryimage\",\"url\":\"https:\/\/ondauno.com.ar\/wp-content\/uploads\/2025\/06\/WhatsApp-Image-2025-06-30-at-17.37.47.jpeg\",\"contentUrl\":\"https:\/\/ondauno.com.ar\/wp-content\/uploads\/2025\/06\/WhatsApp-Image-2025-06-30-at-17.37.47.jpeg\",\"width\":1080,\"height\":1350},{\"@type\":\"BreadcrumbList\",\"@id\":\"https:\/\/ondauno.com.ar\/index.php\/2025\/06\/30\/abrio-la-convocatoria-para-la-4-edicion-del-circuito-teatristas-independientes-de-la-region-11\/#breadcrumb\",\"itemListElement\":[{\"@type\":\"ListItem\",\"position\":1,\"name\":\"Inicio\",\"item\":\"https:\/\/ondauno.com.ar\/\"},{\"@type\":\"ListItem\",\"position\":2,\"name\":\"Abri\u00f3 la convocatoria para la 4\u00b0 edici\u00f3n del Circuito Teatristas Independientes de la Regi\u00f3n 11\"}]},{\"@type\":\"WebSite\",\"@id\":\"https:\/\/ondauno.com.ar\/#website\",\"url\":\"https:\/\/ondauno.com.ar\/\",\"name\":\"103.9 fm\",\"description\":\"LA PRIMERA RADIO MULTIMEDIA DE TRES ARROYOS\",\"potentialAction\":[{\"@type\":\"SearchAction\",\"target\":{\"@type\":\"EntryPoint\",\"urlTemplate\":\"https:\/\/ondauno.com.ar\/?s={search_term_string}\"},\"query-input\":\"required name=search_term_string\"}],\"inLanguage\":\"es-AR\"},{\"@type\":\"Person\",\"@id\":\"https:\/\/ondauno.com.ar\/#\/schema\/person\/7ec851ddeceb4133d7d7132dc645714e\",\"name\":\"OndaUno\",\"image\":{\"@type\":\"ImageObject\",\"inLanguage\":\"es-AR\",\"@id\":\"https:\/\/ondauno.com.ar\/#\/schema\/person\/image\/\",\"url\":\"https:\/\/secure.gravatar.com\/avatar\/93b8009f0de7021f1feb2bd5b32fb9e8?s=96&d=mm&r=g\",\"contentUrl\":\"https:\/\/secure.gravatar.com\/avatar\/93b8009f0de7021f1feb2bd5b32fb9e8?s=96&d=mm&r=g\",\"caption\":\"OndaUno\"},\"url\":\"https:\/\/ondauno.com.ar\/index.php\/author\/ondauno\/\"}]}<\/script>\n<!-- \/ Yoast SEO plugin. -->","yoast_head_json":{"title":"Abri\u00f3 la convocatoria para la 4\u00b0 edici\u00f3n del Circuito Teatristas Independientes de la Regi\u00f3n 11 - 103.9 fm","robots":{"index":"index","follow":"follow","max-snippet":"max-snippet:-1","max-image-preview":"max-image-preview:large","max-video-preview":"max-video-preview:-1"},"canonical":"https:\/\/ondauno.com.ar\/index.php\/2025\/06\/30\/abrio-la-convocatoria-para-la-4-edicion-del-circuito-teatristas-independientes-de-la-region-11\/","og_locale":"es_ES","og_type":"article","og_title":"Abri\u00f3 la convocatoria para la 4\u00b0 edici\u00f3n del Circuito Teatristas Independientes de la Regi\u00f3n 11 - 103.9 fm","og_description":"Se encuentra abierta la inscripci\u00f3n para la cuarta edici\u00f3n del \u201cCircuito de Teatristas Independientes\u201d de la Regi\u00f3n XI del centro sur de la provincia de Buenos Aires, una iniciativa que busca fomentar el intercambio cultural y la circulaci\u00f3n de espect\u00e1culos teatrales entre distintas localidades. El proyecto est\u00e1 destinado a elencos, artistas, salas teatrales y espacios [&hellip;]","og_url":"https:\/\/ondauno.com.ar\/index.php\/2025\/06\/30\/abrio-la-convocatoria-para-la-4-edicion-del-circuito-teatristas-independientes-de-la-region-11\/","og_site_name":"103.9 fm","article_publisher":"https:\/\/www.facebook.com\/ondauno103.9","article_published_time":"2025-06-30T21:47:04+00:00","article_modified_time":"2025-06-30T21:47:09+00:00","og_image":[{"width":1080,"height":1350,"url":"http:\/\/ondauno.com.ar\/wp-content\/uploads\/2025\/06\/WhatsApp-Image-2025-06-30-at-17.37.47.jpeg","type":"image\/jpeg"}],"author":"OndaUno","twitter_card":"summary_large_image","twitter_misc":{"Escrito por":"OndaUno","Tiempo de lectura":"2 minutos"},"schema":{"@context":"https:\/\/schema.org","@graph":[{"@type":"WebPage","@id":"https:\/\/ondauno.com.ar\/index.php\/2025\/06\/30\/abrio-la-convocatoria-para-la-4-edicion-del-circuito-teatristas-independientes-de-la-region-11\/","url":"https:\/\/ondauno.com.ar\/index.php\/2025\/06\/30\/abrio-la-convocatoria-para-la-4-edicion-del-circuito-teatristas-independientes-de-la-region-11\/","name":"Abri\u00f3 la convocatoria para la 4\u00b0 edici\u00f3n del Circuito Teatristas Independientes de la Regi\u00f3n 11 - 103.9 fm","isPartOf":{"@id":"https:\/\/ondauno.com.ar\/#website"},"primaryImageOfPage":{"@id":"https:\/\/ondauno.com.ar\/index.php\/2025\/06\/30\/abrio-la-convocatoria-para-la-4-edicion-del-circuito-teatristas-independientes-de-la-region-11\/#primaryimage"},"image":{"@id":"https:\/\/ondauno.com.ar\/index.php\/2025\/06\/30\/abrio-la-convocatoria-para-la-4-edicion-del-circuito-teatristas-independientes-de-la-region-11\/#primaryimage"},"thumbnailUrl":"https:\/\/ondauno.com.ar\/wp-content\/uploads\/2025\/06\/WhatsApp-Image-2025-06-30-at-17.37.47.jpeg","datePublished":"2025-06-30T21:47:04+00:00","dateModified":"2025-06-30T21:47:09+00:00","author":{"@id":"https:\/\/ondauno.com.ar\/#\/schema\/person\/7ec851ddeceb4133d7d7132dc645714e"},"breadcrumb":{"@id":"https:\/\/ondauno.com.ar\/index.php\/2025\/06\/30\/abrio-la-convocatoria-para-la-4-edicion-del-circuito-teatristas-independientes-de-la-region-11\/#breadcrumb"},"inLanguage":"es-AR","potentialAction":[{"@type":"ReadAction","target":["https:\/\/ondauno.com.ar\/index.php\/2025\/06\/30\/abrio-la-convocatoria-para-la-4-edicion-del-circuito-teatristas-independientes-de-la-region-11\/"]}]},{"@type":"ImageObject","inLanguage":"es-AR","@id":"https:\/\/ondauno.com.ar\/index.php\/2025\/06\/30\/abrio-la-convocatoria-para-la-4-edicion-del-circuito-teatristas-independientes-de-la-region-11\/#primaryimage","url":"https:\/\/ondauno.com.ar\/wp-content\/uploads\/2025\/06\/WhatsApp-Image-2025-06-30-at-17.37.47.jpeg","contentUrl":"https:\/\/ondauno.com.ar\/wp-content\/uploads\/2025\/06\/WhatsApp-Image-2025-06-30-at-17.37.47.jpeg","width":1080,"height":1350},{"@type":"BreadcrumbList","@id":"https:\/\/ondauno.com.ar\/index.php\/2025\/06\/30\/abrio-la-convocatoria-para-la-4-edicion-del-circuito-teatristas-independientes-de-la-region-11\/#breadcrumb","itemListElement":[{"@type":"ListItem","position":1,"name":"Inicio","item":"https:\/\/ondauno.com.ar\/"},{"@type":"ListItem","position":2,"name":"Abri\u00f3 la convocatoria para la 4\u00b0 edici\u00f3n del Circuito Teatristas Independientes de la Regi\u00f3n 11"}]},{"@type":"WebSite","@id":"https:\/\/ondauno.com.ar\/#website","url":"https:\/\/ondauno.com.ar\/","name":"103.9 fm","description":"LA PRIMERA RADIO MULTIMEDIA DE TRES ARROYOS","potentialAction":[{"@type":"SearchAction","target":{"@type":"EntryPoint","urlTemplate":"https:\/\/ondauno.com.ar\/?s={search_term_string}"},"query-input":"required name=search_term_string"}],"inLanguage":"es-AR"},{"@type":"Person","@id":"https:\/\/ondauno.com.ar\/#\/schema\/person\/7ec851ddeceb4133d7d7132dc645714e","name":"OndaUno","image":{"@type":"ImageObject","inLanguage":"es-AR","@id":"https:\/\/ondauno.com.ar\/#\/schema\/person\/image\/","url":"https:\/\/secure.gravatar.com\/avatar\/93b8009f0de7021f1feb2bd5b32fb9e8?s=96&d=mm&r=g","contentUrl":"https:\/\/secure.gravatar.com\/avatar\/93b8009f0de7021f1feb2bd5b32fb9e8?s=96&d=mm&r=g","caption":"OndaUno"},"url":"https:\/\/ondauno.com.ar\/index.php\/author\/ondauno\/"}]}},"jetpack_publicize_connections":[],"jetpack_featured_media_url":"https:\/\/ondauno.com.ar\/wp-content\/uploads\/2025\/06\/WhatsApp-Image-2025-06-30-at-17.37.47.jpeg","jetpack_sharing_enabled":true,"_links":{"self":[{"href":"https:\/\/ondauno.com.ar\/index.php\/wp-json\/wp\/v2\/posts\/57934","targetHints":{"allow":["GET"]}}],"collection":[{"href":"https:\/\/ondauno.com.ar\/index.php\/wp-json\/wp\/v2\/posts"}],"about":[{"href":"https:\/\/ondauno.com.ar\/index.php\/wp-json\/wp\/v2\/types\/post"}],"author":[{"embeddable":true,"href":"https:\/\/ondauno.com.ar\/index.php\/wp-json\/wp\/v2\/users\/1"}],"replies":[{"embeddable":true,"href":"https:\/\/ondauno.com.ar\/index.php\/wp-json\/wp\/v2\/comments?post=57934"}],"version-history":[{"count":1,"href":"https:\/\/ondauno.com.ar\/index.php\/wp-json\/wp\/v2\/posts\/57934\/revisions"}],"predecessor-version":[{"id":57936,"href":"https:\/\/ondauno.com.ar\/index.php\/wp-json\/wp\/v2\/posts\/57934\/revisions\/57936"}],"wp:featuredmedia":[{"embeddable":true,"href":"https:\/\/ondauno.com.ar\/index.php\/wp-json\/wp\/v2\/media\/57935"}],"wp:attachment":[{"href":"https:\/\/ondauno.com.ar\/index.php\/wp-json\/wp\/v2\/media?parent=57934"}],"wp:term":[{"taxonomy":"category","embeddable":true,"href":"https:\/\/ondauno.com.ar\/index.php\/wp-json\/wp\/v2\/categories?post=57934"},{"taxonomy":"post_tag","embeddable":true,"href":"https:\/\/ondauno.com.ar\/index.php\/wp-json\/wp\/v2\/tags?post=57934"}],"curies":[{"name":"wp","href":"https:\/\/api.w.org\/{rel}","templated":true}]}}