{"id":57822,"date":"2025-06-26T17:58:36","date_gmt":"2025-06-26T20:58:36","guid":{"rendered":"https:\/\/ondauno.com.ar\/?p=57822"},"modified":"2025-06-26T20:54:12","modified_gmt":"2025-06-26T23:54:12","slug":"la-violencia-en-escuelas-provoco-operativos-de-control-con-fuerzas-de-seguridad","status":"publish","type":"post","link":"https:\/\/ondauno.com.ar\/index.php\/2025\/06\/26\/la-violencia-en-escuelas-provoco-operativos-de-control-con-fuerzas-de-seguridad\/","title":{"rendered":"La violencia en escuelas provoc\u00f3 operativos de control con fuerzas de seguridad"},"content":{"rendered":"<div class=\"ondau-before-content_3\" style=\"margin-top: -30px;\" id=\"ondau-1661349476\"><a href=\"https:\/\/www.lps.com.ar\/\" aria-label=\"la-perse2\"><img loading=\"lazy\" decoding=\"async\" src=\"https:\/\/ondauno.com.ar\/wp-content\/uploads\/2021\/10\/la-perse2.jpg\" alt=\"\"  srcset=\"https:\/\/ondauno.com.ar\/wp-content\/uploads\/2021\/10\/la-perse2.jpg 1353w, https:\/\/ondauno.com.ar\/wp-content\/uploads\/2021\/10\/la-perse2-300x43.jpg 300w, https:\/\/ondauno.com.ar\/wp-content\/uploads\/2021\/10\/la-perse2-1024x148.jpg 1024w, https:\/\/ondauno.com.ar\/wp-content\/uploads\/2021\/10\/la-perse2-768x111.jpg 768w, https:\/\/ondauno.com.ar\/wp-content\/uploads\/2021\/10\/la-perse2-696x100.jpg 696w, https:\/\/ondauno.com.ar\/wp-content\/uploads\/2021\/10\/la-perse2-1068x154.jpg 1068w\" sizes=\"(max-width: 1353px) 100vw, 1353px\" class=\"no-lazyload\" width=\"1353\" height=\"195\"  style=\"display: inline-block;\" \/><\/a><\/div>\n<p>Mart\u00edn Legarreta, director de Coordinaci\u00f3n Operativa de la Secretar\u00eda municipal de Seguridad, habl\u00f3 en Cosas que pasan sobre los operativos de prevenci\u00f3n que se vienen desarrollando en instituciones educativas, en respuesta a un pedido del Consejo Escolar.<\/p>\n\n\n\n<p>\u201cEl trabajo comenz\u00f3 a partir de reuniones mantenidas con Cristian La Greca y Gabriela Garc\u00eda. Vamos atendiendo los reclamos de cada instituci\u00f3n y actuamos en consecuencia, ya sea con patrulla urbana en casos m\u00e1s complejos o con inspectores de tr\u00e1nsito\u201d, explic\u00f3.<\/p>\n\n\n\n<p>El pedido surge por situaciones de violencia dentro de las escuelas, especialmente durante los recreos o a la salida. \u201cA veces se generan discusiones o peleas entre alumnos y buscamos prevenir que eso pase a mayores\u201d, indic\u00f3. Tambi\u00e9n reconoci\u00f3 que las inquietudes no solo llegan desde el Consejo Escolar, sino tambi\u00e9n desde directivos, padres y vecinos.<\/p>\n\n\n\n<p>Consultado sobre posibles ingresos de personas ajenas a las instituciones en horarios nocturnos, Legarreta sostuvo que no han recibido denuncias formales, pero est\u00e1n atentos a estas situaciones. \u201cSomos una secretar\u00eda de puertas abiertas, estamos en la calle y todo lo que sea para mejorar, lo trabajamos\u201d, afirm\u00f3.<\/p>\n\n\n\n<p>Actualmente, los operativos se desarrollan en los tres turnos escolares. En horario nocturno, patrulla urbana realiza rondines con reflectores, inspecciona puertas y ventanas y avisa a las autoridades escolares ante cualquier anomal\u00eda. \u201cHa pasado que encontramos puertas o ventanas mal cerradas, y damos aviso para que se acerquen a corregirlo\u201d, se\u00f1al\u00f3.<\/p>\n\n\n\n<p>Respecto a la participaci\u00f3n de Tr\u00e1nsito, dijo que el personal no siempre alcanza para cubrir todas las escuelas, pero que se hacen presentes siempre que sea posible. \u201cVamos educando y acompa\u00f1ando a las familias para generar conciencia en la forma de llevar y buscar a los chicos\u201d, agreg\u00f3.<\/p>\n\n\n\n<p>Sobre si pueden intervenir ante denuncias particulares sin ser convocados oficialmente, Legarreta aclar\u00f3: \u201cSi un vecino nos plantea algo, lo atendemos, pero siempre buscamos que la instituci\u00f3n est\u00e9 al tanto y trabajamos en conjunto con la jefatura distrital\u201d.<\/p>\n\n\n\n<p>Adem\u00e1s, adelant\u00f3 que est\u00e1n organizando nuevas charlas en escuelas sobre tr\u00e1nsito, nocturnidad y responsabilidad en la adolescencia. \u201cYa estuvimos en Cascallares con una actividad muy buena sobre el uso del casco y documentaci\u00f3n. Los chicos prestaron mucha atenci\u00f3n y el mensaje lleg\u00f3\u201d, cont\u00f3.<\/p>\n\n\n\n<p>Finalmente, se refiri\u00f3 a un hecho violento ocurrido en barrio Ranchos, donde hubo un herido con un elemento contundente. \u201cHay una persona detenida. No se trat\u00f3 de un arma de fuego, pero s\u00ed preocupa el nivel de violencia. Est\u00e1 actuando la Justicia, por eso no podemos dar m\u00e1s detalles\u201d, concluy\u00f3.<\/p>\n\n\n\n<figure class=\"wp-block-embed is-type-video is-provider-youtube wp-block-embed-youtube wp-embed-aspect-16-9 wp-has-aspect-ratio\"><div class=\"wp-block-embed__wrapper\">\n<div class=\"youtube-embed\" data-video_id=\"zBM0zr8BKAg\"><iframe loading=\"lazy\" title=\"Onda Uno 103.9 en vivo\" width=\"696\" height=\"392\" data-src=\"https:\/\/www.youtube.com\/embed\/zBM0zr8BKAg?feature=oembed&#038;enablejsapi=1\" frameborder=\"0\" allow=\"accelerometer; autoplay; clipboard-write; encrypted-media; gyroscope; picture-in-picture; web-share\" referrerpolicy=\"strict-origin-when-cross-origin\" allowfullscreen src=\"data:image\/gif;base64,R0lGODlhAQABAAAAACH5BAEKAAEALAAAAAABAAEAAAICTAEAOw==\" class=\"lazyload\" data-load-mode=\"1\"><\/iframe><\/div>\n<\/div><\/figure>\n","protected":false},"excerpt":{"rendered":"<p>Mart\u00edn Legarreta, director de Coordinaci\u00f3n Operativa de la Secretar\u00eda municipal de Seguridad, habl\u00f3 en Cosas que pasan sobre los operativos de prevenci\u00f3n que se vienen desarrollando en instituciones educativas, en respuesta a un pedido del Consejo Escolar. \u201cEl trabajo comenz\u00f3 a partir de reuniones mantenidas con Cristian La Greca y Gabriela Garc\u00eda. Vamos atendiendo los [&hellip;]<\/p>\n","protected":false},"author":1,"featured_media":57849,"comment_status":"open","ping_status":"open","sticky":false,"template":"","format":"standard","meta":{"tdm_status":"","tdm_grid_status":"","_jetpack_memberships_contains_paid_content":false,"footnotes":"","jetpack_publicize_message":"","jetpack_publicize_feature_enabled":true,"jetpack_social_post_already_shared":true,"jetpack_social_options":{"image_generator_settings":{"template":"highway","default_image_id":0,"font":"","enabled":false},"version":2}},"categories":[29],"tags":[],"class_list":{"0":"post-57822","1":"post","2":"type-post","3":"status-publish","4":"format-standard","5":"has-post-thumbnail","7":"category-policiales"},"yoast_head":"<!-- This site is optimized with the Yoast SEO plugin v22.7 - https:\/\/yoast.com\/wordpress\/plugins\/seo\/ -->\n<title>La violencia en escuelas provoc\u00f3 operativos de control con fuerzas de seguridad - 103.9 fm<\/title>\n<meta name=\"robots\" content=\"index, follow, max-snippet:-1, max-image-preview:large, max-video-preview:-1\" \/>\n<link rel=\"canonical\" href=\"https:\/\/ondauno.com.ar\/index.php\/2025\/06\/26\/la-violencia-en-escuelas-provoco-operativos-de-control-con-fuerzas-de-seguridad\/\" \/>\n<meta property=\"og:locale\" content=\"es_ES\" \/>\n<meta property=\"og:type\" content=\"article\" \/>\n<meta property=\"og:title\" content=\"La violencia en escuelas provoc\u00f3 operativos de control con fuerzas de seguridad - 103.9 fm\" \/>\n<meta property=\"og:description\" content=\"Mart\u00edn Legarreta, director de Coordinaci\u00f3n Operativa de la Secretar\u00eda municipal de Seguridad, habl\u00f3 en Cosas que pasan sobre los operativos de prevenci\u00f3n que se vienen desarrollando en instituciones educativas, en respuesta a un pedido del Consejo Escolar. \u201cEl trabajo comenz\u00f3 a partir de reuniones mantenidas con Cristian La Greca y Gabriela Garc\u00eda. Vamos atendiendo los [&hellip;]\" \/>\n<meta property=\"og:url\" content=\"https:\/\/ondauno.com.ar\/index.php\/2025\/06\/26\/la-violencia-en-escuelas-provoco-operativos-de-control-con-fuerzas-de-seguridad\/\" \/>\n<meta property=\"og:site_name\" content=\"103.9 fm\" \/>\n<meta property=\"article:publisher\" content=\"https:\/\/www.facebook.com\/ondauno103.9\" \/>\n<meta property=\"article:published_time\" content=\"2025-06-26T20:58:36+00:00\" \/>\n<meta property=\"article:modified_time\" content=\"2025-06-26T23:54:12+00:00\" \/>\n<meta property=\"og:image\" content=\"http:\/\/ondauno.com.ar\/wp-content\/uploads\/2025\/06\/WhatsApp-Image-2025-06-26-at-19.26.22-1.jpeg\" \/>\n\t<meta property=\"og:image:width\" content=\"1025\" \/>\n\t<meta property=\"og:image:height\" content=\"1250\" \/>\n\t<meta property=\"og:image:type\" content=\"image\/jpeg\" \/>\n<meta name=\"author\" content=\"OndaUno\" \/>\n<meta name=\"twitter:card\" content=\"summary_large_image\" \/>\n<meta name=\"twitter:label1\" content=\"Escrito por\" \/>\n\t<meta name=\"twitter:data1\" content=\"OndaUno\" \/>\n\t<meta name=\"twitter:label2\" content=\"Tiempo de lectura\" \/>\n\t<meta name=\"twitter:data2\" content=\"3 minutos\" \/>\n<script type=\"application\/ld+json\" class=\"yoast-schema-graph\">{\"@context\":\"https:\/\/schema.org\",\"@graph\":[{\"@type\":\"WebPage\",\"@id\":\"https:\/\/ondauno.com.ar\/index.php\/2025\/06\/26\/la-violencia-en-escuelas-provoco-operativos-de-control-con-fuerzas-de-seguridad\/\",\"url\":\"https:\/\/ondauno.com.ar\/index.php\/2025\/06\/26\/la-violencia-en-escuelas-provoco-operativos-de-control-con-fuerzas-de-seguridad\/\",\"name\":\"La violencia en escuelas provoc\u00f3 operativos de control con fuerzas de seguridad - 103.9 fm\",\"isPartOf\":{\"@id\":\"https:\/\/ondauno.com.ar\/#website\"},\"primaryImageOfPage\":{\"@id\":\"https:\/\/ondauno.com.ar\/index.php\/2025\/06\/26\/la-violencia-en-escuelas-provoco-operativos-de-control-con-fuerzas-de-seguridad\/#primaryimage\"},\"image\":{\"@id\":\"https:\/\/ondauno.com.ar\/index.php\/2025\/06\/26\/la-violencia-en-escuelas-provoco-operativos-de-control-con-fuerzas-de-seguridad\/#primaryimage\"},\"thumbnailUrl\":\"https:\/\/ondauno.com.ar\/wp-content\/uploads\/2025\/06\/WhatsApp-Image-2025-06-26-at-19.26.22-1.jpeg\",\"datePublished\":\"2025-06-26T20:58:36+00:00\",\"dateModified\":\"2025-06-26T23:54:12+00:00\",\"author\":{\"@id\":\"https:\/\/ondauno.com.ar\/#\/schema\/person\/7ec851ddeceb4133d7d7132dc645714e\"},\"breadcrumb\":{\"@id\":\"https:\/\/ondauno.com.ar\/index.php\/2025\/06\/26\/la-violencia-en-escuelas-provoco-operativos-de-control-con-fuerzas-de-seguridad\/#breadcrumb\"},\"inLanguage\":\"es-AR\",\"potentialAction\":[{\"@type\":\"ReadAction\",\"target\":[\"https:\/\/ondauno.com.ar\/index.php\/2025\/06\/26\/la-violencia-en-escuelas-provoco-operativos-de-control-con-fuerzas-de-seguridad\/\"]}]},{\"@type\":\"ImageObject\",\"inLanguage\":\"es-AR\",\"@id\":\"https:\/\/ondauno.com.ar\/index.php\/2025\/06\/26\/la-violencia-en-escuelas-provoco-operativos-de-control-con-fuerzas-de-seguridad\/#primaryimage\",\"url\":\"https:\/\/ondauno.com.ar\/wp-content\/uploads\/2025\/06\/WhatsApp-Image-2025-06-26-at-19.26.22-1.jpeg\",\"contentUrl\":\"https:\/\/ondauno.com.ar\/wp-content\/uploads\/2025\/06\/WhatsApp-Image-2025-06-26-at-19.26.22-1.jpeg\",\"width\":1025,\"height\":1250},{\"@type\":\"BreadcrumbList\",\"@id\":\"https:\/\/ondauno.com.ar\/index.php\/2025\/06\/26\/la-violencia-en-escuelas-provoco-operativos-de-control-con-fuerzas-de-seguridad\/#breadcrumb\",\"itemListElement\":[{\"@type\":\"ListItem\",\"position\":1,\"name\":\"Inicio\",\"item\":\"https:\/\/ondauno.com.ar\/\"},{\"@type\":\"ListItem\",\"position\":2,\"name\":\"La violencia en escuelas provoc\u00f3 operativos de control con fuerzas de seguridad\"}]},{\"@type\":\"WebSite\",\"@id\":\"https:\/\/ondauno.com.ar\/#website\",\"url\":\"https:\/\/ondauno.com.ar\/\",\"name\":\"103.9 fm\",\"description\":\"LA PRIMERA RADIO MULTIMEDIA DE TRES ARROYOS\",\"potentialAction\":[{\"@type\":\"SearchAction\",\"target\":{\"@type\":\"EntryPoint\",\"urlTemplate\":\"https:\/\/ondauno.com.ar\/?s={search_term_string}\"},\"query-input\":\"required name=search_term_string\"}],\"inLanguage\":\"es-AR\"},{\"@type\":\"Person\",\"@id\":\"https:\/\/ondauno.com.ar\/#\/schema\/person\/7ec851ddeceb4133d7d7132dc645714e\",\"name\":\"OndaUno\",\"image\":{\"@type\":\"ImageObject\",\"inLanguage\":\"es-AR\",\"@id\":\"https:\/\/ondauno.com.ar\/#\/schema\/person\/image\/\",\"url\":\"https:\/\/secure.gravatar.com\/avatar\/93b8009f0de7021f1feb2bd5b32fb9e8?s=96&d=mm&r=g\",\"contentUrl\":\"https:\/\/secure.gravatar.com\/avatar\/93b8009f0de7021f1feb2bd5b32fb9e8?s=96&d=mm&r=g\",\"caption\":\"OndaUno\"},\"url\":\"https:\/\/ondauno.com.ar\/index.php\/author\/ondauno\/\"}]}<\/script>\n<!-- \/ Yoast SEO plugin. -->","yoast_head_json":{"title":"La violencia en escuelas provoc\u00f3 operativos de control con fuerzas de seguridad - 103.9 fm","robots":{"index":"index","follow":"follow","max-snippet":"max-snippet:-1","max-image-preview":"max-image-preview:large","max-video-preview":"max-video-preview:-1"},"canonical":"https:\/\/ondauno.com.ar\/index.php\/2025\/06\/26\/la-violencia-en-escuelas-provoco-operativos-de-control-con-fuerzas-de-seguridad\/","og_locale":"es_ES","og_type":"article","og_title":"La violencia en escuelas provoc\u00f3 operativos de control con fuerzas de seguridad - 103.9 fm","og_description":"Mart\u00edn Legarreta, director de Coordinaci\u00f3n Operativa de la Secretar\u00eda municipal de Seguridad, habl\u00f3 en Cosas que pasan sobre los operativos de prevenci\u00f3n que se vienen desarrollando en instituciones educativas, en respuesta a un pedido del Consejo Escolar. \u201cEl trabajo comenz\u00f3 a partir de reuniones mantenidas con Cristian La Greca y Gabriela Garc\u00eda. Vamos atendiendo los [&hellip;]","og_url":"https:\/\/ondauno.com.ar\/index.php\/2025\/06\/26\/la-violencia-en-escuelas-provoco-operativos-de-control-con-fuerzas-de-seguridad\/","og_site_name":"103.9 fm","article_publisher":"https:\/\/www.facebook.com\/ondauno103.9","article_published_time":"2025-06-26T20:58:36+00:00","article_modified_time":"2025-06-26T23:54:12+00:00","og_image":[{"width":1025,"height":1250,"url":"http:\/\/ondauno.com.ar\/wp-content\/uploads\/2025\/06\/WhatsApp-Image-2025-06-26-at-19.26.22-1.jpeg","type":"image\/jpeg"}],"author":"OndaUno","twitter_card":"summary_large_image","twitter_misc":{"Escrito por":"OndaUno","Tiempo de lectura":"3 minutos"},"schema":{"@context":"https:\/\/schema.org","@graph":[{"@type":"WebPage","@id":"https:\/\/ondauno.com.ar\/index.php\/2025\/06\/26\/la-violencia-en-escuelas-provoco-operativos-de-control-con-fuerzas-de-seguridad\/","url":"https:\/\/ondauno.com.ar\/index.php\/2025\/06\/26\/la-violencia-en-escuelas-provoco-operativos-de-control-con-fuerzas-de-seguridad\/","name":"La violencia en escuelas provoc\u00f3 operativos de control con fuerzas de seguridad - 103.9 fm","isPartOf":{"@id":"https:\/\/ondauno.com.ar\/#website"},"primaryImageOfPage":{"@id":"https:\/\/ondauno.com.ar\/index.php\/2025\/06\/26\/la-violencia-en-escuelas-provoco-operativos-de-control-con-fuerzas-de-seguridad\/#primaryimage"},"image":{"@id":"https:\/\/ondauno.com.ar\/index.php\/2025\/06\/26\/la-violencia-en-escuelas-provoco-operativos-de-control-con-fuerzas-de-seguridad\/#primaryimage"},"thumbnailUrl":"https:\/\/ondauno.com.ar\/wp-content\/uploads\/2025\/06\/WhatsApp-Image-2025-06-26-at-19.26.22-1.jpeg","datePublished":"2025-06-26T20:58:36+00:00","dateModified":"2025-06-26T23:54:12+00:00","author":{"@id":"https:\/\/ondauno.com.ar\/#\/schema\/person\/7ec851ddeceb4133d7d7132dc645714e"},"breadcrumb":{"@id":"https:\/\/ondauno.com.ar\/index.php\/2025\/06\/26\/la-violencia-en-escuelas-provoco-operativos-de-control-con-fuerzas-de-seguridad\/#breadcrumb"},"inLanguage":"es-AR","potentialAction":[{"@type":"ReadAction","target":["https:\/\/ondauno.com.ar\/index.php\/2025\/06\/26\/la-violencia-en-escuelas-provoco-operativos-de-control-con-fuerzas-de-seguridad\/"]}]},{"@type":"ImageObject","inLanguage":"es-AR","@id":"https:\/\/ondauno.com.ar\/index.php\/2025\/06\/26\/la-violencia-en-escuelas-provoco-operativos-de-control-con-fuerzas-de-seguridad\/#primaryimage","url":"https:\/\/ondauno.com.ar\/wp-content\/uploads\/2025\/06\/WhatsApp-Image-2025-06-26-at-19.26.22-1.jpeg","contentUrl":"https:\/\/ondauno.com.ar\/wp-content\/uploads\/2025\/06\/WhatsApp-Image-2025-06-26-at-19.26.22-1.jpeg","width":1025,"height":1250},{"@type":"BreadcrumbList","@id":"https:\/\/ondauno.com.ar\/index.php\/2025\/06\/26\/la-violencia-en-escuelas-provoco-operativos-de-control-con-fuerzas-de-seguridad\/#breadcrumb","itemListElement":[{"@type":"ListItem","position":1,"name":"Inicio","item":"https:\/\/ondauno.com.ar\/"},{"@type":"ListItem","position":2,"name":"La violencia en escuelas provoc\u00f3 operativos de control con fuerzas de seguridad"}]},{"@type":"WebSite","@id":"https:\/\/ondauno.com.ar\/#website","url":"https:\/\/ondauno.com.ar\/","name":"103.9 fm","description":"LA PRIMERA RADIO MULTIMEDIA DE TRES ARROYOS","potentialAction":[{"@type":"SearchAction","target":{"@type":"EntryPoint","urlTemplate":"https:\/\/ondauno.com.ar\/?s={search_term_string}"},"query-input":"required name=search_term_string"}],"inLanguage":"es-AR"},{"@type":"Person","@id":"https:\/\/ondauno.com.ar\/#\/schema\/person\/7ec851ddeceb4133d7d7132dc645714e","name":"OndaUno","image":{"@type":"ImageObject","inLanguage":"es-AR","@id":"https:\/\/ondauno.com.ar\/#\/schema\/person\/image\/","url":"https:\/\/secure.gravatar.com\/avatar\/93b8009f0de7021f1feb2bd5b32fb9e8?s=96&d=mm&r=g","contentUrl":"https:\/\/secure.gravatar.com\/avatar\/93b8009f0de7021f1feb2bd5b32fb9e8?s=96&d=mm&r=g","caption":"OndaUno"},"url":"https:\/\/ondauno.com.ar\/index.php\/author\/ondauno\/"}]}},"jetpack_publicize_connections":[],"jetpack_featured_media_url":"https:\/\/ondauno.com.ar\/wp-content\/uploads\/2025\/06\/WhatsApp-Image-2025-06-26-at-19.26.22-1.jpeg","jetpack_sharing_enabled":true,"_links":{"self":[{"href":"https:\/\/ondauno.com.ar\/index.php\/wp-json\/wp\/v2\/posts\/57822","targetHints":{"allow":["GET"]}}],"collection":[{"href":"https:\/\/ondauno.com.ar\/index.php\/wp-json\/wp\/v2\/posts"}],"about":[{"href":"https:\/\/ondauno.com.ar\/index.php\/wp-json\/wp\/v2\/types\/post"}],"author":[{"embeddable":true,"href":"https:\/\/ondauno.com.ar\/index.php\/wp-json\/wp\/v2\/users\/1"}],"replies":[{"embeddable":true,"href":"https:\/\/ondauno.com.ar\/index.php\/wp-json\/wp\/v2\/comments?post=57822"}],"version-history":[{"count":1,"href":"https:\/\/ondauno.com.ar\/index.php\/wp-json\/wp\/v2\/posts\/57822\/revisions"}],"predecessor-version":[{"id":57823,"href":"https:\/\/ondauno.com.ar\/index.php\/wp-json\/wp\/v2\/posts\/57822\/revisions\/57823"}],"wp:featuredmedia":[{"embeddable":true,"href":"https:\/\/ondauno.com.ar\/index.php\/wp-json\/wp\/v2\/media\/57849"}],"wp:attachment":[{"href":"https:\/\/ondauno.com.ar\/index.php\/wp-json\/wp\/v2\/media?parent=57822"}],"wp:term":[{"taxonomy":"category","embeddable":true,"href":"https:\/\/ondauno.com.ar\/index.php\/wp-json\/wp\/v2\/categories?post=57822"},{"taxonomy":"post_tag","embeddable":true,"href":"https:\/\/ondauno.com.ar\/index.php\/wp-json\/wp\/v2\/tags?post=57822"}],"curies":[{"name":"wp","href":"https:\/\/api.w.org\/{rel}","templated":true}]}}