{"id":57819,"date":"2025-06-26T17:54:07","date_gmt":"2025-06-26T20:54:07","guid":{"rendered":"https:\/\/ondauno.com.ar\/?p=57819"},"modified":"2025-06-26T17:54:13","modified_gmt":"2025-06-26T20:54:13","slug":"el-campo-se-opone-a-la-reinstauracion-de-las-retenciones","status":"publish","type":"post","link":"https:\/\/ondauno.com.ar\/index.php\/2025\/06\/26\/el-campo-se-opone-a-la-reinstauracion-de-las-retenciones\/","title":{"rendered":"El campo se opone a la reinstauraci\u00f3n de las retenciones"},"content":{"rendered":"<div class=\"ondau-before-content_3\" style=\"margin-top: -30px;\" id=\"ondau-1719554121\"><a href=\"https:\/\/www.lps.com.ar\/\" aria-label=\"la-perse2\"><img loading=\"lazy\" decoding=\"async\" src=\"https:\/\/ondauno.com.ar\/wp-content\/uploads\/2021\/10\/la-perse2.jpg\" alt=\"\"  srcset=\"https:\/\/ondauno.com.ar\/wp-content\/uploads\/2021\/10\/la-perse2.jpg 1353w, https:\/\/ondauno.com.ar\/wp-content\/uploads\/2021\/10\/la-perse2-300x43.jpg 300w, https:\/\/ondauno.com.ar\/wp-content\/uploads\/2021\/10\/la-perse2-1024x148.jpg 1024w, https:\/\/ondauno.com.ar\/wp-content\/uploads\/2021\/10\/la-perse2-768x111.jpg 768w, https:\/\/ondauno.com.ar\/wp-content\/uploads\/2021\/10\/la-perse2-696x100.jpg 696w, https:\/\/ondauno.com.ar\/wp-content\/uploads\/2021\/10\/la-perse2-1068x154.jpg 1068w\" sizes=\"(max-width: 1353px) 100vw, 1353px\" class=\"no-lazyload\" width=\"1353\" height=\"195\"  style=\"display: inline-block;\" \/><\/a><\/div>\n<p>La Confederaci\u00f3n de Asociaciones Rurales de Buenos Aires y La Pampa (CARBAP), junto a la Sociedad Rural de Tres Arroyos, emitieron un comunicado en el que manifestaron su profunda preocupaci\u00f3n ante la decisi\u00f3n del Gobierno Nacional de restituir los derechos de exportaci\u00f3n a niveles previos al decreto 38\/2025.<\/p>\n\n\n\n<p>La medida eleva las al\u00edcuotas sobre productos clave del sector agropecuario: la soja pasar\u00e1 del 26 % al 33 %, el ma\u00edz y el sorgo del 9,5 % al 12 %, y el girasol del 5,5 % al 7 %. Seg\u00fan expresaron desde CARBAP, esta decisi\u00f3n representa \u201cuna medida regresiva y desacertada\u201d que contin\u00faa profundizando el estancamiento productivo de los \u00faltimos a\u00f1os.<\/p>\n\n\n\n<p>Desde la entidad ruralista advirtieron que esta suba agrava la situaci\u00f3n de un sector que ya se encuentra presionado por una elevada carga impositiva, con falta de infraestructura, altos costos de producci\u00f3n y dificultades de acceso al cr\u00e9dito. \u201cCada vez m\u00e1s productores se ven expulsados del sistema\u201d, sostuvieron.<\/p>\n\n\n\n<p>Asimismo, CARBAP remarc\u00f3 que el sector agropecuario ha sido hist\u00f3ricamente uno de los pilares del desarrollo econ\u00f3mico argentino, generando empleo, divisas y arraigo territorial. En este contexto, recordaron que el propio presidente Javier Milei defini\u00f3 p\u00fablicamente a los derechos de exportaci\u00f3n como \u201cun robo\u201d, una postura que la entidad comparte plenamente.<\/p>\n\n\n\n<p>Tambi\u00e9n se\u00f1alaron que, si bien reconocen que el actual gobierno no fue quien implement\u00f3 estos tributos, valoran los avances que se lograron en los \u00faltimos meses en cuanto a la eliminaci\u00f3n de retenciones para algunas actividades.<\/p>\n\n\n\n<p>\u201cRetenciones, el robo institucionalizado que nunca termina\u201d, es la consigna con la que encabezan el comunicado difundido esta semana, y con la que instan al Gobierno Nacional a cumplir los compromisos asumidos durante la campa\u00f1a electoral.<\/p>\n\n\n\n<p>Finalmente, desde CARBAP y la Sociedad Rural de Tres Arroyos exigieron al Ejecutivo \u201ctrazar con urgencia un camino claro hacia la eliminaci\u00f3n total de los derechos de exportaci\u00f3n\u201d, y fortalecer al agro como verdadero motor del desarrollo nacional. \u201cSolo as\u00ed podr\u00e1 alcanzarse un leg\u00edtimo equilibrio fiscal, sin dependencia de los DEX\u201d, concluyeron.<\/p>\n","protected":false},"excerpt":{"rendered":"<p>La Confederaci\u00f3n de Asociaciones Rurales de Buenos Aires y La Pampa (CARBAP), junto a la Sociedad Rural de Tres Arroyos, emitieron un comunicado en el que manifestaron su profunda preocupaci\u00f3n ante la decisi\u00f3n del Gobierno Nacional de restituir los derechos de exportaci\u00f3n a niveles previos al decreto 38\/2025. La medida eleva las al\u00edcuotas sobre productos [&hellip;]<\/p>\n","protected":false},"author":1,"featured_media":57820,"comment_status":"open","ping_status":"open","sticky":false,"template":"","format":"standard","meta":{"tdm_status":"","tdm_grid_status":"","_jetpack_memberships_contains_paid_content":false,"footnotes":"","jetpack_publicize_message":"","jetpack_publicize_feature_enabled":true,"jetpack_social_post_already_shared":true,"jetpack_social_options":{"image_generator_settings":{"template":"highway","default_image_id":0,"font":"","enabled":false},"version":2}},"categories":[28],"tags":[],"class_list":{"0":"post-57819","1":"post","2":"type-post","3":"status-publish","4":"format-standard","5":"has-post-thumbnail","7":"category-interes-general"},"yoast_head":"<!-- This site is optimized with the Yoast SEO plugin v22.7 - https:\/\/yoast.com\/wordpress\/plugins\/seo\/ -->\n<title>El campo se opone a la reinstauraci\u00f3n de las retenciones - 103.9 fm<\/title>\n<meta name=\"robots\" content=\"index, follow, max-snippet:-1, max-image-preview:large, max-video-preview:-1\" \/>\n<link rel=\"canonical\" href=\"https:\/\/ondauno.com.ar\/index.php\/2025\/06\/26\/el-campo-se-opone-a-la-reinstauracion-de-las-retenciones\/\" \/>\n<meta property=\"og:locale\" content=\"es_ES\" \/>\n<meta property=\"og:type\" content=\"article\" \/>\n<meta property=\"og:title\" content=\"El campo se opone a la reinstauraci\u00f3n de las retenciones - 103.9 fm\" \/>\n<meta property=\"og:description\" content=\"La Confederaci\u00f3n de Asociaciones Rurales de Buenos Aires y La Pampa (CARBAP), junto a la Sociedad Rural de Tres Arroyos, emitieron un comunicado en el que manifestaron su profunda preocupaci\u00f3n ante la decisi\u00f3n del Gobierno Nacional de restituir los derechos de exportaci\u00f3n a niveles previos al decreto 38\/2025. La medida eleva las al\u00edcuotas sobre productos [&hellip;]\" \/>\n<meta property=\"og:url\" content=\"https:\/\/ondauno.com.ar\/index.php\/2025\/06\/26\/el-campo-se-opone-a-la-reinstauracion-de-las-retenciones\/\" \/>\n<meta property=\"og:site_name\" content=\"103.9 fm\" \/>\n<meta property=\"article:publisher\" content=\"https:\/\/www.facebook.com\/ondauno103.9\" \/>\n<meta property=\"article:published_time\" content=\"2025-06-26T20:54:07+00:00\" \/>\n<meta property=\"article:modified_time\" content=\"2025-06-26T20:54:13+00:00\" \/>\n<meta property=\"og:image\" content=\"http:\/\/ondauno.com.ar\/wp-content\/uploads\/2025\/06\/Foto-3.jpg\" \/>\n\t<meta property=\"og:image:width\" content=\"872\" \/>\n\t<meta property=\"og:image:height\" content=\"583\" \/>\n\t<meta property=\"og:image:type\" content=\"image\/jpeg\" \/>\n<meta name=\"author\" content=\"OndaUno\" \/>\n<meta name=\"twitter:card\" content=\"summary_large_image\" \/>\n<meta name=\"twitter:label1\" content=\"Escrito por\" \/>\n\t<meta name=\"twitter:data1\" content=\"OndaUno\" \/>\n\t<meta name=\"twitter:label2\" content=\"Tiempo de lectura\" \/>\n\t<meta name=\"twitter:data2\" content=\"2 minutos\" \/>\n<script type=\"application\/ld+json\" class=\"yoast-schema-graph\">{\"@context\":\"https:\/\/schema.org\",\"@graph\":[{\"@type\":\"WebPage\",\"@id\":\"https:\/\/ondauno.com.ar\/index.php\/2025\/06\/26\/el-campo-se-opone-a-la-reinstauracion-de-las-retenciones\/\",\"url\":\"https:\/\/ondauno.com.ar\/index.php\/2025\/06\/26\/el-campo-se-opone-a-la-reinstauracion-de-las-retenciones\/\",\"name\":\"El campo se opone a la reinstauraci\u00f3n de las retenciones - 103.9 fm\",\"isPartOf\":{\"@id\":\"https:\/\/ondauno.com.ar\/#website\"},\"primaryImageOfPage\":{\"@id\":\"https:\/\/ondauno.com.ar\/index.php\/2025\/06\/26\/el-campo-se-opone-a-la-reinstauracion-de-las-retenciones\/#primaryimage\"},\"image\":{\"@id\":\"https:\/\/ondauno.com.ar\/index.php\/2025\/06\/26\/el-campo-se-opone-a-la-reinstauracion-de-las-retenciones\/#primaryimage\"},\"thumbnailUrl\":\"https:\/\/ondauno.com.ar\/wp-content\/uploads\/2025\/06\/Foto-3.jpg\",\"datePublished\":\"2025-06-26T20:54:07+00:00\",\"dateModified\":\"2025-06-26T20:54:13+00:00\",\"author\":{\"@id\":\"https:\/\/ondauno.com.ar\/#\/schema\/person\/7ec851ddeceb4133d7d7132dc645714e\"},\"breadcrumb\":{\"@id\":\"https:\/\/ondauno.com.ar\/index.php\/2025\/06\/26\/el-campo-se-opone-a-la-reinstauracion-de-las-retenciones\/#breadcrumb\"},\"inLanguage\":\"es-AR\",\"potentialAction\":[{\"@type\":\"ReadAction\",\"target\":[\"https:\/\/ondauno.com.ar\/index.php\/2025\/06\/26\/el-campo-se-opone-a-la-reinstauracion-de-las-retenciones\/\"]}]},{\"@type\":\"ImageObject\",\"inLanguage\":\"es-AR\",\"@id\":\"https:\/\/ondauno.com.ar\/index.php\/2025\/06\/26\/el-campo-se-opone-a-la-reinstauracion-de-las-retenciones\/#primaryimage\",\"url\":\"https:\/\/ondauno.com.ar\/wp-content\/uploads\/2025\/06\/Foto-3.jpg\",\"contentUrl\":\"https:\/\/ondauno.com.ar\/wp-content\/uploads\/2025\/06\/Foto-3.jpg\",\"width\":872,\"height\":583},{\"@type\":\"BreadcrumbList\",\"@id\":\"https:\/\/ondauno.com.ar\/index.php\/2025\/06\/26\/el-campo-se-opone-a-la-reinstauracion-de-las-retenciones\/#breadcrumb\",\"itemListElement\":[{\"@type\":\"ListItem\",\"position\":1,\"name\":\"Inicio\",\"item\":\"https:\/\/ondauno.com.ar\/\"},{\"@type\":\"ListItem\",\"position\":2,\"name\":\"El campo se opone a la reinstauraci\u00f3n de las retenciones\"}]},{\"@type\":\"WebSite\",\"@id\":\"https:\/\/ondauno.com.ar\/#website\",\"url\":\"https:\/\/ondauno.com.ar\/\",\"name\":\"103.9 fm\",\"description\":\"LA PRIMERA RADIO MULTIMEDIA DE TRES ARROYOS\",\"potentialAction\":[{\"@type\":\"SearchAction\",\"target\":{\"@type\":\"EntryPoint\",\"urlTemplate\":\"https:\/\/ondauno.com.ar\/?s={search_term_string}\"},\"query-input\":\"required name=search_term_string\"}],\"inLanguage\":\"es-AR\"},{\"@type\":\"Person\",\"@id\":\"https:\/\/ondauno.com.ar\/#\/schema\/person\/7ec851ddeceb4133d7d7132dc645714e\",\"name\":\"OndaUno\",\"image\":{\"@type\":\"ImageObject\",\"inLanguage\":\"es-AR\",\"@id\":\"https:\/\/ondauno.com.ar\/#\/schema\/person\/image\/\",\"url\":\"https:\/\/secure.gravatar.com\/avatar\/93b8009f0de7021f1feb2bd5b32fb9e8?s=96&d=mm&r=g\",\"contentUrl\":\"https:\/\/secure.gravatar.com\/avatar\/93b8009f0de7021f1feb2bd5b32fb9e8?s=96&d=mm&r=g\",\"caption\":\"OndaUno\"},\"url\":\"https:\/\/ondauno.com.ar\/index.php\/author\/ondauno\/\"}]}<\/script>\n<!-- \/ Yoast SEO plugin. -->","yoast_head_json":{"title":"El campo se opone a la reinstauraci\u00f3n de las retenciones - 103.9 fm","robots":{"index":"index","follow":"follow","max-snippet":"max-snippet:-1","max-image-preview":"max-image-preview:large","max-video-preview":"max-video-preview:-1"},"canonical":"https:\/\/ondauno.com.ar\/index.php\/2025\/06\/26\/el-campo-se-opone-a-la-reinstauracion-de-las-retenciones\/","og_locale":"es_ES","og_type":"article","og_title":"El campo se opone a la reinstauraci\u00f3n de las retenciones - 103.9 fm","og_description":"La Confederaci\u00f3n de Asociaciones Rurales de Buenos Aires y La Pampa (CARBAP), junto a la Sociedad Rural de Tres Arroyos, emitieron un comunicado en el que manifestaron su profunda preocupaci\u00f3n ante la decisi\u00f3n del Gobierno Nacional de restituir los derechos de exportaci\u00f3n a niveles previos al decreto 38\/2025. La medida eleva las al\u00edcuotas sobre productos [&hellip;]","og_url":"https:\/\/ondauno.com.ar\/index.php\/2025\/06\/26\/el-campo-se-opone-a-la-reinstauracion-de-las-retenciones\/","og_site_name":"103.9 fm","article_publisher":"https:\/\/www.facebook.com\/ondauno103.9","article_published_time":"2025-06-26T20:54:07+00:00","article_modified_time":"2025-06-26T20:54:13+00:00","og_image":[{"width":872,"height":583,"url":"http:\/\/ondauno.com.ar\/wp-content\/uploads\/2025\/06\/Foto-3.jpg","type":"image\/jpeg"}],"author":"OndaUno","twitter_card":"summary_large_image","twitter_misc":{"Escrito por":"OndaUno","Tiempo de lectura":"2 minutos"},"schema":{"@context":"https:\/\/schema.org","@graph":[{"@type":"WebPage","@id":"https:\/\/ondauno.com.ar\/index.php\/2025\/06\/26\/el-campo-se-opone-a-la-reinstauracion-de-las-retenciones\/","url":"https:\/\/ondauno.com.ar\/index.php\/2025\/06\/26\/el-campo-se-opone-a-la-reinstauracion-de-las-retenciones\/","name":"El campo se opone a la reinstauraci\u00f3n de las retenciones - 103.9 fm","isPartOf":{"@id":"https:\/\/ondauno.com.ar\/#website"},"primaryImageOfPage":{"@id":"https:\/\/ondauno.com.ar\/index.php\/2025\/06\/26\/el-campo-se-opone-a-la-reinstauracion-de-las-retenciones\/#primaryimage"},"image":{"@id":"https:\/\/ondauno.com.ar\/index.php\/2025\/06\/26\/el-campo-se-opone-a-la-reinstauracion-de-las-retenciones\/#primaryimage"},"thumbnailUrl":"https:\/\/ondauno.com.ar\/wp-content\/uploads\/2025\/06\/Foto-3.jpg","datePublished":"2025-06-26T20:54:07+00:00","dateModified":"2025-06-26T20:54:13+00:00","author":{"@id":"https:\/\/ondauno.com.ar\/#\/schema\/person\/7ec851ddeceb4133d7d7132dc645714e"},"breadcrumb":{"@id":"https:\/\/ondauno.com.ar\/index.php\/2025\/06\/26\/el-campo-se-opone-a-la-reinstauracion-de-las-retenciones\/#breadcrumb"},"inLanguage":"es-AR","potentialAction":[{"@type":"ReadAction","target":["https:\/\/ondauno.com.ar\/index.php\/2025\/06\/26\/el-campo-se-opone-a-la-reinstauracion-de-las-retenciones\/"]}]},{"@type":"ImageObject","inLanguage":"es-AR","@id":"https:\/\/ondauno.com.ar\/index.php\/2025\/06\/26\/el-campo-se-opone-a-la-reinstauracion-de-las-retenciones\/#primaryimage","url":"https:\/\/ondauno.com.ar\/wp-content\/uploads\/2025\/06\/Foto-3.jpg","contentUrl":"https:\/\/ondauno.com.ar\/wp-content\/uploads\/2025\/06\/Foto-3.jpg","width":872,"height":583},{"@type":"BreadcrumbList","@id":"https:\/\/ondauno.com.ar\/index.php\/2025\/06\/26\/el-campo-se-opone-a-la-reinstauracion-de-las-retenciones\/#breadcrumb","itemListElement":[{"@type":"ListItem","position":1,"name":"Inicio","item":"https:\/\/ondauno.com.ar\/"},{"@type":"ListItem","position":2,"name":"El campo se opone a la reinstauraci\u00f3n de las retenciones"}]},{"@type":"WebSite","@id":"https:\/\/ondauno.com.ar\/#website","url":"https:\/\/ondauno.com.ar\/","name":"103.9 fm","description":"LA PRIMERA RADIO MULTIMEDIA DE TRES ARROYOS","potentialAction":[{"@type":"SearchAction","target":{"@type":"EntryPoint","urlTemplate":"https:\/\/ondauno.com.ar\/?s={search_term_string}"},"query-input":"required name=search_term_string"}],"inLanguage":"es-AR"},{"@type":"Person","@id":"https:\/\/ondauno.com.ar\/#\/schema\/person\/7ec851ddeceb4133d7d7132dc645714e","name":"OndaUno","image":{"@type":"ImageObject","inLanguage":"es-AR","@id":"https:\/\/ondauno.com.ar\/#\/schema\/person\/image\/","url":"https:\/\/secure.gravatar.com\/avatar\/93b8009f0de7021f1feb2bd5b32fb9e8?s=96&d=mm&r=g","contentUrl":"https:\/\/secure.gravatar.com\/avatar\/93b8009f0de7021f1feb2bd5b32fb9e8?s=96&d=mm&r=g","caption":"OndaUno"},"url":"https:\/\/ondauno.com.ar\/index.php\/author\/ondauno\/"}]}},"jetpack_publicize_connections":[],"jetpack_featured_media_url":"https:\/\/ondauno.com.ar\/wp-content\/uploads\/2025\/06\/Foto-3.jpg","jetpack_sharing_enabled":true,"_links":{"self":[{"href":"https:\/\/ondauno.com.ar\/index.php\/wp-json\/wp\/v2\/posts\/57819","targetHints":{"allow":["GET"]}}],"collection":[{"href":"https:\/\/ondauno.com.ar\/index.php\/wp-json\/wp\/v2\/posts"}],"about":[{"href":"https:\/\/ondauno.com.ar\/index.php\/wp-json\/wp\/v2\/types\/post"}],"author":[{"embeddable":true,"href":"https:\/\/ondauno.com.ar\/index.php\/wp-json\/wp\/v2\/users\/1"}],"replies":[{"embeddable":true,"href":"https:\/\/ondauno.com.ar\/index.php\/wp-json\/wp\/v2\/comments?post=57819"}],"version-history":[{"count":1,"href":"https:\/\/ondauno.com.ar\/index.php\/wp-json\/wp\/v2\/posts\/57819\/revisions"}],"predecessor-version":[{"id":57821,"href":"https:\/\/ondauno.com.ar\/index.php\/wp-json\/wp\/v2\/posts\/57819\/revisions\/57821"}],"wp:featuredmedia":[{"embeddable":true,"href":"https:\/\/ondauno.com.ar\/index.php\/wp-json\/wp\/v2\/media\/57820"}],"wp:attachment":[{"href":"https:\/\/ondauno.com.ar\/index.php\/wp-json\/wp\/v2\/media?parent=57819"}],"wp:term":[{"taxonomy":"category","embeddable":true,"href":"https:\/\/ondauno.com.ar\/index.php\/wp-json\/wp\/v2\/categories?post=57819"},{"taxonomy":"post_tag","embeddable":true,"href":"https:\/\/ondauno.com.ar\/index.php\/wp-json\/wp\/v2\/tags?post=57819"}],"curies":[{"name":"wp","href":"https:\/\/api.w.org\/{rel}","templated":true}]}}