{"id":57810,"date":"2025-06-25T19:01:04","date_gmt":"2025-06-25T22:01:04","guid":{"rendered":"https:\/\/ondauno.com.ar\/?p=57810"},"modified":"2025-06-25T19:01:09","modified_gmt":"2025-06-25T22:01:09","slug":"patinadoras-de-colegiales-tuvieron-una-destacada-actuacion-en-el-panamericano","status":"publish","type":"post","link":"https:\/\/ondauno.com.ar\/index.php\/2025\/06\/25\/patinadoras-de-colegiales-tuvieron-una-destacada-actuacion-en-el-panamericano\/","title":{"rendered":"Patinadoras de Colegiales tuvieron una destacada actuaci\u00f3n en el Panamericano"},"content":{"rendered":"<div class=\"ondau-before-content_3\" style=\"margin-top: -30px;\" id=\"ondau-2108754422\"><a href=\"https:\/\/www.lps.com.ar\/\" aria-label=\"la-perse2\"><img loading=\"lazy\" decoding=\"async\" src=\"https:\/\/ondauno.com.ar\/wp-content\/uploads\/2021\/10\/la-perse2.jpg\" alt=\"\"  srcset=\"https:\/\/ondauno.com.ar\/wp-content\/uploads\/2021\/10\/la-perse2.jpg 1353w, https:\/\/ondauno.com.ar\/wp-content\/uploads\/2021\/10\/la-perse2-300x43.jpg 300w, https:\/\/ondauno.com.ar\/wp-content\/uploads\/2021\/10\/la-perse2-1024x148.jpg 1024w, https:\/\/ondauno.com.ar\/wp-content\/uploads\/2021\/10\/la-perse2-768x111.jpg 768w, https:\/\/ondauno.com.ar\/wp-content\/uploads\/2021\/10\/la-perse2-696x100.jpg 696w, https:\/\/ondauno.com.ar\/wp-content\/uploads\/2021\/10\/la-perse2-1068x154.jpg 1068w\" sizes=\"(max-width: 1353px) 100vw, 1353px\" class=\"no-lazyload\" width=\"1353\" height=\"195\"  style=\"display: inline-block;\" \/><\/a><\/div>\n<p>Terminados los Campeonatos Panamericanos de Pat\u00edn Art\u00edstico en la Ciudad de Buenos Aires, de las categor\u00edas Novatos y Promocionales de Clubes, las patinadoras del Club Colegiales se despiden del mismo con una buena actuaci\u00f3n de esta experiencia internacional, tanto para las chicas que compitieron como para su T\u00e9cnica Camila Gil.<\/p>\n\n\n\n<p>Las chicas que pudieron demostrar su desempe\u00f1o y ponerse a la altura de tan importante torneo compitiendo con patinadores de todo el continente son Delfina Mor\u00e1n, Sophie Santillan, Isis Quiroga y Lara Pimentel. Todas obtuvieron muy buenos resultados en categor\u00edas que en algunos casos superaban las 90 participantes, pudieron completar sus coreograf\u00edas y demostrar lo aprendido en tantas horas de entrenamiento.<\/p>\n\n\n\n<p>Para las chicas, como tambi\u00e9n para su t\u00e9cnica fue el debut en un torneo Internacional y pusieron al Pat\u00edn Art\u00edstico de Tres Arroyos en lo m\u00e1s alto de las competencias internacionales del Continente Americano en su totalidad, representaron a Argentina de la mejor manera y se vio en cada una de las coreograf\u00edas de las atletas el desempe\u00f1o brillante que obtuvieron.<\/p>\n\n\n\n<p>Las patinadoras ya retoman su entrenamiento habitual prepar\u00e1ndose para el mes de Julio de los torneos selectivo para el Nacional de la divisional \u201cC\u201d y el Nacional de la divisional \u201cB\u201d.<\/p>\n","protected":false},"excerpt":{"rendered":"<p>Terminados los Campeonatos Panamericanos de Pat\u00edn Art\u00edstico en la Ciudad de Buenos Aires, de las categor\u00edas Novatos y Promocionales de Clubes, las patinadoras del Club Colegiales se despiden del mismo con una buena actuaci\u00f3n de esta experiencia internacional, tanto para las chicas que compitieron como para su T\u00e9cnica Camila Gil. Las chicas que pudieron demostrar [&hellip;]<\/p>\n","protected":false},"author":1,"featured_media":57811,"comment_status":"open","ping_status":"open","sticky":false,"template":"","format":"standard","meta":{"tdm_status":"","tdm_grid_status":"","_jetpack_memberships_contains_paid_content":false,"footnotes":"","jetpack_publicize_message":"","jetpack_publicize_feature_enabled":true,"jetpack_social_post_already_shared":true,"jetpack_social_options":{"image_generator_settings":{"template":"highway","default_image_id":0,"font":"","enabled":false},"version":2}},"categories":[2],"tags":[],"class_list":{"0":"post-57810","1":"post","2":"type-post","3":"status-publish","4":"format-standard","5":"has-post-thumbnail","7":"category-locales"},"yoast_head":"<!-- This site is optimized with the Yoast SEO plugin v22.7 - https:\/\/yoast.com\/wordpress\/plugins\/seo\/ -->\n<title>Patinadoras de Colegiales tuvieron una destacada actuaci\u00f3n en el Panamericano - 103.9 fm<\/title>\n<meta name=\"robots\" content=\"index, follow, max-snippet:-1, max-image-preview:large, max-video-preview:-1\" \/>\n<link rel=\"canonical\" href=\"https:\/\/ondauno.com.ar\/index.php\/2025\/06\/25\/patinadoras-de-colegiales-tuvieron-una-destacada-actuacion-en-el-panamericano\/\" \/>\n<meta property=\"og:locale\" content=\"es_ES\" \/>\n<meta property=\"og:type\" content=\"article\" \/>\n<meta property=\"og:title\" content=\"Patinadoras de Colegiales tuvieron una destacada actuaci\u00f3n en el Panamericano - 103.9 fm\" \/>\n<meta property=\"og:description\" content=\"Terminados los Campeonatos Panamericanos de Pat\u00edn Art\u00edstico en la Ciudad de Buenos Aires, de las categor\u00edas Novatos y Promocionales de Clubes, las patinadoras del Club Colegiales se despiden del mismo con una buena actuaci\u00f3n de esta experiencia internacional, tanto para las chicas que compitieron como para su T\u00e9cnica Camila Gil. Las chicas que pudieron demostrar [&hellip;]\" \/>\n<meta property=\"og:url\" content=\"https:\/\/ondauno.com.ar\/index.php\/2025\/06\/25\/patinadoras-de-colegiales-tuvieron-una-destacada-actuacion-en-el-panamericano\/\" \/>\n<meta property=\"og:site_name\" content=\"103.9 fm\" \/>\n<meta property=\"article:publisher\" content=\"https:\/\/www.facebook.com\/ondauno103.9\" \/>\n<meta property=\"article:published_time\" content=\"2025-06-25T22:01:04+00:00\" \/>\n<meta property=\"article:modified_time\" content=\"2025-06-25T22:01:09+00:00\" \/>\n<meta property=\"og:image\" content=\"http:\/\/ondauno.com.ar\/wp-content\/uploads\/2025\/06\/Blank-4-Grids-Collage-2-1024x1024.png\" \/>\n\t<meta property=\"og:image:width\" content=\"1024\" \/>\n\t<meta property=\"og:image:height\" content=\"1024\" \/>\n\t<meta property=\"og:image:type\" content=\"image\/png\" \/>\n<meta name=\"author\" content=\"OndaUno\" \/>\n<meta name=\"twitter:card\" content=\"summary_large_image\" \/>\n<meta name=\"twitter:label1\" content=\"Escrito por\" \/>\n\t<meta name=\"twitter:data1\" content=\"OndaUno\" \/>\n\t<meta name=\"twitter:label2\" content=\"Tiempo de lectura\" \/>\n\t<meta name=\"twitter:data2\" content=\"2 minutos\" \/>\n<script type=\"application\/ld+json\" class=\"yoast-schema-graph\">{\"@context\":\"https:\/\/schema.org\",\"@graph\":[{\"@type\":\"WebPage\",\"@id\":\"https:\/\/ondauno.com.ar\/index.php\/2025\/06\/25\/patinadoras-de-colegiales-tuvieron-una-destacada-actuacion-en-el-panamericano\/\",\"url\":\"https:\/\/ondauno.com.ar\/index.php\/2025\/06\/25\/patinadoras-de-colegiales-tuvieron-una-destacada-actuacion-en-el-panamericano\/\",\"name\":\"Patinadoras de Colegiales tuvieron una destacada actuaci\u00f3n en el Panamericano - 103.9 fm\",\"isPartOf\":{\"@id\":\"https:\/\/ondauno.com.ar\/#website\"},\"primaryImageOfPage\":{\"@id\":\"https:\/\/ondauno.com.ar\/index.php\/2025\/06\/25\/patinadoras-de-colegiales-tuvieron-una-destacada-actuacion-en-el-panamericano\/#primaryimage\"},\"image\":{\"@id\":\"https:\/\/ondauno.com.ar\/index.php\/2025\/06\/25\/patinadoras-de-colegiales-tuvieron-una-destacada-actuacion-en-el-panamericano\/#primaryimage\"},\"thumbnailUrl\":\"https:\/\/ondauno.com.ar\/wp-content\/uploads\/2025\/06\/Blank-4-Grids-Collage-2.png\",\"datePublished\":\"2025-06-25T22:01:04+00:00\",\"dateModified\":\"2025-06-25T22:01:09+00:00\",\"author\":{\"@id\":\"https:\/\/ondauno.com.ar\/#\/schema\/person\/7ec851ddeceb4133d7d7132dc645714e\"},\"breadcrumb\":{\"@id\":\"https:\/\/ondauno.com.ar\/index.php\/2025\/06\/25\/patinadoras-de-colegiales-tuvieron-una-destacada-actuacion-en-el-panamericano\/#breadcrumb\"},\"inLanguage\":\"es-AR\",\"potentialAction\":[{\"@type\":\"ReadAction\",\"target\":[\"https:\/\/ondauno.com.ar\/index.php\/2025\/06\/25\/patinadoras-de-colegiales-tuvieron-una-destacada-actuacion-en-el-panamericano\/\"]}]},{\"@type\":\"ImageObject\",\"inLanguage\":\"es-AR\",\"@id\":\"https:\/\/ondauno.com.ar\/index.php\/2025\/06\/25\/patinadoras-de-colegiales-tuvieron-una-destacada-actuacion-en-el-panamericano\/#primaryimage\",\"url\":\"https:\/\/ondauno.com.ar\/wp-content\/uploads\/2025\/06\/Blank-4-Grids-Collage-2.png\",\"contentUrl\":\"https:\/\/ondauno.com.ar\/wp-content\/uploads\/2025\/06\/Blank-4-Grids-Collage-2.png\",\"width\":2000,\"height\":2000},{\"@type\":\"BreadcrumbList\",\"@id\":\"https:\/\/ondauno.com.ar\/index.php\/2025\/06\/25\/patinadoras-de-colegiales-tuvieron-una-destacada-actuacion-en-el-panamericano\/#breadcrumb\",\"itemListElement\":[{\"@type\":\"ListItem\",\"position\":1,\"name\":\"Inicio\",\"item\":\"https:\/\/ondauno.com.ar\/\"},{\"@type\":\"ListItem\",\"position\":2,\"name\":\"Patinadoras de Colegiales tuvieron una destacada actuaci\u00f3n en el Panamericano\"}]},{\"@type\":\"WebSite\",\"@id\":\"https:\/\/ondauno.com.ar\/#website\",\"url\":\"https:\/\/ondauno.com.ar\/\",\"name\":\"103.9 fm\",\"description\":\"LA PRIMERA RADIO MULTIMEDIA DE TRES ARROYOS\",\"potentialAction\":[{\"@type\":\"SearchAction\",\"target\":{\"@type\":\"EntryPoint\",\"urlTemplate\":\"https:\/\/ondauno.com.ar\/?s={search_term_string}\"},\"query-input\":\"required name=search_term_string\"}],\"inLanguage\":\"es-AR\"},{\"@type\":\"Person\",\"@id\":\"https:\/\/ondauno.com.ar\/#\/schema\/person\/7ec851ddeceb4133d7d7132dc645714e\",\"name\":\"OndaUno\",\"image\":{\"@type\":\"ImageObject\",\"inLanguage\":\"es-AR\",\"@id\":\"https:\/\/ondauno.com.ar\/#\/schema\/person\/image\/\",\"url\":\"https:\/\/secure.gravatar.com\/avatar\/93b8009f0de7021f1feb2bd5b32fb9e8?s=96&d=mm&r=g\",\"contentUrl\":\"https:\/\/secure.gravatar.com\/avatar\/93b8009f0de7021f1feb2bd5b32fb9e8?s=96&d=mm&r=g\",\"caption\":\"OndaUno\"},\"url\":\"https:\/\/ondauno.com.ar\/index.php\/author\/ondauno\/\"}]}<\/script>\n<!-- \/ Yoast SEO plugin. -->","yoast_head_json":{"title":"Patinadoras de Colegiales tuvieron una destacada actuaci\u00f3n en el Panamericano - 103.9 fm","robots":{"index":"index","follow":"follow","max-snippet":"max-snippet:-1","max-image-preview":"max-image-preview:large","max-video-preview":"max-video-preview:-1"},"canonical":"https:\/\/ondauno.com.ar\/index.php\/2025\/06\/25\/patinadoras-de-colegiales-tuvieron-una-destacada-actuacion-en-el-panamericano\/","og_locale":"es_ES","og_type":"article","og_title":"Patinadoras de Colegiales tuvieron una destacada actuaci\u00f3n en el Panamericano - 103.9 fm","og_description":"Terminados los Campeonatos Panamericanos de Pat\u00edn Art\u00edstico en la Ciudad de Buenos Aires, de las categor\u00edas Novatos y Promocionales de Clubes, las patinadoras del Club Colegiales se despiden del mismo con una buena actuaci\u00f3n de esta experiencia internacional, tanto para las chicas que compitieron como para su T\u00e9cnica Camila Gil. Las chicas que pudieron demostrar [&hellip;]","og_url":"https:\/\/ondauno.com.ar\/index.php\/2025\/06\/25\/patinadoras-de-colegiales-tuvieron-una-destacada-actuacion-en-el-panamericano\/","og_site_name":"103.9 fm","article_publisher":"https:\/\/www.facebook.com\/ondauno103.9","article_published_time":"2025-06-25T22:01:04+00:00","article_modified_time":"2025-06-25T22:01:09+00:00","og_image":[{"width":1024,"height":1024,"url":"http:\/\/ondauno.com.ar\/wp-content\/uploads\/2025\/06\/Blank-4-Grids-Collage-2-1024x1024.png","type":"image\/png"}],"author":"OndaUno","twitter_card":"summary_large_image","twitter_misc":{"Escrito por":"OndaUno","Tiempo de lectura":"2 minutos"},"schema":{"@context":"https:\/\/schema.org","@graph":[{"@type":"WebPage","@id":"https:\/\/ondauno.com.ar\/index.php\/2025\/06\/25\/patinadoras-de-colegiales-tuvieron-una-destacada-actuacion-en-el-panamericano\/","url":"https:\/\/ondauno.com.ar\/index.php\/2025\/06\/25\/patinadoras-de-colegiales-tuvieron-una-destacada-actuacion-en-el-panamericano\/","name":"Patinadoras de Colegiales tuvieron una destacada actuaci\u00f3n en el Panamericano - 103.9 fm","isPartOf":{"@id":"https:\/\/ondauno.com.ar\/#website"},"primaryImageOfPage":{"@id":"https:\/\/ondauno.com.ar\/index.php\/2025\/06\/25\/patinadoras-de-colegiales-tuvieron-una-destacada-actuacion-en-el-panamericano\/#primaryimage"},"image":{"@id":"https:\/\/ondauno.com.ar\/index.php\/2025\/06\/25\/patinadoras-de-colegiales-tuvieron-una-destacada-actuacion-en-el-panamericano\/#primaryimage"},"thumbnailUrl":"https:\/\/ondauno.com.ar\/wp-content\/uploads\/2025\/06\/Blank-4-Grids-Collage-2.png","datePublished":"2025-06-25T22:01:04+00:00","dateModified":"2025-06-25T22:01:09+00:00","author":{"@id":"https:\/\/ondauno.com.ar\/#\/schema\/person\/7ec851ddeceb4133d7d7132dc645714e"},"breadcrumb":{"@id":"https:\/\/ondauno.com.ar\/index.php\/2025\/06\/25\/patinadoras-de-colegiales-tuvieron-una-destacada-actuacion-en-el-panamericano\/#breadcrumb"},"inLanguage":"es-AR","potentialAction":[{"@type":"ReadAction","target":["https:\/\/ondauno.com.ar\/index.php\/2025\/06\/25\/patinadoras-de-colegiales-tuvieron-una-destacada-actuacion-en-el-panamericano\/"]}]},{"@type":"ImageObject","inLanguage":"es-AR","@id":"https:\/\/ondauno.com.ar\/index.php\/2025\/06\/25\/patinadoras-de-colegiales-tuvieron-una-destacada-actuacion-en-el-panamericano\/#primaryimage","url":"https:\/\/ondauno.com.ar\/wp-content\/uploads\/2025\/06\/Blank-4-Grids-Collage-2.png","contentUrl":"https:\/\/ondauno.com.ar\/wp-content\/uploads\/2025\/06\/Blank-4-Grids-Collage-2.png","width":2000,"height":2000},{"@type":"BreadcrumbList","@id":"https:\/\/ondauno.com.ar\/index.php\/2025\/06\/25\/patinadoras-de-colegiales-tuvieron-una-destacada-actuacion-en-el-panamericano\/#breadcrumb","itemListElement":[{"@type":"ListItem","position":1,"name":"Inicio","item":"https:\/\/ondauno.com.ar\/"},{"@type":"ListItem","position":2,"name":"Patinadoras de Colegiales tuvieron una destacada actuaci\u00f3n en el Panamericano"}]},{"@type":"WebSite","@id":"https:\/\/ondauno.com.ar\/#website","url":"https:\/\/ondauno.com.ar\/","name":"103.9 fm","description":"LA PRIMERA RADIO MULTIMEDIA DE TRES ARROYOS","potentialAction":[{"@type":"SearchAction","target":{"@type":"EntryPoint","urlTemplate":"https:\/\/ondauno.com.ar\/?s={search_term_string}"},"query-input":"required name=search_term_string"}],"inLanguage":"es-AR"},{"@type":"Person","@id":"https:\/\/ondauno.com.ar\/#\/schema\/person\/7ec851ddeceb4133d7d7132dc645714e","name":"OndaUno","image":{"@type":"ImageObject","inLanguage":"es-AR","@id":"https:\/\/ondauno.com.ar\/#\/schema\/person\/image\/","url":"https:\/\/secure.gravatar.com\/avatar\/93b8009f0de7021f1feb2bd5b32fb9e8?s=96&d=mm&r=g","contentUrl":"https:\/\/secure.gravatar.com\/avatar\/93b8009f0de7021f1feb2bd5b32fb9e8?s=96&d=mm&r=g","caption":"OndaUno"},"url":"https:\/\/ondauno.com.ar\/index.php\/author\/ondauno\/"}]}},"jetpack_publicize_connections":[],"jetpack_featured_media_url":"https:\/\/ondauno.com.ar\/wp-content\/uploads\/2025\/06\/Blank-4-Grids-Collage-2.png","jetpack_sharing_enabled":true,"_links":{"self":[{"href":"https:\/\/ondauno.com.ar\/index.php\/wp-json\/wp\/v2\/posts\/57810","targetHints":{"allow":["GET"]}}],"collection":[{"href":"https:\/\/ondauno.com.ar\/index.php\/wp-json\/wp\/v2\/posts"}],"about":[{"href":"https:\/\/ondauno.com.ar\/index.php\/wp-json\/wp\/v2\/types\/post"}],"author":[{"embeddable":true,"href":"https:\/\/ondauno.com.ar\/index.php\/wp-json\/wp\/v2\/users\/1"}],"replies":[{"embeddable":true,"href":"https:\/\/ondauno.com.ar\/index.php\/wp-json\/wp\/v2\/comments?post=57810"}],"version-history":[{"count":1,"href":"https:\/\/ondauno.com.ar\/index.php\/wp-json\/wp\/v2\/posts\/57810\/revisions"}],"predecessor-version":[{"id":57812,"href":"https:\/\/ondauno.com.ar\/index.php\/wp-json\/wp\/v2\/posts\/57810\/revisions\/57812"}],"wp:featuredmedia":[{"embeddable":true,"href":"https:\/\/ondauno.com.ar\/index.php\/wp-json\/wp\/v2\/media\/57811"}],"wp:attachment":[{"href":"https:\/\/ondauno.com.ar\/index.php\/wp-json\/wp\/v2\/media?parent=57810"}],"wp:term":[{"taxonomy":"category","embeddable":true,"href":"https:\/\/ondauno.com.ar\/index.php\/wp-json\/wp\/v2\/categories?post=57810"},{"taxonomy":"post_tag","embeddable":true,"href":"https:\/\/ondauno.com.ar\/index.php\/wp-json\/wp\/v2\/tags?post=57810"}],"curies":[{"name":"wp","href":"https:\/\/api.w.org\/{rel}","templated":true}]}}