{"id":57773,"date":"2025-06-24T20:42:26","date_gmt":"2025-06-24T23:42:26","guid":{"rendered":"https:\/\/ondauno.com.ar\/?p=57773"},"modified":"2025-06-24T20:42:31","modified_gmt":"2025-06-24T23:42:31","slug":"presentaron-en-el-mulazzi-un-protocolo-de-prevencion-de-la-violencia-hacia-personas-mayores","status":"publish","type":"post","link":"https:\/\/ondauno.com.ar\/index.php\/2025\/06\/24\/presentaron-en-el-mulazzi-un-protocolo-de-prevencion-de-la-violencia-hacia-personas-mayores\/","title":{"rendered":"Presentaron en el Mulazzi un protocolo de prevenci\u00f3n de la violencia hacia personas mayores"},"content":{"rendered":"<div class=\"ondau-before-content_3\" style=\"margin-top: -30px;\" id=\"ondau-2101332923\"><a href=\"https:\/\/www.lps.com.ar\/\" aria-label=\"la-perse2\"><img loading=\"lazy\" decoding=\"async\" src=\"https:\/\/ondauno.com.ar\/wp-content\/uploads\/2021\/10\/la-perse2.jpg\" alt=\"\"  srcset=\"https:\/\/ondauno.com.ar\/wp-content\/uploads\/2021\/10\/la-perse2.jpg 1353w, https:\/\/ondauno.com.ar\/wp-content\/uploads\/2021\/10\/la-perse2-300x43.jpg 300w, https:\/\/ondauno.com.ar\/wp-content\/uploads\/2021\/10\/la-perse2-1024x148.jpg 1024w, https:\/\/ondauno.com.ar\/wp-content\/uploads\/2021\/10\/la-perse2-768x111.jpg 768w, https:\/\/ondauno.com.ar\/wp-content\/uploads\/2021\/10\/la-perse2-696x100.jpg 696w, https:\/\/ondauno.com.ar\/wp-content\/uploads\/2021\/10\/la-perse2-1068x154.jpg 1068w\" sizes=\"(max-width: 1353px) 100vw, 1353px\" class=\"no-lazyload\" width=\"1353\" height=\"195\"  style=\"display: inline-block;\" \/><\/a><\/div>\n<p>El d\u00eda de hoy se realiz\u00f3 en el Museo Mulazzi una capacitaci\u00f3n y presentaci\u00f3n de la propuesta del Protocolo de Prevenci\u00f3n y Abordaje Intersectorial en situaciones de violencia hacia Personas Mayores desde el \u00c1rea de Adultos Mayores, que depende de la Secretar\u00eda de Salud.<\/p>\n\n\n\n<p>La capacitaci\u00f3n t\u00e9cnica tuvo la participaci\u00f3n de la Dra. Mercedes Moreno, Secretaria de Salud, y fue llevada a cabo por la Lic. Valeria Barrere, trabajadora social y especialista en Gerontolog\u00eda Institucional y Comunitaria.<br>La Lic. Miriam Damboriana, del \u00e1rea de Adultos Mayores del municipio fue quien present\u00f3 la propuesta del Protocolo junto a las integrantes del \u00e1rea de adultos mayores Soledad Aramendi, Bianca Codagnone y Vanesa Ramos. Adem\u00e1s compartieron los objetivos y las \u00e1reas de acci\u00f3n del \u00e1rea de Adultos mayores, as\u00ed como sus recursos.<\/p>\n\n\n\n<p>En este espacio se habl\u00f3 del proyecto de formaci\u00f3n de un protocolo de prevenci\u00f3n y acci\u00f3n frente a la violencia hacia personas mayores, que fue impulsado a partir de la capacitaci\u00f3n de la fundaci\u00f3n Navarro Viola y la Asociaci\u00f3n Civil Surcos. Con la intenci\u00f3n de un abordaje intersectorial se invit\u00f3 a estudiantes de las carreras de Tiempo libre y Recreaci\u00f3n y Acompa\u00f1amiento terap\u00e9utico, trabajadores y trabajadoras sociales de otras \u00e1reas, promotores de la salud, instituci\u00f3n del poder judicial, personal de la residencia Municipal para adultos mayores &#8220;Dr. Gregorio A. Alfaro&#8221;, Consejo de discapacidad, entre otros.<\/p>\n","protected":false},"excerpt":{"rendered":"<p>El d\u00eda de hoy se realiz\u00f3 en el Museo Mulazzi una capacitaci\u00f3n y presentaci\u00f3n de la propuesta del Protocolo de Prevenci\u00f3n y Abordaje Intersectorial en situaciones de violencia hacia Personas Mayores desde el \u00c1rea de Adultos Mayores, que depende de la Secretar\u00eda de Salud. La capacitaci\u00f3n t\u00e9cnica tuvo la participaci\u00f3n de la Dra. Mercedes Moreno, [&hellip;]<\/p>\n","protected":false},"author":1,"featured_media":57774,"comment_status":"open","ping_status":"open","sticky":false,"template":"","format":"standard","meta":{"tdm_status":"","tdm_grid_status":"","_jetpack_memberships_contains_paid_content":false,"footnotes":"","jetpack_publicize_message":"","jetpack_publicize_feature_enabled":true,"jetpack_social_post_already_shared":true,"jetpack_social_options":{"image_generator_settings":{"template":"highway","default_image_id":0,"font":"","enabled":false},"version":2}},"categories":[2],"tags":[],"class_list":{"0":"post-57773","1":"post","2":"type-post","3":"status-publish","4":"format-standard","5":"has-post-thumbnail","7":"category-locales"},"yoast_head":"<!-- This site is optimized with the Yoast SEO plugin v22.7 - https:\/\/yoast.com\/wordpress\/plugins\/seo\/ -->\n<title>Presentaron en el Mulazzi un protocolo de prevenci\u00f3n de la violencia hacia personas mayores - 103.9 fm<\/title>\n<meta name=\"robots\" content=\"index, follow, max-snippet:-1, max-image-preview:large, max-video-preview:-1\" \/>\n<link rel=\"canonical\" href=\"https:\/\/ondauno.com.ar\/index.php\/2025\/06\/24\/presentaron-en-el-mulazzi-un-protocolo-de-prevencion-de-la-violencia-hacia-personas-mayores\/\" \/>\n<meta property=\"og:locale\" content=\"es_ES\" \/>\n<meta property=\"og:type\" content=\"article\" \/>\n<meta property=\"og:title\" content=\"Presentaron en el Mulazzi un protocolo de prevenci\u00f3n de la violencia hacia personas mayores - 103.9 fm\" \/>\n<meta property=\"og:description\" content=\"El d\u00eda de hoy se realiz\u00f3 en el Museo Mulazzi una capacitaci\u00f3n y presentaci\u00f3n de la propuesta del Protocolo de Prevenci\u00f3n y Abordaje Intersectorial en situaciones de violencia hacia Personas Mayores desde el \u00c1rea de Adultos Mayores, que depende de la Secretar\u00eda de Salud. La capacitaci\u00f3n t\u00e9cnica tuvo la participaci\u00f3n de la Dra. Mercedes Moreno, [&hellip;]\" \/>\n<meta property=\"og:url\" content=\"https:\/\/ondauno.com.ar\/index.php\/2025\/06\/24\/presentaron-en-el-mulazzi-un-protocolo-de-prevencion-de-la-violencia-hacia-personas-mayores\/\" \/>\n<meta property=\"og:site_name\" content=\"103.9 fm\" \/>\n<meta property=\"article:publisher\" content=\"https:\/\/www.facebook.com\/ondauno103.9\" \/>\n<meta property=\"article:published_time\" content=\"2025-06-24T23:42:26+00:00\" \/>\n<meta property=\"article:modified_time\" content=\"2025-06-24T23:42:31+00:00\" \/>\n<meta property=\"og:image\" content=\"http:\/\/ondauno.com.ar\/wp-content\/uploads\/2025\/06\/WhatsApp-Image-2025-06-24-at-12.04.09.jpeg\" \/>\n\t<meta property=\"og:image:width\" content=\"1280\" \/>\n\t<meta property=\"og:image:height\" content=\"960\" \/>\n\t<meta property=\"og:image:type\" content=\"image\/jpeg\" \/>\n<meta name=\"author\" content=\"OndaUno\" \/>\n<meta name=\"twitter:card\" content=\"summary_large_image\" \/>\n<meta name=\"twitter:label1\" content=\"Escrito por\" \/>\n\t<meta name=\"twitter:data1\" content=\"OndaUno\" \/>\n\t<meta name=\"twitter:label2\" content=\"Tiempo de lectura\" \/>\n\t<meta name=\"twitter:data2\" content=\"2 minutos\" \/>\n<script type=\"application\/ld+json\" class=\"yoast-schema-graph\">{\"@context\":\"https:\/\/schema.org\",\"@graph\":[{\"@type\":\"WebPage\",\"@id\":\"https:\/\/ondauno.com.ar\/index.php\/2025\/06\/24\/presentaron-en-el-mulazzi-un-protocolo-de-prevencion-de-la-violencia-hacia-personas-mayores\/\",\"url\":\"https:\/\/ondauno.com.ar\/index.php\/2025\/06\/24\/presentaron-en-el-mulazzi-un-protocolo-de-prevencion-de-la-violencia-hacia-personas-mayores\/\",\"name\":\"Presentaron en el Mulazzi un protocolo de prevenci\u00f3n de la violencia hacia personas mayores - 103.9 fm\",\"isPartOf\":{\"@id\":\"https:\/\/ondauno.com.ar\/#website\"},\"primaryImageOfPage\":{\"@id\":\"https:\/\/ondauno.com.ar\/index.php\/2025\/06\/24\/presentaron-en-el-mulazzi-un-protocolo-de-prevencion-de-la-violencia-hacia-personas-mayores\/#primaryimage\"},\"image\":{\"@id\":\"https:\/\/ondauno.com.ar\/index.php\/2025\/06\/24\/presentaron-en-el-mulazzi-un-protocolo-de-prevencion-de-la-violencia-hacia-personas-mayores\/#primaryimage\"},\"thumbnailUrl\":\"https:\/\/ondauno.com.ar\/wp-content\/uploads\/2025\/06\/WhatsApp-Image-2025-06-24-at-12.04.09.jpeg\",\"datePublished\":\"2025-06-24T23:42:26+00:00\",\"dateModified\":\"2025-06-24T23:42:31+00:00\",\"author\":{\"@id\":\"https:\/\/ondauno.com.ar\/#\/schema\/person\/7ec851ddeceb4133d7d7132dc645714e\"},\"breadcrumb\":{\"@id\":\"https:\/\/ondauno.com.ar\/index.php\/2025\/06\/24\/presentaron-en-el-mulazzi-un-protocolo-de-prevencion-de-la-violencia-hacia-personas-mayores\/#breadcrumb\"},\"inLanguage\":\"es-AR\",\"potentialAction\":[{\"@type\":\"ReadAction\",\"target\":[\"https:\/\/ondauno.com.ar\/index.php\/2025\/06\/24\/presentaron-en-el-mulazzi-un-protocolo-de-prevencion-de-la-violencia-hacia-personas-mayores\/\"]}]},{\"@type\":\"ImageObject\",\"inLanguage\":\"es-AR\",\"@id\":\"https:\/\/ondauno.com.ar\/index.php\/2025\/06\/24\/presentaron-en-el-mulazzi-un-protocolo-de-prevencion-de-la-violencia-hacia-personas-mayores\/#primaryimage\",\"url\":\"https:\/\/ondauno.com.ar\/wp-content\/uploads\/2025\/06\/WhatsApp-Image-2025-06-24-at-12.04.09.jpeg\",\"contentUrl\":\"https:\/\/ondauno.com.ar\/wp-content\/uploads\/2025\/06\/WhatsApp-Image-2025-06-24-at-12.04.09.jpeg\",\"width\":1280,\"height\":960},{\"@type\":\"BreadcrumbList\",\"@id\":\"https:\/\/ondauno.com.ar\/index.php\/2025\/06\/24\/presentaron-en-el-mulazzi-un-protocolo-de-prevencion-de-la-violencia-hacia-personas-mayores\/#breadcrumb\",\"itemListElement\":[{\"@type\":\"ListItem\",\"position\":1,\"name\":\"Inicio\",\"item\":\"https:\/\/ondauno.com.ar\/\"},{\"@type\":\"ListItem\",\"position\":2,\"name\":\"Presentaron en el Mulazzi un protocolo de prevenci\u00f3n de la violencia hacia personas mayores\"}]},{\"@type\":\"WebSite\",\"@id\":\"https:\/\/ondauno.com.ar\/#website\",\"url\":\"https:\/\/ondauno.com.ar\/\",\"name\":\"103.9 fm\",\"description\":\"LA PRIMERA RADIO MULTIMEDIA DE TRES ARROYOS\",\"potentialAction\":[{\"@type\":\"SearchAction\",\"target\":{\"@type\":\"EntryPoint\",\"urlTemplate\":\"https:\/\/ondauno.com.ar\/?s={search_term_string}\"},\"query-input\":\"required name=search_term_string\"}],\"inLanguage\":\"es-AR\"},{\"@type\":\"Person\",\"@id\":\"https:\/\/ondauno.com.ar\/#\/schema\/person\/7ec851ddeceb4133d7d7132dc645714e\",\"name\":\"OndaUno\",\"image\":{\"@type\":\"ImageObject\",\"inLanguage\":\"es-AR\",\"@id\":\"https:\/\/ondauno.com.ar\/#\/schema\/person\/image\/\",\"url\":\"https:\/\/secure.gravatar.com\/avatar\/93b8009f0de7021f1feb2bd5b32fb9e8?s=96&d=mm&r=g\",\"contentUrl\":\"https:\/\/secure.gravatar.com\/avatar\/93b8009f0de7021f1feb2bd5b32fb9e8?s=96&d=mm&r=g\",\"caption\":\"OndaUno\"},\"url\":\"https:\/\/ondauno.com.ar\/index.php\/author\/ondauno\/\"}]}<\/script>\n<!-- \/ Yoast SEO plugin. -->","yoast_head_json":{"title":"Presentaron en el Mulazzi un protocolo de prevenci\u00f3n de la violencia hacia personas mayores - 103.9 fm","robots":{"index":"index","follow":"follow","max-snippet":"max-snippet:-1","max-image-preview":"max-image-preview:large","max-video-preview":"max-video-preview:-1"},"canonical":"https:\/\/ondauno.com.ar\/index.php\/2025\/06\/24\/presentaron-en-el-mulazzi-un-protocolo-de-prevencion-de-la-violencia-hacia-personas-mayores\/","og_locale":"es_ES","og_type":"article","og_title":"Presentaron en el Mulazzi un protocolo de prevenci\u00f3n de la violencia hacia personas mayores - 103.9 fm","og_description":"El d\u00eda de hoy se realiz\u00f3 en el Museo Mulazzi una capacitaci\u00f3n y presentaci\u00f3n de la propuesta del Protocolo de Prevenci\u00f3n y Abordaje Intersectorial en situaciones de violencia hacia Personas Mayores desde el \u00c1rea de Adultos Mayores, que depende de la Secretar\u00eda de Salud. La capacitaci\u00f3n t\u00e9cnica tuvo la participaci\u00f3n de la Dra. Mercedes Moreno, [&hellip;]","og_url":"https:\/\/ondauno.com.ar\/index.php\/2025\/06\/24\/presentaron-en-el-mulazzi-un-protocolo-de-prevencion-de-la-violencia-hacia-personas-mayores\/","og_site_name":"103.9 fm","article_publisher":"https:\/\/www.facebook.com\/ondauno103.9","article_published_time":"2025-06-24T23:42:26+00:00","article_modified_time":"2025-06-24T23:42:31+00:00","og_image":[{"width":1280,"height":960,"url":"http:\/\/ondauno.com.ar\/wp-content\/uploads\/2025\/06\/WhatsApp-Image-2025-06-24-at-12.04.09.jpeg","type":"image\/jpeg"}],"author":"OndaUno","twitter_card":"summary_large_image","twitter_misc":{"Escrito por":"OndaUno","Tiempo de lectura":"2 minutos"},"schema":{"@context":"https:\/\/schema.org","@graph":[{"@type":"WebPage","@id":"https:\/\/ondauno.com.ar\/index.php\/2025\/06\/24\/presentaron-en-el-mulazzi-un-protocolo-de-prevencion-de-la-violencia-hacia-personas-mayores\/","url":"https:\/\/ondauno.com.ar\/index.php\/2025\/06\/24\/presentaron-en-el-mulazzi-un-protocolo-de-prevencion-de-la-violencia-hacia-personas-mayores\/","name":"Presentaron en el Mulazzi un protocolo de prevenci\u00f3n de la violencia hacia personas mayores - 103.9 fm","isPartOf":{"@id":"https:\/\/ondauno.com.ar\/#website"},"primaryImageOfPage":{"@id":"https:\/\/ondauno.com.ar\/index.php\/2025\/06\/24\/presentaron-en-el-mulazzi-un-protocolo-de-prevencion-de-la-violencia-hacia-personas-mayores\/#primaryimage"},"image":{"@id":"https:\/\/ondauno.com.ar\/index.php\/2025\/06\/24\/presentaron-en-el-mulazzi-un-protocolo-de-prevencion-de-la-violencia-hacia-personas-mayores\/#primaryimage"},"thumbnailUrl":"https:\/\/ondauno.com.ar\/wp-content\/uploads\/2025\/06\/WhatsApp-Image-2025-06-24-at-12.04.09.jpeg","datePublished":"2025-06-24T23:42:26+00:00","dateModified":"2025-06-24T23:42:31+00:00","author":{"@id":"https:\/\/ondauno.com.ar\/#\/schema\/person\/7ec851ddeceb4133d7d7132dc645714e"},"breadcrumb":{"@id":"https:\/\/ondauno.com.ar\/index.php\/2025\/06\/24\/presentaron-en-el-mulazzi-un-protocolo-de-prevencion-de-la-violencia-hacia-personas-mayores\/#breadcrumb"},"inLanguage":"es-AR","potentialAction":[{"@type":"ReadAction","target":["https:\/\/ondauno.com.ar\/index.php\/2025\/06\/24\/presentaron-en-el-mulazzi-un-protocolo-de-prevencion-de-la-violencia-hacia-personas-mayores\/"]}]},{"@type":"ImageObject","inLanguage":"es-AR","@id":"https:\/\/ondauno.com.ar\/index.php\/2025\/06\/24\/presentaron-en-el-mulazzi-un-protocolo-de-prevencion-de-la-violencia-hacia-personas-mayores\/#primaryimage","url":"https:\/\/ondauno.com.ar\/wp-content\/uploads\/2025\/06\/WhatsApp-Image-2025-06-24-at-12.04.09.jpeg","contentUrl":"https:\/\/ondauno.com.ar\/wp-content\/uploads\/2025\/06\/WhatsApp-Image-2025-06-24-at-12.04.09.jpeg","width":1280,"height":960},{"@type":"BreadcrumbList","@id":"https:\/\/ondauno.com.ar\/index.php\/2025\/06\/24\/presentaron-en-el-mulazzi-un-protocolo-de-prevencion-de-la-violencia-hacia-personas-mayores\/#breadcrumb","itemListElement":[{"@type":"ListItem","position":1,"name":"Inicio","item":"https:\/\/ondauno.com.ar\/"},{"@type":"ListItem","position":2,"name":"Presentaron en el Mulazzi un protocolo de prevenci\u00f3n de la violencia hacia personas mayores"}]},{"@type":"WebSite","@id":"https:\/\/ondauno.com.ar\/#website","url":"https:\/\/ondauno.com.ar\/","name":"103.9 fm","description":"LA PRIMERA RADIO MULTIMEDIA DE TRES ARROYOS","potentialAction":[{"@type":"SearchAction","target":{"@type":"EntryPoint","urlTemplate":"https:\/\/ondauno.com.ar\/?s={search_term_string}"},"query-input":"required name=search_term_string"}],"inLanguage":"es-AR"},{"@type":"Person","@id":"https:\/\/ondauno.com.ar\/#\/schema\/person\/7ec851ddeceb4133d7d7132dc645714e","name":"OndaUno","image":{"@type":"ImageObject","inLanguage":"es-AR","@id":"https:\/\/ondauno.com.ar\/#\/schema\/person\/image\/","url":"https:\/\/secure.gravatar.com\/avatar\/93b8009f0de7021f1feb2bd5b32fb9e8?s=96&d=mm&r=g","contentUrl":"https:\/\/secure.gravatar.com\/avatar\/93b8009f0de7021f1feb2bd5b32fb9e8?s=96&d=mm&r=g","caption":"OndaUno"},"url":"https:\/\/ondauno.com.ar\/index.php\/author\/ondauno\/"}]}},"jetpack_publicize_connections":[],"jetpack_featured_media_url":"https:\/\/ondauno.com.ar\/wp-content\/uploads\/2025\/06\/WhatsApp-Image-2025-06-24-at-12.04.09.jpeg","jetpack_sharing_enabled":true,"_links":{"self":[{"href":"https:\/\/ondauno.com.ar\/index.php\/wp-json\/wp\/v2\/posts\/57773","targetHints":{"allow":["GET"]}}],"collection":[{"href":"https:\/\/ondauno.com.ar\/index.php\/wp-json\/wp\/v2\/posts"}],"about":[{"href":"https:\/\/ondauno.com.ar\/index.php\/wp-json\/wp\/v2\/types\/post"}],"author":[{"embeddable":true,"href":"https:\/\/ondauno.com.ar\/index.php\/wp-json\/wp\/v2\/users\/1"}],"replies":[{"embeddable":true,"href":"https:\/\/ondauno.com.ar\/index.php\/wp-json\/wp\/v2\/comments?post=57773"}],"version-history":[{"count":1,"href":"https:\/\/ondauno.com.ar\/index.php\/wp-json\/wp\/v2\/posts\/57773\/revisions"}],"predecessor-version":[{"id":57775,"href":"https:\/\/ondauno.com.ar\/index.php\/wp-json\/wp\/v2\/posts\/57773\/revisions\/57775"}],"wp:featuredmedia":[{"embeddable":true,"href":"https:\/\/ondauno.com.ar\/index.php\/wp-json\/wp\/v2\/media\/57774"}],"wp:attachment":[{"href":"https:\/\/ondauno.com.ar\/index.php\/wp-json\/wp\/v2\/media?parent=57773"}],"wp:term":[{"taxonomy":"category","embeddable":true,"href":"https:\/\/ondauno.com.ar\/index.php\/wp-json\/wp\/v2\/categories?post=57773"},{"taxonomy":"post_tag","embeddable":true,"href":"https:\/\/ondauno.com.ar\/index.php\/wp-json\/wp\/v2\/tags?post=57773"}],"curies":[{"name":"wp","href":"https:\/\/api.w.org\/{rel}","templated":true}]}}