{"id":57760,"date":"2025-06-24T12:36:55","date_gmt":"2025-06-24T15:36:55","guid":{"rendered":"https:\/\/ondauno.com.ar\/?p=57760"},"modified":"2025-06-24T12:37:00","modified_gmt":"2025-06-24T15:37:00","slug":"aprehendieron-a-un-hombre-por-un-caso-de-violencia-de-genero","status":"publish","type":"post","link":"https:\/\/ondauno.com.ar\/index.php\/2025\/06\/24\/aprehendieron-a-un-hombre-por-un-caso-de-violencia-de-genero\/","title":{"rendered":"Aprehendieron a un hombre por un caso de violencia de g\u00e9nero"},"content":{"rendered":"<div class=\"ondau-before-content_3\" style=\"margin-top: -30px;\" id=\"ondau-2479344006\"><a href=\"https:\/\/www.lps.com.ar\/\" aria-label=\"la-perse2\"><img loading=\"lazy\" decoding=\"async\" src=\"https:\/\/ondauno.com.ar\/wp-content\/uploads\/2021\/10\/la-perse2.jpg\" alt=\"\"  srcset=\"https:\/\/ondauno.com.ar\/wp-content\/uploads\/2021\/10\/la-perse2.jpg 1353w, https:\/\/ondauno.com.ar\/wp-content\/uploads\/2021\/10\/la-perse2-300x43.jpg 300w, https:\/\/ondauno.com.ar\/wp-content\/uploads\/2021\/10\/la-perse2-1024x148.jpg 1024w, https:\/\/ondauno.com.ar\/wp-content\/uploads\/2021\/10\/la-perse2-768x111.jpg 768w, https:\/\/ondauno.com.ar\/wp-content\/uploads\/2021\/10\/la-perse2-696x100.jpg 696w, https:\/\/ondauno.com.ar\/wp-content\/uploads\/2021\/10\/la-perse2-1068x154.jpg 1068w\" sizes=\"(max-width: 1353px) 100vw, 1353px\" class=\"no-lazyload\" width=\"1353\" height=\"195\"  style=\"display: inline-block;\" \/><\/a><\/div>\n<p>Personal de la Comisar\u00eda Primera de Tres Arroyos, a cargo del comisario Cristian Tedini, aprehendi\u00f3 a un hombre de 28 a\u00f1os en el marco de un hecho de violencia de g\u00e9nero ocurrido anoche, alrededor de las 22:30, en una vivienda de calle Reconquista al 700.<\/p>\n\n\n\n<p>Seg\u00fan inform\u00f3 la Polic\u00eda, en el lugar se constat\u00f3 una discusi\u00f3n verbal entre el joven y su pareja de 37 a\u00f1os. Si bien no hubo agresiones f\u00edsicas ni lesiones, el personal interviniente percibi\u00f3 signos de maltrato verbal, por lo que se activaron los protocolos correspondientes para la contenci\u00f3n y asistencia de la v\u00edctima, con el objetivo de evitar un da\u00f1o mayor.<\/p>\n\n\n\n<p>El hombre fue trasladado a la sede policial, donde qued\u00f3 alojado a disposici\u00f3n de la UFIJ N\u00b0 6 del Departamento Judicial local. Se labraron actuaciones por infracci\u00f3n a la Ley 12.569 y averiguaci\u00f3n de il\u00edcito.<\/p>\n","protected":false},"excerpt":{"rendered":"<p>Personal de la Comisar\u00eda Primera de Tres Arroyos, a cargo del comisario Cristian Tedini, aprehendi\u00f3 a un hombre de 28 a\u00f1os en el marco de un hecho de violencia de g\u00e9nero ocurrido anoche, alrededor de las 22:30, en una vivienda de calle Reconquista al 700. Seg\u00fan inform\u00f3 la Polic\u00eda, en el lugar se constat\u00f3 una [&hellip;]<\/p>\n","protected":false},"author":1,"featured_media":57761,"comment_status":"open","ping_status":"open","sticky":false,"template":"","format":"standard","meta":{"tdm_status":"","tdm_grid_status":"","_jetpack_memberships_contains_paid_content":false,"footnotes":"","jetpack_publicize_message":"","jetpack_publicize_feature_enabled":true,"jetpack_social_post_already_shared":true,"jetpack_social_options":{"image_generator_settings":{"template":"highway","default_image_id":0,"font":"","enabled":false},"version":2}},"categories":[29],"tags":[],"class_list":{"0":"post-57760","1":"post","2":"type-post","3":"status-publish","4":"format-standard","5":"has-post-thumbnail","7":"category-policiales"},"yoast_head":"<!-- This site is optimized with the Yoast SEO plugin v22.7 - https:\/\/yoast.com\/wordpress\/plugins\/seo\/ -->\n<title>Aprehendieron a un hombre por un caso de violencia de g\u00e9nero - 103.9 fm<\/title>\n<meta name=\"robots\" content=\"index, follow, max-snippet:-1, max-image-preview:large, max-video-preview:-1\" \/>\n<link rel=\"canonical\" href=\"https:\/\/ondauno.com.ar\/index.php\/2025\/06\/24\/aprehendieron-a-un-hombre-por-un-caso-de-violencia-de-genero\/\" \/>\n<meta property=\"og:locale\" content=\"es_ES\" \/>\n<meta property=\"og:type\" content=\"article\" \/>\n<meta property=\"og:title\" content=\"Aprehendieron a un hombre por un caso de violencia de g\u00e9nero - 103.9 fm\" \/>\n<meta property=\"og:description\" content=\"Personal de la Comisar\u00eda Primera de Tres Arroyos, a cargo del comisario Cristian Tedini, aprehendi\u00f3 a un hombre de 28 a\u00f1os en el marco de un hecho de violencia de g\u00e9nero ocurrido anoche, alrededor de las 22:30, en una vivienda de calle Reconquista al 700. Seg\u00fan inform\u00f3 la Polic\u00eda, en el lugar se constat\u00f3 una [&hellip;]\" \/>\n<meta property=\"og:url\" content=\"https:\/\/ondauno.com.ar\/index.php\/2025\/06\/24\/aprehendieron-a-un-hombre-por-un-caso-de-violencia-de-genero\/\" \/>\n<meta property=\"og:site_name\" content=\"103.9 fm\" \/>\n<meta property=\"article:publisher\" content=\"https:\/\/www.facebook.com\/ondauno103.9\" \/>\n<meta property=\"article:published_time\" content=\"2025-06-24T15:36:55+00:00\" \/>\n<meta property=\"article:modified_time\" content=\"2025-06-24T15:37:00+00:00\" \/>\n<meta property=\"og:image\" content=\"http:\/\/ondauno.com.ar\/wp-content\/uploads\/2025\/06\/WhatsApp-Image-2025-06-24-at-08.54.56.jpeg\" \/>\n\t<meta property=\"og:image:width\" content=\"1600\" \/>\n\t<meta property=\"og:image:height\" content=\"1200\" \/>\n\t<meta property=\"og:image:type\" content=\"image\/jpeg\" \/>\n<meta name=\"author\" content=\"OndaUno\" \/>\n<meta name=\"twitter:card\" content=\"summary_large_image\" \/>\n<meta name=\"twitter:label1\" content=\"Escrito por\" \/>\n\t<meta name=\"twitter:data1\" content=\"OndaUno\" \/>\n\t<meta name=\"twitter:label2\" content=\"Tiempo de lectura\" \/>\n\t<meta name=\"twitter:data2\" content=\"1 minuto\" \/>\n<script type=\"application\/ld+json\" class=\"yoast-schema-graph\">{\"@context\":\"https:\/\/schema.org\",\"@graph\":[{\"@type\":\"WebPage\",\"@id\":\"https:\/\/ondauno.com.ar\/index.php\/2025\/06\/24\/aprehendieron-a-un-hombre-por-un-caso-de-violencia-de-genero\/\",\"url\":\"https:\/\/ondauno.com.ar\/index.php\/2025\/06\/24\/aprehendieron-a-un-hombre-por-un-caso-de-violencia-de-genero\/\",\"name\":\"Aprehendieron a un hombre por un caso de violencia de g\u00e9nero - 103.9 fm\",\"isPartOf\":{\"@id\":\"https:\/\/ondauno.com.ar\/#website\"},\"primaryImageOfPage\":{\"@id\":\"https:\/\/ondauno.com.ar\/index.php\/2025\/06\/24\/aprehendieron-a-un-hombre-por-un-caso-de-violencia-de-genero\/#primaryimage\"},\"image\":{\"@id\":\"https:\/\/ondauno.com.ar\/index.php\/2025\/06\/24\/aprehendieron-a-un-hombre-por-un-caso-de-violencia-de-genero\/#primaryimage\"},\"thumbnailUrl\":\"https:\/\/ondauno.com.ar\/wp-content\/uploads\/2025\/06\/WhatsApp-Image-2025-06-24-at-08.54.56.jpeg\",\"datePublished\":\"2025-06-24T15:36:55+00:00\",\"dateModified\":\"2025-06-24T15:37:00+00:00\",\"author\":{\"@id\":\"https:\/\/ondauno.com.ar\/#\/schema\/person\/7ec851ddeceb4133d7d7132dc645714e\"},\"breadcrumb\":{\"@id\":\"https:\/\/ondauno.com.ar\/index.php\/2025\/06\/24\/aprehendieron-a-un-hombre-por-un-caso-de-violencia-de-genero\/#breadcrumb\"},\"inLanguage\":\"es-AR\",\"potentialAction\":[{\"@type\":\"ReadAction\",\"target\":[\"https:\/\/ondauno.com.ar\/index.php\/2025\/06\/24\/aprehendieron-a-un-hombre-por-un-caso-de-violencia-de-genero\/\"]}]},{\"@type\":\"ImageObject\",\"inLanguage\":\"es-AR\",\"@id\":\"https:\/\/ondauno.com.ar\/index.php\/2025\/06\/24\/aprehendieron-a-un-hombre-por-un-caso-de-violencia-de-genero\/#primaryimage\",\"url\":\"https:\/\/ondauno.com.ar\/wp-content\/uploads\/2025\/06\/WhatsApp-Image-2025-06-24-at-08.54.56.jpeg\",\"contentUrl\":\"https:\/\/ondauno.com.ar\/wp-content\/uploads\/2025\/06\/WhatsApp-Image-2025-06-24-at-08.54.56.jpeg\",\"width\":1600,\"height\":1200},{\"@type\":\"BreadcrumbList\",\"@id\":\"https:\/\/ondauno.com.ar\/index.php\/2025\/06\/24\/aprehendieron-a-un-hombre-por-un-caso-de-violencia-de-genero\/#breadcrumb\",\"itemListElement\":[{\"@type\":\"ListItem\",\"position\":1,\"name\":\"Inicio\",\"item\":\"https:\/\/ondauno.com.ar\/\"},{\"@type\":\"ListItem\",\"position\":2,\"name\":\"Aprehendieron a un hombre por un caso de violencia de g\u00e9nero\"}]},{\"@type\":\"WebSite\",\"@id\":\"https:\/\/ondauno.com.ar\/#website\",\"url\":\"https:\/\/ondauno.com.ar\/\",\"name\":\"103.9 fm\",\"description\":\"LA PRIMERA RADIO MULTIMEDIA DE TRES ARROYOS\",\"potentialAction\":[{\"@type\":\"SearchAction\",\"target\":{\"@type\":\"EntryPoint\",\"urlTemplate\":\"https:\/\/ondauno.com.ar\/?s={search_term_string}\"},\"query-input\":\"required name=search_term_string\"}],\"inLanguage\":\"es-AR\"},{\"@type\":\"Person\",\"@id\":\"https:\/\/ondauno.com.ar\/#\/schema\/person\/7ec851ddeceb4133d7d7132dc645714e\",\"name\":\"OndaUno\",\"image\":{\"@type\":\"ImageObject\",\"inLanguage\":\"es-AR\",\"@id\":\"https:\/\/ondauno.com.ar\/#\/schema\/person\/image\/\",\"url\":\"https:\/\/secure.gravatar.com\/avatar\/93b8009f0de7021f1feb2bd5b32fb9e8?s=96&d=mm&r=g\",\"contentUrl\":\"https:\/\/secure.gravatar.com\/avatar\/93b8009f0de7021f1feb2bd5b32fb9e8?s=96&d=mm&r=g\",\"caption\":\"OndaUno\"},\"url\":\"https:\/\/ondauno.com.ar\/index.php\/author\/ondauno\/\"}]}<\/script>\n<!-- \/ Yoast SEO plugin. -->","yoast_head_json":{"title":"Aprehendieron a un hombre por un caso de violencia de g\u00e9nero - 103.9 fm","robots":{"index":"index","follow":"follow","max-snippet":"max-snippet:-1","max-image-preview":"max-image-preview:large","max-video-preview":"max-video-preview:-1"},"canonical":"https:\/\/ondauno.com.ar\/index.php\/2025\/06\/24\/aprehendieron-a-un-hombre-por-un-caso-de-violencia-de-genero\/","og_locale":"es_ES","og_type":"article","og_title":"Aprehendieron a un hombre por un caso de violencia de g\u00e9nero - 103.9 fm","og_description":"Personal de la Comisar\u00eda Primera de Tres Arroyos, a cargo del comisario Cristian Tedini, aprehendi\u00f3 a un hombre de 28 a\u00f1os en el marco de un hecho de violencia de g\u00e9nero ocurrido anoche, alrededor de las 22:30, en una vivienda de calle Reconquista al 700. Seg\u00fan inform\u00f3 la Polic\u00eda, en el lugar se constat\u00f3 una [&hellip;]","og_url":"https:\/\/ondauno.com.ar\/index.php\/2025\/06\/24\/aprehendieron-a-un-hombre-por-un-caso-de-violencia-de-genero\/","og_site_name":"103.9 fm","article_publisher":"https:\/\/www.facebook.com\/ondauno103.9","article_published_time":"2025-06-24T15:36:55+00:00","article_modified_time":"2025-06-24T15:37:00+00:00","og_image":[{"width":1600,"height":1200,"url":"http:\/\/ondauno.com.ar\/wp-content\/uploads\/2025\/06\/WhatsApp-Image-2025-06-24-at-08.54.56.jpeg","type":"image\/jpeg"}],"author":"OndaUno","twitter_card":"summary_large_image","twitter_misc":{"Escrito por":"OndaUno","Tiempo de lectura":"1 minuto"},"schema":{"@context":"https:\/\/schema.org","@graph":[{"@type":"WebPage","@id":"https:\/\/ondauno.com.ar\/index.php\/2025\/06\/24\/aprehendieron-a-un-hombre-por-un-caso-de-violencia-de-genero\/","url":"https:\/\/ondauno.com.ar\/index.php\/2025\/06\/24\/aprehendieron-a-un-hombre-por-un-caso-de-violencia-de-genero\/","name":"Aprehendieron a un hombre por un caso de violencia de g\u00e9nero - 103.9 fm","isPartOf":{"@id":"https:\/\/ondauno.com.ar\/#website"},"primaryImageOfPage":{"@id":"https:\/\/ondauno.com.ar\/index.php\/2025\/06\/24\/aprehendieron-a-un-hombre-por-un-caso-de-violencia-de-genero\/#primaryimage"},"image":{"@id":"https:\/\/ondauno.com.ar\/index.php\/2025\/06\/24\/aprehendieron-a-un-hombre-por-un-caso-de-violencia-de-genero\/#primaryimage"},"thumbnailUrl":"https:\/\/ondauno.com.ar\/wp-content\/uploads\/2025\/06\/WhatsApp-Image-2025-06-24-at-08.54.56.jpeg","datePublished":"2025-06-24T15:36:55+00:00","dateModified":"2025-06-24T15:37:00+00:00","author":{"@id":"https:\/\/ondauno.com.ar\/#\/schema\/person\/7ec851ddeceb4133d7d7132dc645714e"},"breadcrumb":{"@id":"https:\/\/ondauno.com.ar\/index.php\/2025\/06\/24\/aprehendieron-a-un-hombre-por-un-caso-de-violencia-de-genero\/#breadcrumb"},"inLanguage":"es-AR","potentialAction":[{"@type":"ReadAction","target":["https:\/\/ondauno.com.ar\/index.php\/2025\/06\/24\/aprehendieron-a-un-hombre-por-un-caso-de-violencia-de-genero\/"]}]},{"@type":"ImageObject","inLanguage":"es-AR","@id":"https:\/\/ondauno.com.ar\/index.php\/2025\/06\/24\/aprehendieron-a-un-hombre-por-un-caso-de-violencia-de-genero\/#primaryimage","url":"https:\/\/ondauno.com.ar\/wp-content\/uploads\/2025\/06\/WhatsApp-Image-2025-06-24-at-08.54.56.jpeg","contentUrl":"https:\/\/ondauno.com.ar\/wp-content\/uploads\/2025\/06\/WhatsApp-Image-2025-06-24-at-08.54.56.jpeg","width":1600,"height":1200},{"@type":"BreadcrumbList","@id":"https:\/\/ondauno.com.ar\/index.php\/2025\/06\/24\/aprehendieron-a-un-hombre-por-un-caso-de-violencia-de-genero\/#breadcrumb","itemListElement":[{"@type":"ListItem","position":1,"name":"Inicio","item":"https:\/\/ondauno.com.ar\/"},{"@type":"ListItem","position":2,"name":"Aprehendieron a un hombre por un caso de violencia de g\u00e9nero"}]},{"@type":"WebSite","@id":"https:\/\/ondauno.com.ar\/#website","url":"https:\/\/ondauno.com.ar\/","name":"103.9 fm","description":"LA PRIMERA RADIO MULTIMEDIA DE TRES ARROYOS","potentialAction":[{"@type":"SearchAction","target":{"@type":"EntryPoint","urlTemplate":"https:\/\/ondauno.com.ar\/?s={search_term_string}"},"query-input":"required name=search_term_string"}],"inLanguage":"es-AR"},{"@type":"Person","@id":"https:\/\/ondauno.com.ar\/#\/schema\/person\/7ec851ddeceb4133d7d7132dc645714e","name":"OndaUno","image":{"@type":"ImageObject","inLanguage":"es-AR","@id":"https:\/\/ondauno.com.ar\/#\/schema\/person\/image\/","url":"https:\/\/secure.gravatar.com\/avatar\/93b8009f0de7021f1feb2bd5b32fb9e8?s=96&d=mm&r=g","contentUrl":"https:\/\/secure.gravatar.com\/avatar\/93b8009f0de7021f1feb2bd5b32fb9e8?s=96&d=mm&r=g","caption":"OndaUno"},"url":"https:\/\/ondauno.com.ar\/index.php\/author\/ondauno\/"}]}},"jetpack_publicize_connections":[],"jetpack_featured_media_url":"https:\/\/ondauno.com.ar\/wp-content\/uploads\/2025\/06\/WhatsApp-Image-2025-06-24-at-08.54.56.jpeg","jetpack_sharing_enabled":true,"_links":{"self":[{"href":"https:\/\/ondauno.com.ar\/index.php\/wp-json\/wp\/v2\/posts\/57760","targetHints":{"allow":["GET"]}}],"collection":[{"href":"https:\/\/ondauno.com.ar\/index.php\/wp-json\/wp\/v2\/posts"}],"about":[{"href":"https:\/\/ondauno.com.ar\/index.php\/wp-json\/wp\/v2\/types\/post"}],"author":[{"embeddable":true,"href":"https:\/\/ondauno.com.ar\/index.php\/wp-json\/wp\/v2\/users\/1"}],"replies":[{"embeddable":true,"href":"https:\/\/ondauno.com.ar\/index.php\/wp-json\/wp\/v2\/comments?post=57760"}],"version-history":[{"count":1,"href":"https:\/\/ondauno.com.ar\/index.php\/wp-json\/wp\/v2\/posts\/57760\/revisions"}],"predecessor-version":[{"id":57762,"href":"https:\/\/ondauno.com.ar\/index.php\/wp-json\/wp\/v2\/posts\/57760\/revisions\/57762"}],"wp:featuredmedia":[{"embeddable":true,"href":"https:\/\/ondauno.com.ar\/index.php\/wp-json\/wp\/v2\/media\/57761"}],"wp:attachment":[{"href":"https:\/\/ondauno.com.ar\/index.php\/wp-json\/wp\/v2\/media?parent=57760"}],"wp:term":[{"taxonomy":"category","embeddable":true,"href":"https:\/\/ondauno.com.ar\/index.php\/wp-json\/wp\/v2\/categories?post=57760"},{"taxonomy":"post_tag","embeddable":true,"href":"https:\/\/ondauno.com.ar\/index.php\/wp-json\/wp\/v2\/tags?post=57760"}],"curies":[{"name":"wp","href":"https:\/\/api.w.org\/{rel}","templated":true}]}}